{"id":427198,"date":"2026-03-30T13:47:07","date_gmt":"2026-03-30T16:47:07","guid":{"rendered":"https:\/\/portaltela.pt\/noticias\/2026\/03\/30\/myanmar-falta-de-combustivel-gera-longas-filas-na-capital\/"},"modified":"2026-03-30T13:47:07","modified_gmt":"2026-03-30T16:47:07","slug":"myanmar-falta-de-combustivel-gera-longas-filas-na-capital","status":"publish","type":"post","link":"https:\/\/portaltela.pt\/noticias\/politica\/2026\/03\/30\/myanmar-falta-de-combustivel-gera-longas-filas-na-capital\/","title":{"rendered":"Myanmar: falta de combust\u00edvel gera longas filas na capital"},"content":{"rendered":"<p>Myanmar: falta de combust\u00edvel provoca longas filas na capital<\/p>\n<p>Motoristas na capital Naypyidaw enfrentam filas longas nos postos de abastecimento, \u00e0 medida que a junta militar imp\u00f5e quotas de combust\u00edvel num contexto de escassez crescente. A restri\u00e7\u00e3o est\u00e1 a afetar tanto motas como autom\u00f3veis, perturbando a rotina di\u00e1ria.<\/p>\n<p>As novas limita\u00e7\u00f5es definem que as motas podem abastecer <strong>8 litros por semana<\/strong>, enquanto os ve\u00edculos particulares t\u00eam acesso a entre <strong>35 e 45 litros<\/strong>, dependendo da cilindrada. A medida obriga os residentes a esperar v\u00e1rias horas para conseguir combust\u00edvel.<\/p>\n<p>Filas de carros e motas prolongam-se \u00e0 entrada dos postos em Naypyidaw, refletindo a frustra\u00e7\u00e3o de cidad\u00e3os que tentam manter o dia a dia diante da press\u00e3o de reserva de combust\u00edvel.<\/p>\n<h3>Impacto nas rotinas<\/h3>\n<p>A escassez imp\u00f5e ajustes nos deslocamentos, com muitos utilizadores a adotar hor\u00e1rios alternados e a reduzir viagens n\u00e3o essenciais. As autoridades n\u00e3o confirmam prazos de reposi\u00e7\u00e3o, mantendo-se a situa\u00e7\u00e3o sob vigil\u00e2ncia.<\/p>\n","protected":false},"excerpt":{"rendered":"<ul>\n<li>Na capital de Myanmar, Naypyidaw, motoristas enfrentam longas filas para abastecer, devido a quotas de combust\u00edvel impostas pela junta militar.<\/li>\n<li>As regras limitam as motas a oito litros por semana, enquanto ve\u00edculos particulares t\u00eam acesso a entre 35 e 45 litros, dependendo da cilindrada.<\/li>\n<li>As restri\u00e7\u00f5es obrigam as pessoas a passar horas em fila, afetando a rotina di\u00e1ria.<\/li>\n<li>Filas de carros e motas estendem-se pela cidade, refletindo a frustra\u00e7\u00e3o dos residentes com a escassez de combust\u00edvel.<\/li>\n<\/ul>\n","protected":false},"author":2,"featured_media":427202,"comment_status":"closed","ping_status":"closed","sticky":false,"template":"","format":"standard","meta":{"footnotes":""},"categories":[6912,5],"tags":[5508,2421,7465,5250],"class_list":["post-427198","post","type-post","status-publish","format-standard","has-post-thumbnail","hentry","category-internacionais","category-politica","tag-abastecimento-de-combustivel","tag-abastecimentos","tag-combustiveis","tag-myanmar"],"yoast_head":"<!-- This site is optimized with the Yoast SEO plugin v27.2 - https:\/\/yoast.com\/product\/yoast-seo-wordpress\/ -->\n<title>Myanmar: falta de combust\u00edvel gera longas filas na capital - Portal Tela Portugal<\/title>\n<meta name=\"robots\" content=\"index, follow, max-snippet:-1, max-image-preview:large, max-video-preview:-1\" \/>\n<meta property=\"og:locale\" content=\"pt_PT\" \/>\n<meta property=\"og:type\" content=\"article\" \/>\n<meta property=\"og:title\" content=\"Myanmar: falta de combust\u00edvel gera longas filas na capital - Portal Tela Portugal\" \/>\n<meta property=\"og:description\" content=\"Na capital de Myanmar, Naypyidaw, motoristas enfrentam longas filas para abastecer, devido a quotas de combust\u00edvel impostas pela junta militar. As regras limitam as motas a oito litros por semana, enquanto ve\u00edculos particulares t\u00eam acesso a entre 35 e 45 litros, dependendo da cilindrada. As restri\u00e7\u00f5es obrigam as pessoas a passar horas em fila, afetando a rotina di\u00e1ria. Filas de carros e motas estendem-se pela cidade, refletindo a frustra\u00e7\u00e3o dos residentes com a escassez de combust\u00edvel.\" \/>\n<meta property=\"og:url\" content=\"https:\/\/portaltela.pt\/noticias\/2026\/03\/30\/myanmar-falta-de-combustivel-gera-longas-filas-na-capital\/\" \/>\n<meta property=\"og:site_name\" content=\"Portal Tela Portugal\" \/>\n<meta property=\"article:published_time\" content=\"2026-03-30T16:47:07+00:00\" \/>\n<meta name=\"author\" content=\"Telinha\" \/>\n<meta name=\"twitter:card\" content=\"summary_large_image\" \/>\n<meta name=\"twitter:label1\" content=\"Escrito por\" \/>\n\t<meta name=\"twitter:data1\" content=\"Telinha\" \/>\n\t<meta name=\"twitter:label2\" content=\"Tempo estimado de leitura\" \/>\n\t<meta name=\"twitter:data2\" content=\"1 minuto\" \/>\n<script type=\"application\/ld+json\" class=\"yoast-schema-graph\">{\"@context\":\"https:\/\/schema.org\",\"@graph\":[{\"@type\":\"Article\",\"@id\":\"https:\/\/portaltela.pt\/noticias\/2026\/03\/30\/myanmar-falta-de-combustivel-gera-longas-filas-na-capital\/#article\",\"isPartOf\":{\"@id\":\"https:\/\/portaltela.pt\/noticias\/2026\/03\/30\/myanmar-falta-de-combustivel-gera-longas-filas-na-capital\/\"},\"author\":{\"name\":\"Telinha\",\"@id\":\"https:\/\/portaltela.pt\/#\/schema\/person\/c4278d4a6028830caff9ee44b42d32ed\"},\"headline\":\"Myanmar: falta de combust\u00edvel gera longas filas na capital\",\"datePublished\":\"2026-03-30T16:47:07+00:00\",\"mainEntityOfPage\":{\"@id\":\"https:\/\/portaltela.pt\/noticias\/2026\/03\/30\/myanmar-falta-de-combustivel-gera-longas-filas-na-capital\/\"},\"wordCount\":180,\"image\":{\"@id\":\"https:\/\/portaltela.pt\/noticias\/2026\/03\/30\/myanmar-falta-de-combustivel-gera-longas-filas-na-capital\/#primaryimage\"},\"thumbnailUrl\":\"https:\/\/portaltela.pt\/s.01k8rhncp4jt1\/2026\/03\/1536x864_cmsv2_097c9be8-1607-542f-b396-e72c21020021-9704098.jpg\",\"keywords\":[\"abastecimento de combust\u00edvel\",\"abastecimentos\",\"combust\u00edveis\",\"Myanmar\"],\"articleSection\":[\"Internacionais\",\"Pol\u00edtica\"],\"inLanguage\":\"pt-PT\"},{\"@type\":\"WebPage\",\"@id\":\"https:\/\/portaltela.pt\/noticias\/2026\/03\/30\/myanmar-falta-de-combustivel-gera-longas-filas-na-capital\/\",\"url\":\"https:\/\/portaltela.pt\/noticias\/2026\/03\/30\/myanmar-falta-de-combustivel-gera-longas-filas-na-capital\/\",\"name\":\"Myanmar: falta de combust\u00edvel gera longas filas na capital - Portal Tela Portugal\",\"isPartOf\":{\"@id\":\"https:\/\/portaltela.pt\/#website\"},\"primaryImageOfPage\":{\"@id\":\"https:\/\/portaltela.pt\/noticias\/2026\/03\/30\/myanmar-falta-de-combustivel-gera-longas-filas-na-capital\/#primaryimage\"},\"image\":{\"@id\":\"https:\/\/portaltela.pt\/noticias\/2026\/03\/30\/myanmar-falta-de-combustivel-gera-longas-filas-na-capital\/#primaryimage\"},\"thumbnailUrl\":\"https:\/\/portaltela.pt\/s.01k8rhncp4jt1\/2026\/03\/1536x864_cmsv2_097c9be8-1607-542f-b396-e72c21020021-9704098.jpg\",\"datePublished\":\"2026-03-30T16:47:07+00:00\",\"author\":{\"@id\":\"https:\/\/portaltela.pt\/#\/schema\/person\/c4278d4a6028830caff9ee44b42d32ed\"},\"breadcrumb\":{\"@id\":\"https:\/\/portaltela.pt\/noticias\/2026\/03\/30\/myanmar-falta-de-combustivel-gera-longas-filas-na-capital\/#breadcrumb\"},\"inLanguage\":\"pt-PT\",\"potentialAction\":[{\"@type\":\"ReadAction\",\"target\":[\"https:\/\/portaltela.pt\/noticias\/2026\/03\/30\/myanmar-falta-de-combustivel-gera-longas-filas-na-capital\/\"]}]},{\"@type\":\"ImageObject\",\"inLanguage\":\"pt-PT\",\"@id\":\"https:\/\/portaltela.pt\/noticias\/2026\/03\/30\/myanmar-falta-de-combustivel-gera-longas-filas-na-capital\/#primaryimage\",\"url\":\"https:\/\/portaltela.pt\/s.01k8rhncp4jt1\/2026\/03\/1536x864_cmsv2_097c9be8-1607-542f-b396-e72c21020021-9704098.jpg\",\"contentUrl\":\"https:\/\/portaltela.pt\/s.01k8rhncp4jt1\/2026\/03\/1536x864_cmsv2_097c9be8-1607-542f-b396-e72c21020021-9704098.jpg\",\"width\":796,\"height\":448,\"caption\":\"Fila de ve\u00edculos espera para abastecer num posto de combust\u00edvel, ter\u00e7a-feira, em Yangon, Myanmar\"},{\"@type\":\"BreadcrumbList\",\"@id\":\"https:\/\/portaltela.pt\/noticias\/2026\/03\/30\/myanmar-falta-de-combustivel-gera-longas-filas-na-capital\/#breadcrumb\",\"itemListElement\":[{\"@type\":\"ListItem\",\"position\":1,\"name\":\"In\u00edcio\",\"item\":\"https:\/\/portaltela.pt\/\"},{\"@type\":\"ListItem\",\"position\":2,\"name\":\"Myanmar: falta de combust\u00edvel gera longas filas na capital\"}]},{\"@type\":\"WebSite\",\"@id\":\"https:\/\/portaltela.pt\/#website\",\"url\":\"https:\/\/portaltela.pt\/\",\"name\":\"Portal Tela Portugal\",\"description\":\"\",\"potentialAction\":[{\"@type\":\"SearchAction\",\"target\":{\"@type\":\"EntryPoint\",\"urlTemplate\":\"https:\/\/portaltela.pt\/?s={search_term_string}\"},\"query-input\":{\"@type\":\"PropertyValueSpecification\",\"valueRequired\":true,\"valueName\":\"search_term_string\"}}],\"inLanguage\":\"pt-PT\"},{\"@type\":\"Person\",\"@id\":\"https:\/\/portaltela.pt\/#\/schema\/person\/c4278d4a6028830caff9ee44b42d32ed\",\"name\":\"Telinha\",\"image\":{\"@type\":\"ImageObject\",\"inLanguage\":\"pt-PT\",\"@id\":\"https:\/\/portaltela.pt\/s.01k8rhncp4jt1\/2025\/11\/talking-bot-125x125.png\",\"url\":\"https:\/\/portaltela.pt\/s.01k8rhncp4jt1\/2025\/11\/talking-bot-125x125.png\",\"contentUrl\":\"https:\/\/portaltela.pt\/s.01k8rhncp4jt1\/2025\/11\/talking-bot-125x125.png\",\"caption\":\"Telinha\"},\"sameAs\":[\"https:\/\/portaltela.pt\/\"],\"url\":\"https:\/\/portaltela.pt\/por\/367410592786\/\"}]}<\/script>\n<!-- \/ Yoast SEO plugin. -->","yoast_head_json":{"title":"Myanmar: falta de combust\u00edvel gera longas filas na capital - Portal Tela Portugal","robots":{"index":"index","follow":"follow","max-snippet":"max-snippet:-1","max-image-preview":"max-image-preview:large","max-video-preview":"max-video-preview:-1"},"og_locale":"pt_PT","og_type":"article","og_title":"Myanmar: falta de combust\u00edvel gera longas filas na capital - Portal Tela Portugal","og_description":"Na capital de Myanmar, Naypyidaw, motoristas enfrentam longas filas para abastecer, devido a quotas de combust\u00edvel impostas pela junta militar. As regras limitam as motas a oito litros por semana, enquanto ve\u00edculos particulares t\u00eam acesso a entre 35 e 45 litros, dependendo da cilindrada. As restri\u00e7\u00f5es obrigam as pessoas a passar horas em fila, afetando a rotina di\u00e1ria. Filas de carros e motas estendem-se pela cidade, refletindo a frustra\u00e7\u00e3o dos residentes com a escassez de combust\u00edvel.","og_url":"https:\/\/portaltela.pt\/noticias\/2026\/03\/30\/myanmar-falta-de-combustivel-gera-longas-filas-na-capital\/","og_site_name":"Portal Tela Portugal","article_published_time":"2026-03-30T16:47:07+00:00","author":"Telinha","twitter_card":"summary_large_image","twitter_misc":{"Escrito por":"Telinha","Tempo estimado de leitura":"1 minuto"},"schema":{"@context":"https:\/\/schema.org","@graph":[{"@type":"Article","@id":"https:\/\/portaltela.pt\/noticias\/2026\/03\/30\/myanmar-falta-de-combustivel-gera-longas-filas-na-capital\/#article","isPartOf":{"@id":"https:\/\/portaltela.pt\/noticias\/2026\/03\/30\/myanmar-falta-de-combustivel-gera-longas-filas-na-capital\/"},"author":{"name":"Telinha","@id":"https:\/\/portaltela.pt\/#\/schema\/person\/c4278d4a6028830caff9ee44b42d32ed"},"headline":"Myanmar: falta de combust\u00edvel gera longas filas na capital","datePublished":"2026-03-30T16:47:07+00:00","mainEntityOfPage":{"@id":"https:\/\/portaltela.pt\/noticias\/2026\/03\/30\/myanmar-falta-de-combustivel-gera-longas-filas-na-capital\/"},"wordCount":180,"image":{"@id":"https:\/\/portaltela.pt\/noticias\/2026\/03\/30\/myanmar-falta-de-combustivel-gera-longas-filas-na-capital\/#primaryimage"},"thumbnailUrl":"https:\/\/portaltela.pt\/s.01k8rhncp4jt1\/2026\/03\/1536x864_cmsv2_097c9be8-1607-542f-b396-e72c21020021-9704098.jpg","keywords":["abastecimento de combust\u00edvel","abastecimentos","combust\u00edveis","Myanmar"],"articleSection":["Internacionais","Pol\u00edtica"],"inLanguage":"pt-PT"},{"@type":"WebPage","@id":"https:\/\/portaltela.pt\/noticias\/2026\/03\/30\/myanmar-falta-de-combustivel-gera-longas-filas-na-capital\/","url":"https:\/\/portaltela.pt\/noticias\/2026\/03\/30\/myanmar-falta-de-combustivel-gera-longas-filas-na-capital\/","name":"Myanmar: falta de combust\u00edvel gera longas filas na capital - Portal Tela Portugal","isPartOf":{"@id":"https:\/\/portaltela.pt\/#website"},"primaryImageOfPage":{"@id":"https:\/\/portaltela.pt\/noticias\/2026\/03\/30\/myanmar-falta-de-combustivel-gera-longas-filas-na-capital\/#primaryimage"},"image":{"@id":"https:\/\/portaltela.pt\/noticias\/2026\/03\/30\/myanmar-falta-de-combustivel-gera-longas-filas-na-capital\/#primaryimage"},"thumbnailUrl":"https:\/\/portaltela.pt\/s.01k8rhncp4jt1\/2026\/03\/1536x864_cmsv2_097c9be8-1607-542f-b396-e72c21020021-9704098.jpg","datePublished":"2026-03-30T16:47:07+00:00","author":{"@id":"https:\/\/portaltela.pt\/#\/schema\/person\/c4278d4a6028830caff9ee44b42d32ed"},"breadcrumb":{"@id":"https:\/\/portaltela.pt\/noticias\/2026\/03\/30\/myanmar-falta-de-combustivel-gera-longas-filas-na-capital\/#breadcrumb"},"inLanguage":"pt-PT","potentialAction":[{"@type":"ReadAction","target":["https:\/\/portaltela.pt\/noticias\/2026\/03\/30\/myanmar-falta-de-combustivel-gera-longas-filas-na-capital\/"]}]},{"@type":"ImageObject","inLanguage":"pt-PT","@id":"https:\/\/portaltela.pt\/noticias\/2026\/03\/30\/myanmar-falta-de-combustivel-gera-longas-filas-na-capital\/#primaryimage","url":"https:\/\/portaltela.pt\/s.01k8rhncp4jt1\/2026\/03\/1536x864_cmsv2_097c9be8-1607-542f-b396-e72c21020021-9704098.jpg","contentUrl":"https:\/\/portaltela.pt\/s.01k8rhncp4jt1\/2026\/03\/1536x864_cmsv2_097c9be8-1607-542f-b396-e72c21020021-9704098.jpg","width":796,"height":448,"caption":"Fila de ve\u00edculos espera para abastecer num posto de combust\u00edvel, ter\u00e7a-feira, em Yangon, Myanmar"},{"@type":"BreadcrumbList","@id":"https:\/\/portaltela.pt\/noticias\/2026\/03\/30\/myanmar-falta-de-combustivel-gera-longas-filas-na-capital\/#breadcrumb","itemListElement":[{"@type":"ListItem","position":1,"name":"In\u00edcio","item":"https:\/\/portaltela.pt\/"},{"@type":"ListItem","position":2,"name":"Myanmar: falta de combust\u00edvel gera longas filas na capital"}]},{"@type":"WebSite","@id":"https:\/\/portaltela.pt\/#website","url":"https:\/\/portaltela.pt\/","name":"Portal Tela Portugal","description":"","potentialAction":[{"@type":"SearchAction","target":{"@type":"EntryPoint","urlTemplate":"https:\/\/portaltela.pt\/?s={search_term_string}"},"query-input":{"@type":"PropertyValueSpecification","valueRequired":true,"valueName":"search_term_string"}}],"inLanguage":"pt-PT"},{"@type":"Person","@id":"https:\/\/portaltela.pt\/#\/schema\/person\/c4278d4a6028830caff9ee44b42d32ed","name":"Telinha","image":{"@type":"ImageObject","inLanguage":"pt-PT","@id":"https:\/\/portaltela.pt\/s.01k8rhncp4jt1\/2025\/11\/talking-bot-125x125.png","url":"https:\/\/portaltela.pt\/s.01k8rhncp4jt1\/2025\/11\/talking-bot-125x125.png","contentUrl":"https:\/\/portaltela.pt\/s.01k8rhncp4jt1\/2025\/11\/talking-bot-125x125.png","caption":"Telinha"},"sameAs":["https:\/\/portaltela.pt\/"],"url":"https:\/\/portaltela.pt\/por\/367410592786\/"}]}},"_links":{"self":[{"href":"https:\/\/portaltela.pt\/api\/wp\/v2\/posts\/427198","targetHints":{"allow":["GET"]}}],"collection":[{"href":"https:\/\/portaltela.pt\/api\/wp\/v2\/posts"}],"about":[{"href":"https:\/\/portaltela.pt\/api\/wp\/v2\/types\/post"}],"author":[{"embeddable":true,"href":"https:\/\/portaltela.pt\/api\/wp\/v2\/users\/2"}],"replies":[{"embeddable":true,"href":"https:\/\/portaltela.pt\/api\/wp\/v2\/comments?post=427198"}],"version-history":[{"count":0,"href":"https:\/\/portaltela.pt\/api\/wp\/v2\/posts\/427198\/revisions"}],"wp:featuredmedia":[{"embeddable":true,"href":"https:\/\/portaltela.pt\/api\/wp\/v2\/media\/427202"}],"wp:attachment":[{"href":"https:\/\/portaltela.pt\/api\/wp\/v2\/media?parent=427198"}],"wp:term":[{"taxonomy":"category","embeddable":true,"href":"https:\/\/portaltela.pt\/api\/wp\/v2\/categories?post=427198"},{"taxonomy":"post_tag","embeddable":true,"href":"https:\/\/portaltela.pt\/api\/wp\/v2\/tags?post=427198"}],"curies":[{"name":"wp","href":"https:\/\/api.w.org\/{rel}","templated":true}]}}