{"id":427195,"date":"2026-03-30T13:46:57","date_gmt":"2026-03-30T16:46:57","guid":{"rendered":"https:\/\/portaltela.pt\/noticias\/2026\/03\/30\/quatro-em-cada-dez-anulam-encontros-por-alergias-e-polen\/"},"modified":"2026-03-30T13:46:57","modified_gmt":"2026-03-30T16:46:57","slug":"quatro-em-cada-dez-anulam-encontros-por-alergias-e-polen","status":"publish","type":"post","link":"https:\/\/portaltela.pt\/saude\/2026\/03\/30\/quatro-em-cada-dez-anulam-encontros-por-alergias-e-polen\/","title":{"rendered":"Quatro em cada dez anulam encontros por alergias e p\u00f3len"},"content":{"rendered":"<p>Quase um ter\u00e7o dos adultos americanos consideraria reduzir o sal\u00e1rio para se ver livre de alergias, segundo um estudo encomendado pela Flonase. A recolha de dados ocorreu entre 24 de fevereiro e 1 de mar\u00e7o.<\/p>\n<p>Quarenta por cento admitiram que as alergias afetam a vida social, incluindo encontros amorosos. A pesquisa indica que 39% dos inquiridos tiveram menos encontros durante a \u00e9poca de alergias.<\/p>\n<p>Entre os sintomas mais incomodativos, destacam-se corrimento nasal (27%), dor de garganta e erup\u00e7\u00f5es (19%), e fadiga (18%). Os relatos apontam impacto emocional relevante na qualidade de vida.<\/p>\n<h3>Impacto emocional e estrat\u00e9gias de apoio<\/h3>\n<p>O estudo assinala que, antes das alergias, 31% dos participantes diziam estar muito felizes; esse valor desceu para 18% quando surgiram os sintomas. Medidas de al\u00edvio incluem medica\u00e7\u00e3o (52%) e rem\u00e9dios naturais (41%).<\/p>\n<p>Estrat\u00e9gias de gest\u00e3o sugeridas passam pela conversa com o m\u00e9dico, ajustes no estilo de vida, registo di\u00e1rio e pr\u00e1tica de autocuidado, como medita\u00e7\u00e3o.<\/p>\n<h3>Contexto em Portugal<\/h3>\n<p>A Rede Portuguesa de Aerobiologia prev\u00ea concentra\u00e7\u00f5es muito elevadas de p\u00f3len at\u00e9 quinta-feira, 6 de abril, no pa\u00eds. As ilhas devem enfrentar n\u00edveis moderados nos A\u00e7ores e baixos na Madeira, com p\u00f3len de carvalho, pinheiro, pl\u00e1tano, urtigas e pariet\u00e1rias.<\/p>\n","protected":false},"excerpt":{"rendered":"<ul>\n<li>Um estudo com dois mil adultos americanos mostrou que 31% poderiam aceitar um corte salarial para se livrar das alergias; 39% abririam m\u00e3o de bolos, chocolates e videojogos, 38% de caf\u00e9 e 36% de redes sociais.<\/li>\n<li>Quatro em cada dez relata menos encontros durante a temporada de alergias, com m\u00e9dia de 4,5 eventos cancelados ou adiados.<\/li>\n<li>Os sintomas mais frustrantes incluem coriza (27%), dor de garganta\/erup\u00e7\u00f5es (19%) e fadiga (18%).<\/li>\n<li>A pesquisa foi encomendada pela Flonase e realizada pela OnePoll entre 24 de fevereiro e 1 de mar\u00e7o, junto de 2 mil adultos com alergias.<\/li>\n<li>Em Portugal, prev\u00eaem-se concentra\u00e7\u00f5es muito elevadas de p\u00f3len at\u00e9 6 de abril, com A\u00e7ores moderados e Madeira baixos; al\u00e9rgenos incluem carvalho, pinheiro, pl\u00e1tano, urtigas e pariet\u00e1rias.<\/li>\n<\/ul>\n","protected":false},"author":2,"featured_media":427197,"comment_status":"closed","ping_status":"closed","sticky":false,"template":"","format":"standard","meta":{"footnotes":""},"categories":[6745],"tags":[7637,7187,45,1014,172,271],"class_list":["post-427195","post","type-post","status-publish","format-standard","has-post-thumbnail","hentry","category-saude","tag-a-aerobiologia","tag-doencas-respiratorias","tag-meio-ambiente","tag-portugal","tag-saude","tag-saude-publica"],"yoast_head":"<!-- This site is optimized with the Yoast SEO plugin v27.2 - https:\/\/yoast.com\/product\/yoast-seo-wordpress\/ -->\n<title>Quatro em cada dez anulam encontros por alergias e p\u00f3len - Portal Tela Portugal<\/title>\n<meta name=\"robots\" content=\"index, follow, max-snippet:-1, max-image-preview:large, max-video-preview:-1\" \/>\n<meta property=\"og:locale\" content=\"pt_PT\" \/>\n<meta property=\"og:type\" content=\"article\" \/>\n<meta property=\"og:title\" content=\"Quatro em cada dez anulam encontros por alergias e p\u00f3len - Portal Tela Portugal\" \/>\n<meta property=\"og:description\" content=\"Um estudo com dois mil adultos americanos mostrou que 31% poderiam aceitar um corte salarial para se livrar das alergias; 39% abririam m\u00e3o de bolos, chocolates e videojogos, 38% de caf\u00e9 e 36% de redes sociais. Quatro em cada dez relata menos encontros durante a temporada de alergias, com m\u00e9dia de 4,5 eventos cancelados ou adiados. Os sintomas mais frustrantes incluem coriza (27%), dor de garganta\/erup\u00e7\u00f5es (19%) e fadiga (18%). A pesquisa foi encomendada pela Flonase e realizada pela OnePoll entre 24 de fevereiro e 1 de mar\u00e7o, junto de 2 mil adultos com alergias. Em Portugal, prev\u00eaem-se concentra\u00e7\u00f5es muito elevadas de p\u00f3len at\u00e9 6 de abril, com A\u00e7ores moderados e Madeira baixos; al\u00e9rgenos incluem carvalho, pinheiro, pl\u00e1tano, urtigas e pariet\u00e1rias.\" \/>\n<meta property=\"og:url\" content=\"https:\/\/portaltela.pt\/noticias\/2026\/03\/30\/quatro-em-cada-dez-anulam-encontros-por-alergias-e-polen\/\" \/>\n<meta property=\"og:site_name\" content=\"Portal Tela Portugal\" \/>\n<meta property=\"article:published_time\" content=\"2026-03-30T16:46:57+00:00\" \/>\n<meta name=\"author\" content=\"Telinha\" \/>\n<meta name=\"twitter:card\" content=\"summary_large_image\" \/>\n<meta name=\"twitter:label1\" content=\"Escrito por\" \/>\n\t<meta name=\"twitter:data1\" content=\"Telinha\" \/>\n\t<meta name=\"twitter:label2\" content=\"Tempo estimado de leitura\" \/>\n\t<meta name=\"twitter:data2\" content=\"1 minuto\" \/>\n<script type=\"application\/ld+json\" class=\"yoast-schema-graph\">{\"@context\":\"https:\/\/schema.org\",\"@graph\":[{\"@type\":\"Article\",\"@id\":\"https:\/\/portaltela.pt\/noticias\/2026\/03\/30\/quatro-em-cada-dez-anulam-encontros-por-alergias-e-polen\/#article\",\"isPartOf\":{\"@id\":\"https:\/\/portaltela.pt\/noticias\/2026\/03\/30\/quatro-em-cada-dez-anulam-encontros-por-alergias-e-polen\/\"},\"author\":{\"name\":\"Telinha\",\"@id\":\"https:\/\/portaltela.pt\/#\/schema\/person\/c4278d4a6028830caff9ee44b42d32ed\"},\"headline\":\"Quatro em cada dez anulam encontros por alergias e p\u00f3len\",\"datePublished\":\"2026-03-30T16:46:57+00:00\",\"mainEntityOfPage\":{\"@id\":\"https:\/\/portaltela.pt\/noticias\/2026\/03\/30\/quatro-em-cada-dez-anulam-encontros-por-alergias-e-polen\/\"},\"wordCount\":218,\"image\":{\"@id\":\"https:\/\/portaltela.pt\/noticias\/2026\/03\/30\/quatro-em-cada-dez-anulam-encontros-por-alergias-e-polen\/#primaryimage\"},\"thumbnailUrl\":\"https:\/\/portaltela.pt\/s.01k8rhncp4jt1\/2026\/03\/image-1820.jpg\",\"keywords\":[\"a aerobiologia\",\"Doen\u00e7as respirat\u00f3rias\",\"meio-ambiente\",\"Portugal\",\"sa\u00fade\",\"sa\u00fade p\u00fablica\"],\"articleSection\":[\"Sa\u00fade\"],\"inLanguage\":\"pt-PT\"},{\"@type\":\"WebPage\",\"@id\":\"https:\/\/portaltela.pt\/noticias\/2026\/03\/30\/quatro-em-cada-dez-anulam-encontros-por-alergias-e-polen\/\",\"url\":\"https:\/\/portaltela.pt\/noticias\/2026\/03\/30\/quatro-em-cada-dez-anulam-encontros-por-alergias-e-polen\/\",\"name\":\"Quatro em cada dez anulam encontros por alergias e p\u00f3len - Portal Tela Portugal\",\"isPartOf\":{\"@id\":\"https:\/\/portaltela.pt\/#website\"},\"primaryImageOfPage\":{\"@id\":\"https:\/\/portaltela.pt\/noticias\/2026\/03\/30\/quatro-em-cada-dez-anulam-encontros-por-alergias-e-polen\/#primaryimage\"},\"image\":{\"@id\":\"https:\/\/portaltela.pt\/noticias\/2026\/03\/30\/quatro-em-cada-dez-anulam-encontros-por-alergias-e-polen\/#primaryimage\"},\"thumbnailUrl\":\"https:\/\/portaltela.pt\/s.01k8rhncp4jt1\/2026\/03\/image-1820.jpg\",\"datePublished\":\"2026-03-30T16:46:57+00:00\",\"author\":{\"@id\":\"https:\/\/portaltela.pt\/#\/schema\/person\/c4278d4a6028830caff9ee44b42d32ed\"},\"breadcrumb\":{\"@id\":\"https:\/\/portaltela.pt\/noticias\/2026\/03\/30\/quatro-em-cada-dez-anulam-encontros-por-alergias-e-polen\/#breadcrumb\"},\"inLanguage\":\"pt-PT\",\"potentialAction\":[{\"@type\":\"ReadAction\",\"target\":[\"https:\/\/portaltela.pt\/noticias\/2026\/03\/30\/quatro-em-cada-dez-anulam-encontros-por-alergias-e-polen\/\"]}]},{\"@type\":\"ImageObject\",\"inLanguage\":\"pt-PT\",\"@id\":\"https:\/\/portaltela.pt\/noticias\/2026\/03\/30\/quatro-em-cada-dez-anulam-encontros-por-alergias-e-polen\/#primaryimage\",\"url\":\"https:\/\/portaltela.pt\/s.01k8rhncp4jt1\/2026\/03\/image-1820.jpg\",\"contentUrl\":\"https:\/\/portaltela.pt\/s.01k8rhncp4jt1\/2026\/03\/image-1820.jpg\",\"width\":796,\"height\":448,\"caption\":\"Imagem de contexto do artigo Quatro em cada dez cortam nos 'dates' devido \u00e0s alergias e aos p\u00f3lenes\"},{\"@type\":\"BreadcrumbList\",\"@id\":\"https:\/\/portaltela.pt\/noticias\/2026\/03\/30\/quatro-em-cada-dez-anulam-encontros-por-alergias-e-polen\/#breadcrumb\",\"itemListElement\":[{\"@type\":\"ListItem\",\"position\":1,\"name\":\"In\u00edcio\",\"item\":\"https:\/\/portaltela.pt\/\"},{\"@type\":\"ListItem\",\"position\":2,\"name\":\"Quatro em cada dez anulam encontros por alergias e p\u00f3len\"}]},{\"@type\":\"WebSite\",\"@id\":\"https:\/\/portaltela.pt\/#website\",\"url\":\"https:\/\/portaltela.pt\/\",\"name\":\"Portal Tela Portugal\",\"description\":\"\",\"potentialAction\":[{\"@type\":\"SearchAction\",\"target\":{\"@type\":\"EntryPoint\",\"urlTemplate\":\"https:\/\/portaltela.pt\/?s={search_term_string}\"},\"query-input\":{\"@type\":\"PropertyValueSpecification\",\"valueRequired\":true,\"valueName\":\"search_term_string\"}}],\"inLanguage\":\"pt-PT\"},{\"@type\":\"Person\",\"@id\":\"https:\/\/portaltela.pt\/#\/schema\/person\/c4278d4a6028830caff9ee44b42d32ed\",\"name\":\"Telinha\",\"image\":{\"@type\":\"ImageObject\",\"inLanguage\":\"pt-PT\",\"@id\":\"https:\/\/portaltela.pt\/s.01k8rhncp4jt1\/2025\/11\/talking-bot-125x125.png\",\"url\":\"https:\/\/portaltela.pt\/s.01k8rhncp4jt1\/2025\/11\/talking-bot-125x125.png\",\"contentUrl\":\"https:\/\/portaltela.pt\/s.01k8rhncp4jt1\/2025\/11\/talking-bot-125x125.png\",\"caption\":\"Telinha\"},\"sameAs\":[\"https:\/\/portaltela.pt\/\"],\"url\":\"https:\/\/portaltela.pt\/por\/367410592786\/\"}]}<\/script>\n<!-- \/ Yoast SEO plugin. -->","yoast_head_json":{"title":"Quatro em cada dez anulam encontros por alergias e p\u00f3len - Portal Tela Portugal","robots":{"index":"index","follow":"follow","max-snippet":"max-snippet:-1","max-image-preview":"max-image-preview:large","max-video-preview":"max-video-preview:-1"},"og_locale":"pt_PT","og_type":"article","og_title":"Quatro em cada dez anulam encontros por alergias e p\u00f3len - Portal Tela Portugal","og_description":"Um estudo com dois mil adultos americanos mostrou que 31% poderiam aceitar um corte salarial para se livrar das alergias; 39% abririam m\u00e3o de bolos, chocolates e videojogos, 38% de caf\u00e9 e 36% de redes sociais. Quatro em cada dez relata menos encontros durante a temporada de alergias, com m\u00e9dia de 4,5 eventos cancelados ou adiados. Os sintomas mais frustrantes incluem coriza (27%), dor de garganta\/erup\u00e7\u00f5es (19%) e fadiga (18%). A pesquisa foi encomendada pela Flonase e realizada pela OnePoll entre 24 de fevereiro e 1 de mar\u00e7o, junto de 2 mil adultos com alergias. Em Portugal, prev\u00eaem-se concentra\u00e7\u00f5es muito elevadas de p\u00f3len at\u00e9 6 de abril, com A\u00e7ores moderados e Madeira baixos; al\u00e9rgenos incluem carvalho, pinheiro, pl\u00e1tano, urtigas e pariet\u00e1rias.","og_url":"https:\/\/portaltela.pt\/noticias\/2026\/03\/30\/quatro-em-cada-dez-anulam-encontros-por-alergias-e-polen\/","og_site_name":"Portal Tela Portugal","article_published_time":"2026-03-30T16:46:57+00:00","author":"Telinha","twitter_card":"summary_large_image","twitter_misc":{"Escrito por":"Telinha","Tempo estimado de leitura":"1 minuto"},"schema":{"@context":"https:\/\/schema.org","@graph":[{"@type":"Article","@id":"https:\/\/portaltela.pt\/noticias\/2026\/03\/30\/quatro-em-cada-dez-anulam-encontros-por-alergias-e-polen\/#article","isPartOf":{"@id":"https:\/\/portaltela.pt\/noticias\/2026\/03\/30\/quatro-em-cada-dez-anulam-encontros-por-alergias-e-polen\/"},"author":{"name":"Telinha","@id":"https:\/\/portaltela.pt\/#\/schema\/person\/c4278d4a6028830caff9ee44b42d32ed"},"headline":"Quatro em cada dez anulam encontros por alergias e p\u00f3len","datePublished":"2026-03-30T16:46:57+00:00","mainEntityOfPage":{"@id":"https:\/\/portaltela.pt\/noticias\/2026\/03\/30\/quatro-em-cada-dez-anulam-encontros-por-alergias-e-polen\/"},"wordCount":218,"image":{"@id":"https:\/\/portaltela.pt\/noticias\/2026\/03\/30\/quatro-em-cada-dez-anulam-encontros-por-alergias-e-polen\/#primaryimage"},"thumbnailUrl":"https:\/\/portaltela.pt\/s.01k8rhncp4jt1\/2026\/03\/image-1820.jpg","keywords":["a aerobiologia","Doen\u00e7as respirat\u00f3rias","meio-ambiente","Portugal","sa\u00fade","sa\u00fade p\u00fablica"],"articleSection":["Sa\u00fade"],"inLanguage":"pt-PT"},{"@type":"WebPage","@id":"https:\/\/portaltela.pt\/noticias\/2026\/03\/30\/quatro-em-cada-dez-anulam-encontros-por-alergias-e-polen\/","url":"https:\/\/portaltela.pt\/noticias\/2026\/03\/30\/quatro-em-cada-dez-anulam-encontros-por-alergias-e-polen\/","name":"Quatro em cada dez anulam encontros por alergias e p\u00f3len - Portal Tela Portugal","isPartOf":{"@id":"https:\/\/portaltela.pt\/#website"},"primaryImageOfPage":{"@id":"https:\/\/portaltela.pt\/noticias\/2026\/03\/30\/quatro-em-cada-dez-anulam-encontros-por-alergias-e-polen\/#primaryimage"},"image":{"@id":"https:\/\/portaltela.pt\/noticias\/2026\/03\/30\/quatro-em-cada-dez-anulam-encontros-por-alergias-e-polen\/#primaryimage"},"thumbnailUrl":"https:\/\/portaltela.pt\/s.01k8rhncp4jt1\/2026\/03\/image-1820.jpg","datePublished":"2026-03-30T16:46:57+00:00","author":{"@id":"https:\/\/portaltela.pt\/#\/schema\/person\/c4278d4a6028830caff9ee44b42d32ed"},"breadcrumb":{"@id":"https:\/\/portaltela.pt\/noticias\/2026\/03\/30\/quatro-em-cada-dez-anulam-encontros-por-alergias-e-polen\/#breadcrumb"},"inLanguage":"pt-PT","potentialAction":[{"@type":"ReadAction","target":["https:\/\/portaltela.pt\/noticias\/2026\/03\/30\/quatro-em-cada-dez-anulam-encontros-por-alergias-e-polen\/"]}]},{"@type":"ImageObject","inLanguage":"pt-PT","@id":"https:\/\/portaltela.pt\/noticias\/2026\/03\/30\/quatro-em-cada-dez-anulam-encontros-por-alergias-e-polen\/#primaryimage","url":"https:\/\/portaltela.pt\/s.01k8rhncp4jt1\/2026\/03\/image-1820.jpg","contentUrl":"https:\/\/portaltela.pt\/s.01k8rhncp4jt1\/2026\/03\/image-1820.jpg","width":796,"height":448,"caption":"Imagem de contexto do artigo Quatro em cada dez cortam nos 'dates' devido \u00e0s alergias e aos p\u00f3lenes"},{"@type":"BreadcrumbList","@id":"https:\/\/portaltela.pt\/noticias\/2026\/03\/30\/quatro-em-cada-dez-anulam-encontros-por-alergias-e-polen\/#breadcrumb","itemListElement":[{"@type":"ListItem","position":1,"name":"In\u00edcio","item":"https:\/\/portaltela.pt\/"},{"@type":"ListItem","position":2,"name":"Quatro em cada dez anulam encontros por alergias e p\u00f3len"}]},{"@type":"WebSite","@id":"https:\/\/portaltela.pt\/#website","url":"https:\/\/portaltela.pt\/","name":"Portal Tela Portugal","description":"","potentialAction":[{"@type":"SearchAction","target":{"@type":"EntryPoint","urlTemplate":"https:\/\/portaltela.pt\/?s={search_term_string}"},"query-input":{"@type":"PropertyValueSpecification","valueRequired":true,"valueName":"search_term_string"}}],"inLanguage":"pt-PT"},{"@type":"Person","@id":"https:\/\/portaltela.pt\/#\/schema\/person\/c4278d4a6028830caff9ee44b42d32ed","name":"Telinha","image":{"@type":"ImageObject","inLanguage":"pt-PT","@id":"https:\/\/portaltela.pt\/s.01k8rhncp4jt1\/2025\/11\/talking-bot-125x125.png","url":"https:\/\/portaltela.pt\/s.01k8rhncp4jt1\/2025\/11\/talking-bot-125x125.png","contentUrl":"https:\/\/portaltela.pt\/s.01k8rhncp4jt1\/2025\/11\/talking-bot-125x125.png","caption":"Telinha"},"sameAs":["https:\/\/portaltela.pt\/"],"url":"https:\/\/portaltela.pt\/por\/367410592786\/"}]}},"_links":{"self":[{"href":"https:\/\/portaltela.pt\/api\/wp\/v2\/posts\/427195","targetHints":{"allow":["GET"]}}],"collection":[{"href":"https:\/\/portaltela.pt\/api\/wp\/v2\/posts"}],"about":[{"href":"https:\/\/portaltela.pt\/api\/wp\/v2\/types\/post"}],"author":[{"embeddable":true,"href":"https:\/\/portaltela.pt\/api\/wp\/v2\/users\/2"}],"replies":[{"embeddable":true,"href":"https:\/\/portaltela.pt\/api\/wp\/v2\/comments?post=427195"}],"version-history":[{"count":0,"href":"https:\/\/portaltela.pt\/api\/wp\/v2\/posts\/427195\/revisions"}],"wp:featuredmedia":[{"embeddable":true,"href":"https:\/\/portaltela.pt\/api\/wp\/v2\/media\/427197"}],"wp:attachment":[{"href":"https:\/\/portaltela.pt\/api\/wp\/v2\/media?parent=427195"}],"wp:term":[{"taxonomy":"category","embeddable":true,"href":"https:\/\/portaltela.pt\/api\/wp\/v2\/categories?post=427195"},{"taxonomy":"post_tag","embeddable":true,"href":"https:\/\/portaltela.pt\/api\/wp\/v2\/tags?post=427195"}],"curies":[{"name":"wp","href":"https:\/\/api.w.org\/{rel}","templated":true}]}}