{"id":427188,"date":"2026-03-30T13:32:12","date_gmt":"2026-03-30T16:32:12","guid":{"rendered":"https:\/\/portaltela.pt\/noticias\/2026\/03\/30\/viagem-medieval-recruta-voluntarios-para-edicao-historica\/"},"modified":"2026-03-30T13:32:12","modified_gmt":"2026-03-30T16:32:12","slug":"viagem-medieval-recruta-voluntarios-para-edicao-historica","status":"publish","type":"post","link":"https:\/\/portaltela.pt\/noticias\/2026\/03\/30\/viagem-medieval-recruta-voluntarios-para-edicao-historica\/","title":{"rendered":"Viagem Medieval recruta volunt\u00e1rios para edi\u00e7\u00e3o hist\u00f3rica"},"content":{"rendered":"<p>A Viagem Medieval em Terra de Santa Maria abre candidaturas para uma edi\u00e7\u00e3o hist\u00f3rica, que envolve uma equipa de mais de duas mil pessoas. Em 12 dias, o evento celebra tr\u00eas d\u00e9cadas de exist\u00eancia no centro hist\u00f3rico de Santa Maria da Feira.<\/p>\n<p>Esta edi\u00e7\u00e3o procura centenas de volunt\u00e1rios a partir dos 16 anos, com ou sem experi\u00eancia. O foco recai em perfis din\u00e2micos, dispon\u00edveis, motivados e comprometidos, para v\u00e1rias fun\u00e7\u00f5es do festival.<\/p>\n<h3>Quem pode participar<\/h3>\n<p>Os volunt\u00e1rios v\u00e3o atuar em \u00e1reas como apoio log\u00edstico tem\u00e1tico, atendimento ao visitante, bastidores e venda ao p\u00fablico. A participa\u00e7\u00e3o \u00e9 aberta a interessados de v\u00e1rias regi\u00f5es.<\/p>\n<h3>Como se candidatar<\/h3>\n<p>O per\u00edodo de candidaturas decorre entre 2 e 30 de abril. O formul\u00e1rio est\u00e1 dispon\u00edvel no site oficial. D\u00favidas podem ser esclarecidas por telefone ou email de voluntariado.<\/p>\n<h3>O que recebem<\/h3>\n<p>Todos os selecionados recebem um Kit Volunt\u00e1rio com acesso ao recinto, seguro, forma\u00e7\u00e3o e alimenta\u00e7\u00e3o quando necess\u00e1rio, al\u00e9m de certificado. H\u00e1 uma compensa\u00e7\u00e3o de 3,75 euros por hora efetiva.<\/p>\n<h3>Contexto e relev\u00e2ncia<\/h3>\n<p>Os respons\u00e1veis destacam o papel central dos volunt\u00e1rios, que representam a primeira linha de contacto com o p\u00fablico e participam em \u00e1reas menos vis\u00edveis, mas essenciais ao evento.<\/p>\n<h3>Dados da edi\u00e7\u00e3o<\/h3>\n<p>A Viagem Medieval realiza-se de 29 de julho a 9 de agosto, no centro hist\u00f3rico de Santa Maria da Feira, com o espet\u00e1culo de abertura a 28 de julho, entrada livre. Em 2025, 672 candidataram-se e 380 foram selecionados.<\/p>\n","protected":false},"excerpt":{"rendered":"<ul>\n<li>A Viagem Medieval em Terra de Santa Maria vai recrutar centenas de volunt\u00e1rios para a edi\u00e7\u00e3o hist\u00f3rica, com uma equipa total superior a duas mil pessoas, e candidaturas de 2 a 30 de abril.<\/li>\n<li>Podem candidatar-se interessados a partir dos 16 anos, com ou sem experi\u00eancia no evento, procurando perfis din\u00e2micos, dispon\u00edveis e motivados.<\/li>\n<li>As fun\u00e7\u00f5es abrangem \u00e1reas como apoio log\u00edstico tem\u00e1tico, apoio ao visitante, bastidores e venda ao p\u00fablico; todos recebem o Kit Volunt\u00e1rio, pulseiras, seguro, forma\u00e7\u00e3o, alimenta\u00e7\u00e3o quando justificada e certificado, com compensa\u00e7\u00e3o de 3,75 euros por hora efetiva.<\/li>\n<li>O evento realiza-se de 29 de julho a 9 de agosto, no centro hist\u00f3rico de Santa Maria da Feira, com a abertura a 28 de julho e entrada livre.<\/li>\n<li>Em 2025 houve 672 candidaturas e 380 volunt\u00e1rios selecionados; informa\u00e7\u00f5es e inscri\u00e7\u00f5es podem ser obtidas pelo telem\u00f3vel 927 245 451 ou pelo e-mail voluntariado@viagemmedieval.com, com o site oficial a abrir as candidaturas a 2 de abril.<\/li>\n<\/ul>\n","protected":false},"author":2,"featured_media":427193,"comment_status":"closed","ping_status":"closed","sticky":false,"template":"","format":"standard","meta":{"footnotes":""},"categories":[7375,1],"tags":[6324,3731,3674,1308,169,3266],"class_list":["post-427188","post","type-post","status-publish","format-standard","has-post-thumbnail","hentry","category-cultura","category-noticias","tag-centro-historico","tag-eventos","tag-festival","tag-santa-maria-da-feira","tag-turismo","tag-voluntariado-apoiado"],"yoast_head":"<!-- This site is optimized with the Yoast SEO plugin v27.2 - https:\/\/yoast.com\/product\/yoast-seo-wordpress\/ -->\n<title>Viagem Medieval recruta volunt\u00e1rios para edi\u00e7\u00e3o hist\u00f3rica - Portal Tela Portugal<\/title>\n<meta name=\"robots\" content=\"index, follow, max-snippet:-1, max-image-preview:large, max-video-preview:-1\" \/>\n<meta property=\"og:locale\" content=\"pt_PT\" \/>\n<meta property=\"og:type\" content=\"article\" \/>\n<meta property=\"og:title\" content=\"Viagem Medieval recruta volunt\u00e1rios para edi\u00e7\u00e3o hist\u00f3rica - Portal Tela Portugal\" \/>\n<meta property=\"og:description\" content=\"A Viagem Medieval em Terra de Santa Maria vai recrutar centenas de volunt\u00e1rios para a edi\u00e7\u00e3o hist\u00f3rica, com uma equipa total superior a duas mil pessoas, e candidaturas de 2 a 30 de abril. Podem candidatar-se interessados a partir dos 16 anos, com ou sem experi\u00eancia no evento, procurando perfis din\u00e2micos, dispon\u00edveis e motivados. As fun\u00e7\u00f5es abrangem \u00e1reas como apoio log\u00edstico tem\u00e1tico, apoio ao visitante, bastidores e venda ao p\u00fablico; todos recebem o Kit Volunt\u00e1rio, pulseiras, seguro, forma\u00e7\u00e3o, alimenta\u00e7\u00e3o quando justificada e certificado, com compensa\u00e7\u00e3o de 3,75 euros por hora efetiva. O evento realiza-se de 29 de julho a 9 de agosto, no centro hist\u00f3rico de Santa Maria da Feira, com a abertura a 28 de julho e entrada livre. Em 2025 houve 672 candidaturas e 380 volunt\u00e1rios selecionados; informa\u00e7\u00f5es e inscri\u00e7\u00f5es podem ser obtidas pelo telem\u00f3vel 927 245 451 ou pelo e-mail voluntariado@viagemmedieval.com, com o site oficial a abrir as candidaturas a 2 de abril.\" \/>\n<meta property=\"og:url\" content=\"https:\/\/portaltela.pt\/noticias\/2026\/03\/30\/viagem-medieval-recruta-voluntarios-para-edicao-historica\/\" \/>\n<meta property=\"og:site_name\" content=\"Portal Tela Portugal\" \/>\n<meta property=\"article:published_time\" content=\"2026-03-30T16:32:12+00:00\" \/>\n<meta name=\"author\" content=\"Telinha\" \/>\n<meta name=\"twitter:card\" content=\"summary_large_image\" \/>\n<meta name=\"twitter:label1\" content=\"Escrito por\" \/>\n\t<meta name=\"twitter:data1\" content=\"Telinha\" \/>\n\t<meta name=\"twitter:label2\" content=\"Tempo estimado de leitura\" \/>\n\t<meta name=\"twitter:data2\" content=\"1 minuto\" \/>\n<script type=\"application\/ld+json\" class=\"yoast-schema-graph\">{\"@context\":\"https:\/\/schema.org\",\"@graph\":[{\"@type\":\"Article\",\"@id\":\"https:\/\/portaltela.pt\/noticias\/2026\/03\/30\/viagem-medieval-recruta-voluntarios-para-edicao-historica\/#article\",\"isPartOf\":{\"@id\":\"https:\/\/portaltela.pt\/noticias\/2026\/03\/30\/viagem-medieval-recruta-voluntarios-para-edicao-historica\/\"},\"author\":{\"name\":\"Telinha\",\"@id\":\"https:\/\/portaltela.pt\/#\/schema\/person\/c4278d4a6028830caff9ee44b42d32ed\"},\"headline\":\"Viagem Medieval recruta volunt\u00e1rios para edi\u00e7\u00e3o hist\u00f3rica\",\"datePublished\":\"2026-03-30T16:32:12+00:00\",\"mainEntityOfPage\":{\"@id\":\"https:\/\/portaltela.pt\/noticias\/2026\/03\/30\/viagem-medieval-recruta-voluntarios-para-edicao-historica\/\"},\"wordCount\":275,\"image\":{\"@id\":\"https:\/\/portaltela.pt\/noticias\/2026\/03\/30\/viagem-medieval-recruta-voluntarios-para-edicao-historica\/#primaryimage\"},\"thumbnailUrl\":\"https:\/\/portaltela.pt\/s.01k8rhncp4jt1\/2026\/03\/image-1819.jpg\",\"keywords\":[\"Centro Hist\u00f3rico\",\"eventos\",\"festival\",\"Santa Maria da Feira\",\"turismo\",\"Voluntariado Apoiado\"],\"articleSection\":[\"Cultura\",\"Not\u00edcias\"],\"inLanguage\":\"pt-PT\"},{\"@type\":\"WebPage\",\"@id\":\"https:\/\/portaltela.pt\/noticias\/2026\/03\/30\/viagem-medieval-recruta-voluntarios-para-edicao-historica\/\",\"url\":\"https:\/\/portaltela.pt\/noticias\/2026\/03\/30\/viagem-medieval-recruta-voluntarios-para-edicao-historica\/\",\"name\":\"Viagem Medieval recruta volunt\u00e1rios para edi\u00e7\u00e3o hist\u00f3rica - Portal Tela Portugal\",\"isPartOf\":{\"@id\":\"https:\/\/portaltela.pt\/#website\"},\"primaryImageOfPage\":{\"@id\":\"https:\/\/portaltela.pt\/noticias\/2026\/03\/30\/viagem-medieval-recruta-voluntarios-para-edicao-historica\/#primaryimage\"},\"image\":{\"@id\":\"https:\/\/portaltela.pt\/noticias\/2026\/03\/30\/viagem-medieval-recruta-voluntarios-para-edicao-historica\/#primaryimage\"},\"thumbnailUrl\":\"https:\/\/portaltela.pt\/s.01k8rhncp4jt1\/2026\/03\/image-1819.jpg\",\"datePublished\":\"2026-03-30T16:32:12+00:00\",\"author\":{\"@id\":\"https:\/\/portaltela.pt\/#\/schema\/person\/c4278d4a6028830caff9ee44b42d32ed\"},\"breadcrumb\":{\"@id\":\"https:\/\/portaltela.pt\/noticias\/2026\/03\/30\/viagem-medieval-recruta-voluntarios-para-edicao-historica\/#breadcrumb\"},\"inLanguage\":\"pt-PT\",\"potentialAction\":[{\"@type\":\"ReadAction\",\"target\":[\"https:\/\/portaltela.pt\/noticias\/2026\/03\/30\/viagem-medieval-recruta-voluntarios-para-edicao-historica\/\"]}]},{\"@type\":\"ImageObject\",\"inLanguage\":\"pt-PT\",\"@id\":\"https:\/\/portaltela.pt\/noticias\/2026\/03\/30\/viagem-medieval-recruta-voluntarios-para-edicao-historica\/#primaryimage\",\"url\":\"https:\/\/portaltela.pt\/s.01k8rhncp4jt1\/2026\/03\/image-1819.jpg\",\"contentUrl\":\"https:\/\/portaltela.pt\/s.01k8rhncp4jt1\/2026\/03\/image-1819.jpg\",\"width\":796,\"height\":448,\"caption\":\"Per\u00edodo de candidaturas decorre entre 2 e 30 de abril\"},{\"@type\":\"BreadcrumbList\",\"@id\":\"https:\/\/portaltela.pt\/noticias\/2026\/03\/30\/viagem-medieval-recruta-voluntarios-para-edicao-historica\/#breadcrumb\",\"itemListElement\":[{\"@type\":\"ListItem\",\"position\":1,\"name\":\"In\u00edcio\",\"item\":\"https:\/\/portaltela.pt\/\"},{\"@type\":\"ListItem\",\"position\":2,\"name\":\"Viagem Medieval recruta volunt\u00e1rios para edi\u00e7\u00e3o hist\u00f3rica\"}]},{\"@type\":\"WebSite\",\"@id\":\"https:\/\/portaltela.pt\/#website\",\"url\":\"https:\/\/portaltela.pt\/\",\"name\":\"Portal Tela Portugal\",\"description\":\"\",\"potentialAction\":[{\"@type\":\"SearchAction\",\"target\":{\"@type\":\"EntryPoint\",\"urlTemplate\":\"https:\/\/portaltela.pt\/?s={search_term_string}\"},\"query-input\":{\"@type\":\"PropertyValueSpecification\",\"valueRequired\":true,\"valueName\":\"search_term_string\"}}],\"inLanguage\":\"pt-PT\"},{\"@type\":\"Person\",\"@id\":\"https:\/\/portaltela.pt\/#\/schema\/person\/c4278d4a6028830caff9ee44b42d32ed\",\"name\":\"Telinha\",\"image\":{\"@type\":\"ImageObject\",\"inLanguage\":\"pt-PT\",\"@id\":\"https:\/\/portaltela.pt\/s.01k8rhncp4jt1\/2025\/11\/talking-bot-125x125.png\",\"url\":\"https:\/\/portaltela.pt\/s.01k8rhncp4jt1\/2025\/11\/talking-bot-125x125.png\",\"contentUrl\":\"https:\/\/portaltela.pt\/s.01k8rhncp4jt1\/2025\/11\/talking-bot-125x125.png\",\"caption\":\"Telinha\"},\"sameAs\":[\"https:\/\/portaltela.pt\/\"],\"url\":\"https:\/\/portaltela.pt\/por\/367410592786\/\"}]}<\/script>\n<!-- \/ Yoast SEO plugin. -->","yoast_head_json":{"title":"Viagem Medieval recruta volunt\u00e1rios para edi\u00e7\u00e3o hist\u00f3rica - Portal Tela Portugal","robots":{"index":"index","follow":"follow","max-snippet":"max-snippet:-1","max-image-preview":"max-image-preview:large","max-video-preview":"max-video-preview:-1"},"og_locale":"pt_PT","og_type":"article","og_title":"Viagem Medieval recruta volunt\u00e1rios para edi\u00e7\u00e3o hist\u00f3rica - Portal Tela Portugal","og_description":"A Viagem Medieval em Terra de Santa Maria vai recrutar centenas de volunt\u00e1rios para a edi\u00e7\u00e3o hist\u00f3rica, com uma equipa total superior a duas mil pessoas, e candidaturas de 2 a 30 de abril. Podem candidatar-se interessados a partir dos 16 anos, com ou sem experi\u00eancia no evento, procurando perfis din\u00e2micos, dispon\u00edveis e motivados. As fun\u00e7\u00f5es abrangem \u00e1reas como apoio log\u00edstico tem\u00e1tico, apoio ao visitante, bastidores e venda ao p\u00fablico; todos recebem o Kit Volunt\u00e1rio, pulseiras, seguro, forma\u00e7\u00e3o, alimenta\u00e7\u00e3o quando justificada e certificado, com compensa\u00e7\u00e3o de 3,75 euros por hora efetiva. O evento realiza-se de 29 de julho a 9 de agosto, no centro hist\u00f3rico de Santa Maria da Feira, com a abertura a 28 de julho e entrada livre. Em 2025 houve 672 candidaturas e 380 volunt\u00e1rios selecionados; informa\u00e7\u00f5es e inscri\u00e7\u00f5es podem ser obtidas pelo telem\u00f3vel 927 245 451 ou pelo e-mail voluntariado@viagemmedieval.com, com o site oficial a abrir as candidaturas a 2 de abril.","og_url":"https:\/\/portaltela.pt\/noticias\/2026\/03\/30\/viagem-medieval-recruta-voluntarios-para-edicao-historica\/","og_site_name":"Portal Tela Portugal","article_published_time":"2026-03-30T16:32:12+00:00","author":"Telinha","twitter_card":"summary_large_image","twitter_misc":{"Escrito por":"Telinha","Tempo estimado de leitura":"1 minuto"},"schema":{"@context":"https:\/\/schema.org","@graph":[{"@type":"Article","@id":"https:\/\/portaltela.pt\/noticias\/2026\/03\/30\/viagem-medieval-recruta-voluntarios-para-edicao-historica\/#article","isPartOf":{"@id":"https:\/\/portaltela.pt\/noticias\/2026\/03\/30\/viagem-medieval-recruta-voluntarios-para-edicao-historica\/"},"author":{"name":"Telinha","@id":"https:\/\/portaltela.pt\/#\/schema\/person\/c4278d4a6028830caff9ee44b42d32ed"},"headline":"Viagem Medieval recruta volunt\u00e1rios para edi\u00e7\u00e3o hist\u00f3rica","datePublished":"2026-03-30T16:32:12+00:00","mainEntityOfPage":{"@id":"https:\/\/portaltela.pt\/noticias\/2026\/03\/30\/viagem-medieval-recruta-voluntarios-para-edicao-historica\/"},"wordCount":275,"image":{"@id":"https:\/\/portaltela.pt\/noticias\/2026\/03\/30\/viagem-medieval-recruta-voluntarios-para-edicao-historica\/#primaryimage"},"thumbnailUrl":"https:\/\/portaltela.pt\/s.01k8rhncp4jt1\/2026\/03\/image-1819.jpg","keywords":["Centro Hist\u00f3rico","eventos","festival","Santa Maria da Feira","turismo","Voluntariado Apoiado"],"articleSection":["Cultura","Not\u00edcias"],"inLanguage":"pt-PT"},{"@type":"WebPage","@id":"https:\/\/portaltela.pt\/noticias\/2026\/03\/30\/viagem-medieval-recruta-voluntarios-para-edicao-historica\/","url":"https:\/\/portaltela.pt\/noticias\/2026\/03\/30\/viagem-medieval-recruta-voluntarios-para-edicao-historica\/","name":"Viagem Medieval recruta volunt\u00e1rios para edi\u00e7\u00e3o hist\u00f3rica - Portal Tela Portugal","isPartOf":{"@id":"https:\/\/portaltela.pt\/#website"},"primaryImageOfPage":{"@id":"https:\/\/portaltela.pt\/noticias\/2026\/03\/30\/viagem-medieval-recruta-voluntarios-para-edicao-historica\/#primaryimage"},"image":{"@id":"https:\/\/portaltela.pt\/noticias\/2026\/03\/30\/viagem-medieval-recruta-voluntarios-para-edicao-historica\/#primaryimage"},"thumbnailUrl":"https:\/\/portaltela.pt\/s.01k8rhncp4jt1\/2026\/03\/image-1819.jpg","datePublished":"2026-03-30T16:32:12+00:00","author":{"@id":"https:\/\/portaltela.pt\/#\/schema\/person\/c4278d4a6028830caff9ee44b42d32ed"},"breadcrumb":{"@id":"https:\/\/portaltela.pt\/noticias\/2026\/03\/30\/viagem-medieval-recruta-voluntarios-para-edicao-historica\/#breadcrumb"},"inLanguage":"pt-PT","potentialAction":[{"@type":"ReadAction","target":["https:\/\/portaltela.pt\/noticias\/2026\/03\/30\/viagem-medieval-recruta-voluntarios-para-edicao-historica\/"]}]},{"@type":"ImageObject","inLanguage":"pt-PT","@id":"https:\/\/portaltela.pt\/noticias\/2026\/03\/30\/viagem-medieval-recruta-voluntarios-para-edicao-historica\/#primaryimage","url":"https:\/\/portaltela.pt\/s.01k8rhncp4jt1\/2026\/03\/image-1819.jpg","contentUrl":"https:\/\/portaltela.pt\/s.01k8rhncp4jt1\/2026\/03\/image-1819.jpg","width":796,"height":448,"caption":"Per\u00edodo de candidaturas decorre entre 2 e 30 de abril"},{"@type":"BreadcrumbList","@id":"https:\/\/portaltela.pt\/noticias\/2026\/03\/30\/viagem-medieval-recruta-voluntarios-para-edicao-historica\/#breadcrumb","itemListElement":[{"@type":"ListItem","position":1,"name":"In\u00edcio","item":"https:\/\/portaltela.pt\/"},{"@type":"ListItem","position":2,"name":"Viagem Medieval recruta volunt\u00e1rios para edi\u00e7\u00e3o hist\u00f3rica"}]},{"@type":"WebSite","@id":"https:\/\/portaltela.pt\/#website","url":"https:\/\/portaltela.pt\/","name":"Portal Tela Portugal","description":"","potentialAction":[{"@type":"SearchAction","target":{"@type":"EntryPoint","urlTemplate":"https:\/\/portaltela.pt\/?s={search_term_string}"},"query-input":{"@type":"PropertyValueSpecification","valueRequired":true,"valueName":"search_term_string"}}],"inLanguage":"pt-PT"},{"@type":"Person","@id":"https:\/\/portaltela.pt\/#\/schema\/person\/c4278d4a6028830caff9ee44b42d32ed","name":"Telinha","image":{"@type":"ImageObject","inLanguage":"pt-PT","@id":"https:\/\/portaltela.pt\/s.01k8rhncp4jt1\/2025\/11\/talking-bot-125x125.png","url":"https:\/\/portaltela.pt\/s.01k8rhncp4jt1\/2025\/11\/talking-bot-125x125.png","contentUrl":"https:\/\/portaltela.pt\/s.01k8rhncp4jt1\/2025\/11\/talking-bot-125x125.png","caption":"Telinha"},"sameAs":["https:\/\/portaltela.pt\/"],"url":"https:\/\/portaltela.pt\/por\/367410592786\/"}]}},"_links":{"self":[{"href":"https:\/\/portaltela.pt\/api\/wp\/v2\/posts\/427188","targetHints":{"allow":["GET"]}}],"collection":[{"href":"https:\/\/portaltela.pt\/api\/wp\/v2\/posts"}],"about":[{"href":"https:\/\/portaltela.pt\/api\/wp\/v2\/types\/post"}],"author":[{"embeddable":true,"href":"https:\/\/portaltela.pt\/api\/wp\/v2\/users\/2"}],"replies":[{"embeddable":true,"href":"https:\/\/portaltela.pt\/api\/wp\/v2\/comments?post=427188"}],"version-history":[{"count":0,"href":"https:\/\/portaltela.pt\/api\/wp\/v2\/posts\/427188\/revisions"}],"wp:featuredmedia":[{"embeddable":true,"href":"https:\/\/portaltela.pt\/api\/wp\/v2\/media\/427193"}],"wp:attachment":[{"href":"https:\/\/portaltela.pt\/api\/wp\/v2\/media?parent=427188"}],"wp:term":[{"taxonomy":"category","embeddable":true,"href":"https:\/\/portaltela.pt\/api\/wp\/v2\/categories?post=427188"},{"taxonomy":"post_tag","embeddable":true,"href":"https:\/\/portaltela.pt\/api\/wp\/v2\/tags?post=427188"}],"curies":[{"name":"wp","href":"https:\/\/api.w.org\/{rel}","templated":true}]}}