{"id":427187,"date":"2026-03-30T13:32:12","date_gmt":"2026-03-30T16:32:12","guid":{"rendered":"https:\/\/portaltela.pt\/noticias\/2026\/03\/30\/a-meritocracia-no-ensino-em-portugal-e-questionada\/"},"modified":"2026-03-30T13:32:12","modified_gmt":"2026-03-30T16:32:12","slug":"a-meritocracia-no-ensino-em-portugal-e-questionada","status":"publish","type":"post","link":"https:\/\/portaltela.pt\/sociedade\/2026\/03\/30\/a-meritocracia-no-ensino-em-portugal-e-questionada\/","title":{"rendered":"A meritocracia no ensino em Portugal \u00e9 questionada"},"content":{"rendered":"<p>O texto analisa o funcionamento do ensino p\u00fablico em Portugal, defendendo reformas e maior financiamento para reduzir dist\u00e2ncias entre filhos de diferentes classes sociais. O autor parte da experi\u00eancia pessoal de entrada no ensino superior para questionar a ideia de meritocracia no sistema educativo.<\/p>\n<p>Ao longo da leitura, observa que o acesso ao ensino superior depende hoje de fatores que v\u00e3o para al\u00e9m do m\u00e9rito, incluindo a qualidade da escolaridade de base e as condi\u00e7\u00f5es de prepara\u00e7\u00e3o para exames nacionais. O relato aponta usos de recursos limitados e a influ\u00eancia de decis\u00f5es de docentes que, tidos como precarizados, s\u00e3o retratados como condicionantes da aprendizagem.<\/p>\n<p>O autor descreve uma experi\u00eancia em Lisboa, num curso com m\u00e9dias de entrada elevadas, onde se verifica uma viv\u00eancia social distinta da sua. A conviv\u00eancia revela um abismo cultural que dificulta a integra\u00e7\u00e3o plena no meio acad\u00e9mico, levando a uma sensa\u00e7\u00e3o de exclus\u00e3o.<\/p>\n<h3>Contexto institucional<\/h3>\n<p>O texto critica a prepara\u00e7\u00e3o pedag\u00f3gica da classe docente universit\u00e1ria, alegando que muitos docentes s\u00e3o investigadores que apresentam uma carga excessiva de textos sem aplica\u00e7\u00e3o direta em contexto de aula. A leitura sustenta que isso compromete a qualidade pedag\u00f3gica e o processo de aprendizagem dos estudantes.<\/p>\n<p>Segundo a an\u00e1lise, a massiva \u00eanfase na leitura e memoriza\u00e7\u00e3o para exames funciona como uma barreira para quem n\u00e3o disp\u00f5e de recursos equivalentes desde o ensino b\u00e1sico. O resultado \u00e9 a propaga\u00e7\u00e3o de desigualdades que se estendem ao acesso \u00e0 universidade, com impactos no futuro acad\u00e9mico e profissional.<\/p>\n<h3>Meritocracia questionada<\/h3>\n<p>A narrativa defende que a meritocracia, tal como a entende o sistema, n\u00e3o corresponde \u00e0 realidade portuguesa. Acesso inicial a boas escolas e tranquilidade no trajeto at\u00e9 ao ensino superior s\u00e3o fatores determinantes, n\u00e3o apenas o desempenho em exames.<\/p>\n<p>Conclui-se que o atual modelo educativo n\u00e3o garante igualdade de oportunidades entre todos os alunos. O texto prop\u00f5e reformas no financiamento p\u00fablico que reduzam a dist\u00e2ncia entre comunidades distintas e promovam uma conviv\u00eancia acad\u00e9mica com estudantes de v\u00e1rias origens socioecon\u00f3micas.<\/p>\n<h3>Recomenda\u00e7\u00f5es<\/h3>\n<p>Entre as propostas, destaca-se a necessidade de reformas estruturais para aproximar o ensino p\u00fablico do conjunto da popula\u00e7\u00e3o, evitando a depend\u00eancia de educa\u00e7\u00e3o privada para garantir o prosseguimento acad\u00e9mico. O foco \u00e9 criar condi\u00e7\u00f5es para que alunos de diferentes origens concorram em condi\u00e7\u00f5es mais equitativas.<\/p>\n","protected":false},"excerpt":{"rendered":"<ul>\n<li>O texto questiona a exist\u00eancia da meritocracia no ensino portugu\u00eas, considerando que o sucesso depende fortemente das condi\u00e7\u00f5es de acesso desde o ensino b\u00e1sico.<\/li>\n<li>Alega que o sistema educativo perpetua desigualdades, com alunos de contextos econ\u00f3micos mais baixos a ter menos recursos e oportunidades.<\/li>\n<li>Relata a experi\u00eancia de um estudante universit\u00e1rio em Lisboa, que se sente exclu\u00eddo social e culturalmente por origem diferente.<\/li>\n<li>Critica a forma\u00e7\u00e3o pedag\u00f3gica dos docentes universit\u00e1rios e o excesso de textos para decorar, em vez de conte\u00fados contextualizados em aula.<\/li>\n<li>Prop\u00f5e reformas e maior financiamento do ensino p\u00fablico para reduzir dist\u00e2ncias entre filhos de diferentes classes sociais e evitar a segrega\u00e7\u00e3o entre ensino p\u00fablico e privado.<\/li>\n<\/ul>\n","protected":false},"author":2,"featured_media":427190,"comment_status":"closed","ping_status":"closed","sticky":false,"template":"","format":"standard","meta":{"footnotes":""},"categories":[1,6871],"tags":[5437,163,4696,2443,2417,229],"class_list":["post-427187","post","type-post","status-publish","format-standard","has-post-thumbnail","hentry","category-noticias","category-sociedade","tag-desigualdades-sociais","tag-educacao","tag-educacao-inclusiva","tag-educacao-publica","tag-financiamento","tag-politica-publica"],"yoast_head":"<!-- This site is optimized with the Yoast SEO plugin v27.2 - https:\/\/yoast.com\/product\/yoast-seo-wordpress\/ -->\n<title>A meritocracia no ensino em Portugal \u00e9 questionada - Portal Tela Portugal<\/title>\n<meta name=\"robots\" content=\"index, follow, max-snippet:-1, max-image-preview:large, max-video-preview:-1\" \/>\n<meta property=\"og:locale\" content=\"pt_PT\" \/>\n<meta property=\"og:type\" content=\"article\" \/>\n<meta property=\"og:title\" content=\"A meritocracia no ensino em Portugal \u00e9 questionada - Portal Tela Portugal\" \/>\n<meta property=\"og:description\" content=\"O texto questiona a exist\u00eancia da meritocracia no ensino portugu\u00eas, considerando que o sucesso depende fortemente das condi\u00e7\u00f5es de acesso desde o ensino b\u00e1sico. Alega que o sistema educativo perpetua desigualdades, com alunos de contextos econ\u00f3micos mais baixos a ter menos recursos e oportunidades. Relata a experi\u00eancia de um estudante universit\u00e1rio em Lisboa, que se sente exclu\u00eddo social e culturalmente por origem diferente. Critica a forma\u00e7\u00e3o pedag\u00f3gica dos docentes universit\u00e1rios e o excesso de textos para decorar, em vez de conte\u00fados contextualizados em aula. Prop\u00f5e reformas e maior financiamento do ensino p\u00fablico para reduzir dist\u00e2ncias entre filhos de diferentes classes sociais e evitar a segrega\u00e7\u00e3o entre ensino p\u00fablico e privado.\" \/>\n<meta property=\"og:url\" content=\"https:\/\/portaltela.pt\/noticias\/2026\/03\/30\/a-meritocracia-no-ensino-em-portugal-e-questionada\/\" \/>\n<meta property=\"og:site_name\" content=\"Portal Tela Portugal\" \/>\n<meta property=\"article:published_time\" content=\"2026-03-30T16:32:12+00:00\" \/>\n<meta name=\"author\" content=\"Telinha\" \/>\n<meta name=\"twitter:card\" content=\"summary_large_image\" \/>\n<meta name=\"twitter:label1\" content=\"Escrito por\" \/>\n\t<meta name=\"twitter:data1\" content=\"Telinha\" \/>\n\t<meta name=\"twitter:label2\" content=\"Tempo estimado de leitura\" \/>\n\t<meta name=\"twitter:data2\" content=\"2 minutos\" \/>\n<script type=\"application\/ld+json\" class=\"yoast-schema-graph\">{\"@context\":\"https:\/\/schema.org\",\"@graph\":[{\"@type\":\"Article\",\"@id\":\"https:\/\/portaltela.pt\/noticias\/2026\/03\/30\/a-meritocracia-no-ensino-em-portugal-e-questionada\/#article\",\"isPartOf\":{\"@id\":\"https:\/\/portaltela.pt\/noticias\/2026\/03\/30\/a-meritocracia-no-ensino-em-portugal-e-questionada\/\"},\"author\":{\"name\":\"Telinha\",\"@id\":\"https:\/\/portaltela.pt\/#\/schema\/person\/c4278d4a6028830caff9ee44b42d32ed\"},\"headline\":\"A meritocracia no ensino em Portugal \u00e9 questionada\",\"datePublished\":\"2026-03-30T16:32:12+00:00\",\"mainEntityOfPage\":{\"@id\":\"https:\/\/portaltela.pt\/noticias\/2026\/03\/30\/a-meritocracia-no-ensino-em-portugal-e-questionada\/\"},\"wordCount\":424,\"image\":{\"@id\":\"https:\/\/portaltela.pt\/noticias\/2026\/03\/30\/a-meritocracia-no-ensino-em-portugal-e-questionada\/#primaryimage\"},\"thumbnailUrl\":\"https:\/\/portaltela.pt\/s.01k8rhncp4jt1\/2026\/03\/2077929.jpg\",\"keywords\":[\"desigualdades sociais\",\"educa\u00e7\u00e3o\",\"educa\u00e7\u00e3o inclusiva\",\"educa\u00e7\u00e3o p\u00fablica\",\"financiamento\",\"pol\u00edtica p\u00fablica\"],\"articleSection\":[\"Not\u00edcias\",\"Sociedade\"],\"inLanguage\":\"pt-PT\"},{\"@type\":\"WebPage\",\"@id\":\"https:\/\/portaltela.pt\/noticias\/2026\/03\/30\/a-meritocracia-no-ensino-em-portugal-e-questionada\/\",\"url\":\"https:\/\/portaltela.pt\/noticias\/2026\/03\/30\/a-meritocracia-no-ensino-em-portugal-e-questionada\/\",\"name\":\"A meritocracia no ensino em Portugal \u00e9 questionada - Portal Tela Portugal\",\"isPartOf\":{\"@id\":\"https:\/\/portaltela.pt\/#website\"},\"primaryImageOfPage\":{\"@id\":\"https:\/\/portaltela.pt\/noticias\/2026\/03\/30\/a-meritocracia-no-ensino-em-portugal-e-questionada\/#primaryimage\"},\"image\":{\"@id\":\"https:\/\/portaltela.pt\/noticias\/2026\/03\/30\/a-meritocracia-no-ensino-em-portugal-e-questionada\/#primaryimage\"},\"thumbnailUrl\":\"https:\/\/portaltela.pt\/s.01k8rhncp4jt1\/2026\/03\/2077929.jpg\",\"datePublished\":\"2026-03-30T16:32:12+00:00\",\"author\":{\"@id\":\"https:\/\/portaltela.pt\/#\/schema\/person\/c4278d4a6028830caff9ee44b42d32ed\"},\"breadcrumb\":{\"@id\":\"https:\/\/portaltela.pt\/noticias\/2026\/03\/30\/a-meritocracia-no-ensino-em-portugal-e-questionada\/#breadcrumb\"},\"inLanguage\":\"pt-PT\",\"potentialAction\":[{\"@type\":\"ReadAction\",\"target\":[\"https:\/\/portaltela.pt\/noticias\/2026\/03\/30\/a-meritocracia-no-ensino-em-portugal-e-questionada\/\"]}]},{\"@type\":\"ImageObject\",\"inLanguage\":\"pt-PT\",\"@id\":\"https:\/\/portaltela.pt\/noticias\/2026\/03\/30\/a-meritocracia-no-ensino-em-portugal-e-questionada\/#primaryimage\",\"url\":\"https:\/\/portaltela.pt\/s.01k8rhncp4jt1\/2026\/03\/2077929.jpg\",\"contentUrl\":\"https:\/\/portaltela.pt\/s.01k8rhncp4jt1\/2026\/03\/2077929.jpg\",\"width\":796,\"height\":448,\"caption\":\"Megafone P3\"},{\"@type\":\"BreadcrumbList\",\"@id\":\"https:\/\/portaltela.pt\/noticias\/2026\/03\/30\/a-meritocracia-no-ensino-em-portugal-e-questionada\/#breadcrumb\",\"itemListElement\":[{\"@type\":\"ListItem\",\"position\":1,\"name\":\"In\u00edcio\",\"item\":\"https:\/\/portaltela.pt\/\"},{\"@type\":\"ListItem\",\"position\":2,\"name\":\"A meritocracia no ensino em Portugal \u00e9 questionada\"}]},{\"@type\":\"WebSite\",\"@id\":\"https:\/\/portaltela.pt\/#website\",\"url\":\"https:\/\/portaltela.pt\/\",\"name\":\"Portal Tela Portugal\",\"description\":\"\",\"potentialAction\":[{\"@type\":\"SearchAction\",\"target\":{\"@type\":\"EntryPoint\",\"urlTemplate\":\"https:\/\/portaltela.pt\/?s={search_term_string}\"},\"query-input\":{\"@type\":\"PropertyValueSpecification\",\"valueRequired\":true,\"valueName\":\"search_term_string\"}}],\"inLanguage\":\"pt-PT\"},{\"@type\":\"Person\",\"@id\":\"https:\/\/portaltela.pt\/#\/schema\/person\/c4278d4a6028830caff9ee44b42d32ed\",\"name\":\"Telinha\",\"image\":{\"@type\":\"ImageObject\",\"inLanguage\":\"pt-PT\",\"@id\":\"https:\/\/portaltela.pt\/s.01k8rhncp4jt1\/2025\/11\/talking-bot-125x125.png\",\"url\":\"https:\/\/portaltela.pt\/s.01k8rhncp4jt1\/2025\/11\/talking-bot-125x125.png\",\"contentUrl\":\"https:\/\/portaltela.pt\/s.01k8rhncp4jt1\/2025\/11\/talking-bot-125x125.png\",\"caption\":\"Telinha\"},\"sameAs\":[\"https:\/\/portaltela.pt\/\"],\"url\":\"https:\/\/portaltela.pt\/por\/367410592786\/\"}]}<\/script>\n<!-- \/ Yoast SEO plugin. -->","yoast_head_json":{"title":"A meritocracia no ensino em Portugal \u00e9 questionada - Portal Tela Portugal","robots":{"index":"index","follow":"follow","max-snippet":"max-snippet:-1","max-image-preview":"max-image-preview:large","max-video-preview":"max-video-preview:-1"},"og_locale":"pt_PT","og_type":"article","og_title":"A meritocracia no ensino em Portugal \u00e9 questionada - Portal Tela Portugal","og_description":"O texto questiona a exist\u00eancia da meritocracia no ensino portugu\u00eas, considerando que o sucesso depende fortemente das condi\u00e7\u00f5es de acesso desde o ensino b\u00e1sico. Alega que o sistema educativo perpetua desigualdades, com alunos de contextos econ\u00f3micos mais baixos a ter menos recursos e oportunidades. Relata a experi\u00eancia de um estudante universit\u00e1rio em Lisboa, que se sente exclu\u00eddo social e culturalmente por origem diferente. Critica a forma\u00e7\u00e3o pedag\u00f3gica dos docentes universit\u00e1rios e o excesso de textos para decorar, em vez de conte\u00fados contextualizados em aula. Prop\u00f5e reformas e maior financiamento do ensino p\u00fablico para reduzir dist\u00e2ncias entre filhos de diferentes classes sociais e evitar a segrega\u00e7\u00e3o entre ensino p\u00fablico e privado.","og_url":"https:\/\/portaltela.pt\/noticias\/2026\/03\/30\/a-meritocracia-no-ensino-em-portugal-e-questionada\/","og_site_name":"Portal Tela Portugal","article_published_time":"2026-03-30T16:32:12+00:00","author":"Telinha","twitter_card":"summary_large_image","twitter_misc":{"Escrito por":"Telinha","Tempo estimado de leitura":"2 minutos"},"schema":{"@context":"https:\/\/schema.org","@graph":[{"@type":"Article","@id":"https:\/\/portaltela.pt\/noticias\/2026\/03\/30\/a-meritocracia-no-ensino-em-portugal-e-questionada\/#article","isPartOf":{"@id":"https:\/\/portaltela.pt\/noticias\/2026\/03\/30\/a-meritocracia-no-ensino-em-portugal-e-questionada\/"},"author":{"name":"Telinha","@id":"https:\/\/portaltela.pt\/#\/schema\/person\/c4278d4a6028830caff9ee44b42d32ed"},"headline":"A meritocracia no ensino em Portugal \u00e9 questionada","datePublished":"2026-03-30T16:32:12+00:00","mainEntityOfPage":{"@id":"https:\/\/portaltela.pt\/noticias\/2026\/03\/30\/a-meritocracia-no-ensino-em-portugal-e-questionada\/"},"wordCount":424,"image":{"@id":"https:\/\/portaltela.pt\/noticias\/2026\/03\/30\/a-meritocracia-no-ensino-em-portugal-e-questionada\/#primaryimage"},"thumbnailUrl":"https:\/\/portaltela.pt\/s.01k8rhncp4jt1\/2026\/03\/2077929.jpg","keywords":["desigualdades sociais","educa\u00e7\u00e3o","educa\u00e7\u00e3o inclusiva","educa\u00e7\u00e3o p\u00fablica","financiamento","pol\u00edtica p\u00fablica"],"articleSection":["Not\u00edcias","Sociedade"],"inLanguage":"pt-PT"},{"@type":"WebPage","@id":"https:\/\/portaltela.pt\/noticias\/2026\/03\/30\/a-meritocracia-no-ensino-em-portugal-e-questionada\/","url":"https:\/\/portaltela.pt\/noticias\/2026\/03\/30\/a-meritocracia-no-ensino-em-portugal-e-questionada\/","name":"A meritocracia no ensino em Portugal \u00e9 questionada - Portal Tela Portugal","isPartOf":{"@id":"https:\/\/portaltela.pt\/#website"},"primaryImageOfPage":{"@id":"https:\/\/portaltela.pt\/noticias\/2026\/03\/30\/a-meritocracia-no-ensino-em-portugal-e-questionada\/#primaryimage"},"image":{"@id":"https:\/\/portaltela.pt\/noticias\/2026\/03\/30\/a-meritocracia-no-ensino-em-portugal-e-questionada\/#primaryimage"},"thumbnailUrl":"https:\/\/portaltela.pt\/s.01k8rhncp4jt1\/2026\/03\/2077929.jpg","datePublished":"2026-03-30T16:32:12+00:00","author":{"@id":"https:\/\/portaltela.pt\/#\/schema\/person\/c4278d4a6028830caff9ee44b42d32ed"},"breadcrumb":{"@id":"https:\/\/portaltela.pt\/noticias\/2026\/03\/30\/a-meritocracia-no-ensino-em-portugal-e-questionada\/#breadcrumb"},"inLanguage":"pt-PT","potentialAction":[{"@type":"ReadAction","target":["https:\/\/portaltela.pt\/noticias\/2026\/03\/30\/a-meritocracia-no-ensino-em-portugal-e-questionada\/"]}]},{"@type":"ImageObject","inLanguage":"pt-PT","@id":"https:\/\/portaltela.pt\/noticias\/2026\/03\/30\/a-meritocracia-no-ensino-em-portugal-e-questionada\/#primaryimage","url":"https:\/\/portaltela.pt\/s.01k8rhncp4jt1\/2026\/03\/2077929.jpg","contentUrl":"https:\/\/portaltela.pt\/s.01k8rhncp4jt1\/2026\/03\/2077929.jpg","width":796,"height":448,"caption":"Megafone P3"},{"@type":"BreadcrumbList","@id":"https:\/\/portaltela.pt\/noticias\/2026\/03\/30\/a-meritocracia-no-ensino-em-portugal-e-questionada\/#breadcrumb","itemListElement":[{"@type":"ListItem","position":1,"name":"In\u00edcio","item":"https:\/\/portaltela.pt\/"},{"@type":"ListItem","position":2,"name":"A meritocracia no ensino em Portugal \u00e9 questionada"}]},{"@type":"WebSite","@id":"https:\/\/portaltela.pt\/#website","url":"https:\/\/portaltela.pt\/","name":"Portal Tela Portugal","description":"","potentialAction":[{"@type":"SearchAction","target":{"@type":"EntryPoint","urlTemplate":"https:\/\/portaltela.pt\/?s={search_term_string}"},"query-input":{"@type":"PropertyValueSpecification","valueRequired":true,"valueName":"search_term_string"}}],"inLanguage":"pt-PT"},{"@type":"Person","@id":"https:\/\/portaltela.pt\/#\/schema\/person\/c4278d4a6028830caff9ee44b42d32ed","name":"Telinha","image":{"@type":"ImageObject","inLanguage":"pt-PT","@id":"https:\/\/portaltela.pt\/s.01k8rhncp4jt1\/2025\/11\/talking-bot-125x125.png","url":"https:\/\/portaltela.pt\/s.01k8rhncp4jt1\/2025\/11\/talking-bot-125x125.png","contentUrl":"https:\/\/portaltela.pt\/s.01k8rhncp4jt1\/2025\/11\/talking-bot-125x125.png","caption":"Telinha"},"sameAs":["https:\/\/portaltela.pt\/"],"url":"https:\/\/portaltela.pt\/por\/367410592786\/"}]}},"_links":{"self":[{"href":"https:\/\/portaltela.pt\/api\/wp\/v2\/posts\/427187","targetHints":{"allow":["GET"]}}],"collection":[{"href":"https:\/\/portaltela.pt\/api\/wp\/v2\/posts"}],"about":[{"href":"https:\/\/portaltela.pt\/api\/wp\/v2\/types\/post"}],"author":[{"embeddable":true,"href":"https:\/\/portaltela.pt\/api\/wp\/v2\/users\/2"}],"replies":[{"embeddable":true,"href":"https:\/\/portaltela.pt\/api\/wp\/v2\/comments?post=427187"}],"version-history":[{"count":0,"href":"https:\/\/portaltela.pt\/api\/wp\/v2\/posts\/427187\/revisions"}],"wp:featuredmedia":[{"embeddable":true,"href":"https:\/\/portaltela.pt\/api\/wp\/v2\/media\/427190"}],"wp:attachment":[{"href":"https:\/\/portaltela.pt\/api\/wp\/v2\/media?parent=427187"}],"wp:term":[{"taxonomy":"category","embeddable":true,"href":"https:\/\/portaltela.pt\/api\/wp\/v2\/categories?post=427187"},{"taxonomy":"post_tag","embeddable":true,"href":"https:\/\/portaltela.pt\/api\/wp\/v2\/tags?post=427187"}],"curies":[{"name":"wp","href":"https:\/\/api.w.org\/{rel}","templated":true}]}}