{"id":427176,"date":"2026-03-30T13:17:27","date_gmt":"2026-03-30T16:17:27","guid":{"rendered":"https:\/\/portaltela.pt\/noticias\/2026\/03\/30\/nelson-evora-diz-que-faz-sentido-aspirar-a-funcoes-futuras-na-fpa-e-cop\/"},"modified":"2026-03-30T13:17:27","modified_gmt":"2026-03-30T16:17:27","slug":"nelson-evora-diz-que-faz-sentido-aspirar-a-funcoes-futuras-na-fpa-e-cop","status":"publish","type":"post","link":"https:\/\/portaltela.pt\/desporto\/futebol\/2026\/03\/30\/nelson-evora-diz-que-faz-sentido-aspirar-a-funcoes-futuras-na-fpa-e-cop\/","title":{"rendered":"Nelson \u00c9vora diz que faz sentido aspirar a fun\u00e7\u00f5es futuras na FPA e COP"},"content":{"rendered":"<p>Nelson \u00c9vora reconheceu que pode aspirar a futuras fun\u00e7\u00f5es na Federa\u00e7\u00e3o Portuguesa de Atletismo (FPA) ou no Comit\u00e9 Ol\u00edmpico de Portugal (COP). A afirma\u00e7\u00e3o surgiu a prop\u00f3sito da apresenta\u00e7\u00e3o do projeto O Salto de um Sonho, na Escola Secund\u00e1ria Lu\u00eds Freitas Branco, em Pa\u00e7o de Arcos.<\/p>\n<p>O atleta, que se retirou da competi\u00e7\u00e3o em 2025, manteve a ideia de continuar ligado ao atletismo de forma ativa, possivelmente em fun\u00e7\u00f5es administrativas ou de gest\u00e3o desportiva. Para j\u00e1, refere estar numa fase de final de carreira e com v\u00e1rias prioridades paralelas.<\/p>\n<p>Quanto ao futuro imediato, \u00c9vora revelou que ir\u00e1 dedicar-se a projetos de mental coaching nos pr\u00f3ximos meses. S\u00f3 depois avaliar\u00e1 um novo envolvimento na atividade competitiva ou institucional, mantendo o foco na qualidade e na melhoria cont\u00ednua.<\/p>\n<p>Beijing 2008 mant\u00e9m-se como marco da carreira, com o ouro ol\u00edmpico a sustentar o seu percurso de mais de duas d\u00e9cadas ao mais alto n\u00edvel. O atleta aponta para um contributo institucional ou pedag\u00f3gico, conforme o desenrolar dos pr\u00f3ximos meses.<\/p>\n<p>A apresenta\u00e7\u00e3o do projeto ocorreu na Escola Secund\u00e1ria Lu\u00eds Freitas Branco, em Pa\u00e7o de Arcos, num evento dedicado \u00e0 divulga\u00e7\u00e3o de iniciativas de forma\u00e7\u00e3o e motiva\u00e7\u00e3o no desporto nacional. A ocasi\u00e3o serviu de contexto para estas hesita\u00e7\u00f5es sobre o futuro papel institucional.<\/p>\n","protected":false},"excerpt":{"rendered":"<ul>\n<li>Nelson \u00c9vora afirmou que n\u00e3o fecha portas a futuras fun\u00e7\u00f5es na Federa\u00e7\u00e3o Portuguesa de Atletismo (FPA) ou no Comit\u00e9 Ol\u00edmpico de Portugal (COP), embora n\u00e3o haja defini\u00e7\u00e3o para o seu futuro.<\/li>\n<li>O ex-atleta, campe\u00e3o ol\u00edmpico, terminou a carreira em 2025 e quer manter-se ligado ao atletismo de forma activa, ainda que a curto prazo n\u00e3o haja planos.<\/li>\n<li>Foi apresentada o projeto &#8220;O Salto de um Sonho&#8221;, da sua autoria, na Escola Secund\u00e1ria Lu\u00eds Freitas Branco, em Pa\u00e7o de Arcos, com a participa\u00e7\u00e3o da Ag\u00eancia Lusa.<\/li>\n<li>Nos pr\u00f3ximos meses, \u00c9vora vai dedicar-se a projetos de mental coaching antes de considerar novo envolvimento na atividade desportiva.<\/li>\n<li>O foco imediato \u00e9 fazer as coisas bem feitas a curto prazo, deixando espa\u00e7o para futuras iniciativas quando chegar a altura.<\/li>\n<\/ul>\n","protected":false},"author":2,"featured_media":427177,"comment_status":"closed","ping_status":"closed","sticky":false,"template":"","format":"standard","meta":{"footnotes":""},"categories":[21,24],"tags":[137,7455,152,4566,2249],"class_list":["post-427176","post","type-post","status-publish","format-standard","has-post-thumbnail","hentry","category-desporto","category-futebol","tag-atletismo","tag-comite-olimpico-de-portugal","tag-desporto","tag-federacao-portuguesa-de-atletismo","tag-psicologia"],"yoast_head":"<!-- This site is optimized with the Yoast SEO plugin v27.2 - https:\/\/yoast.com\/product\/yoast-seo-wordpress\/ -->\n<title>Nelson \u00c9vora diz que faz sentido aspirar a fun\u00e7\u00f5es futuras na FPA e COP - Portal Tela Portugal<\/title>\n<meta name=\"robots\" content=\"index, follow, max-snippet:-1, max-image-preview:large, max-video-preview:-1\" \/>\n<meta property=\"og:locale\" content=\"pt_PT\" \/>\n<meta property=\"og:type\" content=\"article\" \/>\n<meta property=\"og:title\" content=\"Nelson \u00c9vora diz que faz sentido aspirar a fun\u00e7\u00f5es futuras na FPA e COP - Portal Tela Portugal\" \/>\n<meta property=\"og:description\" content=\"Nelson \u00c9vora afirmou que n\u00e3o fecha portas a futuras fun\u00e7\u00f5es na Federa\u00e7\u00e3o Portuguesa de Atletismo (FPA) ou no Comit\u00e9 Ol\u00edmpico de Portugal (COP), embora n\u00e3o haja defini\u00e7\u00e3o para o seu futuro. O ex-atleta, campe\u00e3o ol\u00edmpico, terminou a carreira em 2025 e quer manter-se ligado ao atletismo de forma activa, ainda que a curto prazo n\u00e3o haja planos. Foi apresentada o projeto &quot;O Salto de um Sonho&quot;, da sua autoria, na Escola Secund\u00e1ria Lu\u00eds Freitas Branco, em Pa\u00e7o de Arcos, com a participa\u00e7\u00e3o da Ag\u00eancia Lusa. Nos pr\u00f3ximos meses, \u00c9vora vai dedicar-se a projetos de mental coaching antes de considerar novo envolvimento na atividade desportiva. O foco imediato \u00e9 fazer as coisas bem feitas a curto prazo, deixando espa\u00e7o para futuras iniciativas quando chegar a altura.\" \/>\n<meta property=\"og:url\" content=\"https:\/\/portaltela.pt\/noticias\/2026\/03\/30\/nelson-evora-diz-que-faz-sentido-aspirar-a-funcoes-futuras-na-fpa-e-cop\/\" \/>\n<meta property=\"og:site_name\" content=\"Portal Tela Portugal\" \/>\n<meta property=\"article:published_time\" content=\"2026-03-30T16:17:27+00:00\" \/>\n<meta name=\"author\" content=\"Telinha\" \/>\n<meta name=\"twitter:card\" content=\"summary_large_image\" \/>\n<meta name=\"twitter:label1\" content=\"Escrito por\" \/>\n\t<meta name=\"twitter:data1\" content=\"Telinha\" \/>\n\t<meta name=\"twitter:label2\" content=\"Tempo estimado de leitura\" \/>\n\t<meta name=\"twitter:data2\" content=\"1 minuto\" \/>\n<script type=\"application\/ld+json\" class=\"yoast-schema-graph\">{\"@context\":\"https:\/\/schema.org\",\"@graph\":[{\"@type\":\"Article\",\"@id\":\"https:\/\/portaltela.pt\/noticias\/2026\/03\/30\/nelson-evora-diz-que-faz-sentido-aspirar-a-funcoes-futuras-na-fpa-e-cop\/#article\",\"isPartOf\":{\"@id\":\"https:\/\/portaltela.pt\/noticias\/2026\/03\/30\/nelson-evora-diz-que-faz-sentido-aspirar-a-funcoes-futuras-na-fpa-e-cop\/\"},\"author\":{\"name\":\"Telinha\",\"@id\":\"https:\/\/portaltela.pt\/#\/schema\/person\/c4278d4a6028830caff9ee44b42d32ed\"},\"headline\":\"Nelson \u00c9vora diz que faz sentido aspirar a fun\u00e7\u00f5es futuras na FPA e COP\",\"datePublished\":\"2026-03-30T16:17:27+00:00\",\"mainEntityOfPage\":{\"@id\":\"https:\/\/portaltela.pt\/noticias\/2026\/03\/30\/nelson-evora-diz-que-faz-sentido-aspirar-a-funcoes-futuras-na-fpa-e-cop\/\"},\"wordCount\":250,\"image\":{\"@id\":\"https:\/\/portaltela.pt\/noticias\/2026\/03\/30\/nelson-evora-diz-que-faz-sentido-aspirar-a-funcoes-futuras-na-fpa-e-cop\/#primaryimage\"},\"thumbnailUrl\":\"https:\/\/portaltela.pt\/s.01k8rhncp4jt1\/2026\/03\/image-1818.jpg\",\"keywords\":[\"atletismo\",\"Comit\u00e9 Ol\u00edmpico de Portugal\",\"desporto\",\"Federa\u00e7\u00e3o Portuguesa de Atletismo\",\"psicologia\"],\"articleSection\":[\"Desporto\",\"Futebol\"],\"inLanguage\":\"pt-PT\"},{\"@type\":\"WebPage\",\"@id\":\"https:\/\/portaltela.pt\/noticias\/2026\/03\/30\/nelson-evora-diz-que-faz-sentido-aspirar-a-funcoes-futuras-na-fpa-e-cop\/\",\"url\":\"https:\/\/portaltela.pt\/noticias\/2026\/03\/30\/nelson-evora-diz-que-faz-sentido-aspirar-a-funcoes-futuras-na-fpa-e-cop\/\",\"name\":\"Nelson \u00c9vora diz que faz sentido aspirar a fun\u00e7\u00f5es futuras na FPA e COP - Portal Tela Portugal\",\"isPartOf\":{\"@id\":\"https:\/\/portaltela.pt\/#website\"},\"primaryImageOfPage\":{\"@id\":\"https:\/\/portaltela.pt\/noticias\/2026\/03\/30\/nelson-evora-diz-que-faz-sentido-aspirar-a-funcoes-futuras-na-fpa-e-cop\/#primaryimage\"},\"image\":{\"@id\":\"https:\/\/portaltela.pt\/noticias\/2026\/03\/30\/nelson-evora-diz-que-faz-sentido-aspirar-a-funcoes-futuras-na-fpa-e-cop\/#primaryimage\"},\"thumbnailUrl\":\"https:\/\/portaltela.pt\/s.01k8rhncp4jt1\/2026\/03\/image-1818.jpg\",\"datePublished\":\"2026-03-30T16:17:27+00:00\",\"author\":{\"@id\":\"https:\/\/portaltela.pt\/#\/schema\/person\/c4278d4a6028830caff9ee44b42d32ed\"},\"breadcrumb\":{\"@id\":\"https:\/\/portaltela.pt\/noticias\/2026\/03\/30\/nelson-evora-diz-que-faz-sentido-aspirar-a-funcoes-futuras-na-fpa-e-cop\/#breadcrumb\"},\"inLanguage\":\"pt-PT\",\"potentialAction\":[{\"@type\":\"ReadAction\",\"target\":[\"https:\/\/portaltela.pt\/noticias\/2026\/03\/30\/nelson-evora-diz-que-faz-sentido-aspirar-a-funcoes-futuras-na-fpa-e-cop\/\"]}]},{\"@type\":\"ImageObject\",\"inLanguage\":\"pt-PT\",\"@id\":\"https:\/\/portaltela.pt\/noticias\/2026\/03\/30\/nelson-evora-diz-que-faz-sentido-aspirar-a-funcoes-futuras-na-fpa-e-cop\/#primaryimage\",\"url\":\"https:\/\/portaltela.pt\/s.01k8rhncp4jt1\/2026\/03\/image-1818.jpg\",\"contentUrl\":\"https:\/\/portaltela.pt\/s.01k8rhncp4jt1\/2026\/03\/image-1818.jpg\",\"width\":796,\"height\":448,\"caption\":\"Nelson \u00c9vora\"},{\"@type\":\"BreadcrumbList\",\"@id\":\"https:\/\/portaltela.pt\/noticias\/2026\/03\/30\/nelson-evora-diz-que-faz-sentido-aspirar-a-funcoes-futuras-na-fpa-e-cop\/#breadcrumb\",\"itemListElement\":[{\"@type\":\"ListItem\",\"position\":1,\"name\":\"In\u00edcio\",\"item\":\"https:\/\/portaltela.pt\/\"},{\"@type\":\"ListItem\",\"position\":2,\"name\":\"Nelson \u00c9vora diz que faz sentido aspirar a fun\u00e7\u00f5es futuras na FPA e COP\"}]},{\"@type\":\"WebSite\",\"@id\":\"https:\/\/portaltela.pt\/#website\",\"url\":\"https:\/\/portaltela.pt\/\",\"name\":\"Portal Tela Portugal\",\"description\":\"\",\"potentialAction\":[{\"@type\":\"SearchAction\",\"target\":{\"@type\":\"EntryPoint\",\"urlTemplate\":\"https:\/\/portaltela.pt\/?s={search_term_string}\"},\"query-input\":{\"@type\":\"PropertyValueSpecification\",\"valueRequired\":true,\"valueName\":\"search_term_string\"}}],\"inLanguage\":\"pt-PT\"},{\"@type\":\"Person\",\"@id\":\"https:\/\/portaltela.pt\/#\/schema\/person\/c4278d4a6028830caff9ee44b42d32ed\",\"name\":\"Telinha\",\"image\":{\"@type\":\"ImageObject\",\"inLanguage\":\"pt-PT\",\"@id\":\"https:\/\/portaltela.pt\/s.01k8rhncp4jt1\/2025\/11\/talking-bot-125x125.png\",\"url\":\"https:\/\/portaltela.pt\/s.01k8rhncp4jt1\/2025\/11\/talking-bot-125x125.png\",\"contentUrl\":\"https:\/\/portaltela.pt\/s.01k8rhncp4jt1\/2025\/11\/talking-bot-125x125.png\",\"caption\":\"Telinha\"},\"sameAs\":[\"https:\/\/portaltela.pt\/\"],\"url\":\"https:\/\/portaltela.pt\/por\/367410592786\/\"}]}<\/script>\n<!-- \/ Yoast SEO plugin. -->","yoast_head_json":{"title":"Nelson \u00c9vora diz que faz sentido aspirar a fun\u00e7\u00f5es futuras na FPA e COP - Portal Tela Portugal","robots":{"index":"index","follow":"follow","max-snippet":"max-snippet:-1","max-image-preview":"max-image-preview:large","max-video-preview":"max-video-preview:-1"},"og_locale":"pt_PT","og_type":"article","og_title":"Nelson \u00c9vora diz que faz sentido aspirar a fun\u00e7\u00f5es futuras na FPA e COP - Portal Tela Portugal","og_description":"Nelson \u00c9vora afirmou que n\u00e3o fecha portas a futuras fun\u00e7\u00f5es na Federa\u00e7\u00e3o Portuguesa de Atletismo (FPA) ou no Comit\u00e9 Ol\u00edmpico de Portugal (COP), embora n\u00e3o haja defini\u00e7\u00e3o para o seu futuro. O ex-atleta, campe\u00e3o ol\u00edmpico, terminou a carreira em 2025 e quer manter-se ligado ao atletismo de forma activa, ainda que a curto prazo n\u00e3o haja planos. Foi apresentada o projeto \"O Salto de um Sonho\", da sua autoria, na Escola Secund\u00e1ria Lu\u00eds Freitas Branco, em Pa\u00e7o de Arcos, com a participa\u00e7\u00e3o da Ag\u00eancia Lusa. Nos pr\u00f3ximos meses, \u00c9vora vai dedicar-se a projetos de mental coaching antes de considerar novo envolvimento na atividade desportiva. O foco imediato \u00e9 fazer as coisas bem feitas a curto prazo, deixando espa\u00e7o para futuras iniciativas quando chegar a altura.","og_url":"https:\/\/portaltela.pt\/noticias\/2026\/03\/30\/nelson-evora-diz-que-faz-sentido-aspirar-a-funcoes-futuras-na-fpa-e-cop\/","og_site_name":"Portal Tela Portugal","article_published_time":"2026-03-30T16:17:27+00:00","author":"Telinha","twitter_card":"summary_large_image","twitter_misc":{"Escrito por":"Telinha","Tempo estimado de leitura":"1 minuto"},"schema":{"@context":"https:\/\/schema.org","@graph":[{"@type":"Article","@id":"https:\/\/portaltela.pt\/noticias\/2026\/03\/30\/nelson-evora-diz-que-faz-sentido-aspirar-a-funcoes-futuras-na-fpa-e-cop\/#article","isPartOf":{"@id":"https:\/\/portaltela.pt\/noticias\/2026\/03\/30\/nelson-evora-diz-que-faz-sentido-aspirar-a-funcoes-futuras-na-fpa-e-cop\/"},"author":{"name":"Telinha","@id":"https:\/\/portaltela.pt\/#\/schema\/person\/c4278d4a6028830caff9ee44b42d32ed"},"headline":"Nelson \u00c9vora diz que faz sentido aspirar a fun\u00e7\u00f5es futuras na FPA e COP","datePublished":"2026-03-30T16:17:27+00:00","mainEntityOfPage":{"@id":"https:\/\/portaltela.pt\/noticias\/2026\/03\/30\/nelson-evora-diz-que-faz-sentido-aspirar-a-funcoes-futuras-na-fpa-e-cop\/"},"wordCount":250,"image":{"@id":"https:\/\/portaltela.pt\/noticias\/2026\/03\/30\/nelson-evora-diz-que-faz-sentido-aspirar-a-funcoes-futuras-na-fpa-e-cop\/#primaryimage"},"thumbnailUrl":"https:\/\/portaltela.pt\/s.01k8rhncp4jt1\/2026\/03\/image-1818.jpg","keywords":["atletismo","Comit\u00e9 Ol\u00edmpico de Portugal","desporto","Federa\u00e7\u00e3o Portuguesa de Atletismo","psicologia"],"articleSection":["Desporto","Futebol"],"inLanguage":"pt-PT"},{"@type":"WebPage","@id":"https:\/\/portaltela.pt\/noticias\/2026\/03\/30\/nelson-evora-diz-que-faz-sentido-aspirar-a-funcoes-futuras-na-fpa-e-cop\/","url":"https:\/\/portaltela.pt\/noticias\/2026\/03\/30\/nelson-evora-diz-que-faz-sentido-aspirar-a-funcoes-futuras-na-fpa-e-cop\/","name":"Nelson \u00c9vora diz que faz sentido aspirar a fun\u00e7\u00f5es futuras na FPA e COP - Portal Tela Portugal","isPartOf":{"@id":"https:\/\/portaltela.pt\/#website"},"primaryImageOfPage":{"@id":"https:\/\/portaltela.pt\/noticias\/2026\/03\/30\/nelson-evora-diz-que-faz-sentido-aspirar-a-funcoes-futuras-na-fpa-e-cop\/#primaryimage"},"image":{"@id":"https:\/\/portaltela.pt\/noticias\/2026\/03\/30\/nelson-evora-diz-que-faz-sentido-aspirar-a-funcoes-futuras-na-fpa-e-cop\/#primaryimage"},"thumbnailUrl":"https:\/\/portaltela.pt\/s.01k8rhncp4jt1\/2026\/03\/image-1818.jpg","datePublished":"2026-03-30T16:17:27+00:00","author":{"@id":"https:\/\/portaltela.pt\/#\/schema\/person\/c4278d4a6028830caff9ee44b42d32ed"},"breadcrumb":{"@id":"https:\/\/portaltela.pt\/noticias\/2026\/03\/30\/nelson-evora-diz-que-faz-sentido-aspirar-a-funcoes-futuras-na-fpa-e-cop\/#breadcrumb"},"inLanguage":"pt-PT","potentialAction":[{"@type":"ReadAction","target":["https:\/\/portaltela.pt\/noticias\/2026\/03\/30\/nelson-evora-diz-que-faz-sentido-aspirar-a-funcoes-futuras-na-fpa-e-cop\/"]}]},{"@type":"ImageObject","inLanguage":"pt-PT","@id":"https:\/\/portaltela.pt\/noticias\/2026\/03\/30\/nelson-evora-diz-que-faz-sentido-aspirar-a-funcoes-futuras-na-fpa-e-cop\/#primaryimage","url":"https:\/\/portaltela.pt\/s.01k8rhncp4jt1\/2026\/03\/image-1818.jpg","contentUrl":"https:\/\/portaltela.pt\/s.01k8rhncp4jt1\/2026\/03\/image-1818.jpg","width":796,"height":448,"caption":"Nelson \u00c9vora"},{"@type":"BreadcrumbList","@id":"https:\/\/portaltela.pt\/noticias\/2026\/03\/30\/nelson-evora-diz-que-faz-sentido-aspirar-a-funcoes-futuras-na-fpa-e-cop\/#breadcrumb","itemListElement":[{"@type":"ListItem","position":1,"name":"In\u00edcio","item":"https:\/\/portaltela.pt\/"},{"@type":"ListItem","position":2,"name":"Nelson \u00c9vora diz que faz sentido aspirar a fun\u00e7\u00f5es futuras na FPA e COP"}]},{"@type":"WebSite","@id":"https:\/\/portaltela.pt\/#website","url":"https:\/\/portaltela.pt\/","name":"Portal Tela Portugal","description":"","potentialAction":[{"@type":"SearchAction","target":{"@type":"EntryPoint","urlTemplate":"https:\/\/portaltela.pt\/?s={search_term_string}"},"query-input":{"@type":"PropertyValueSpecification","valueRequired":true,"valueName":"search_term_string"}}],"inLanguage":"pt-PT"},{"@type":"Person","@id":"https:\/\/portaltela.pt\/#\/schema\/person\/c4278d4a6028830caff9ee44b42d32ed","name":"Telinha","image":{"@type":"ImageObject","inLanguage":"pt-PT","@id":"https:\/\/portaltela.pt\/s.01k8rhncp4jt1\/2025\/11\/talking-bot-125x125.png","url":"https:\/\/portaltela.pt\/s.01k8rhncp4jt1\/2025\/11\/talking-bot-125x125.png","contentUrl":"https:\/\/portaltela.pt\/s.01k8rhncp4jt1\/2025\/11\/talking-bot-125x125.png","caption":"Telinha"},"sameAs":["https:\/\/portaltela.pt\/"],"url":"https:\/\/portaltela.pt\/por\/367410592786\/"}]}},"_links":{"self":[{"href":"https:\/\/portaltela.pt\/api\/wp\/v2\/posts\/427176","targetHints":{"allow":["GET"]}}],"collection":[{"href":"https:\/\/portaltela.pt\/api\/wp\/v2\/posts"}],"about":[{"href":"https:\/\/portaltela.pt\/api\/wp\/v2\/types\/post"}],"author":[{"embeddable":true,"href":"https:\/\/portaltela.pt\/api\/wp\/v2\/users\/2"}],"replies":[{"embeddable":true,"href":"https:\/\/portaltela.pt\/api\/wp\/v2\/comments?post=427176"}],"version-history":[{"count":0,"href":"https:\/\/portaltela.pt\/api\/wp\/v2\/posts\/427176\/revisions"}],"wp:featuredmedia":[{"embeddable":true,"href":"https:\/\/portaltela.pt\/api\/wp\/v2\/media\/427177"}],"wp:attachment":[{"href":"https:\/\/portaltela.pt\/api\/wp\/v2\/media?parent=427176"}],"wp:term":[{"taxonomy":"category","embeddable":true,"href":"https:\/\/portaltela.pt\/api\/wp\/v2\/categories?post=427176"},{"taxonomy":"post_tag","embeddable":true,"href":"https:\/\/portaltela.pt\/api\/wp\/v2\/tags?post=427176"}],"curies":[{"name":"wp","href":"https:\/\/api.w.org\/{rel}","templated":true}]}}