{"id":427170,"date":"2026-03-30T13:17:19","date_gmt":"2026-03-30T16:17:19","guid":{"rendered":"https:\/\/portaltela.pt\/noticias\/2026\/03\/30\/rummenigge-aponta-interesse-de-clubes-sauditas-no-futuro-de-vini-junior\/"},"modified":"2026-03-30T13:17:19","modified_gmt":"2026-03-30T16:17:19","slug":"rummenigge-aponta-interesse-de-clubes-sauditas-no-futuro-de-vini-junior","status":"publish","type":"post","link":"https:\/\/portaltela.pt\/desporto\/futebol\/2026\/03\/30\/rummenigge-aponta-interesse-de-clubes-sauditas-no-futuro-de-vini-junior\/","title":{"rendered":"Rummenigge aponta interesse de clubes sauditas no futuro de Vini J\u00fanior"},"content":{"rendered":"<p>Karl-Heinz Rummenigge, membro do Conselho de Administra\u00e7\u00e3o do Bayern Munique, discutiu o encaixe de Vinicius J\u00fanior na estrutura do clube b\u00e1varo, aproveitando para comentar o futuro do brasileiro.<\/p>\n<p>Segundo o dirigente alem\u00e3o, a situa\u00e7\u00e3o de Vini \u00e9 evidente: n\u00e3o h\u00e1 pre\u00e7o que o detenha e ele j\u00e1 atua num clube que considera ideal para o seu desenvolvimento. N\u00e3o descartou, por\u00e9m, que o jogador seja visto como uma op\u00e7\u00e3o prioridade pelo Real Madrid.<\/p>\n<p>Afirmou tamb\u00e9m que circulam rumores sobre clubes da Ar\u00e1bia Saudita a apresentar propostas ao Real Madrid, mas acredita que Florentino P\u00e9rez far\u00e1 tudo para manter Vinicius no plantel. A vis\u00e3o \u00e9 de que o presidente do Real tem conhecimento profundo do futebol e gerir\u00e1 a situa\u00e7\u00e3o para conservar o jogador.<\/p>\n","protected":false},"excerpt":{"rendered":"<ul>\n<li>Karl-Heinz Rummenigge, membro do Conselho de Administra\u00e7\u00e3o do Bayern, falou sobre Vin\u00edcius J\u00fanior.<\/li>\n<li>Diz que Vini n\u00e3o tem pre\u00e7o e j\u00e1 joga no clube ideal para ele.<\/li>\n<li>Afirmou que n\u00e3o ficaria surpreendido se fosse dos jogadores favoritos de Florentino P\u00e9rez; disse que clubes da Ar\u00e1bia Saudita teriam tentado o Real Madrid, mas acredita que o jogador ficar\u00e1.<\/li>\n<li>Concluiu que Florentino \u00e9 quem mais conhece o futebol e far\u00e1 tudo para o manter.<\/li>\n<\/ul>\n","protected":false},"author":2,"featured_media":427171,"comment_status":"closed","ping_status":"closed","sticky":false,"template":"","format":"standard","meta":{"footnotes":""},"categories":[21,24],"tags":[1016,32,2714,2050,1633,2265],"class_list":["post-427170","post","type-post","status-publish","format-standard","has-post-thumbnail","hentry","category-desporto","category-futebol","tag-arabia-saudita","tag-futebol","tag-real-madrid","tag-transferencias","tag-transferencias-internacionais","tag-vinicius-junior"],"yoast_head":"<!-- This site is optimized with the Yoast SEO plugin v27.2 - https:\/\/yoast.com\/product\/yoast-seo-wordpress\/ -->\n<title>Rummenigge aponta interesse de clubes sauditas no futuro de Vini J\u00fanior - Portal Tela Portugal<\/title>\n<meta name=\"robots\" content=\"index, follow, max-snippet:-1, max-image-preview:large, max-video-preview:-1\" \/>\n<meta property=\"og:locale\" content=\"pt_PT\" \/>\n<meta property=\"og:type\" content=\"article\" \/>\n<meta property=\"og:title\" content=\"Rummenigge aponta interesse de clubes sauditas no futuro de Vini J\u00fanior - Portal Tela Portugal\" \/>\n<meta property=\"og:description\" content=\"Karl-Heinz Rummenigge, membro do Conselho de Administra\u00e7\u00e3o do Bayern, falou sobre Vin\u00edcius J\u00fanior. Diz que Vini n\u00e3o tem pre\u00e7o e j\u00e1 joga no clube ideal para ele. Afirmou que n\u00e3o ficaria surpreendido se fosse dos jogadores favoritos de Florentino P\u00e9rez; disse que clubes da Ar\u00e1bia Saudita teriam tentado o Real Madrid, mas acredita que o jogador ficar\u00e1. Concluiu que Florentino \u00e9 quem mais conhece o futebol e far\u00e1 tudo para o manter.\" \/>\n<meta property=\"og:url\" content=\"https:\/\/portaltela.pt\/noticias\/2026\/03\/30\/rummenigge-aponta-interesse-de-clubes-sauditas-no-futuro-de-vini-junior\/\" \/>\n<meta property=\"og:site_name\" content=\"Portal Tela Portugal\" \/>\n<meta property=\"article:published_time\" content=\"2026-03-30T16:17:19+00:00\" \/>\n<meta name=\"author\" content=\"Telinha\" \/>\n<meta name=\"twitter:card\" content=\"summary_large_image\" \/>\n<meta name=\"twitter:label1\" content=\"Escrito por\" \/>\n\t<meta name=\"twitter:data1\" content=\"Telinha\" \/>\n\t<meta name=\"twitter:label2\" content=\"Tempo estimado de leitura\" \/>\n\t<meta name=\"twitter:data2\" content=\"1 minuto\" \/>\n<script type=\"application\/ld+json\" class=\"yoast-schema-graph\">{\"@context\":\"https:\/\/schema.org\",\"@graph\":[{\"@type\":\"Article\",\"@id\":\"https:\/\/portaltela.pt\/noticias\/2026\/03\/30\/rummenigge-aponta-interesse-de-clubes-sauditas-no-futuro-de-vini-junior\/#article\",\"isPartOf\":{\"@id\":\"https:\/\/portaltela.pt\/noticias\/2026\/03\/30\/rummenigge-aponta-interesse-de-clubes-sauditas-no-futuro-de-vini-junior\/\"},\"author\":{\"name\":\"Telinha\",\"@id\":\"https:\/\/portaltela.pt\/#\/schema\/person\/c4278d4a6028830caff9ee44b42d32ed\"},\"headline\":\"Rummenigge aponta interesse de clubes sauditas no futuro de Vini J\u00fanior\",\"datePublished\":\"2026-03-30T16:17:19+00:00\",\"mainEntityOfPage\":{\"@id\":\"https:\/\/portaltela.pt\/noticias\/2026\/03\/30\/rummenigge-aponta-interesse-de-clubes-sauditas-no-futuro-de-vini-junior\/\"},\"wordCount\":147,\"image\":{\"@id\":\"https:\/\/portaltela.pt\/noticias\/2026\/03\/30\/rummenigge-aponta-interesse-de-clubes-sauditas-no-futuro-de-vini-junior\/#primaryimage\"},\"thumbnailUrl\":\"https:\/\/portaltela.pt\/s.01k8rhncp4jt1\/2026\/03\/img_1200x721uu2026-03-30-17-02-11-2430109.jpg\",\"keywords\":[\"Ar\u00e1bia Saudita\",\"futebol\",\"Real Madrid\",\"transfer\u00eancias\",\"transfer\u00eancias internacionais\",\"Vin\u00edcius J\u00fanior\"],\"articleSection\":[\"Desporto\",\"Futebol\"],\"inLanguage\":\"pt-PT\"},{\"@type\":\"WebPage\",\"@id\":\"https:\/\/portaltela.pt\/noticias\/2026\/03\/30\/rummenigge-aponta-interesse-de-clubes-sauditas-no-futuro-de-vini-junior\/\",\"url\":\"https:\/\/portaltela.pt\/noticias\/2026\/03\/30\/rummenigge-aponta-interesse-de-clubes-sauditas-no-futuro-de-vini-junior\/\",\"name\":\"Rummenigge aponta interesse de clubes sauditas no futuro de Vini J\u00fanior - Portal Tela Portugal\",\"isPartOf\":{\"@id\":\"https:\/\/portaltela.pt\/#website\"},\"primaryImageOfPage\":{\"@id\":\"https:\/\/portaltela.pt\/noticias\/2026\/03\/30\/rummenigge-aponta-interesse-de-clubes-sauditas-no-futuro-de-vini-junior\/#primaryimage\"},\"image\":{\"@id\":\"https:\/\/portaltela.pt\/noticias\/2026\/03\/30\/rummenigge-aponta-interesse-de-clubes-sauditas-no-futuro-de-vini-junior\/#primaryimage\"},\"thumbnailUrl\":\"https:\/\/portaltela.pt\/s.01k8rhncp4jt1\/2026\/03\/img_1200x721uu2026-03-30-17-02-11-2430109.jpg\",\"datePublished\":\"2026-03-30T16:17:19+00:00\",\"author\":{\"@id\":\"https:\/\/portaltela.pt\/#\/schema\/person\/c4278d4a6028830caff9ee44b42d32ed\"},\"breadcrumb\":{\"@id\":\"https:\/\/portaltela.pt\/noticias\/2026\/03\/30\/rummenigge-aponta-interesse-de-clubes-sauditas-no-futuro-de-vini-junior\/#breadcrumb\"},\"inLanguage\":\"pt-PT\",\"potentialAction\":[{\"@type\":\"ReadAction\",\"target\":[\"https:\/\/portaltela.pt\/noticias\/2026\/03\/30\/rummenigge-aponta-interesse-de-clubes-sauditas-no-futuro-de-vini-junior\/\"]}]},{\"@type\":\"ImageObject\",\"inLanguage\":\"pt-PT\",\"@id\":\"https:\/\/portaltela.pt\/noticias\/2026\/03\/30\/rummenigge-aponta-interesse-de-clubes-sauditas-no-futuro-de-vini-junior\/#primaryimage\",\"url\":\"https:\/\/portaltela.pt\/s.01k8rhncp4jt1\/2026\/03\/img_1200x721uu2026-03-30-17-02-11-2430109.jpg\",\"contentUrl\":\"https:\/\/portaltela.pt\/s.01k8rhncp4jt1\/2026\/03\/img_1200x721uu2026-03-30-17-02-11-2430109.jpg\",\"width\":796,\"height\":448,\"caption\":\"Vin\u00edcius J\u00fanior na sele\u00e7\u00e3o do Brasil\"},{\"@type\":\"BreadcrumbList\",\"@id\":\"https:\/\/portaltela.pt\/noticias\/2026\/03\/30\/rummenigge-aponta-interesse-de-clubes-sauditas-no-futuro-de-vini-junior\/#breadcrumb\",\"itemListElement\":[{\"@type\":\"ListItem\",\"position\":1,\"name\":\"In\u00edcio\",\"item\":\"https:\/\/portaltela.pt\/\"},{\"@type\":\"ListItem\",\"position\":2,\"name\":\"Rummenigge aponta interesse de clubes sauditas no futuro de Vini J\u00fanior\"}]},{\"@type\":\"WebSite\",\"@id\":\"https:\/\/portaltela.pt\/#website\",\"url\":\"https:\/\/portaltela.pt\/\",\"name\":\"Portal Tela Portugal\",\"description\":\"\",\"potentialAction\":[{\"@type\":\"SearchAction\",\"target\":{\"@type\":\"EntryPoint\",\"urlTemplate\":\"https:\/\/portaltela.pt\/?s={search_term_string}\"},\"query-input\":{\"@type\":\"PropertyValueSpecification\",\"valueRequired\":true,\"valueName\":\"search_term_string\"}}],\"inLanguage\":\"pt-PT\"},{\"@type\":\"Person\",\"@id\":\"https:\/\/portaltela.pt\/#\/schema\/person\/c4278d4a6028830caff9ee44b42d32ed\",\"name\":\"Telinha\",\"image\":{\"@type\":\"ImageObject\",\"inLanguage\":\"pt-PT\",\"@id\":\"https:\/\/portaltela.pt\/s.01k8rhncp4jt1\/2025\/11\/talking-bot-125x125.png\",\"url\":\"https:\/\/portaltela.pt\/s.01k8rhncp4jt1\/2025\/11\/talking-bot-125x125.png\",\"contentUrl\":\"https:\/\/portaltela.pt\/s.01k8rhncp4jt1\/2025\/11\/talking-bot-125x125.png\",\"caption\":\"Telinha\"},\"sameAs\":[\"https:\/\/portaltela.pt\/\"],\"url\":\"https:\/\/portaltela.pt\/por\/367410592786\/\"}]}<\/script>\n<!-- \/ Yoast SEO plugin. -->","yoast_head_json":{"title":"Rummenigge aponta interesse de clubes sauditas no futuro de Vini J\u00fanior - Portal Tela Portugal","robots":{"index":"index","follow":"follow","max-snippet":"max-snippet:-1","max-image-preview":"max-image-preview:large","max-video-preview":"max-video-preview:-1"},"og_locale":"pt_PT","og_type":"article","og_title":"Rummenigge aponta interesse de clubes sauditas no futuro de Vini J\u00fanior - Portal Tela Portugal","og_description":"Karl-Heinz Rummenigge, membro do Conselho de Administra\u00e7\u00e3o do Bayern, falou sobre Vin\u00edcius J\u00fanior. Diz que Vini n\u00e3o tem pre\u00e7o e j\u00e1 joga no clube ideal para ele. Afirmou que n\u00e3o ficaria surpreendido se fosse dos jogadores favoritos de Florentino P\u00e9rez; disse que clubes da Ar\u00e1bia Saudita teriam tentado o Real Madrid, mas acredita que o jogador ficar\u00e1. Concluiu que Florentino \u00e9 quem mais conhece o futebol e far\u00e1 tudo para o manter.","og_url":"https:\/\/portaltela.pt\/noticias\/2026\/03\/30\/rummenigge-aponta-interesse-de-clubes-sauditas-no-futuro-de-vini-junior\/","og_site_name":"Portal Tela Portugal","article_published_time":"2026-03-30T16:17:19+00:00","author":"Telinha","twitter_card":"summary_large_image","twitter_misc":{"Escrito por":"Telinha","Tempo estimado de leitura":"1 minuto"},"schema":{"@context":"https:\/\/schema.org","@graph":[{"@type":"Article","@id":"https:\/\/portaltela.pt\/noticias\/2026\/03\/30\/rummenigge-aponta-interesse-de-clubes-sauditas-no-futuro-de-vini-junior\/#article","isPartOf":{"@id":"https:\/\/portaltela.pt\/noticias\/2026\/03\/30\/rummenigge-aponta-interesse-de-clubes-sauditas-no-futuro-de-vini-junior\/"},"author":{"name":"Telinha","@id":"https:\/\/portaltela.pt\/#\/schema\/person\/c4278d4a6028830caff9ee44b42d32ed"},"headline":"Rummenigge aponta interesse de clubes sauditas no futuro de Vini J\u00fanior","datePublished":"2026-03-30T16:17:19+00:00","mainEntityOfPage":{"@id":"https:\/\/portaltela.pt\/noticias\/2026\/03\/30\/rummenigge-aponta-interesse-de-clubes-sauditas-no-futuro-de-vini-junior\/"},"wordCount":147,"image":{"@id":"https:\/\/portaltela.pt\/noticias\/2026\/03\/30\/rummenigge-aponta-interesse-de-clubes-sauditas-no-futuro-de-vini-junior\/#primaryimage"},"thumbnailUrl":"https:\/\/portaltela.pt\/s.01k8rhncp4jt1\/2026\/03\/img_1200x721uu2026-03-30-17-02-11-2430109.jpg","keywords":["Ar\u00e1bia Saudita","futebol","Real Madrid","transfer\u00eancias","transfer\u00eancias internacionais","Vin\u00edcius J\u00fanior"],"articleSection":["Desporto","Futebol"],"inLanguage":"pt-PT"},{"@type":"WebPage","@id":"https:\/\/portaltela.pt\/noticias\/2026\/03\/30\/rummenigge-aponta-interesse-de-clubes-sauditas-no-futuro-de-vini-junior\/","url":"https:\/\/portaltela.pt\/noticias\/2026\/03\/30\/rummenigge-aponta-interesse-de-clubes-sauditas-no-futuro-de-vini-junior\/","name":"Rummenigge aponta interesse de clubes sauditas no futuro de Vini J\u00fanior - Portal Tela Portugal","isPartOf":{"@id":"https:\/\/portaltela.pt\/#website"},"primaryImageOfPage":{"@id":"https:\/\/portaltela.pt\/noticias\/2026\/03\/30\/rummenigge-aponta-interesse-de-clubes-sauditas-no-futuro-de-vini-junior\/#primaryimage"},"image":{"@id":"https:\/\/portaltela.pt\/noticias\/2026\/03\/30\/rummenigge-aponta-interesse-de-clubes-sauditas-no-futuro-de-vini-junior\/#primaryimage"},"thumbnailUrl":"https:\/\/portaltela.pt\/s.01k8rhncp4jt1\/2026\/03\/img_1200x721uu2026-03-30-17-02-11-2430109.jpg","datePublished":"2026-03-30T16:17:19+00:00","author":{"@id":"https:\/\/portaltela.pt\/#\/schema\/person\/c4278d4a6028830caff9ee44b42d32ed"},"breadcrumb":{"@id":"https:\/\/portaltela.pt\/noticias\/2026\/03\/30\/rummenigge-aponta-interesse-de-clubes-sauditas-no-futuro-de-vini-junior\/#breadcrumb"},"inLanguage":"pt-PT","potentialAction":[{"@type":"ReadAction","target":["https:\/\/portaltela.pt\/noticias\/2026\/03\/30\/rummenigge-aponta-interesse-de-clubes-sauditas-no-futuro-de-vini-junior\/"]}]},{"@type":"ImageObject","inLanguage":"pt-PT","@id":"https:\/\/portaltela.pt\/noticias\/2026\/03\/30\/rummenigge-aponta-interesse-de-clubes-sauditas-no-futuro-de-vini-junior\/#primaryimage","url":"https:\/\/portaltela.pt\/s.01k8rhncp4jt1\/2026\/03\/img_1200x721uu2026-03-30-17-02-11-2430109.jpg","contentUrl":"https:\/\/portaltela.pt\/s.01k8rhncp4jt1\/2026\/03\/img_1200x721uu2026-03-30-17-02-11-2430109.jpg","width":796,"height":448,"caption":"Vin\u00edcius J\u00fanior na sele\u00e7\u00e3o do Brasil"},{"@type":"BreadcrumbList","@id":"https:\/\/portaltela.pt\/noticias\/2026\/03\/30\/rummenigge-aponta-interesse-de-clubes-sauditas-no-futuro-de-vini-junior\/#breadcrumb","itemListElement":[{"@type":"ListItem","position":1,"name":"In\u00edcio","item":"https:\/\/portaltela.pt\/"},{"@type":"ListItem","position":2,"name":"Rummenigge aponta interesse de clubes sauditas no futuro de Vini J\u00fanior"}]},{"@type":"WebSite","@id":"https:\/\/portaltela.pt\/#website","url":"https:\/\/portaltela.pt\/","name":"Portal Tela Portugal","description":"","potentialAction":[{"@type":"SearchAction","target":{"@type":"EntryPoint","urlTemplate":"https:\/\/portaltela.pt\/?s={search_term_string}"},"query-input":{"@type":"PropertyValueSpecification","valueRequired":true,"valueName":"search_term_string"}}],"inLanguage":"pt-PT"},{"@type":"Person","@id":"https:\/\/portaltela.pt\/#\/schema\/person\/c4278d4a6028830caff9ee44b42d32ed","name":"Telinha","image":{"@type":"ImageObject","inLanguage":"pt-PT","@id":"https:\/\/portaltela.pt\/s.01k8rhncp4jt1\/2025\/11\/talking-bot-125x125.png","url":"https:\/\/portaltela.pt\/s.01k8rhncp4jt1\/2025\/11\/talking-bot-125x125.png","contentUrl":"https:\/\/portaltela.pt\/s.01k8rhncp4jt1\/2025\/11\/talking-bot-125x125.png","caption":"Telinha"},"sameAs":["https:\/\/portaltela.pt\/"],"url":"https:\/\/portaltela.pt\/por\/367410592786\/"}]}},"_links":{"self":[{"href":"https:\/\/portaltela.pt\/api\/wp\/v2\/posts\/427170","targetHints":{"allow":["GET"]}}],"collection":[{"href":"https:\/\/portaltela.pt\/api\/wp\/v2\/posts"}],"about":[{"href":"https:\/\/portaltela.pt\/api\/wp\/v2\/types\/post"}],"author":[{"embeddable":true,"href":"https:\/\/portaltela.pt\/api\/wp\/v2\/users\/2"}],"replies":[{"embeddable":true,"href":"https:\/\/portaltela.pt\/api\/wp\/v2\/comments?post=427170"}],"version-history":[{"count":0,"href":"https:\/\/portaltela.pt\/api\/wp\/v2\/posts\/427170\/revisions"}],"wp:featuredmedia":[{"embeddable":true,"href":"https:\/\/portaltela.pt\/api\/wp\/v2\/media\/427171"}],"wp:attachment":[{"href":"https:\/\/portaltela.pt\/api\/wp\/v2\/media?parent=427170"}],"wp:term":[{"taxonomy":"category","embeddable":true,"href":"https:\/\/portaltela.pt\/api\/wp\/v2\/categories?post=427170"},{"taxonomy":"post_tag","embeddable":true,"href":"https:\/\/portaltela.pt\/api\/wp\/v2\/tags?post=427170"}],"curies":[{"name":"wp","href":"https:\/\/api.w.org\/{rel}","templated":true}]}}