{"id":427168,"date":"2026-03-30T13:17:13","date_gmt":"2026-03-30T16:17:13","guid":{"rendered":"https:\/\/portaltela.pt\/noticias\/2026\/03\/30\/atleta-queniano-albert-korir-suspenso-cinco-anos-por-doping\/"},"modified":"2026-03-30T13:17:13","modified_gmt":"2026-03-30T16:17:13","slug":"atleta-queniano-albert-korir-suspenso-cinco-anos-por-doping","status":"publish","type":"post","link":"https:\/\/portaltela.pt\/desporto\/futebol\/2026\/03\/30\/atleta-queniano-albert-korir-suspenso-cinco-anos-por-doping\/","title":{"rendered":"Atleta queniano Albert Korir suspenso cinco anos por doping"},"content":{"rendered":"<p>O atleta queniano Albert Korir, vencedor da maratona de Nova Iorque em 2021, foi suspenso por cinco anos ap\u00f3s um controlo antidoping positivo. A suspens\u00e3o foi anunciada pela Unidade de Integridade do Atletismo (AIU).<\/p>\n<p>Korir, de 32 anos, acusou positivo a um derivado sint\u00e9tico da eritropoietina (EPO), subst\u00e2ncia que estimula a produ\u00e7\u00e3o de gl\u00f3bulos vermelhos. O atleta reconheceu a infra\u00e7\u00e3o ap\u00f3s receber a notifica\u00e7\u00e3o de suspens\u00e3o provis\u00f3ria.<\/p>\n<p>A AIU informou que Korir beneficia de uma redu\u00e7\u00e3o de um ano na san\u00e7\u00e3o por ter admitido as infra\u00e7\u00f5es \u00e0s regras antidopagem e aceitado a san\u00e7\u00e3o aplicada. A suspens\u00e3o vigora entre 8 de janeiro de 2026 e 7 de janeiro de 2031.<\/p>\n<p>Korir \u00e9 tamb\u00e9m campe\u00e3o da maratona de Ottawa, conquista obtida em 2019 e 2025. A suspens\u00e3o traz novo constrangimento ao atletismo queniano, pa\u00eds que tem enfrentado desafios na luta contra o doping, conforme avalia\u00e7\u00e3o da Ag\u00eancia Mundial Antidopagem (AMA) no ano passado.<\/p>\n","protected":false},"excerpt":{"rendered":"<ul>\n<li>O atleta queniano Albert Korir, vencedor da maratona de Nova Iorque em 2021, foi suspenso por cinco anos por doping.<\/li>\n<li>Korir acusou positivo a um derivado sint\u00e9tico da eritropoietina, notificado pela Unidade de Integridade do Atletismo (AIU).<\/li>\n<li>A AIU informou que o jogador recebeu uma redu\u00e7\u00e3o de um ano na san\u00e7\u00e3o por ter admitido as infra\u00e7\u00f5es \u00e0s regras antidopagem e aceitado a suspens\u00e3o aplicada.<\/li>\n<li>A suspens\u00e3o vigora entre 08 de janeiro de 2026 e 07 de janeiro de 2031.<\/li>\n<li>Korir tamb\u00e9m venceu a maratona de Otava em 2019 e 2025; a decis\u00e3o ocorre numa altura em que continua a manchar o atletismo queniano, ap\u00f3s a AMA elogiar progressos no combate ao doping.<\/li>\n<\/ul>\n","protected":false},"author":2,"featured_media":427175,"comment_status":"closed","ping_status":"closed","sticky":false,"template":"","format":"standard","meta":{"footnotes":""},"categories":[21,24],"tags":[5227,137,2463,152,233],"class_list":["post-427168","post","type-post","status-publish","format-standard","has-post-thumbnail","hentry","category-desporto","category-futebol","tag-africa","tag-atletismo","tag-competicao-internacional","tag-desporto","tag-etica-desportiva"],"yoast_head":"<!-- This site is optimized with the Yoast SEO plugin v27.2 - https:\/\/yoast.com\/product\/yoast-seo-wordpress\/ -->\n<title>Atleta queniano Albert Korir suspenso cinco anos por doping - Portal Tela Portugal<\/title>\n<meta name=\"robots\" content=\"index, follow, max-snippet:-1, max-image-preview:large, max-video-preview:-1\" \/>\n<meta property=\"og:locale\" content=\"pt_PT\" \/>\n<meta property=\"og:type\" content=\"article\" \/>\n<meta property=\"og:title\" content=\"Atleta queniano Albert Korir suspenso cinco anos por doping - Portal Tela Portugal\" \/>\n<meta property=\"og:description\" content=\"O atleta queniano Albert Korir, vencedor da maratona de Nova Iorque em 2021, foi suspenso por cinco anos por doping. Korir acusou positivo a um derivado sint\u00e9tico da eritropoietina, notificado pela Unidade de Integridade do Atletismo (AIU). A AIU informou que o jogador recebeu uma redu\u00e7\u00e3o de um ano na san\u00e7\u00e3o por ter admitido as infra\u00e7\u00f5es \u00e0s regras antidopagem e aceitado a suspens\u00e3o aplicada. A suspens\u00e3o vigora entre 08 de janeiro de 2026 e 07 de janeiro de 2031. Korir tamb\u00e9m venceu a maratona de Otava em 2019 e 2025; a decis\u00e3o ocorre numa altura em que continua a manchar o atletismo queniano, ap\u00f3s a AMA elogiar progressos no combate ao doping.\" \/>\n<meta property=\"og:url\" content=\"https:\/\/portaltela.pt\/noticias\/2026\/03\/30\/atleta-queniano-albert-korir-suspenso-cinco-anos-por-doping\/\" \/>\n<meta property=\"og:site_name\" content=\"Portal Tela Portugal\" \/>\n<meta property=\"article:published_time\" content=\"2026-03-30T16:17:13+00:00\" \/>\n<meta name=\"author\" content=\"Telinha\" \/>\n<meta name=\"twitter:card\" content=\"summary_large_image\" \/>\n<meta name=\"twitter:label1\" content=\"Escrito por\" \/>\n\t<meta name=\"twitter:data1\" content=\"Telinha\" \/>\n\t<meta name=\"twitter:label2\" content=\"Tempo estimado de leitura\" \/>\n\t<meta name=\"twitter:data2\" content=\"1 minuto\" \/>\n<script type=\"application\/ld+json\" class=\"yoast-schema-graph\">{\"@context\":\"https:\/\/schema.org\",\"@graph\":[{\"@type\":\"Article\",\"@id\":\"https:\/\/portaltela.pt\/noticias\/2026\/03\/30\/atleta-queniano-albert-korir-suspenso-cinco-anos-por-doping\/#article\",\"isPartOf\":{\"@id\":\"https:\/\/portaltela.pt\/noticias\/2026\/03\/30\/atleta-queniano-albert-korir-suspenso-cinco-anos-por-doping\/\"},\"author\":{\"name\":\"Telinha\",\"@id\":\"https:\/\/portaltela.pt\/#\/schema\/person\/c4278d4a6028830caff9ee44b42d32ed\"},\"headline\":\"Atleta queniano Albert Korir suspenso cinco anos por doping\",\"datePublished\":\"2026-03-30T16:17:13+00:00\",\"mainEntityOfPage\":{\"@id\":\"https:\/\/portaltela.pt\/noticias\/2026\/03\/30\/atleta-queniano-albert-korir-suspenso-cinco-anos-por-doping\/\"},\"wordCount\":173,\"image\":{\"@id\":\"https:\/\/portaltela.pt\/noticias\/2026\/03\/30\/atleta-queniano-albert-korir-suspenso-cinco-anos-por-doping\/#primaryimage\"},\"thumbnailUrl\":\"https:\/\/portaltela.pt\/s.01k8rhncp4jt1\/2026\/03\/image-1817.jpg\",\"keywords\":[\"\u00c1frica\",\"atletismo\",\"competi\u00e7\u00e3o internacional\",\"desporto\",\"\u00c9tica Desportiva\"],\"articleSection\":[\"Desporto\",\"Futebol\"],\"inLanguage\":\"pt-PT\"},{\"@type\":\"WebPage\",\"@id\":\"https:\/\/portaltela.pt\/noticias\/2026\/03\/30\/atleta-queniano-albert-korir-suspenso-cinco-anos-por-doping\/\",\"url\":\"https:\/\/portaltela.pt\/noticias\/2026\/03\/30\/atleta-queniano-albert-korir-suspenso-cinco-anos-por-doping\/\",\"name\":\"Atleta queniano Albert Korir suspenso cinco anos por doping - Portal Tela Portugal\",\"isPartOf\":{\"@id\":\"https:\/\/portaltela.pt\/#website\"},\"primaryImageOfPage\":{\"@id\":\"https:\/\/portaltela.pt\/noticias\/2026\/03\/30\/atleta-queniano-albert-korir-suspenso-cinco-anos-por-doping\/#primaryimage\"},\"image\":{\"@id\":\"https:\/\/portaltela.pt\/noticias\/2026\/03\/30\/atleta-queniano-albert-korir-suspenso-cinco-anos-por-doping\/#primaryimage\"},\"thumbnailUrl\":\"https:\/\/portaltela.pt\/s.01k8rhncp4jt1\/2026\/03\/image-1817.jpg\",\"datePublished\":\"2026-03-30T16:17:13+00:00\",\"author\":{\"@id\":\"https:\/\/portaltela.pt\/#\/schema\/person\/c4278d4a6028830caff9ee44b42d32ed\"},\"breadcrumb\":{\"@id\":\"https:\/\/portaltela.pt\/noticias\/2026\/03\/30\/atleta-queniano-albert-korir-suspenso-cinco-anos-por-doping\/#breadcrumb\"},\"inLanguage\":\"pt-PT\",\"potentialAction\":[{\"@type\":\"ReadAction\",\"target\":[\"https:\/\/portaltela.pt\/noticias\/2026\/03\/30\/atleta-queniano-albert-korir-suspenso-cinco-anos-por-doping\/\"]}]},{\"@type\":\"ImageObject\",\"inLanguage\":\"pt-PT\",\"@id\":\"https:\/\/portaltela.pt\/noticias\/2026\/03\/30\/atleta-queniano-albert-korir-suspenso-cinco-anos-por-doping\/#primaryimage\",\"url\":\"https:\/\/portaltela.pt\/s.01k8rhncp4jt1\/2026\/03\/image-1817.jpg\",\"contentUrl\":\"https:\/\/portaltela.pt\/s.01k8rhncp4jt1\/2026\/03\/image-1817.jpg\",\"width\":796,\"height\":448,\"caption\":\"Korir iniciou a sua carreira na maratona em 2016\"},{\"@type\":\"BreadcrumbList\",\"@id\":\"https:\/\/portaltela.pt\/noticias\/2026\/03\/30\/atleta-queniano-albert-korir-suspenso-cinco-anos-por-doping\/#breadcrumb\",\"itemListElement\":[{\"@type\":\"ListItem\",\"position\":1,\"name\":\"In\u00edcio\",\"item\":\"https:\/\/portaltela.pt\/\"},{\"@type\":\"ListItem\",\"position\":2,\"name\":\"Atleta queniano Albert Korir suspenso cinco anos por doping\"}]},{\"@type\":\"WebSite\",\"@id\":\"https:\/\/portaltela.pt\/#website\",\"url\":\"https:\/\/portaltela.pt\/\",\"name\":\"Portal Tela Portugal\",\"description\":\"\",\"potentialAction\":[{\"@type\":\"SearchAction\",\"target\":{\"@type\":\"EntryPoint\",\"urlTemplate\":\"https:\/\/portaltela.pt\/?s={search_term_string}\"},\"query-input\":{\"@type\":\"PropertyValueSpecification\",\"valueRequired\":true,\"valueName\":\"search_term_string\"}}],\"inLanguage\":\"pt-PT\"},{\"@type\":\"Person\",\"@id\":\"https:\/\/portaltela.pt\/#\/schema\/person\/c4278d4a6028830caff9ee44b42d32ed\",\"name\":\"Telinha\",\"image\":{\"@type\":\"ImageObject\",\"inLanguage\":\"pt-PT\",\"@id\":\"https:\/\/portaltela.pt\/s.01k8rhncp4jt1\/2025\/11\/talking-bot-125x125.png\",\"url\":\"https:\/\/portaltela.pt\/s.01k8rhncp4jt1\/2025\/11\/talking-bot-125x125.png\",\"contentUrl\":\"https:\/\/portaltela.pt\/s.01k8rhncp4jt1\/2025\/11\/talking-bot-125x125.png\",\"caption\":\"Telinha\"},\"sameAs\":[\"https:\/\/portaltela.pt\/\"],\"url\":\"https:\/\/portaltela.pt\/por\/367410592786\/\"}]}<\/script>\n<!-- \/ Yoast SEO plugin. -->","yoast_head_json":{"title":"Atleta queniano Albert Korir suspenso cinco anos por doping - Portal Tela Portugal","robots":{"index":"index","follow":"follow","max-snippet":"max-snippet:-1","max-image-preview":"max-image-preview:large","max-video-preview":"max-video-preview:-1"},"og_locale":"pt_PT","og_type":"article","og_title":"Atleta queniano Albert Korir suspenso cinco anos por doping - Portal Tela Portugal","og_description":"O atleta queniano Albert Korir, vencedor da maratona de Nova Iorque em 2021, foi suspenso por cinco anos por doping. Korir acusou positivo a um derivado sint\u00e9tico da eritropoietina, notificado pela Unidade de Integridade do Atletismo (AIU). A AIU informou que o jogador recebeu uma redu\u00e7\u00e3o de um ano na san\u00e7\u00e3o por ter admitido as infra\u00e7\u00f5es \u00e0s regras antidopagem e aceitado a suspens\u00e3o aplicada. A suspens\u00e3o vigora entre 08 de janeiro de 2026 e 07 de janeiro de 2031. Korir tamb\u00e9m venceu a maratona de Otava em 2019 e 2025; a decis\u00e3o ocorre numa altura em que continua a manchar o atletismo queniano, ap\u00f3s a AMA elogiar progressos no combate ao doping.","og_url":"https:\/\/portaltela.pt\/noticias\/2026\/03\/30\/atleta-queniano-albert-korir-suspenso-cinco-anos-por-doping\/","og_site_name":"Portal Tela Portugal","article_published_time":"2026-03-30T16:17:13+00:00","author":"Telinha","twitter_card":"summary_large_image","twitter_misc":{"Escrito por":"Telinha","Tempo estimado de leitura":"1 minuto"},"schema":{"@context":"https:\/\/schema.org","@graph":[{"@type":"Article","@id":"https:\/\/portaltela.pt\/noticias\/2026\/03\/30\/atleta-queniano-albert-korir-suspenso-cinco-anos-por-doping\/#article","isPartOf":{"@id":"https:\/\/portaltela.pt\/noticias\/2026\/03\/30\/atleta-queniano-albert-korir-suspenso-cinco-anos-por-doping\/"},"author":{"name":"Telinha","@id":"https:\/\/portaltela.pt\/#\/schema\/person\/c4278d4a6028830caff9ee44b42d32ed"},"headline":"Atleta queniano Albert Korir suspenso cinco anos por doping","datePublished":"2026-03-30T16:17:13+00:00","mainEntityOfPage":{"@id":"https:\/\/portaltela.pt\/noticias\/2026\/03\/30\/atleta-queniano-albert-korir-suspenso-cinco-anos-por-doping\/"},"wordCount":173,"image":{"@id":"https:\/\/portaltela.pt\/noticias\/2026\/03\/30\/atleta-queniano-albert-korir-suspenso-cinco-anos-por-doping\/#primaryimage"},"thumbnailUrl":"https:\/\/portaltela.pt\/s.01k8rhncp4jt1\/2026\/03\/image-1817.jpg","keywords":["\u00c1frica","atletismo","competi\u00e7\u00e3o internacional","desporto","\u00c9tica Desportiva"],"articleSection":["Desporto","Futebol"],"inLanguage":"pt-PT"},{"@type":"WebPage","@id":"https:\/\/portaltela.pt\/noticias\/2026\/03\/30\/atleta-queniano-albert-korir-suspenso-cinco-anos-por-doping\/","url":"https:\/\/portaltela.pt\/noticias\/2026\/03\/30\/atleta-queniano-albert-korir-suspenso-cinco-anos-por-doping\/","name":"Atleta queniano Albert Korir suspenso cinco anos por doping - Portal Tela Portugal","isPartOf":{"@id":"https:\/\/portaltela.pt\/#website"},"primaryImageOfPage":{"@id":"https:\/\/portaltela.pt\/noticias\/2026\/03\/30\/atleta-queniano-albert-korir-suspenso-cinco-anos-por-doping\/#primaryimage"},"image":{"@id":"https:\/\/portaltela.pt\/noticias\/2026\/03\/30\/atleta-queniano-albert-korir-suspenso-cinco-anos-por-doping\/#primaryimage"},"thumbnailUrl":"https:\/\/portaltela.pt\/s.01k8rhncp4jt1\/2026\/03\/image-1817.jpg","datePublished":"2026-03-30T16:17:13+00:00","author":{"@id":"https:\/\/portaltela.pt\/#\/schema\/person\/c4278d4a6028830caff9ee44b42d32ed"},"breadcrumb":{"@id":"https:\/\/portaltela.pt\/noticias\/2026\/03\/30\/atleta-queniano-albert-korir-suspenso-cinco-anos-por-doping\/#breadcrumb"},"inLanguage":"pt-PT","potentialAction":[{"@type":"ReadAction","target":["https:\/\/portaltela.pt\/noticias\/2026\/03\/30\/atleta-queniano-albert-korir-suspenso-cinco-anos-por-doping\/"]}]},{"@type":"ImageObject","inLanguage":"pt-PT","@id":"https:\/\/portaltela.pt\/noticias\/2026\/03\/30\/atleta-queniano-albert-korir-suspenso-cinco-anos-por-doping\/#primaryimage","url":"https:\/\/portaltela.pt\/s.01k8rhncp4jt1\/2026\/03\/image-1817.jpg","contentUrl":"https:\/\/portaltela.pt\/s.01k8rhncp4jt1\/2026\/03\/image-1817.jpg","width":796,"height":448,"caption":"Korir iniciou a sua carreira na maratona em 2016"},{"@type":"BreadcrumbList","@id":"https:\/\/portaltela.pt\/noticias\/2026\/03\/30\/atleta-queniano-albert-korir-suspenso-cinco-anos-por-doping\/#breadcrumb","itemListElement":[{"@type":"ListItem","position":1,"name":"In\u00edcio","item":"https:\/\/portaltela.pt\/"},{"@type":"ListItem","position":2,"name":"Atleta queniano Albert Korir suspenso cinco anos por doping"}]},{"@type":"WebSite","@id":"https:\/\/portaltela.pt\/#website","url":"https:\/\/portaltela.pt\/","name":"Portal Tela Portugal","description":"","potentialAction":[{"@type":"SearchAction","target":{"@type":"EntryPoint","urlTemplate":"https:\/\/portaltela.pt\/?s={search_term_string}"},"query-input":{"@type":"PropertyValueSpecification","valueRequired":true,"valueName":"search_term_string"}}],"inLanguage":"pt-PT"},{"@type":"Person","@id":"https:\/\/portaltela.pt\/#\/schema\/person\/c4278d4a6028830caff9ee44b42d32ed","name":"Telinha","image":{"@type":"ImageObject","inLanguage":"pt-PT","@id":"https:\/\/portaltela.pt\/s.01k8rhncp4jt1\/2025\/11\/talking-bot-125x125.png","url":"https:\/\/portaltela.pt\/s.01k8rhncp4jt1\/2025\/11\/talking-bot-125x125.png","contentUrl":"https:\/\/portaltela.pt\/s.01k8rhncp4jt1\/2025\/11\/talking-bot-125x125.png","caption":"Telinha"},"sameAs":["https:\/\/portaltela.pt\/"],"url":"https:\/\/portaltela.pt\/por\/367410592786\/"}]}},"_links":{"self":[{"href":"https:\/\/portaltela.pt\/api\/wp\/v2\/posts\/427168","targetHints":{"allow":["GET"]}}],"collection":[{"href":"https:\/\/portaltela.pt\/api\/wp\/v2\/posts"}],"about":[{"href":"https:\/\/portaltela.pt\/api\/wp\/v2\/types\/post"}],"author":[{"embeddable":true,"href":"https:\/\/portaltela.pt\/api\/wp\/v2\/users\/2"}],"replies":[{"embeddable":true,"href":"https:\/\/portaltela.pt\/api\/wp\/v2\/comments?post=427168"}],"version-history":[{"count":0,"href":"https:\/\/portaltela.pt\/api\/wp\/v2\/posts\/427168\/revisions"}],"wp:featuredmedia":[{"embeddable":true,"href":"https:\/\/portaltela.pt\/api\/wp\/v2\/media\/427175"}],"wp:attachment":[{"href":"https:\/\/portaltela.pt\/api\/wp\/v2\/media?parent=427168"}],"wp:term":[{"taxonomy":"category","embeddable":true,"href":"https:\/\/portaltela.pt\/api\/wp\/v2\/categories?post=427168"},{"taxonomy":"post_tag","embeddable":true,"href":"https:\/\/portaltela.pt\/api\/wp\/v2\/tags?post=427168"}],"curies":[{"name":"wp","href":"https:\/\/api.w.org\/{rel}","templated":true}]}}