{"id":427149,"date":"2026-03-30T12:47:54","date_gmt":"2026-03-30T15:47:54","guid":{"rendered":"https:\/\/portaltela.pt\/noticias\/2026\/03\/30\/ancelotti-comenta-convocatoria-do-brasil-para-o-mundial-lista-final-definida\/"},"modified":"2026-03-30T12:47:54","modified_gmt":"2026-03-30T15:47:54","slug":"ancelotti-comenta-convocatoria-do-brasil-para-o-mundial-lista-final-definida","status":"publish","type":"post","link":"https:\/\/portaltela.pt\/desporto\/copa-do-mundo\/2026\/03\/30\/ancelotti-comenta-convocatoria-do-brasil-para-o-mundial-lista-final-definida\/","title":{"rendered":"Ancelotti comenta convocat\u00f3ria do Brasil para o Mundial: lista final definida"},"content":{"rendered":"<p>O selecionador brasileiro Carlo Ancelotti afirmou que a lista final de convocados para o Mundial j\u00e1 est\u00e1 praticamente definida, em declara\u00e7\u00f5es ap\u00f3s a recupera\u00e7\u00e3o da derrota frente \u00e0 Fran\u00e7a. O Brasil enfrenta amanh\u00e3 a Cro\u00e1cia em Orlando, numa prepara\u00e7\u00e3o para o torneio nos Estados Unidos, Canad\u00e1 e M\u00e9xico.<\/p>\n<p>Ancelotti disse ter uma ideia clara do caminho da equipa e que o plantel est\u00e1 num ponto favor\u00e1vel, com jogos de melhor e pior desempenho. A equipa procura manter a calma, manter o n\u00edvel defensivo e preparar-se para os grandes encontros do Mundial.<\/p>\n<p>O treinador refor\u00e7ou a import\u00e2ncia de uma defesa s\u00f3lida para o sucesso no torneio, destacando que o Brasil precisa de equil\u00edbrio entre ataque e defesa. Enalteceu a qualidade de Luka Modric, destacando-o como um m\u00e9dio completo e um jogador de refer\u00eancia no futebol mundial.<\/p>\n<h3>Estrutura estrat\u00e9gica e advers\u00e1rio<\/h3>\n<p>A expectativa \u00e9 de que o Brasil mantenha pragmatismo t\u00e1ctico, tal como nos Mundiais de 1994 e 2002, onde a liga\u00e7\u00e3o entre talento e solidez defensiva foi determinante. Modric \u00e9 visto como um advers\u00e1rio especialmente relevante para o pr\u00f3ximo jogo.<\/p>\n","protected":false},"excerpt":{"rendered":"<ul>\n<li>Carlo Ancelotti afirma que a lista final de convocados do Brasil para o Mundial est\u00e1 bastante definida e que a equipa est\u00e1 no caminho certo.<\/li>\n<li>O selecionador disse ainda que a prepara\u00e7\u00e3o exige equil\u00edbrio entre jogos bons e menos bons, mantendo a calma e tranquilidade.<\/li>\n<li>O Brasil entra em campo amanh\u00e3 frente \u00e0 Cro\u00e1cia, em Orlando, ap\u00f3s sofrer uma derrota por dois a um frente \u00e0 Fran\u00e7a em Boston.<\/li>\n<li>Ancelotti sublinha a import\u00e2ncia de uma defesa s\u00f3lida e de um jogo pragm\u00e1tico, destacando que os Mundiais passados mostraram que s\u00f3 o ataque n\u00e3o chega.<\/li>\n<li>O t\u00e9cnico elogia Luka Modric, considerando-o um m\u00e9dio completo e um dos melhores jogadores que j\u00e1 treinou.<\/li>\n<\/ul>\n","protected":false},"author":2,"featured_media":427153,"comment_status":"closed","ping_status":"closed","sticky":false,"template":"","format":"standard","meta":{"footnotes":""},"categories":[6695,21],"tags":[2547,90,3487,32,2577,2057],"class_list":["post-427149","post","type-post","status-publish","format-standard","has-post-thumbnail","hentry","category-copa-do-mundo","category-desporto","tag-brasil","tag-copa-do-mundo","tag-croacia","tag-futebol","tag-luka-modric","tag-selecao-nacional"],"yoast_head":"<!-- This site is optimized with the Yoast SEO plugin v27.2 - https:\/\/yoast.com\/product\/yoast-seo-wordpress\/ -->\n<title>Ancelotti comenta convocat\u00f3ria do Brasil para o Mundial: lista final definida - Portal Tela Portugal<\/title>\n<meta name=\"robots\" content=\"index, follow, max-snippet:-1, max-image-preview:large, max-video-preview:-1\" \/>\n<meta property=\"og:locale\" content=\"pt_PT\" \/>\n<meta property=\"og:type\" content=\"article\" \/>\n<meta property=\"og:title\" content=\"Ancelotti comenta convocat\u00f3ria do Brasil para o Mundial: lista final definida - Portal Tela Portugal\" \/>\n<meta property=\"og:description\" content=\"Carlo Ancelotti afirma que a lista final de convocados do Brasil para o Mundial est\u00e1 bastante definida e que a equipa est\u00e1 no caminho certo. O selecionador disse ainda que a prepara\u00e7\u00e3o exige equil\u00edbrio entre jogos bons e menos bons, mantendo a calma e tranquilidade. O Brasil entra em campo amanh\u00e3 frente \u00e0 Cro\u00e1cia, em Orlando, ap\u00f3s sofrer uma derrota por dois a um frente \u00e0 Fran\u00e7a em Boston. Ancelotti sublinha a import\u00e2ncia de uma defesa s\u00f3lida e de um jogo pragm\u00e1tico, destacando que os Mundiais passados mostraram que s\u00f3 o ataque n\u00e3o chega. O t\u00e9cnico elogia Luka Modric, considerando-o um m\u00e9dio completo e um dos melhores jogadores que j\u00e1 treinou.\" \/>\n<meta property=\"og:url\" content=\"https:\/\/portaltela.pt\/noticias\/2026\/03\/30\/ancelotti-comenta-convocatoria-do-brasil-para-o-mundial-lista-final-definida\/\" \/>\n<meta property=\"og:site_name\" content=\"Portal Tela Portugal\" \/>\n<meta property=\"article:published_time\" content=\"2026-03-30T15:47:54+00:00\" \/>\n<meta name=\"author\" content=\"Telinha\" \/>\n<meta name=\"twitter:card\" content=\"summary_large_image\" \/>\n<meta name=\"twitter:label1\" content=\"Escrito por\" \/>\n\t<meta name=\"twitter:data1\" content=\"Telinha\" \/>\n\t<meta name=\"twitter:label2\" content=\"Tempo estimado de leitura\" \/>\n\t<meta name=\"twitter:data2\" content=\"1 minuto\" \/>\n<script type=\"application\/ld+json\" class=\"yoast-schema-graph\">{\"@context\":\"https:\/\/schema.org\",\"@graph\":[{\"@type\":\"Article\",\"@id\":\"https:\/\/portaltela.pt\/noticias\/2026\/03\/30\/ancelotti-comenta-convocatoria-do-brasil-para-o-mundial-lista-final-definida\/#article\",\"isPartOf\":{\"@id\":\"https:\/\/portaltela.pt\/noticias\/2026\/03\/30\/ancelotti-comenta-convocatoria-do-brasil-para-o-mundial-lista-final-definida\/\"},\"author\":{\"name\":\"Telinha\",\"@id\":\"https:\/\/portaltela.pt\/#\/schema\/person\/c4278d4a6028830caff9ee44b42d32ed\"},\"headline\":\"Ancelotti comenta convocat\u00f3ria do Brasil para o Mundial: lista final definida\",\"datePublished\":\"2026-03-30T15:47:54+00:00\",\"mainEntityOfPage\":{\"@id\":\"https:\/\/portaltela.pt\/noticias\/2026\/03\/30\/ancelotti-comenta-convocatoria-do-brasil-para-o-mundial-lista-final-definida\/\"},\"wordCount\":207,\"image\":{\"@id\":\"https:\/\/portaltela.pt\/noticias\/2026\/03\/30\/ancelotti-comenta-convocatoria-do-brasil-para-o-mundial-lista-final-definida\/#primaryimage\"},\"thumbnailUrl\":\"https:\/\/portaltela.pt\/s.01k8rhncp4jt1\/2026\/03\/img_920x518uu2025-10-11-19-16-46-2395556.jpg\",\"keywords\":[\"Brasil\",\"copa do mundo\",\"Cro\u00e1cia\",\"futebol\",\"Luka Modric\",\"Sele\u00e7\u00e3o Nacional\"],\"articleSection\":[\"Copa do Mundo\",\"Desporto\"],\"inLanguage\":\"pt-PT\"},{\"@type\":\"WebPage\",\"@id\":\"https:\/\/portaltela.pt\/noticias\/2026\/03\/30\/ancelotti-comenta-convocatoria-do-brasil-para-o-mundial-lista-final-definida\/\",\"url\":\"https:\/\/portaltela.pt\/noticias\/2026\/03\/30\/ancelotti-comenta-convocatoria-do-brasil-para-o-mundial-lista-final-definida\/\",\"name\":\"Ancelotti comenta convocat\u00f3ria do Brasil para o Mundial: lista final definida - Portal Tela Portugal\",\"isPartOf\":{\"@id\":\"https:\/\/portaltela.pt\/#website\"},\"primaryImageOfPage\":{\"@id\":\"https:\/\/portaltela.pt\/noticias\/2026\/03\/30\/ancelotti-comenta-convocatoria-do-brasil-para-o-mundial-lista-final-definida\/#primaryimage\"},\"image\":{\"@id\":\"https:\/\/portaltela.pt\/noticias\/2026\/03\/30\/ancelotti-comenta-convocatoria-do-brasil-para-o-mundial-lista-final-definida\/#primaryimage\"},\"thumbnailUrl\":\"https:\/\/portaltela.pt\/s.01k8rhncp4jt1\/2026\/03\/img_920x518uu2025-10-11-19-16-46-2395556.jpg\",\"datePublished\":\"2026-03-30T15:47:54+00:00\",\"author\":{\"@id\":\"https:\/\/portaltela.pt\/#\/schema\/person\/c4278d4a6028830caff9ee44b42d32ed\"},\"breadcrumb\":{\"@id\":\"https:\/\/portaltela.pt\/noticias\/2026\/03\/30\/ancelotti-comenta-convocatoria-do-brasil-para-o-mundial-lista-final-definida\/#breadcrumb\"},\"inLanguage\":\"pt-PT\",\"potentialAction\":[{\"@type\":\"ReadAction\",\"target\":[\"https:\/\/portaltela.pt\/noticias\/2026\/03\/30\/ancelotti-comenta-convocatoria-do-brasil-para-o-mundial-lista-final-definida\/\"]}]},{\"@type\":\"ImageObject\",\"inLanguage\":\"pt-PT\",\"@id\":\"https:\/\/portaltela.pt\/noticias\/2026\/03\/30\/ancelotti-comenta-convocatoria-do-brasil-para-o-mundial-lista-final-definida\/#primaryimage\",\"url\":\"https:\/\/portaltela.pt\/s.01k8rhncp4jt1\/2026\/03\/img_920x518uu2025-10-11-19-16-46-2395556.jpg\",\"contentUrl\":\"https:\/\/portaltela.pt\/s.01k8rhncp4jt1\/2026\/03\/img_920x518uu2025-10-11-19-16-46-2395556.jpg\",\"width\":796,\"height\":448,\"caption\":\"Carlo Ancelotti moderadamente otimista para o Mundial\"},{\"@type\":\"BreadcrumbList\",\"@id\":\"https:\/\/portaltela.pt\/noticias\/2026\/03\/30\/ancelotti-comenta-convocatoria-do-brasil-para-o-mundial-lista-final-definida\/#breadcrumb\",\"itemListElement\":[{\"@type\":\"ListItem\",\"position\":1,\"name\":\"In\u00edcio\",\"item\":\"https:\/\/portaltela.pt\/\"},{\"@type\":\"ListItem\",\"position\":2,\"name\":\"Ancelotti comenta convocat\u00f3ria do Brasil para o Mundial: lista final definida\"}]},{\"@type\":\"WebSite\",\"@id\":\"https:\/\/portaltela.pt\/#website\",\"url\":\"https:\/\/portaltela.pt\/\",\"name\":\"Portal Tela Portugal\",\"description\":\"\",\"potentialAction\":[{\"@type\":\"SearchAction\",\"target\":{\"@type\":\"EntryPoint\",\"urlTemplate\":\"https:\/\/portaltela.pt\/?s={search_term_string}\"},\"query-input\":{\"@type\":\"PropertyValueSpecification\",\"valueRequired\":true,\"valueName\":\"search_term_string\"}}],\"inLanguage\":\"pt-PT\"},{\"@type\":\"Person\",\"@id\":\"https:\/\/portaltela.pt\/#\/schema\/person\/c4278d4a6028830caff9ee44b42d32ed\",\"name\":\"Telinha\",\"image\":{\"@type\":\"ImageObject\",\"inLanguage\":\"pt-PT\",\"@id\":\"https:\/\/portaltela.pt\/s.01k8rhncp4jt1\/2025\/11\/talking-bot-125x125.png\",\"url\":\"https:\/\/portaltela.pt\/s.01k8rhncp4jt1\/2025\/11\/talking-bot-125x125.png\",\"contentUrl\":\"https:\/\/portaltela.pt\/s.01k8rhncp4jt1\/2025\/11\/talking-bot-125x125.png\",\"caption\":\"Telinha\"},\"sameAs\":[\"https:\/\/portaltela.pt\/\"],\"url\":\"https:\/\/portaltela.pt\/por\/367410592786\/\"}]}<\/script>\n<!-- \/ Yoast SEO plugin. -->","yoast_head_json":{"title":"Ancelotti comenta convocat\u00f3ria do Brasil para o Mundial: lista final definida - Portal Tela Portugal","robots":{"index":"index","follow":"follow","max-snippet":"max-snippet:-1","max-image-preview":"max-image-preview:large","max-video-preview":"max-video-preview:-1"},"og_locale":"pt_PT","og_type":"article","og_title":"Ancelotti comenta convocat\u00f3ria do Brasil para o Mundial: lista final definida - Portal Tela Portugal","og_description":"Carlo Ancelotti afirma que a lista final de convocados do Brasil para o Mundial est\u00e1 bastante definida e que a equipa est\u00e1 no caminho certo. O selecionador disse ainda que a prepara\u00e7\u00e3o exige equil\u00edbrio entre jogos bons e menos bons, mantendo a calma e tranquilidade. O Brasil entra em campo amanh\u00e3 frente \u00e0 Cro\u00e1cia, em Orlando, ap\u00f3s sofrer uma derrota por dois a um frente \u00e0 Fran\u00e7a em Boston. Ancelotti sublinha a import\u00e2ncia de uma defesa s\u00f3lida e de um jogo pragm\u00e1tico, destacando que os Mundiais passados mostraram que s\u00f3 o ataque n\u00e3o chega. O t\u00e9cnico elogia Luka Modric, considerando-o um m\u00e9dio completo e um dos melhores jogadores que j\u00e1 treinou.","og_url":"https:\/\/portaltela.pt\/noticias\/2026\/03\/30\/ancelotti-comenta-convocatoria-do-brasil-para-o-mundial-lista-final-definida\/","og_site_name":"Portal Tela Portugal","article_published_time":"2026-03-30T15:47:54+00:00","author":"Telinha","twitter_card":"summary_large_image","twitter_misc":{"Escrito por":"Telinha","Tempo estimado de leitura":"1 minuto"},"schema":{"@context":"https:\/\/schema.org","@graph":[{"@type":"Article","@id":"https:\/\/portaltela.pt\/noticias\/2026\/03\/30\/ancelotti-comenta-convocatoria-do-brasil-para-o-mundial-lista-final-definida\/#article","isPartOf":{"@id":"https:\/\/portaltela.pt\/noticias\/2026\/03\/30\/ancelotti-comenta-convocatoria-do-brasil-para-o-mundial-lista-final-definida\/"},"author":{"name":"Telinha","@id":"https:\/\/portaltela.pt\/#\/schema\/person\/c4278d4a6028830caff9ee44b42d32ed"},"headline":"Ancelotti comenta convocat\u00f3ria do Brasil para o Mundial: lista final definida","datePublished":"2026-03-30T15:47:54+00:00","mainEntityOfPage":{"@id":"https:\/\/portaltela.pt\/noticias\/2026\/03\/30\/ancelotti-comenta-convocatoria-do-brasil-para-o-mundial-lista-final-definida\/"},"wordCount":207,"image":{"@id":"https:\/\/portaltela.pt\/noticias\/2026\/03\/30\/ancelotti-comenta-convocatoria-do-brasil-para-o-mundial-lista-final-definida\/#primaryimage"},"thumbnailUrl":"https:\/\/portaltela.pt\/s.01k8rhncp4jt1\/2026\/03\/img_920x518uu2025-10-11-19-16-46-2395556.jpg","keywords":["Brasil","copa do mundo","Cro\u00e1cia","futebol","Luka Modric","Sele\u00e7\u00e3o Nacional"],"articleSection":["Copa do Mundo","Desporto"],"inLanguage":"pt-PT"},{"@type":"WebPage","@id":"https:\/\/portaltela.pt\/noticias\/2026\/03\/30\/ancelotti-comenta-convocatoria-do-brasil-para-o-mundial-lista-final-definida\/","url":"https:\/\/portaltela.pt\/noticias\/2026\/03\/30\/ancelotti-comenta-convocatoria-do-brasil-para-o-mundial-lista-final-definida\/","name":"Ancelotti comenta convocat\u00f3ria do Brasil para o Mundial: lista final definida - Portal Tela Portugal","isPartOf":{"@id":"https:\/\/portaltela.pt\/#website"},"primaryImageOfPage":{"@id":"https:\/\/portaltela.pt\/noticias\/2026\/03\/30\/ancelotti-comenta-convocatoria-do-brasil-para-o-mundial-lista-final-definida\/#primaryimage"},"image":{"@id":"https:\/\/portaltela.pt\/noticias\/2026\/03\/30\/ancelotti-comenta-convocatoria-do-brasil-para-o-mundial-lista-final-definida\/#primaryimage"},"thumbnailUrl":"https:\/\/portaltela.pt\/s.01k8rhncp4jt1\/2026\/03\/img_920x518uu2025-10-11-19-16-46-2395556.jpg","datePublished":"2026-03-30T15:47:54+00:00","author":{"@id":"https:\/\/portaltela.pt\/#\/schema\/person\/c4278d4a6028830caff9ee44b42d32ed"},"breadcrumb":{"@id":"https:\/\/portaltela.pt\/noticias\/2026\/03\/30\/ancelotti-comenta-convocatoria-do-brasil-para-o-mundial-lista-final-definida\/#breadcrumb"},"inLanguage":"pt-PT","potentialAction":[{"@type":"ReadAction","target":["https:\/\/portaltela.pt\/noticias\/2026\/03\/30\/ancelotti-comenta-convocatoria-do-brasil-para-o-mundial-lista-final-definida\/"]}]},{"@type":"ImageObject","inLanguage":"pt-PT","@id":"https:\/\/portaltela.pt\/noticias\/2026\/03\/30\/ancelotti-comenta-convocatoria-do-brasil-para-o-mundial-lista-final-definida\/#primaryimage","url":"https:\/\/portaltela.pt\/s.01k8rhncp4jt1\/2026\/03\/img_920x518uu2025-10-11-19-16-46-2395556.jpg","contentUrl":"https:\/\/portaltela.pt\/s.01k8rhncp4jt1\/2026\/03\/img_920x518uu2025-10-11-19-16-46-2395556.jpg","width":796,"height":448,"caption":"Carlo Ancelotti moderadamente otimista para o Mundial"},{"@type":"BreadcrumbList","@id":"https:\/\/portaltela.pt\/noticias\/2026\/03\/30\/ancelotti-comenta-convocatoria-do-brasil-para-o-mundial-lista-final-definida\/#breadcrumb","itemListElement":[{"@type":"ListItem","position":1,"name":"In\u00edcio","item":"https:\/\/portaltela.pt\/"},{"@type":"ListItem","position":2,"name":"Ancelotti comenta convocat\u00f3ria do Brasil para o Mundial: lista final definida"}]},{"@type":"WebSite","@id":"https:\/\/portaltela.pt\/#website","url":"https:\/\/portaltela.pt\/","name":"Portal Tela Portugal","description":"","potentialAction":[{"@type":"SearchAction","target":{"@type":"EntryPoint","urlTemplate":"https:\/\/portaltela.pt\/?s={search_term_string}"},"query-input":{"@type":"PropertyValueSpecification","valueRequired":true,"valueName":"search_term_string"}}],"inLanguage":"pt-PT"},{"@type":"Person","@id":"https:\/\/portaltela.pt\/#\/schema\/person\/c4278d4a6028830caff9ee44b42d32ed","name":"Telinha","image":{"@type":"ImageObject","inLanguage":"pt-PT","@id":"https:\/\/portaltela.pt\/s.01k8rhncp4jt1\/2025\/11\/talking-bot-125x125.png","url":"https:\/\/portaltela.pt\/s.01k8rhncp4jt1\/2025\/11\/talking-bot-125x125.png","contentUrl":"https:\/\/portaltela.pt\/s.01k8rhncp4jt1\/2025\/11\/talking-bot-125x125.png","caption":"Telinha"},"sameAs":["https:\/\/portaltela.pt\/"],"url":"https:\/\/portaltela.pt\/por\/367410592786\/"}]}},"_links":{"self":[{"href":"https:\/\/portaltela.pt\/api\/wp\/v2\/posts\/427149","targetHints":{"allow":["GET"]}}],"collection":[{"href":"https:\/\/portaltela.pt\/api\/wp\/v2\/posts"}],"about":[{"href":"https:\/\/portaltela.pt\/api\/wp\/v2\/types\/post"}],"author":[{"embeddable":true,"href":"https:\/\/portaltela.pt\/api\/wp\/v2\/users\/2"}],"replies":[{"embeddable":true,"href":"https:\/\/portaltela.pt\/api\/wp\/v2\/comments?post=427149"}],"version-history":[{"count":0,"href":"https:\/\/portaltela.pt\/api\/wp\/v2\/posts\/427149\/revisions"}],"wp:featuredmedia":[{"embeddable":true,"href":"https:\/\/portaltela.pt\/api\/wp\/v2\/media\/427153"}],"wp:attachment":[{"href":"https:\/\/portaltela.pt\/api\/wp\/v2\/media?parent=427149"}],"wp:term":[{"taxonomy":"category","embeddable":true,"href":"https:\/\/portaltela.pt\/api\/wp\/v2\/categories?post=427149"},{"taxonomy":"post_tag","embeddable":true,"href":"https:\/\/portaltela.pt\/api\/wp\/v2\/tags?post=427149"}],"curies":[{"name":"wp","href":"https:\/\/api.w.org\/{rel}","templated":true}]}}