{"id":427140,"date":"2026-03-30T12:47:46","date_gmt":"2026-03-30T15:47:46","guid":{"rendered":"https:\/\/portaltela.pt\/noticias\/2026\/03\/30\/restaurantes-libaneses-em-lisboa-apoiam-afetados-pela-guerra-no-libano\/"},"modified":"2026-03-30T12:47:46","modified_gmt":"2026-03-30T15:47:46","slug":"restaurantes-libaneses-em-lisboa-apoiam-afetados-pela-guerra-no-libano","status":"publish","type":"post","link":"https:\/\/portaltela.pt\/sociedade\/2026\/03\/30\/restaurantes-libaneses-em-lisboa-apoiam-afetados-pela-guerra-no-libano\/","title":{"rendered":"Restaurantes libaneses em Lisboa apoiam afetados pela guerra no L\u00edbano"},"content":{"rendered":"<p>Nestes dias, oito restaurantes libaneses em Lisboa unem esfor\u00e7os para apoiar o L\u00edbano atrav\u00e9s da iniciativa Jante e Doe para o L\u00edbano. O objetivo \u00e9 doar parte dos lucros at\u00e9 dia 17 de abril, reunindo a comunidade libanesa em Portugal e promovendo a oferta libanesa na cidade.<\/p>\n<p>A a\u00e7\u00e3o \u00e9 organizada pela associa\u00e7\u00e3o Caram Portugal, que canaliza os recursos para organiza\u00e7\u00f5es parceiras no terreno. O objetivo \u00e9 apoiar a ajuda humanit\u00e1ria a mais de um milh\u00e3o de deslocados no L\u00edbano, segundo dados divulgados pela Caram e por ag\u00eancias humanit\u00e1rias.<\/p>\n<p>Segundo a Caram Portugal, a situa\u00e7\u00e3o no L\u00edbano \u00e9 extremamente preocupante devido a ataques e \u00e0 deteriora\u00e7\u00e3o econ\u00f3mica. O grupo refor\u00e7a que a prioridade \u00e9 o aux\u00edlio \u00e0s fam\u00edlias, incluindo crian\u00e7as que enfrentam dificuldades de alimenta\u00e7\u00e3o.<\/p>\n<p>Entre os restaurantes participantes est\u00e3o Meza Libaneza, Bal, Touta, Sumaya, Falafoliva, The Happy Salad, Ma\u00edda e Taza. Cada estabelecimento tem como meta contribuir com parte dos lucros para a a\u00e7\u00e3o solid\u00e1ria.<\/p>\n<p>A presidente da Caram Portugal, Antoine Kassis, destaca a import\u00e2ncia da mobiliza\u00e7\u00e3o comunit\u00e1ria para responder a uma crise com impacto humano significativo. A organiza\u00e7\u00e3o atua desde 2022 para aproximar comunidades e promover conhecimento sobre o L\u00edbano em Portugal.<\/p>\n<p>A cozinheira Cynthia Bitar, do Touta, partilha a motiva\u00e7\u00e3o da equipa: manter-se conectada \u00e0 fam\u00edlia e apoiar quem enfrenta dificuldades no pa\u00eds, apesar da dist\u00e2ncia e da situa\u00e7\u00e3o dif\u00edcil.<\/p>\n<p>No dia 1 de abril, ser\u00e1 preparado um menu especial que combina sabores do M\u00e9dio Oriente com influ\u00eancias portuguesas, incluindo pratos como hummus com pinh\u00f5es e sujuk, e op\u00e7\u00f5es de lula dos A\u00e7ores e porco preto alentejano.<\/p>\n<h3>Caram Portugal e o contexto<\/h3>\n<p>A Caram Portugal, com cerca de 200 associados, foi criada para promover a conviv\u00eancia entre comunidades libanesas e portuguesas e para a\u00e7\u00f5es de solidariedade no pa\u00eds, incluindo respostas a inunda\u00e7\u00f5es e apoio a casas de acolhimento em Lisboa.<\/p>\n<p>Os recursos recolhidos destinados \u00e0 ajuda humanit\u00e1ria ser\u00e3o enviados para organiza\u00e7\u00f5es parceiras no terreno, garantindo transpar\u00eancia na distribui\u00e7\u00e3o do apoio. A iniciativa n\u00e3o expressa posi\u00e7\u00f5es pol\u00edticas ou religiosas, concentrando-se no humanitarianismo.<\/p>\n","protected":false},"excerpt":{"rendered":"<ul>\n<li>At\u00e9 17 de abril, oito restaurantes libaneses em Lisboa v\u00e3o doar parte dos lucros para apoiar a ajuda humanit\u00e1ria no L\u00edbano, na iniciativa &#8220;Jante e Doe para o L\u00edbano&#8221;.<\/li>\n<li>Participam os restaurantes Meza Libaneza, Bal, Touta, Sumaya, Falafoliva, The Happy Salad, Ma\u00edda e Taza.<\/li>\n<li>O dinheiro \u00e9 encaminhado para a associa\u00e7\u00e3o Caram Portugal, que o reencaminha para organiza\u00e7\u00f5es parceiras no terreno; a Caram Portugal atualmente re\u00fane cerca de 200 associados.<\/li>\n<li>O Alto Comissariado da ONU para os Refugiados (ACNUR) aponta uma situa\u00e7\u00e3o extremamente preocupante no L\u00edbano, com mais de um milh\u00e3o de deslocados devido aos ataques israelitas.<\/li>\n<li>No dia 1 de abril, haver\u00e1 um menu especial que combina pratos do M\u00e9dio Oriente com sabores portugueses, para apoiar a causa.<\/li>\n<\/ul>\n","protected":false},"author":2,"featured_media":427143,"comment_status":"closed","ping_status":"closed","sticky":false,"template":"","format":"standard","meta":{"footnotes":""},"categories":[6745,6871],"tags":[5747,4982,219,6635,981,4071],"class_list":["post-427140","post","type-post","status-publish","format-standard","has-post-thumbnail","hentry","category-saude","category-sociedade","tag-ajuda-humanitaria","tag-filantropia","tag-gastronomia","tag-libano","tag-lisboa","tag-solidariedade-social"],"yoast_head":"<!-- This site is optimized with the Yoast SEO plugin v27.2 - https:\/\/yoast.com\/product\/yoast-seo-wordpress\/ -->\n<title>Restaurantes libaneses em Lisboa apoiam afetados pela guerra no L\u00edbano - Portal Tela Portugal<\/title>\n<meta name=\"robots\" content=\"index, follow, max-snippet:-1, max-image-preview:large, max-video-preview:-1\" \/>\n<meta property=\"og:locale\" content=\"pt_PT\" \/>\n<meta property=\"og:type\" content=\"article\" \/>\n<meta property=\"og:title\" content=\"Restaurantes libaneses em Lisboa apoiam afetados pela guerra no L\u00edbano - Portal Tela Portugal\" \/>\n<meta property=\"og:description\" content=\"At\u00e9 17 de abril, oito restaurantes libaneses em Lisboa v\u00e3o doar parte dos lucros para apoiar a ajuda humanit\u00e1ria no L\u00edbano, na iniciativa &quot;Jante e Doe para o L\u00edbano&quot;. Participam os restaurantes Meza Libaneza, Bal, Touta, Sumaya, Falafoliva, The Happy Salad, Ma\u00edda e Taza. O dinheiro \u00e9 encaminhado para a associa\u00e7\u00e3o Caram Portugal, que o reencaminha para organiza\u00e7\u00f5es parceiras no terreno; a Caram Portugal atualmente re\u00fane cerca de 200 associados. O Alto Comissariado da ONU para os Refugiados (ACNUR) aponta uma situa\u00e7\u00e3o extremamente preocupante no L\u00edbano, com mais de um milh\u00e3o de deslocados devido aos ataques israelitas. No dia 1 de abril, haver\u00e1 um menu especial que combina pratos do M\u00e9dio Oriente com sabores portugueses, para apoiar a causa.\" \/>\n<meta property=\"og:url\" content=\"https:\/\/portaltela.pt\/noticias\/2026\/03\/30\/restaurantes-libaneses-em-lisboa-apoiam-afetados-pela-guerra-no-libano\/\" \/>\n<meta property=\"og:site_name\" content=\"Portal Tela Portugal\" \/>\n<meta property=\"article:published_time\" content=\"2026-03-30T15:47:46+00:00\" \/>\n<meta name=\"author\" content=\"Telinha\" \/>\n<meta name=\"twitter:card\" content=\"summary_large_image\" \/>\n<meta name=\"twitter:label1\" content=\"Escrito por\" \/>\n\t<meta name=\"twitter:data1\" content=\"Telinha\" \/>\n\t<meta name=\"twitter:label2\" content=\"Tempo estimado de leitura\" \/>\n\t<meta name=\"twitter:data2\" content=\"2 minutos\" \/>\n<script type=\"application\/ld+json\" class=\"yoast-schema-graph\">{\"@context\":\"https:\/\/schema.org\",\"@graph\":[{\"@type\":\"Article\",\"@id\":\"https:\/\/portaltela.pt\/noticias\/2026\/03\/30\/restaurantes-libaneses-em-lisboa-apoiam-afetados-pela-guerra-no-libano\/#article\",\"isPartOf\":{\"@id\":\"https:\/\/portaltela.pt\/noticias\/2026\/03\/30\/restaurantes-libaneses-em-lisboa-apoiam-afetados-pela-guerra-no-libano\/\"},\"author\":{\"name\":\"Telinha\",\"@id\":\"https:\/\/portaltela.pt\/#\/schema\/person\/c4278d4a6028830caff9ee44b42d32ed\"},\"headline\":\"Restaurantes libaneses em Lisboa apoiam afetados pela guerra no L\u00edbano\",\"datePublished\":\"2026-03-30T15:47:46+00:00\",\"mainEntityOfPage\":{\"@id\":\"https:\/\/portaltela.pt\/noticias\/2026\/03\/30\/restaurantes-libaneses-em-lisboa-apoiam-afetados-pela-guerra-no-libano\/\"},\"wordCount\":386,\"image\":{\"@id\":\"https:\/\/portaltela.pt\/noticias\/2026\/03\/30\/restaurantes-libaneses-em-lisboa-apoiam-afetados-pela-guerra-no-libano\/#primaryimage\"},\"thumbnailUrl\":\"https:\/\/portaltela.pt\/s.01k8rhncp4jt1\/2026\/03\/2078007.jpg\",\"keywords\":[\"ajuda humanit\u00e1ria\",\"filantropia\",\"gastronomia\",\"L\u00edbano\",\"Lisboa\",\"Solidariedade Social\"],\"articleSection\":[\"Sa\u00fade\",\"Sociedade\"],\"inLanguage\":\"pt-PT\"},{\"@type\":\"WebPage\",\"@id\":\"https:\/\/portaltela.pt\/noticias\/2026\/03\/30\/restaurantes-libaneses-em-lisboa-apoiam-afetados-pela-guerra-no-libano\/\",\"url\":\"https:\/\/portaltela.pt\/noticias\/2026\/03\/30\/restaurantes-libaneses-em-lisboa-apoiam-afetados-pela-guerra-no-libano\/\",\"name\":\"Restaurantes libaneses em Lisboa apoiam afetados pela guerra no L\u00edbano - Portal Tela Portugal\",\"isPartOf\":{\"@id\":\"https:\/\/portaltela.pt\/#website\"},\"primaryImageOfPage\":{\"@id\":\"https:\/\/portaltela.pt\/noticias\/2026\/03\/30\/restaurantes-libaneses-em-lisboa-apoiam-afetados-pela-guerra-no-libano\/#primaryimage\"},\"image\":{\"@id\":\"https:\/\/portaltela.pt\/noticias\/2026\/03\/30\/restaurantes-libaneses-em-lisboa-apoiam-afetados-pela-guerra-no-libano\/#primaryimage\"},\"thumbnailUrl\":\"https:\/\/portaltela.pt\/s.01k8rhncp4jt1\/2026\/03\/2078007.jpg\",\"datePublished\":\"2026-03-30T15:47:46+00:00\",\"author\":{\"@id\":\"https:\/\/portaltela.pt\/#\/schema\/person\/c4278d4a6028830caff9ee44b42d32ed\"},\"breadcrumb\":{\"@id\":\"https:\/\/portaltela.pt\/noticias\/2026\/03\/30\/restaurantes-libaneses-em-lisboa-apoiam-afetados-pela-guerra-no-libano\/#breadcrumb\"},\"inLanguage\":\"pt-PT\",\"potentialAction\":[{\"@type\":\"ReadAction\",\"target\":[\"https:\/\/portaltela.pt\/noticias\/2026\/03\/30\/restaurantes-libaneses-em-lisboa-apoiam-afetados-pela-guerra-no-libano\/\"]}]},{\"@type\":\"ImageObject\",\"inLanguage\":\"pt-PT\",\"@id\":\"https:\/\/portaltela.pt\/noticias\/2026\/03\/30\/restaurantes-libaneses-em-lisboa-apoiam-afetados-pela-guerra-no-libano\/#primaryimage\",\"url\":\"https:\/\/portaltela.pt\/s.01k8rhncp4jt1\/2026\/03\/2078007.jpg\",\"contentUrl\":\"https:\/\/portaltela.pt\/s.01k8rhncp4jt1\/2026\/03\/2078007.jpg\",\"width\":796,\"height\":448,\"caption\":\"Uma homenagem \u00e0 gastronomia libanesa com sabor a solidariedade (na imagem: Touta)\"},{\"@type\":\"BreadcrumbList\",\"@id\":\"https:\/\/portaltela.pt\/noticias\/2026\/03\/30\/restaurantes-libaneses-em-lisboa-apoiam-afetados-pela-guerra-no-libano\/#breadcrumb\",\"itemListElement\":[{\"@type\":\"ListItem\",\"position\":1,\"name\":\"In\u00edcio\",\"item\":\"https:\/\/portaltela.pt\/\"},{\"@type\":\"ListItem\",\"position\":2,\"name\":\"Restaurantes libaneses em Lisboa apoiam afetados pela guerra no L\u00edbano\"}]},{\"@type\":\"WebSite\",\"@id\":\"https:\/\/portaltela.pt\/#website\",\"url\":\"https:\/\/portaltela.pt\/\",\"name\":\"Portal Tela Portugal\",\"description\":\"\",\"potentialAction\":[{\"@type\":\"SearchAction\",\"target\":{\"@type\":\"EntryPoint\",\"urlTemplate\":\"https:\/\/portaltela.pt\/?s={search_term_string}\"},\"query-input\":{\"@type\":\"PropertyValueSpecification\",\"valueRequired\":true,\"valueName\":\"search_term_string\"}}],\"inLanguage\":\"pt-PT\"},{\"@type\":\"Person\",\"@id\":\"https:\/\/portaltela.pt\/#\/schema\/person\/c4278d4a6028830caff9ee44b42d32ed\",\"name\":\"Telinha\",\"image\":{\"@type\":\"ImageObject\",\"inLanguage\":\"pt-PT\",\"@id\":\"https:\/\/portaltela.pt\/s.01k8rhncp4jt1\/2025\/11\/talking-bot-125x125.png\",\"url\":\"https:\/\/portaltela.pt\/s.01k8rhncp4jt1\/2025\/11\/talking-bot-125x125.png\",\"contentUrl\":\"https:\/\/portaltela.pt\/s.01k8rhncp4jt1\/2025\/11\/talking-bot-125x125.png\",\"caption\":\"Telinha\"},\"sameAs\":[\"https:\/\/portaltela.pt\/\"],\"url\":\"https:\/\/portaltela.pt\/por\/367410592786\/\"}]}<\/script>\n<!-- \/ Yoast SEO plugin. -->","yoast_head_json":{"title":"Restaurantes libaneses em Lisboa apoiam afetados pela guerra no L\u00edbano - Portal Tela Portugal","robots":{"index":"index","follow":"follow","max-snippet":"max-snippet:-1","max-image-preview":"max-image-preview:large","max-video-preview":"max-video-preview:-1"},"og_locale":"pt_PT","og_type":"article","og_title":"Restaurantes libaneses em Lisboa apoiam afetados pela guerra no L\u00edbano - Portal Tela Portugal","og_description":"At\u00e9 17 de abril, oito restaurantes libaneses em Lisboa v\u00e3o doar parte dos lucros para apoiar a ajuda humanit\u00e1ria no L\u00edbano, na iniciativa \"Jante e Doe para o L\u00edbano\". Participam os restaurantes Meza Libaneza, Bal, Touta, Sumaya, Falafoliva, The Happy Salad, Ma\u00edda e Taza. O dinheiro \u00e9 encaminhado para a associa\u00e7\u00e3o Caram Portugal, que o reencaminha para organiza\u00e7\u00f5es parceiras no terreno; a Caram Portugal atualmente re\u00fane cerca de 200 associados. O Alto Comissariado da ONU para os Refugiados (ACNUR) aponta uma situa\u00e7\u00e3o extremamente preocupante no L\u00edbano, com mais de um milh\u00e3o de deslocados devido aos ataques israelitas. No dia 1 de abril, haver\u00e1 um menu especial que combina pratos do M\u00e9dio Oriente com sabores portugueses, para apoiar a causa.","og_url":"https:\/\/portaltela.pt\/noticias\/2026\/03\/30\/restaurantes-libaneses-em-lisboa-apoiam-afetados-pela-guerra-no-libano\/","og_site_name":"Portal Tela Portugal","article_published_time":"2026-03-30T15:47:46+00:00","author":"Telinha","twitter_card":"summary_large_image","twitter_misc":{"Escrito por":"Telinha","Tempo estimado de leitura":"2 minutos"},"schema":{"@context":"https:\/\/schema.org","@graph":[{"@type":"Article","@id":"https:\/\/portaltela.pt\/noticias\/2026\/03\/30\/restaurantes-libaneses-em-lisboa-apoiam-afetados-pela-guerra-no-libano\/#article","isPartOf":{"@id":"https:\/\/portaltela.pt\/noticias\/2026\/03\/30\/restaurantes-libaneses-em-lisboa-apoiam-afetados-pela-guerra-no-libano\/"},"author":{"name":"Telinha","@id":"https:\/\/portaltela.pt\/#\/schema\/person\/c4278d4a6028830caff9ee44b42d32ed"},"headline":"Restaurantes libaneses em Lisboa apoiam afetados pela guerra no L\u00edbano","datePublished":"2026-03-30T15:47:46+00:00","mainEntityOfPage":{"@id":"https:\/\/portaltela.pt\/noticias\/2026\/03\/30\/restaurantes-libaneses-em-lisboa-apoiam-afetados-pela-guerra-no-libano\/"},"wordCount":386,"image":{"@id":"https:\/\/portaltela.pt\/noticias\/2026\/03\/30\/restaurantes-libaneses-em-lisboa-apoiam-afetados-pela-guerra-no-libano\/#primaryimage"},"thumbnailUrl":"https:\/\/portaltela.pt\/s.01k8rhncp4jt1\/2026\/03\/2078007.jpg","keywords":["ajuda humanit\u00e1ria","filantropia","gastronomia","L\u00edbano","Lisboa","Solidariedade Social"],"articleSection":["Sa\u00fade","Sociedade"],"inLanguage":"pt-PT"},{"@type":"WebPage","@id":"https:\/\/portaltela.pt\/noticias\/2026\/03\/30\/restaurantes-libaneses-em-lisboa-apoiam-afetados-pela-guerra-no-libano\/","url":"https:\/\/portaltela.pt\/noticias\/2026\/03\/30\/restaurantes-libaneses-em-lisboa-apoiam-afetados-pela-guerra-no-libano\/","name":"Restaurantes libaneses em Lisboa apoiam afetados pela guerra no L\u00edbano - Portal Tela Portugal","isPartOf":{"@id":"https:\/\/portaltela.pt\/#website"},"primaryImageOfPage":{"@id":"https:\/\/portaltela.pt\/noticias\/2026\/03\/30\/restaurantes-libaneses-em-lisboa-apoiam-afetados-pela-guerra-no-libano\/#primaryimage"},"image":{"@id":"https:\/\/portaltela.pt\/noticias\/2026\/03\/30\/restaurantes-libaneses-em-lisboa-apoiam-afetados-pela-guerra-no-libano\/#primaryimage"},"thumbnailUrl":"https:\/\/portaltela.pt\/s.01k8rhncp4jt1\/2026\/03\/2078007.jpg","datePublished":"2026-03-30T15:47:46+00:00","author":{"@id":"https:\/\/portaltela.pt\/#\/schema\/person\/c4278d4a6028830caff9ee44b42d32ed"},"breadcrumb":{"@id":"https:\/\/portaltela.pt\/noticias\/2026\/03\/30\/restaurantes-libaneses-em-lisboa-apoiam-afetados-pela-guerra-no-libano\/#breadcrumb"},"inLanguage":"pt-PT","potentialAction":[{"@type":"ReadAction","target":["https:\/\/portaltela.pt\/noticias\/2026\/03\/30\/restaurantes-libaneses-em-lisboa-apoiam-afetados-pela-guerra-no-libano\/"]}]},{"@type":"ImageObject","inLanguage":"pt-PT","@id":"https:\/\/portaltela.pt\/noticias\/2026\/03\/30\/restaurantes-libaneses-em-lisboa-apoiam-afetados-pela-guerra-no-libano\/#primaryimage","url":"https:\/\/portaltela.pt\/s.01k8rhncp4jt1\/2026\/03\/2078007.jpg","contentUrl":"https:\/\/portaltela.pt\/s.01k8rhncp4jt1\/2026\/03\/2078007.jpg","width":796,"height":448,"caption":"Uma homenagem \u00e0 gastronomia libanesa com sabor a solidariedade (na imagem: Touta)"},{"@type":"BreadcrumbList","@id":"https:\/\/portaltela.pt\/noticias\/2026\/03\/30\/restaurantes-libaneses-em-lisboa-apoiam-afetados-pela-guerra-no-libano\/#breadcrumb","itemListElement":[{"@type":"ListItem","position":1,"name":"In\u00edcio","item":"https:\/\/portaltela.pt\/"},{"@type":"ListItem","position":2,"name":"Restaurantes libaneses em Lisboa apoiam afetados pela guerra no L\u00edbano"}]},{"@type":"WebSite","@id":"https:\/\/portaltela.pt\/#website","url":"https:\/\/portaltela.pt\/","name":"Portal Tela Portugal","description":"","potentialAction":[{"@type":"SearchAction","target":{"@type":"EntryPoint","urlTemplate":"https:\/\/portaltela.pt\/?s={search_term_string}"},"query-input":{"@type":"PropertyValueSpecification","valueRequired":true,"valueName":"search_term_string"}}],"inLanguage":"pt-PT"},{"@type":"Person","@id":"https:\/\/portaltela.pt\/#\/schema\/person\/c4278d4a6028830caff9ee44b42d32ed","name":"Telinha","image":{"@type":"ImageObject","inLanguage":"pt-PT","@id":"https:\/\/portaltela.pt\/s.01k8rhncp4jt1\/2025\/11\/talking-bot-125x125.png","url":"https:\/\/portaltela.pt\/s.01k8rhncp4jt1\/2025\/11\/talking-bot-125x125.png","contentUrl":"https:\/\/portaltela.pt\/s.01k8rhncp4jt1\/2025\/11\/talking-bot-125x125.png","caption":"Telinha"},"sameAs":["https:\/\/portaltela.pt\/"],"url":"https:\/\/portaltela.pt\/por\/367410592786\/"}]}},"_links":{"self":[{"href":"https:\/\/portaltela.pt\/api\/wp\/v2\/posts\/427140","targetHints":{"allow":["GET"]}}],"collection":[{"href":"https:\/\/portaltela.pt\/api\/wp\/v2\/posts"}],"about":[{"href":"https:\/\/portaltela.pt\/api\/wp\/v2\/types\/post"}],"author":[{"embeddable":true,"href":"https:\/\/portaltela.pt\/api\/wp\/v2\/users\/2"}],"replies":[{"embeddable":true,"href":"https:\/\/portaltela.pt\/api\/wp\/v2\/comments?post=427140"}],"version-history":[{"count":0,"href":"https:\/\/portaltela.pt\/api\/wp\/v2\/posts\/427140\/revisions"}],"wp:featuredmedia":[{"embeddable":true,"href":"https:\/\/portaltela.pt\/api\/wp\/v2\/media\/427143"}],"wp:attachment":[{"href":"https:\/\/portaltela.pt\/api\/wp\/v2\/media?parent=427140"}],"wp:term":[{"taxonomy":"category","embeddable":true,"href":"https:\/\/portaltela.pt\/api\/wp\/v2\/categories?post=427140"},{"taxonomy":"post_tag","embeddable":true,"href":"https:\/\/portaltela.pt\/api\/wp\/v2\/tags?post=427140"}],"curies":[{"name":"wp","href":"https:\/\/api.w.org\/{rel}","templated":true}]}}