{"id":427139,"date":"2026-03-30T12:13:00","date_gmt":"2026-03-30T15:13:00","guid":{"rendered":"https:\/\/portaltela.pt\/noticias\/2026\/03\/30\/casais-e-jovens-com-rendimentos-baixos-recorrem-mais-a-garantia-publica-diz-bdp\/"},"modified":"2026-03-30T12:13:00","modified_gmt":"2026-03-30T15:13:00","slug":"casais-e-jovens-com-rendimentos-baixos-recorrem-mais-a-garantia-publica-diz-bdp","status":"publish","type":"post","link":"https:\/\/portaltela.pt\/noticias\/economia\/2026\/03\/30\/casais-e-jovens-com-rendimentos-baixos-recorrem-mais-a-garantia-publica-diz-bdp\/","title":{"rendered":"Casais e jovens com rendimentos baixos recorrem mais \u00e0 garantia p\u00fablica, diz BdP"},"content":{"rendered":"<p>Casais e jovens com rendimentos mais baixos recorrem com maior frequ\u00eancia \u00e0 garantia p\u00fablica para a compra de habita\u00e7\u00e3o pr\u00f3pria permanente, segundo dados divulgados pelo Banco de Portugal (BdP). A an\u00e1lise aponta ainda uma taxa de esfor\u00e7o superior entre estes mutu\u00e1rios.<\/p>\n<p>O BdP mostrou que a utiliza\u00e7\u00e3o da garantia p\u00fablica varia conforme a faixa de rendimento, com maior incid\u00eancia entre casais e jovens com rendimentos mais baixos. O objetivo da informa\u00e7\u00e3o \u00e9 detalhar padr\u00f5es de acesso a cr\u00e9dito e mecanismos de garantia no mercado habitacional.<\/p>\n<p>A divulga\u00e7\u00e3o acontece no \u00e2mbito de autoridades monet\u00e1rias nacionais que acompanham o comportamento do cr\u00e9dito \u00e0 habita\u00e7\u00e3o. O estudo observa diferen\u00e7as entre perfis de mutu\u00e1rios e sublinha a rela\u00e7\u00e3o entre rendimento, uso de garantias p\u00fablicas e carga financeira.<\/p>\n<h3>Aspectos-chave da an\u00e1lise<\/h3>\n<ul>\n<li>O estudo concentra-se em mutu\u00e1rios que recorrem a garantias p\u00fablicas para aquisi\u00e7\u00e3o de casa pr\u00f3pria.<\/li>\n<li>Observa-se uma taxa de esfor\u00e7o mais elevada nesses grupos de menor rendimento.<\/li>\n<li>O BdP analisa impactos na estabilidade financeira destes agregados e no mercado de cr\u00e9dito.<\/li>\n<\/ul>\n","protected":false},"excerpt":{"rendered":"<ul>\n<li>Dados do Banco de Portugal indicam que casais e mutu\u00e1rios com rendimentos mais baixos recorrem mais vezes \u00e0 garantia p\u00fablica na compra de habita\u00e7\u00e3o pr\u00f3pria permanente.<\/li>\n<li>Esses grupos apresentam uma taxa de esfor\u00e7o superior em compara\u00e7\u00e3o com rendimentos mais elevados.<\/li>\n<\/ul>\n","protected":false},"author":2,"featured_media":427144,"comment_status":"closed","ping_status":"closed","sticky":false,"template":"","format":"standard","meta":{"footnotes":""},"categories":[2,6850],"tags":[6115,7454,5494,1960,2323,1010],"class_list":["post-427139","post","type-post","status-publish","format-standard","has-post-thumbnail","hentry","category-economia","category-financas","tag-_economia","tag-a-habitacao","tag-casais","tag-credito","tag-credito-habitacao","tag-habitacao-publica"],"yoast_head":"<!-- This site is optimized with the Yoast SEO plugin v27.2 - https:\/\/yoast.com\/product\/yoast-seo-wordpress\/ -->\n<title>Casais e jovens com rendimentos baixos recorrem mais \u00e0 garantia p\u00fablica, diz BdP - Portal Tela Portugal<\/title>\n<meta name=\"robots\" content=\"index, follow, max-snippet:-1, max-image-preview:large, max-video-preview:-1\" \/>\n<meta property=\"og:locale\" content=\"pt_PT\" \/>\n<meta property=\"og:type\" content=\"article\" \/>\n<meta property=\"og:title\" content=\"Casais e jovens com rendimentos baixos recorrem mais \u00e0 garantia p\u00fablica, diz BdP - Portal Tela Portugal\" \/>\n<meta property=\"og:description\" content=\"Dados do Banco de Portugal indicam que casais e mutu\u00e1rios com rendimentos mais baixos recorrem mais vezes \u00e0 garantia p\u00fablica na compra de habita\u00e7\u00e3o pr\u00f3pria permanente. Esses grupos apresentam uma taxa de esfor\u00e7o superior em compara\u00e7\u00e3o com rendimentos mais elevados.\" \/>\n<meta property=\"og:url\" content=\"https:\/\/portaltela.pt\/noticias\/2026\/03\/30\/casais-e-jovens-com-rendimentos-baixos-recorrem-mais-a-garantia-publica-diz-bdp\/\" \/>\n<meta property=\"og:site_name\" content=\"Portal Tela Portugal\" \/>\n<meta property=\"article:published_time\" content=\"2026-03-30T15:13:00+00:00\" \/>\n<meta name=\"author\" content=\"Telinha\" \/>\n<meta name=\"twitter:card\" content=\"summary_large_image\" \/>\n<meta name=\"twitter:label1\" content=\"Escrito por\" \/>\n\t<meta name=\"twitter:data1\" content=\"Telinha\" \/>\n\t<meta name=\"twitter:label2\" content=\"Tempo estimado de leitura\" \/>\n\t<meta name=\"twitter:data2\" content=\"1 minuto\" \/>\n<script type=\"application\/ld+json\" class=\"yoast-schema-graph\">{\"@context\":\"https:\/\/schema.org\",\"@graph\":[{\"@type\":\"Article\",\"@id\":\"https:\/\/portaltela.pt\/noticias\/2026\/03\/30\/casais-e-jovens-com-rendimentos-baixos-recorrem-mais-a-garantia-publica-diz-bdp\/#article\",\"isPartOf\":{\"@id\":\"https:\/\/portaltela.pt\/noticias\/2026\/03\/30\/casais-e-jovens-com-rendimentos-baixos-recorrem-mais-a-garantia-publica-diz-bdp\/\"},\"author\":{\"name\":\"Telinha\",\"@id\":\"https:\/\/portaltela.pt\/#\/schema\/person\/c4278d4a6028830caff9ee44b42d32ed\"},\"headline\":\"Casais e jovens com rendimentos baixos recorrem mais \u00e0 garantia p\u00fablica, diz BdP\",\"datePublished\":\"2026-03-30T15:13:00+00:00\",\"mainEntityOfPage\":{\"@id\":\"https:\/\/portaltela.pt\/noticias\/2026\/03\/30\/casais-e-jovens-com-rendimentos-baixos-recorrem-mais-a-garantia-publica-diz-bdp\/\"},\"wordCount\":205,\"image\":{\"@id\":\"https:\/\/portaltela.pt\/noticias\/2026\/03\/30\/casais-e-jovens-com-rendimentos-baixos-recorrem-mais-a-garantia-publica-diz-bdp\/#primaryimage\"},\"thumbnailUrl\":\"https:\/\/portaltela.pt\/s.01k8rhncp4jt1\/2026\/03\/CACHE_780X1200_ANALOG_WATERMARKED_14716558_946908_14122020040949.jpg\",\"keywords\":[\"_economia\",\"a habita\u00e7\u00e3o\",\"casais\",\"cr\u00e9dito\",\"Cr\u00e9dito Habita\u00e7\u00e3o\",\"habita\u00e7\u00e3o p\u00fablica\"],\"articleSection\":[\"Economia\",\"Finan\u00e7as\"],\"inLanguage\":\"pt-PT\"},{\"@type\":\"WebPage\",\"@id\":\"https:\/\/portaltela.pt\/noticias\/2026\/03\/30\/casais-e-jovens-com-rendimentos-baixos-recorrem-mais-a-garantia-publica-diz-bdp\/\",\"url\":\"https:\/\/portaltela.pt\/noticias\/2026\/03\/30\/casais-e-jovens-com-rendimentos-baixos-recorrem-mais-a-garantia-publica-diz-bdp\/\",\"name\":\"Casais e jovens com rendimentos baixos recorrem mais \u00e0 garantia p\u00fablica, diz BdP - Portal Tela Portugal\",\"isPartOf\":{\"@id\":\"https:\/\/portaltela.pt\/#website\"},\"primaryImageOfPage\":{\"@id\":\"https:\/\/portaltela.pt\/noticias\/2026\/03\/30\/casais-e-jovens-com-rendimentos-baixos-recorrem-mais-a-garantia-publica-diz-bdp\/#primaryimage\"},\"image\":{\"@id\":\"https:\/\/portaltela.pt\/noticias\/2026\/03\/30\/casais-e-jovens-com-rendimentos-baixos-recorrem-mais-a-garantia-publica-diz-bdp\/#primaryimage\"},\"thumbnailUrl\":\"https:\/\/portaltela.pt\/s.01k8rhncp4jt1\/2026\/03\/CACHE_780X1200_ANALOG_WATERMARKED_14716558_946908_14122020040949.jpg\",\"datePublished\":\"2026-03-30T15:13:00+00:00\",\"author\":{\"@id\":\"https:\/\/portaltela.pt\/#\/schema\/person\/c4278d4a6028830caff9ee44b42d32ed\"},\"breadcrumb\":{\"@id\":\"https:\/\/portaltela.pt\/noticias\/2026\/03\/30\/casais-e-jovens-com-rendimentos-baixos-recorrem-mais-a-garantia-publica-diz-bdp\/#breadcrumb\"},\"inLanguage\":\"pt-PT\",\"potentialAction\":[{\"@type\":\"ReadAction\",\"target\":[\"https:\/\/portaltela.pt\/noticias\/2026\/03\/30\/casais-e-jovens-com-rendimentos-baixos-recorrem-mais-a-garantia-publica-diz-bdp\/\"]}]},{\"@type\":\"ImageObject\",\"inLanguage\":\"pt-PT\",\"@id\":\"https:\/\/portaltela.pt\/noticias\/2026\/03\/30\/casais-e-jovens-com-rendimentos-baixos-recorrem-mais-a-garantia-publica-diz-bdp\/#primaryimage\",\"url\":\"https:\/\/portaltela.pt\/s.01k8rhncp4jt1\/2026\/03\/CACHE_780X1200_ANALOG_WATERMARKED_14716558_946908_14122020040949.jpg\",\"contentUrl\":\"https:\/\/portaltela.pt\/s.01k8rhncp4jt1\/2026\/03\/CACHE_780X1200_ANALOG_WATERMARKED_14716558_946908_14122020040949.jpg\",\"width\":796,\"height\":448,\"caption\":\"Casais e jovens com rendimentos mais baixos recorrem mais \u00e0 garantia p\u00fablica \u2013 BdP\"},{\"@type\":\"BreadcrumbList\",\"@id\":\"https:\/\/portaltela.pt\/noticias\/2026\/03\/30\/casais-e-jovens-com-rendimentos-baixos-recorrem-mais-a-garantia-publica-diz-bdp\/#breadcrumb\",\"itemListElement\":[{\"@type\":\"ListItem\",\"position\":1,\"name\":\"In\u00edcio\",\"item\":\"https:\/\/portaltela.pt\/\"},{\"@type\":\"ListItem\",\"position\":2,\"name\":\"Casais e jovens com rendimentos baixos recorrem mais \u00e0 garantia p\u00fablica, diz BdP\"}]},{\"@type\":\"WebSite\",\"@id\":\"https:\/\/portaltela.pt\/#website\",\"url\":\"https:\/\/portaltela.pt\/\",\"name\":\"Portal Tela Portugal\",\"description\":\"\",\"potentialAction\":[{\"@type\":\"SearchAction\",\"target\":{\"@type\":\"EntryPoint\",\"urlTemplate\":\"https:\/\/portaltela.pt\/?s={search_term_string}\"},\"query-input\":{\"@type\":\"PropertyValueSpecification\",\"valueRequired\":true,\"valueName\":\"search_term_string\"}}],\"inLanguage\":\"pt-PT\"},{\"@type\":\"Person\",\"@id\":\"https:\/\/portaltela.pt\/#\/schema\/person\/c4278d4a6028830caff9ee44b42d32ed\",\"name\":\"Telinha\",\"image\":{\"@type\":\"ImageObject\",\"inLanguage\":\"pt-PT\",\"@id\":\"https:\/\/portaltela.pt\/s.01k8rhncp4jt1\/2025\/11\/talking-bot-125x125.png\",\"url\":\"https:\/\/portaltela.pt\/s.01k8rhncp4jt1\/2025\/11\/talking-bot-125x125.png\",\"contentUrl\":\"https:\/\/portaltela.pt\/s.01k8rhncp4jt1\/2025\/11\/talking-bot-125x125.png\",\"caption\":\"Telinha\"},\"sameAs\":[\"https:\/\/portaltela.pt\/\"],\"url\":\"https:\/\/portaltela.pt\/por\/367410592786\/\"}]}<\/script>\n<!-- \/ Yoast SEO plugin. -->","yoast_head_json":{"title":"Casais e jovens com rendimentos baixos recorrem mais \u00e0 garantia p\u00fablica, diz BdP - Portal Tela Portugal","robots":{"index":"index","follow":"follow","max-snippet":"max-snippet:-1","max-image-preview":"max-image-preview:large","max-video-preview":"max-video-preview:-1"},"og_locale":"pt_PT","og_type":"article","og_title":"Casais e jovens com rendimentos baixos recorrem mais \u00e0 garantia p\u00fablica, diz BdP - Portal Tela Portugal","og_description":"Dados do Banco de Portugal indicam que casais e mutu\u00e1rios com rendimentos mais baixos recorrem mais vezes \u00e0 garantia p\u00fablica na compra de habita\u00e7\u00e3o pr\u00f3pria permanente. Esses grupos apresentam uma taxa de esfor\u00e7o superior em compara\u00e7\u00e3o com rendimentos mais elevados.","og_url":"https:\/\/portaltela.pt\/noticias\/2026\/03\/30\/casais-e-jovens-com-rendimentos-baixos-recorrem-mais-a-garantia-publica-diz-bdp\/","og_site_name":"Portal Tela Portugal","article_published_time":"2026-03-30T15:13:00+00:00","author":"Telinha","twitter_card":"summary_large_image","twitter_misc":{"Escrito por":"Telinha","Tempo estimado de leitura":"1 minuto"},"schema":{"@context":"https:\/\/schema.org","@graph":[{"@type":"Article","@id":"https:\/\/portaltela.pt\/noticias\/2026\/03\/30\/casais-e-jovens-com-rendimentos-baixos-recorrem-mais-a-garantia-publica-diz-bdp\/#article","isPartOf":{"@id":"https:\/\/portaltela.pt\/noticias\/2026\/03\/30\/casais-e-jovens-com-rendimentos-baixos-recorrem-mais-a-garantia-publica-diz-bdp\/"},"author":{"name":"Telinha","@id":"https:\/\/portaltela.pt\/#\/schema\/person\/c4278d4a6028830caff9ee44b42d32ed"},"headline":"Casais e jovens com rendimentos baixos recorrem mais \u00e0 garantia p\u00fablica, diz BdP","datePublished":"2026-03-30T15:13:00+00:00","mainEntityOfPage":{"@id":"https:\/\/portaltela.pt\/noticias\/2026\/03\/30\/casais-e-jovens-com-rendimentos-baixos-recorrem-mais-a-garantia-publica-diz-bdp\/"},"wordCount":205,"image":{"@id":"https:\/\/portaltela.pt\/noticias\/2026\/03\/30\/casais-e-jovens-com-rendimentos-baixos-recorrem-mais-a-garantia-publica-diz-bdp\/#primaryimage"},"thumbnailUrl":"https:\/\/portaltela.pt\/s.01k8rhncp4jt1\/2026\/03\/CACHE_780X1200_ANALOG_WATERMARKED_14716558_946908_14122020040949.jpg","keywords":["_economia","a habita\u00e7\u00e3o","casais","cr\u00e9dito","Cr\u00e9dito Habita\u00e7\u00e3o","habita\u00e7\u00e3o p\u00fablica"],"articleSection":["Economia","Finan\u00e7as"],"inLanguage":"pt-PT"},{"@type":"WebPage","@id":"https:\/\/portaltela.pt\/noticias\/2026\/03\/30\/casais-e-jovens-com-rendimentos-baixos-recorrem-mais-a-garantia-publica-diz-bdp\/","url":"https:\/\/portaltela.pt\/noticias\/2026\/03\/30\/casais-e-jovens-com-rendimentos-baixos-recorrem-mais-a-garantia-publica-diz-bdp\/","name":"Casais e jovens com rendimentos baixos recorrem mais \u00e0 garantia p\u00fablica, diz BdP - Portal Tela Portugal","isPartOf":{"@id":"https:\/\/portaltela.pt\/#website"},"primaryImageOfPage":{"@id":"https:\/\/portaltela.pt\/noticias\/2026\/03\/30\/casais-e-jovens-com-rendimentos-baixos-recorrem-mais-a-garantia-publica-diz-bdp\/#primaryimage"},"image":{"@id":"https:\/\/portaltela.pt\/noticias\/2026\/03\/30\/casais-e-jovens-com-rendimentos-baixos-recorrem-mais-a-garantia-publica-diz-bdp\/#primaryimage"},"thumbnailUrl":"https:\/\/portaltela.pt\/s.01k8rhncp4jt1\/2026\/03\/CACHE_780X1200_ANALOG_WATERMARKED_14716558_946908_14122020040949.jpg","datePublished":"2026-03-30T15:13:00+00:00","author":{"@id":"https:\/\/portaltela.pt\/#\/schema\/person\/c4278d4a6028830caff9ee44b42d32ed"},"breadcrumb":{"@id":"https:\/\/portaltela.pt\/noticias\/2026\/03\/30\/casais-e-jovens-com-rendimentos-baixos-recorrem-mais-a-garantia-publica-diz-bdp\/#breadcrumb"},"inLanguage":"pt-PT","potentialAction":[{"@type":"ReadAction","target":["https:\/\/portaltela.pt\/noticias\/2026\/03\/30\/casais-e-jovens-com-rendimentos-baixos-recorrem-mais-a-garantia-publica-diz-bdp\/"]}]},{"@type":"ImageObject","inLanguage":"pt-PT","@id":"https:\/\/portaltela.pt\/noticias\/2026\/03\/30\/casais-e-jovens-com-rendimentos-baixos-recorrem-mais-a-garantia-publica-diz-bdp\/#primaryimage","url":"https:\/\/portaltela.pt\/s.01k8rhncp4jt1\/2026\/03\/CACHE_780X1200_ANALOG_WATERMARKED_14716558_946908_14122020040949.jpg","contentUrl":"https:\/\/portaltela.pt\/s.01k8rhncp4jt1\/2026\/03\/CACHE_780X1200_ANALOG_WATERMARKED_14716558_946908_14122020040949.jpg","width":796,"height":448,"caption":"Casais e jovens com rendimentos mais baixos recorrem mais \u00e0 garantia p\u00fablica \u2013 BdP"},{"@type":"BreadcrumbList","@id":"https:\/\/portaltela.pt\/noticias\/2026\/03\/30\/casais-e-jovens-com-rendimentos-baixos-recorrem-mais-a-garantia-publica-diz-bdp\/#breadcrumb","itemListElement":[{"@type":"ListItem","position":1,"name":"In\u00edcio","item":"https:\/\/portaltela.pt\/"},{"@type":"ListItem","position":2,"name":"Casais e jovens com rendimentos baixos recorrem mais \u00e0 garantia p\u00fablica, diz BdP"}]},{"@type":"WebSite","@id":"https:\/\/portaltela.pt\/#website","url":"https:\/\/portaltela.pt\/","name":"Portal Tela Portugal","description":"","potentialAction":[{"@type":"SearchAction","target":{"@type":"EntryPoint","urlTemplate":"https:\/\/portaltela.pt\/?s={search_term_string}"},"query-input":{"@type":"PropertyValueSpecification","valueRequired":true,"valueName":"search_term_string"}}],"inLanguage":"pt-PT"},{"@type":"Person","@id":"https:\/\/portaltela.pt\/#\/schema\/person\/c4278d4a6028830caff9ee44b42d32ed","name":"Telinha","image":{"@type":"ImageObject","inLanguage":"pt-PT","@id":"https:\/\/portaltela.pt\/s.01k8rhncp4jt1\/2025\/11\/talking-bot-125x125.png","url":"https:\/\/portaltela.pt\/s.01k8rhncp4jt1\/2025\/11\/talking-bot-125x125.png","contentUrl":"https:\/\/portaltela.pt\/s.01k8rhncp4jt1\/2025\/11\/talking-bot-125x125.png","caption":"Telinha"},"sameAs":["https:\/\/portaltela.pt\/"],"url":"https:\/\/portaltela.pt\/por\/367410592786\/"}]}},"_links":{"self":[{"href":"https:\/\/portaltela.pt\/api\/wp\/v2\/posts\/427139","targetHints":{"allow":["GET"]}}],"collection":[{"href":"https:\/\/portaltela.pt\/api\/wp\/v2\/posts"}],"about":[{"href":"https:\/\/portaltela.pt\/api\/wp\/v2\/types\/post"}],"author":[{"embeddable":true,"href":"https:\/\/portaltela.pt\/api\/wp\/v2\/users\/2"}],"replies":[{"embeddable":true,"href":"https:\/\/portaltela.pt\/api\/wp\/v2\/comments?post=427139"}],"version-history":[{"count":0,"href":"https:\/\/portaltela.pt\/api\/wp\/v2\/posts\/427139\/revisions"}],"wp:featuredmedia":[{"embeddable":true,"href":"https:\/\/portaltela.pt\/api\/wp\/v2\/media\/427144"}],"wp:attachment":[{"href":"https:\/\/portaltela.pt\/api\/wp\/v2\/media?parent=427139"}],"wp:term":[{"taxonomy":"category","embeddable":true,"href":"https:\/\/portaltela.pt\/api\/wp\/v2\/categories?post=427139"},{"taxonomy":"post_tag","embeddable":true,"href":"https:\/\/portaltela.pt\/api\/wp\/v2\/tags?post=427139"}],"curies":[{"name":"wp","href":"https:\/\/api.w.org\/{rel}","templated":true}]}}