{"id":427129,"date":"2026-03-30T12:47:26","date_gmt":"2026-03-30T15:47:26","guid":{"rendered":"https:\/\/portaltela.pt\/noticias\/2026\/03\/30\/gastos-municipais-com-escolas-ultrapassam-o-financiamento-refeicoes-sao-caso-critico\/"},"modified":"2026-03-30T12:47:26","modified_gmt":"2026-03-30T15:47:26","slug":"gastos-municipais-com-escolas-ultrapassam-o-financiamento-refeicoes-sao-caso-critico","status":"publish","type":"post","link":"https:\/\/portaltela.pt\/sociedade\/2026\/03\/30\/gastos-municipais-com-escolas-ultrapassam-o-financiamento-refeicoes-sao-caso-critico\/","title":{"rendered":"Gastos municipais com escolas ultrapassam o financiamento; refei\u00e7\u00f5es s\u00e3o caso cr\u00edtico"},"content":{"rendered":"<p>A transfer\u00eancia de compet\u00eancias na \u00e1rea da educa\u00e7\u00e3o est\u00e1 a ser avaliada pelo Governo. A medida insere-se no processo de reorganiza\u00e7\u00e3o da gest\u00e3o educativa entre o Estado e as autarquias, com foco na eventual revis\u00e3o de financiamento e de r\u00e1cios de recursos humanos.<\/p>\n<p>A avalia\u00e7\u00e3o, apresentada nesta segunda-feira em Lisboa, conta com uma equipa de investigadores da Universidade do Minho. O objetivo \u00e9 aferir impactos da descentraliza\u00e7\u00e3o e identificar necessidades de ajuste financeiro e organizacional.<\/p>\n<p>Quase dois em cada tr\u00eas munic\u00edpios, isto \u00e9, 64%, indicaram que o financiamento dispon\u00edvel para apoio alimentar nas escolas n\u00e3o cobre os custos. A fatia que fica por custear \u00e9 de 20% ou mais das despesas.<\/p>\n<p>O estudo classifica como caso cr\u00edtico a situa\u00e7\u00e3o atual do financiamento para as refei\u00e7\u00f5es escolares, apontando para lacunas que podem comprometer a qualidade e a sustentabilidade do programa de alimenta\u00e7\u00e3o. As conclus\u00f5es visam orientar futuras pol\u00edticas.<\/p>\n<p>Entre os pontos a analisar est\u00e3o os r\u00e1cios de recursos humanos nas escolas e a forma de alinhar o financiamento com as necessidades reais de funcionamento di\u00e1rio. O Governo pretende esclarecer o modelo de financiamento a seguir.<\/p>\n","protected":false},"excerpt":{"rendered":"<ul>\n<li>O Governo encomendou uma avalia\u00e7\u00e3o ao processo de transfer\u00eancia de compet\u00eancias para as autarquias na \u00e1rea da educa\u00e7\u00e3o, com revis\u00e3o de financiamento e dos r\u00e1cios dos recursos humanos.<\/li>\n<li>Quase dois em cada tr\u00eas munic\u00edpios (64 por cento) dizem que o financiamento para o apoio alimentar nas escolas n\u00e3o cobre os gastos, ficando 20 por cento ou mais por custear.<\/li>\n<li>A situa\u00e7\u00e3o \u00e9 descrita como um &#8220;caso cr\u00edtico&#8221; na avalia\u00e7\u00e3o \u00e0 transfer\u00eancia de compet\u00eancias no sector da educa\u00e7\u00e3o.<\/li>\n<li>A apresenta\u00e7\u00e3o ocorreu em Lisboa, na segunda-feira, e foi feita por uma equipa de investigadores da Universidade do Minho.<\/li>\n<\/ul>\n","protected":false},"author":2,"featured_media":427133,"comment_status":"closed","ping_status":"closed","sticky":false,"template":"","format":"standard","meta":{"footnotes":""},"categories":[1,6871],"tags":[6115,86,1275,163,733,1769],"class_list":["post-427129","post","type-post","status-publish","format-standard","has-post-thumbnail","hentry","category-noticias","category-sociedade","tag-_economia","tag-alimentacao","tag-descentralizacao-territorial","tag-educacao","tag-financas-publicas","tag-orcamento-territorio"],"yoast_head":"<!-- This site is optimized with the Yoast SEO plugin v27.2 - https:\/\/yoast.com\/product\/yoast-seo-wordpress\/ -->\n<title>Gastos municipais com escolas ultrapassam o financiamento; refei\u00e7\u00f5es s\u00e3o caso cr\u00edtico - Portal Tela Portugal<\/title>\n<meta name=\"robots\" content=\"index, follow, max-snippet:-1, max-image-preview:large, max-video-preview:-1\" \/>\n<meta property=\"og:locale\" content=\"pt_PT\" \/>\n<meta property=\"og:type\" content=\"article\" \/>\n<meta property=\"og:title\" content=\"Gastos municipais com escolas ultrapassam o financiamento; refei\u00e7\u00f5es s\u00e3o caso cr\u00edtico - Portal Tela Portugal\" \/>\n<meta property=\"og:description\" content=\"O Governo encomendou uma avalia\u00e7\u00e3o ao processo de transfer\u00eancia de compet\u00eancias para as autarquias na \u00e1rea da educa\u00e7\u00e3o, com revis\u00e3o de financiamento e dos r\u00e1cios dos recursos humanos. Quase dois em cada tr\u00eas munic\u00edpios (64 por cento) dizem que o financiamento para o apoio alimentar nas escolas n\u00e3o cobre os gastos, ficando 20 por cento ou mais por custear. A situa\u00e7\u00e3o \u00e9 descrita como um &quot;caso cr\u00edtico&quot; na avalia\u00e7\u00e3o \u00e0 transfer\u00eancia de compet\u00eancias no sector da educa\u00e7\u00e3o. A apresenta\u00e7\u00e3o ocorreu em Lisboa, na segunda-feira, e foi feita por uma equipa de investigadores da Universidade do Minho.\" \/>\n<meta property=\"og:url\" content=\"https:\/\/portaltela.pt\/noticias\/2026\/03\/30\/gastos-municipais-com-escolas-ultrapassam-o-financiamento-refeicoes-sao-caso-critico\/\" \/>\n<meta property=\"og:site_name\" content=\"Portal Tela Portugal\" \/>\n<meta property=\"article:published_time\" content=\"2026-03-30T15:47:26+00:00\" \/>\n<meta name=\"author\" content=\"Telinha\" \/>\n<meta name=\"twitter:card\" content=\"summary_large_image\" \/>\n<meta name=\"twitter:label1\" content=\"Escrito por\" \/>\n\t<meta name=\"twitter:data1\" content=\"Telinha\" \/>\n\t<meta name=\"twitter:label2\" content=\"Tempo estimado de leitura\" \/>\n\t<meta name=\"twitter:data2\" content=\"1 minuto\" \/>\n<script type=\"application\/ld+json\" class=\"yoast-schema-graph\">{\"@context\":\"https:\/\/schema.org\",\"@graph\":[{\"@type\":\"Article\",\"@id\":\"https:\/\/portaltela.pt\/noticias\/2026\/03\/30\/gastos-municipais-com-escolas-ultrapassam-o-financiamento-refeicoes-sao-caso-critico\/#article\",\"isPartOf\":{\"@id\":\"https:\/\/portaltela.pt\/noticias\/2026\/03\/30\/gastos-municipais-com-escolas-ultrapassam-o-financiamento-refeicoes-sao-caso-critico\/\"},\"author\":{\"name\":\"Telinha\",\"@id\":\"https:\/\/portaltela.pt\/#\/schema\/person\/c4278d4a6028830caff9ee44b42d32ed\"},\"headline\":\"Gastos municipais com escolas ultrapassam o financiamento; refei\u00e7\u00f5es s\u00e3o caso cr\u00edtico\",\"datePublished\":\"2026-03-30T15:47:26+00:00\",\"mainEntityOfPage\":{\"@id\":\"https:\/\/portaltela.pt\/noticias\/2026\/03\/30\/gastos-municipais-com-escolas-ultrapassam-o-financiamento-refeicoes-sao-caso-critico\/\"},\"wordCount\":215,\"image\":{\"@id\":\"https:\/\/portaltela.pt\/noticias\/2026\/03\/30\/gastos-municipais-com-escolas-ultrapassam-o-financiamento-refeicoes-sao-caso-critico\/#primaryimage\"},\"thumbnailUrl\":\"https:\/\/portaltela.pt\/s.01k8rhncp4jt1\/2026\/03\/2077953.jpg\",\"keywords\":[\"_economia\",\"alimenta\u00e7\u00e3o\",\"descentraliza\u00e7\u00e3o territorial\",\"educa\u00e7\u00e3o\",\"finan\u00e7as p\u00fablicas\",\"Or\u00e7amento\/Territ\u00f3rio\"],\"articleSection\":[\"Not\u00edcias\",\"Sociedade\"],\"inLanguage\":\"pt-PT\"},{\"@type\":\"WebPage\",\"@id\":\"https:\/\/portaltela.pt\/noticias\/2026\/03\/30\/gastos-municipais-com-escolas-ultrapassam-o-financiamento-refeicoes-sao-caso-critico\/\",\"url\":\"https:\/\/portaltela.pt\/noticias\/2026\/03\/30\/gastos-municipais-com-escolas-ultrapassam-o-financiamento-refeicoes-sao-caso-critico\/\",\"name\":\"Gastos municipais com escolas ultrapassam o financiamento; refei\u00e7\u00f5es s\u00e3o caso cr\u00edtico - Portal Tela Portugal\",\"isPartOf\":{\"@id\":\"https:\/\/portaltela.pt\/#website\"},\"primaryImageOfPage\":{\"@id\":\"https:\/\/portaltela.pt\/noticias\/2026\/03\/30\/gastos-municipais-com-escolas-ultrapassam-o-financiamento-refeicoes-sao-caso-critico\/#primaryimage\"},\"image\":{\"@id\":\"https:\/\/portaltela.pt\/noticias\/2026\/03\/30\/gastos-municipais-com-escolas-ultrapassam-o-financiamento-refeicoes-sao-caso-critico\/#primaryimage\"},\"thumbnailUrl\":\"https:\/\/portaltela.pt\/s.01k8rhncp4jt1\/2026\/03\/2077953.jpg\",\"datePublished\":\"2026-03-30T15:47:26+00:00\",\"author\":{\"@id\":\"https:\/\/portaltela.pt\/#\/schema\/person\/c4278d4a6028830caff9ee44b42d32ed\"},\"breadcrumb\":{\"@id\":\"https:\/\/portaltela.pt\/noticias\/2026\/03\/30\/gastos-municipais-com-escolas-ultrapassam-o-financiamento-refeicoes-sao-caso-critico\/#breadcrumb\"},\"inLanguage\":\"pt-PT\",\"potentialAction\":[{\"@type\":\"ReadAction\",\"target\":[\"https:\/\/portaltela.pt\/noticias\/2026\/03\/30\/gastos-municipais-com-escolas-ultrapassam-o-financiamento-refeicoes-sao-caso-critico\/\"]}]},{\"@type\":\"ImageObject\",\"inLanguage\":\"pt-PT\",\"@id\":\"https:\/\/portaltela.pt\/noticias\/2026\/03\/30\/gastos-municipais-com-escolas-ultrapassam-o-financiamento-refeicoes-sao-caso-critico\/#primaryimage\",\"url\":\"https:\/\/portaltela.pt\/s.01k8rhncp4jt1\/2026\/03\/2077953.jpg\",\"contentUrl\":\"https:\/\/portaltela.pt\/s.01k8rhncp4jt1\/2026\/03\/2077953.jpg\",\"width\":796,\"height\":448,\"caption\":\"A percep\u00e7\u00e3o generalizada de subfinanciamento aplica-se a todas as rubricas da actividade educativa\"},{\"@type\":\"BreadcrumbList\",\"@id\":\"https:\/\/portaltela.pt\/noticias\/2026\/03\/30\/gastos-municipais-com-escolas-ultrapassam-o-financiamento-refeicoes-sao-caso-critico\/#breadcrumb\",\"itemListElement\":[{\"@type\":\"ListItem\",\"position\":1,\"name\":\"In\u00edcio\",\"item\":\"https:\/\/portaltela.pt\/\"},{\"@type\":\"ListItem\",\"position\":2,\"name\":\"Gastos municipais com escolas ultrapassam o financiamento; refei\u00e7\u00f5es s\u00e3o caso cr\u00edtico\"}]},{\"@type\":\"WebSite\",\"@id\":\"https:\/\/portaltela.pt\/#website\",\"url\":\"https:\/\/portaltela.pt\/\",\"name\":\"Portal Tela Portugal\",\"description\":\"\",\"potentialAction\":[{\"@type\":\"SearchAction\",\"target\":{\"@type\":\"EntryPoint\",\"urlTemplate\":\"https:\/\/portaltela.pt\/?s={search_term_string}\"},\"query-input\":{\"@type\":\"PropertyValueSpecification\",\"valueRequired\":true,\"valueName\":\"search_term_string\"}}],\"inLanguage\":\"pt-PT\"},{\"@type\":\"Person\",\"@id\":\"https:\/\/portaltela.pt\/#\/schema\/person\/c4278d4a6028830caff9ee44b42d32ed\",\"name\":\"Telinha\",\"image\":{\"@type\":\"ImageObject\",\"inLanguage\":\"pt-PT\",\"@id\":\"https:\/\/portaltela.pt\/s.01k8rhncp4jt1\/2025\/11\/talking-bot-125x125.png\",\"url\":\"https:\/\/portaltela.pt\/s.01k8rhncp4jt1\/2025\/11\/talking-bot-125x125.png\",\"contentUrl\":\"https:\/\/portaltela.pt\/s.01k8rhncp4jt1\/2025\/11\/talking-bot-125x125.png\",\"caption\":\"Telinha\"},\"sameAs\":[\"https:\/\/portaltela.pt\/\"],\"url\":\"https:\/\/portaltela.pt\/por\/367410592786\/\"}]}<\/script>\n<!-- \/ Yoast SEO plugin. -->","yoast_head_json":{"title":"Gastos municipais com escolas ultrapassam o financiamento; refei\u00e7\u00f5es s\u00e3o caso cr\u00edtico - Portal Tela Portugal","robots":{"index":"index","follow":"follow","max-snippet":"max-snippet:-1","max-image-preview":"max-image-preview:large","max-video-preview":"max-video-preview:-1"},"og_locale":"pt_PT","og_type":"article","og_title":"Gastos municipais com escolas ultrapassam o financiamento; refei\u00e7\u00f5es s\u00e3o caso cr\u00edtico - Portal Tela Portugal","og_description":"O Governo encomendou uma avalia\u00e7\u00e3o ao processo de transfer\u00eancia de compet\u00eancias para as autarquias na \u00e1rea da educa\u00e7\u00e3o, com revis\u00e3o de financiamento e dos r\u00e1cios dos recursos humanos. Quase dois em cada tr\u00eas munic\u00edpios (64 por cento) dizem que o financiamento para o apoio alimentar nas escolas n\u00e3o cobre os gastos, ficando 20 por cento ou mais por custear. A situa\u00e7\u00e3o \u00e9 descrita como um \"caso cr\u00edtico\" na avalia\u00e7\u00e3o \u00e0 transfer\u00eancia de compet\u00eancias no sector da educa\u00e7\u00e3o. A apresenta\u00e7\u00e3o ocorreu em Lisboa, na segunda-feira, e foi feita por uma equipa de investigadores da Universidade do Minho.","og_url":"https:\/\/portaltela.pt\/noticias\/2026\/03\/30\/gastos-municipais-com-escolas-ultrapassam-o-financiamento-refeicoes-sao-caso-critico\/","og_site_name":"Portal Tela Portugal","article_published_time":"2026-03-30T15:47:26+00:00","author":"Telinha","twitter_card":"summary_large_image","twitter_misc":{"Escrito por":"Telinha","Tempo estimado de leitura":"1 minuto"},"schema":{"@context":"https:\/\/schema.org","@graph":[{"@type":"Article","@id":"https:\/\/portaltela.pt\/noticias\/2026\/03\/30\/gastos-municipais-com-escolas-ultrapassam-o-financiamento-refeicoes-sao-caso-critico\/#article","isPartOf":{"@id":"https:\/\/portaltela.pt\/noticias\/2026\/03\/30\/gastos-municipais-com-escolas-ultrapassam-o-financiamento-refeicoes-sao-caso-critico\/"},"author":{"name":"Telinha","@id":"https:\/\/portaltela.pt\/#\/schema\/person\/c4278d4a6028830caff9ee44b42d32ed"},"headline":"Gastos municipais com escolas ultrapassam o financiamento; refei\u00e7\u00f5es s\u00e3o caso cr\u00edtico","datePublished":"2026-03-30T15:47:26+00:00","mainEntityOfPage":{"@id":"https:\/\/portaltela.pt\/noticias\/2026\/03\/30\/gastos-municipais-com-escolas-ultrapassam-o-financiamento-refeicoes-sao-caso-critico\/"},"wordCount":215,"image":{"@id":"https:\/\/portaltela.pt\/noticias\/2026\/03\/30\/gastos-municipais-com-escolas-ultrapassam-o-financiamento-refeicoes-sao-caso-critico\/#primaryimage"},"thumbnailUrl":"https:\/\/portaltela.pt\/s.01k8rhncp4jt1\/2026\/03\/2077953.jpg","keywords":["_economia","alimenta\u00e7\u00e3o","descentraliza\u00e7\u00e3o territorial","educa\u00e7\u00e3o","finan\u00e7as p\u00fablicas","Or\u00e7amento\/Territ\u00f3rio"],"articleSection":["Not\u00edcias","Sociedade"],"inLanguage":"pt-PT"},{"@type":"WebPage","@id":"https:\/\/portaltela.pt\/noticias\/2026\/03\/30\/gastos-municipais-com-escolas-ultrapassam-o-financiamento-refeicoes-sao-caso-critico\/","url":"https:\/\/portaltela.pt\/noticias\/2026\/03\/30\/gastos-municipais-com-escolas-ultrapassam-o-financiamento-refeicoes-sao-caso-critico\/","name":"Gastos municipais com escolas ultrapassam o financiamento; refei\u00e7\u00f5es s\u00e3o caso cr\u00edtico - Portal Tela Portugal","isPartOf":{"@id":"https:\/\/portaltela.pt\/#website"},"primaryImageOfPage":{"@id":"https:\/\/portaltela.pt\/noticias\/2026\/03\/30\/gastos-municipais-com-escolas-ultrapassam-o-financiamento-refeicoes-sao-caso-critico\/#primaryimage"},"image":{"@id":"https:\/\/portaltela.pt\/noticias\/2026\/03\/30\/gastos-municipais-com-escolas-ultrapassam-o-financiamento-refeicoes-sao-caso-critico\/#primaryimage"},"thumbnailUrl":"https:\/\/portaltela.pt\/s.01k8rhncp4jt1\/2026\/03\/2077953.jpg","datePublished":"2026-03-30T15:47:26+00:00","author":{"@id":"https:\/\/portaltela.pt\/#\/schema\/person\/c4278d4a6028830caff9ee44b42d32ed"},"breadcrumb":{"@id":"https:\/\/portaltela.pt\/noticias\/2026\/03\/30\/gastos-municipais-com-escolas-ultrapassam-o-financiamento-refeicoes-sao-caso-critico\/#breadcrumb"},"inLanguage":"pt-PT","potentialAction":[{"@type":"ReadAction","target":["https:\/\/portaltela.pt\/noticias\/2026\/03\/30\/gastos-municipais-com-escolas-ultrapassam-o-financiamento-refeicoes-sao-caso-critico\/"]}]},{"@type":"ImageObject","inLanguage":"pt-PT","@id":"https:\/\/portaltela.pt\/noticias\/2026\/03\/30\/gastos-municipais-com-escolas-ultrapassam-o-financiamento-refeicoes-sao-caso-critico\/#primaryimage","url":"https:\/\/portaltela.pt\/s.01k8rhncp4jt1\/2026\/03\/2077953.jpg","contentUrl":"https:\/\/portaltela.pt\/s.01k8rhncp4jt1\/2026\/03\/2077953.jpg","width":796,"height":448,"caption":"A percep\u00e7\u00e3o generalizada de subfinanciamento aplica-se a todas as rubricas da actividade educativa"},{"@type":"BreadcrumbList","@id":"https:\/\/portaltela.pt\/noticias\/2026\/03\/30\/gastos-municipais-com-escolas-ultrapassam-o-financiamento-refeicoes-sao-caso-critico\/#breadcrumb","itemListElement":[{"@type":"ListItem","position":1,"name":"In\u00edcio","item":"https:\/\/portaltela.pt\/"},{"@type":"ListItem","position":2,"name":"Gastos municipais com escolas ultrapassam o financiamento; refei\u00e7\u00f5es s\u00e3o caso cr\u00edtico"}]},{"@type":"WebSite","@id":"https:\/\/portaltela.pt\/#website","url":"https:\/\/portaltela.pt\/","name":"Portal Tela Portugal","description":"","potentialAction":[{"@type":"SearchAction","target":{"@type":"EntryPoint","urlTemplate":"https:\/\/portaltela.pt\/?s={search_term_string}"},"query-input":{"@type":"PropertyValueSpecification","valueRequired":true,"valueName":"search_term_string"}}],"inLanguage":"pt-PT"},{"@type":"Person","@id":"https:\/\/portaltela.pt\/#\/schema\/person\/c4278d4a6028830caff9ee44b42d32ed","name":"Telinha","image":{"@type":"ImageObject","inLanguage":"pt-PT","@id":"https:\/\/portaltela.pt\/s.01k8rhncp4jt1\/2025\/11\/talking-bot-125x125.png","url":"https:\/\/portaltela.pt\/s.01k8rhncp4jt1\/2025\/11\/talking-bot-125x125.png","contentUrl":"https:\/\/portaltela.pt\/s.01k8rhncp4jt1\/2025\/11\/talking-bot-125x125.png","caption":"Telinha"},"sameAs":["https:\/\/portaltela.pt\/"],"url":"https:\/\/portaltela.pt\/por\/367410592786\/"}]}},"_links":{"self":[{"href":"https:\/\/portaltela.pt\/api\/wp\/v2\/posts\/427129","targetHints":{"allow":["GET"]}}],"collection":[{"href":"https:\/\/portaltela.pt\/api\/wp\/v2\/posts"}],"about":[{"href":"https:\/\/portaltela.pt\/api\/wp\/v2\/types\/post"}],"author":[{"embeddable":true,"href":"https:\/\/portaltela.pt\/api\/wp\/v2\/users\/2"}],"replies":[{"embeddable":true,"href":"https:\/\/portaltela.pt\/api\/wp\/v2\/comments?post=427129"}],"version-history":[{"count":0,"href":"https:\/\/portaltela.pt\/api\/wp\/v2\/posts\/427129\/revisions"}],"wp:featuredmedia":[{"embeddable":true,"href":"https:\/\/portaltela.pt\/api\/wp\/v2\/media\/427133"}],"wp:attachment":[{"href":"https:\/\/portaltela.pt\/api\/wp\/v2\/media?parent=427129"}],"wp:term":[{"taxonomy":"category","embeddable":true,"href":"https:\/\/portaltela.pt\/api\/wp\/v2\/categories?post=427129"},{"taxonomy":"post_tag","embeddable":true,"href":"https:\/\/portaltela.pt\/api\/wp\/v2\/tags?post=427129"}],"curies":[{"name":"wp","href":"https:\/\/api.w.org\/{rel}","templated":true}]}}