{"id":427114,"date":"2026-03-30T12:32:28","date_gmt":"2026-03-30T15:32:28","guid":{"rendered":"https:\/\/portaltela.pt\/noticias\/2026\/03\/30\/ministra-diz-que-parto-a-porta-do-santa-maria-prova-urgencia-regional\/"},"modified":"2026-03-30T12:32:28","modified_gmt":"2026-03-30T15:32:28","slug":"ministra-diz-que-parto-a-porta-do-santa-maria-prova-urgencia-regional","status":"publish","type":"post","link":"https:\/\/portaltela.pt\/saude\/2026\/03\/30\/ministra-diz-que-parto-a-porta-do-santa-maria-prova-urgencia-regional\/","title":{"rendered":"Ministra diz que parto \u00e0 porta do Santa Maria prova urg\u00eancia regional"},"content":{"rendered":"<p>A ministra da Sa\u00fade afirmou que o nascimento de uma beb\u00e9 no estacionamento do Hospital de Santa Maria demonstra a necessidade de uma urg\u00eancia regional para a Pen\u00ednsula de Set\u00fabal, que est\u00e1 prevista abrir no dia 15 de abril. A declara\u00e7\u00e3o foi feita durante uma visita \u00e0 Maia, no distrito do Porto.<\/p>\n<p>Ana Paula Martins explicou que o modelo atual n\u00e3o permite previsibilidade, justificando a concentra\u00e7\u00e3o de urg\u00eancia, a partilha de recursos e a cria\u00e7\u00e3o da urg\u00eancia regional a partir de 15 de abril. O an\u00fancio j\u00e1 tinha sido divulgado pela autoridade de sa\u00fade.<\/p>\n<p>Na sexta-feira, uma gr\u00e1vida transportada do Barreiro teve o beb\u00e9 antes de entrar no servi\u00e7o de urg\u00eancia do Santa Maria, em Lisboa, num epis\u00f3dio anterior \u00e0 entrada em funcionamento da urg\u00eancia regional. A ministra sublinhou que o incidente n\u00e3o ocorreu numa estrutura j\u00e1 integrada no novo modelo.<\/p>\n<h3>Contexto da urg\u00eancia regional<\/h3>\n<p>Martins reafirmou que o funcionamento da urg\u00eancia regional na Pen\u00ednsula de Set\u00fabal ainda n\u00e3o tinha lugar naquele momento e que o novo modelo entra em vigor no dia 15 de abril, conforme anunciado oficialmente. O m\u00e9dico que assistiu a gr\u00e1vida no Barreiro considerou que houve sinais de precariedade e determinou o trajeto para um hospital de apoio perinatal com recursos diferenciados.<\/p>\n<h3>Desdobramentos e pr\u00f3ximos passos<\/h3>\n<p>Foi destacado que o objetivo \u00e9 melhorar a previsibilidade e a coordena\u00e7\u00e3o entre unidades da regi\u00e3o, com foco em partilha de recursos. A ministra citou a obra do Parque de Sa\u00fade e Bem-Estar como parte da estrat\u00e9gia de reorganiza\u00e7\u00e3o da rede, cuja conclus\u00e3o est\u00e1 ligada ao calend\u00e1rio de abertura da urg\u00eancia regional.<\/p>\n","protected":false},"excerpt":{"rendered":"<ul>\n<li>A ministra da Sa\u00fade afirmou que o nascimento de um beb\u00e9 no estacionamento do Hospital Santa Maria prova a necessidade de uma urg\u00eancia regional na Pen\u00ednsula de Set\u00fabal, que abre a 15 de abril.<\/li>\n<li>Ana Paula Martins disse que o modelo atual n\u00e3o garante previsibilidade e que a concentra\u00e7\u00e3o de urg\u00eancia vai ocorrer a partir do dia 15 de abril.<\/li>\n<li>O epis\u00f3dio aconteceu na sexta-feira, quando uma gr\u00e1vida transportada do Barreiro deu \u00e0 luz antes de entrar no servi\u00e7o de urg\u00eancia, em Lisboa.<\/li>\n<li>A ministra sublinhou que o parto n\u00e3o estava programado para aquela manh\u00e3 nem a urg\u00eancia do Hospital do Barreiro era o seu dia de abertura, lembrando que a urg\u00eancia regional ainda n\u00e3o tinha come\u00e7ado.<\/li>\n<li>Refirou ainda que o m\u00e9dico que assistiu identificou sinais de preocupa\u00e7\u00e3o e que pediu, se necess\u00e1rio, batedores para encaminhar a uma unidade de apoio perinatal diferenciada.<\/li>\n<\/ul>\n","protected":false},"author":2,"featured_media":427118,"comment_status":"closed","ping_status":"closed","sticky":false,"template":"","format":"standard","meta":{"footnotes":""},"categories":[1,6745],"tags":[1056,2581,1826,172,994,1899],"class_list":["post-427114","post","type-post","status-publish","format-standard","has-post-thumbnail","hentry","category-noticias","category-saude","tag-barreiro","tag-hospitais","tag-peninsula-de-setubal","tag-saude","tag-setubal","tag-urgencias"],"yoast_head":"<!-- This site is optimized with the Yoast SEO plugin v27.2 - https:\/\/yoast.com\/product\/yoast-seo-wordpress\/ -->\n<title>Ministra diz que parto \u00e0 porta do Santa Maria prova urg\u00eancia regional - Portal Tela Portugal<\/title>\n<meta name=\"robots\" content=\"index, follow, max-snippet:-1, max-image-preview:large, max-video-preview:-1\" \/>\n<meta property=\"og:locale\" content=\"pt_PT\" \/>\n<meta property=\"og:type\" content=\"article\" \/>\n<meta property=\"og:title\" content=\"Ministra diz que parto \u00e0 porta do Santa Maria prova urg\u00eancia regional - Portal Tela Portugal\" \/>\n<meta property=\"og:description\" content=\"A ministra da Sa\u00fade afirmou que o nascimento de um beb\u00e9 no estacionamento do Hospital Santa Maria prova a necessidade de uma urg\u00eancia regional na Pen\u00ednsula de Set\u00fabal, que abre a 15 de abril. Ana Paula Martins disse que o modelo atual n\u00e3o garante previsibilidade e que a concentra\u00e7\u00e3o de urg\u00eancia vai ocorrer a partir do dia 15 de abril. O epis\u00f3dio aconteceu na sexta-feira, quando uma gr\u00e1vida transportada do Barreiro deu \u00e0 luz antes de entrar no servi\u00e7o de urg\u00eancia, em Lisboa. A ministra sublinhou que o parto n\u00e3o estava programado para aquela manh\u00e3 nem a urg\u00eancia do Hospital do Barreiro era o seu dia de abertura, lembrando que a urg\u00eancia regional ainda n\u00e3o tinha come\u00e7ado. Refirou ainda que o m\u00e9dico que assistiu identificou sinais de preocupa\u00e7\u00e3o e que pediu, se necess\u00e1rio, batedores para encaminhar a uma unidade de apoio perinatal diferenciada.\" \/>\n<meta property=\"og:url\" content=\"https:\/\/portaltela.pt\/noticias\/2026\/03\/30\/ministra-diz-que-parto-a-porta-do-santa-maria-prova-urgencia-regional\/\" \/>\n<meta property=\"og:site_name\" content=\"Portal Tela Portugal\" \/>\n<meta property=\"article:published_time\" content=\"2026-03-30T15:32:28+00:00\" \/>\n<meta name=\"author\" content=\"Telinha\" \/>\n<meta name=\"twitter:card\" content=\"summary_large_image\" \/>\n<meta name=\"twitter:label1\" content=\"Escrito por\" \/>\n\t<meta name=\"twitter:data1\" content=\"Telinha\" \/>\n\t<meta name=\"twitter:label2\" content=\"Tempo estimado de leitura\" \/>\n\t<meta name=\"twitter:data2\" content=\"1 minuto\" \/>\n<script type=\"application\/ld+json\" class=\"yoast-schema-graph\">{\"@context\":\"https:\/\/schema.org\",\"@graph\":[{\"@type\":\"Article\",\"@id\":\"https:\/\/portaltela.pt\/noticias\/2026\/03\/30\/ministra-diz-que-parto-a-porta-do-santa-maria-prova-urgencia-regional\/#article\",\"isPartOf\":{\"@id\":\"https:\/\/portaltela.pt\/noticias\/2026\/03\/30\/ministra-diz-que-parto-a-porta-do-santa-maria-prova-urgencia-regional\/\"},\"author\":{\"name\":\"Telinha\",\"@id\":\"https:\/\/portaltela.pt\/#\/schema\/person\/c4278d4a6028830caff9ee44b42d32ed\"},\"headline\":\"Ministra diz que parto \u00e0 porta do Santa Maria prova urg\u00eancia regional\",\"datePublished\":\"2026-03-30T15:32:28+00:00\",\"mainEntityOfPage\":{\"@id\":\"https:\/\/portaltela.pt\/noticias\/2026\/03\/30\/ministra-diz-que-parto-a-porta-do-santa-maria-prova-urgencia-regional\/\"},\"wordCount\":302,\"image\":{\"@id\":\"https:\/\/portaltela.pt\/noticias\/2026\/03\/30\/ministra-diz-que-parto-a-porta-do-santa-maria-prova-urgencia-regional\/#primaryimage\"},\"thumbnailUrl\":\"https:\/\/portaltela.pt\/s.01k8rhncp4jt1\/2026\/03\/img_1500x1000uu2025-06-25-18-17-08-2218600.jpg\",\"keywords\":[\"Barreiro\",\"hospitais\",\"Pen\u00ednsula de Set\u00fabal\",\"sa\u00fade\",\"Set\u00fabal\",\"urg\u00eancias\"],\"articleSection\":[\"Not\u00edcias\",\"Sa\u00fade\"],\"inLanguage\":\"pt-PT\"},{\"@type\":\"WebPage\",\"@id\":\"https:\/\/portaltela.pt\/noticias\/2026\/03\/30\/ministra-diz-que-parto-a-porta-do-santa-maria-prova-urgencia-regional\/\",\"url\":\"https:\/\/portaltela.pt\/noticias\/2026\/03\/30\/ministra-diz-que-parto-a-porta-do-santa-maria-prova-urgencia-regional\/\",\"name\":\"Ministra diz que parto \u00e0 porta do Santa Maria prova urg\u00eancia regional - Portal Tela Portugal\",\"isPartOf\":{\"@id\":\"https:\/\/portaltela.pt\/#website\"},\"primaryImageOfPage\":{\"@id\":\"https:\/\/portaltela.pt\/noticias\/2026\/03\/30\/ministra-diz-que-parto-a-porta-do-santa-maria-prova-urgencia-regional\/#primaryimage\"},\"image\":{\"@id\":\"https:\/\/portaltela.pt\/noticias\/2026\/03\/30\/ministra-diz-que-parto-a-porta-do-santa-maria-prova-urgencia-regional\/#primaryimage\"},\"thumbnailUrl\":\"https:\/\/portaltela.pt\/s.01k8rhncp4jt1\/2026\/03\/img_1500x1000uu2025-06-25-18-17-08-2218600.jpg\",\"datePublished\":\"2026-03-30T15:32:28+00:00\",\"author\":{\"@id\":\"https:\/\/portaltela.pt\/#\/schema\/person\/c4278d4a6028830caff9ee44b42d32ed\"},\"breadcrumb\":{\"@id\":\"https:\/\/portaltela.pt\/noticias\/2026\/03\/30\/ministra-diz-que-parto-a-porta-do-santa-maria-prova-urgencia-regional\/#breadcrumb\"},\"inLanguage\":\"pt-PT\",\"potentialAction\":[{\"@type\":\"ReadAction\",\"target\":[\"https:\/\/portaltela.pt\/noticias\/2026\/03\/30\/ministra-diz-que-parto-a-porta-do-santa-maria-prova-urgencia-regional\/\"]}]},{\"@type\":\"ImageObject\",\"inLanguage\":\"pt-PT\",\"@id\":\"https:\/\/portaltela.pt\/noticias\/2026\/03\/30\/ministra-diz-que-parto-a-porta-do-santa-maria-prova-urgencia-regional\/#primaryimage\",\"url\":\"https:\/\/portaltela.pt\/s.01k8rhncp4jt1\/2026\/03\/img_1500x1000uu2025-06-25-18-17-08-2218600.jpg\",\"contentUrl\":\"https:\/\/portaltela.pt\/s.01k8rhncp4jt1\/2026\/03\/img_1500x1000uu2025-06-25-18-17-08-2218600.jpg\",\"width\":796,\"height\":448,\"caption\":\"Ministra diz que parto \u00e0 porta do Santa Maria prova necessidade de urg\u00eancia regional\"},{\"@type\":\"BreadcrumbList\",\"@id\":\"https:\/\/portaltela.pt\/noticias\/2026\/03\/30\/ministra-diz-que-parto-a-porta-do-santa-maria-prova-urgencia-regional\/#breadcrumb\",\"itemListElement\":[{\"@type\":\"ListItem\",\"position\":1,\"name\":\"In\u00edcio\",\"item\":\"https:\/\/portaltela.pt\/\"},{\"@type\":\"ListItem\",\"position\":2,\"name\":\"Ministra diz que parto \u00e0 porta do Santa Maria prova urg\u00eancia regional\"}]},{\"@type\":\"WebSite\",\"@id\":\"https:\/\/portaltela.pt\/#website\",\"url\":\"https:\/\/portaltela.pt\/\",\"name\":\"Portal Tela Portugal\",\"description\":\"\",\"potentialAction\":[{\"@type\":\"SearchAction\",\"target\":{\"@type\":\"EntryPoint\",\"urlTemplate\":\"https:\/\/portaltela.pt\/?s={search_term_string}\"},\"query-input\":{\"@type\":\"PropertyValueSpecification\",\"valueRequired\":true,\"valueName\":\"search_term_string\"}}],\"inLanguage\":\"pt-PT\"},{\"@type\":\"Person\",\"@id\":\"https:\/\/portaltela.pt\/#\/schema\/person\/c4278d4a6028830caff9ee44b42d32ed\",\"name\":\"Telinha\",\"image\":{\"@type\":\"ImageObject\",\"inLanguage\":\"pt-PT\",\"@id\":\"https:\/\/portaltela.pt\/s.01k8rhncp4jt1\/2025\/11\/talking-bot-125x125.png\",\"url\":\"https:\/\/portaltela.pt\/s.01k8rhncp4jt1\/2025\/11\/talking-bot-125x125.png\",\"contentUrl\":\"https:\/\/portaltela.pt\/s.01k8rhncp4jt1\/2025\/11\/talking-bot-125x125.png\",\"caption\":\"Telinha\"},\"sameAs\":[\"https:\/\/portaltela.pt\/\"],\"url\":\"https:\/\/portaltela.pt\/por\/367410592786\/\"}]}<\/script>\n<!-- \/ Yoast SEO plugin. -->","yoast_head_json":{"title":"Ministra diz que parto \u00e0 porta do Santa Maria prova urg\u00eancia regional - Portal Tela Portugal","robots":{"index":"index","follow":"follow","max-snippet":"max-snippet:-1","max-image-preview":"max-image-preview:large","max-video-preview":"max-video-preview:-1"},"og_locale":"pt_PT","og_type":"article","og_title":"Ministra diz que parto \u00e0 porta do Santa Maria prova urg\u00eancia regional - Portal Tela Portugal","og_description":"A ministra da Sa\u00fade afirmou que o nascimento de um beb\u00e9 no estacionamento do Hospital Santa Maria prova a necessidade de uma urg\u00eancia regional na Pen\u00ednsula de Set\u00fabal, que abre a 15 de abril. Ana Paula Martins disse que o modelo atual n\u00e3o garante previsibilidade e que a concentra\u00e7\u00e3o de urg\u00eancia vai ocorrer a partir do dia 15 de abril. O epis\u00f3dio aconteceu na sexta-feira, quando uma gr\u00e1vida transportada do Barreiro deu \u00e0 luz antes de entrar no servi\u00e7o de urg\u00eancia, em Lisboa. A ministra sublinhou que o parto n\u00e3o estava programado para aquela manh\u00e3 nem a urg\u00eancia do Hospital do Barreiro era o seu dia de abertura, lembrando que a urg\u00eancia regional ainda n\u00e3o tinha come\u00e7ado. Refirou ainda que o m\u00e9dico que assistiu identificou sinais de preocupa\u00e7\u00e3o e que pediu, se necess\u00e1rio, batedores para encaminhar a uma unidade de apoio perinatal diferenciada.","og_url":"https:\/\/portaltela.pt\/noticias\/2026\/03\/30\/ministra-diz-que-parto-a-porta-do-santa-maria-prova-urgencia-regional\/","og_site_name":"Portal Tela Portugal","article_published_time":"2026-03-30T15:32:28+00:00","author":"Telinha","twitter_card":"summary_large_image","twitter_misc":{"Escrito por":"Telinha","Tempo estimado de leitura":"1 minuto"},"schema":{"@context":"https:\/\/schema.org","@graph":[{"@type":"Article","@id":"https:\/\/portaltela.pt\/noticias\/2026\/03\/30\/ministra-diz-que-parto-a-porta-do-santa-maria-prova-urgencia-regional\/#article","isPartOf":{"@id":"https:\/\/portaltela.pt\/noticias\/2026\/03\/30\/ministra-diz-que-parto-a-porta-do-santa-maria-prova-urgencia-regional\/"},"author":{"name":"Telinha","@id":"https:\/\/portaltela.pt\/#\/schema\/person\/c4278d4a6028830caff9ee44b42d32ed"},"headline":"Ministra diz que parto \u00e0 porta do Santa Maria prova urg\u00eancia regional","datePublished":"2026-03-30T15:32:28+00:00","mainEntityOfPage":{"@id":"https:\/\/portaltela.pt\/noticias\/2026\/03\/30\/ministra-diz-que-parto-a-porta-do-santa-maria-prova-urgencia-regional\/"},"wordCount":302,"image":{"@id":"https:\/\/portaltela.pt\/noticias\/2026\/03\/30\/ministra-diz-que-parto-a-porta-do-santa-maria-prova-urgencia-regional\/#primaryimage"},"thumbnailUrl":"https:\/\/portaltela.pt\/s.01k8rhncp4jt1\/2026\/03\/img_1500x1000uu2025-06-25-18-17-08-2218600.jpg","keywords":["Barreiro","hospitais","Pen\u00ednsula de Set\u00fabal","sa\u00fade","Set\u00fabal","urg\u00eancias"],"articleSection":["Not\u00edcias","Sa\u00fade"],"inLanguage":"pt-PT"},{"@type":"WebPage","@id":"https:\/\/portaltela.pt\/noticias\/2026\/03\/30\/ministra-diz-que-parto-a-porta-do-santa-maria-prova-urgencia-regional\/","url":"https:\/\/portaltela.pt\/noticias\/2026\/03\/30\/ministra-diz-que-parto-a-porta-do-santa-maria-prova-urgencia-regional\/","name":"Ministra diz que parto \u00e0 porta do Santa Maria prova urg\u00eancia regional - Portal Tela Portugal","isPartOf":{"@id":"https:\/\/portaltela.pt\/#website"},"primaryImageOfPage":{"@id":"https:\/\/portaltela.pt\/noticias\/2026\/03\/30\/ministra-diz-que-parto-a-porta-do-santa-maria-prova-urgencia-regional\/#primaryimage"},"image":{"@id":"https:\/\/portaltela.pt\/noticias\/2026\/03\/30\/ministra-diz-que-parto-a-porta-do-santa-maria-prova-urgencia-regional\/#primaryimage"},"thumbnailUrl":"https:\/\/portaltela.pt\/s.01k8rhncp4jt1\/2026\/03\/img_1500x1000uu2025-06-25-18-17-08-2218600.jpg","datePublished":"2026-03-30T15:32:28+00:00","author":{"@id":"https:\/\/portaltela.pt\/#\/schema\/person\/c4278d4a6028830caff9ee44b42d32ed"},"breadcrumb":{"@id":"https:\/\/portaltela.pt\/noticias\/2026\/03\/30\/ministra-diz-que-parto-a-porta-do-santa-maria-prova-urgencia-regional\/#breadcrumb"},"inLanguage":"pt-PT","potentialAction":[{"@type":"ReadAction","target":["https:\/\/portaltela.pt\/noticias\/2026\/03\/30\/ministra-diz-que-parto-a-porta-do-santa-maria-prova-urgencia-regional\/"]}]},{"@type":"ImageObject","inLanguage":"pt-PT","@id":"https:\/\/portaltela.pt\/noticias\/2026\/03\/30\/ministra-diz-que-parto-a-porta-do-santa-maria-prova-urgencia-regional\/#primaryimage","url":"https:\/\/portaltela.pt\/s.01k8rhncp4jt1\/2026\/03\/img_1500x1000uu2025-06-25-18-17-08-2218600.jpg","contentUrl":"https:\/\/portaltela.pt\/s.01k8rhncp4jt1\/2026\/03\/img_1500x1000uu2025-06-25-18-17-08-2218600.jpg","width":796,"height":448,"caption":"Ministra diz que parto \u00e0 porta do Santa Maria prova necessidade de urg\u00eancia regional"},{"@type":"BreadcrumbList","@id":"https:\/\/portaltela.pt\/noticias\/2026\/03\/30\/ministra-diz-que-parto-a-porta-do-santa-maria-prova-urgencia-regional\/#breadcrumb","itemListElement":[{"@type":"ListItem","position":1,"name":"In\u00edcio","item":"https:\/\/portaltela.pt\/"},{"@type":"ListItem","position":2,"name":"Ministra diz que parto \u00e0 porta do Santa Maria prova urg\u00eancia regional"}]},{"@type":"WebSite","@id":"https:\/\/portaltela.pt\/#website","url":"https:\/\/portaltela.pt\/","name":"Portal Tela Portugal","description":"","potentialAction":[{"@type":"SearchAction","target":{"@type":"EntryPoint","urlTemplate":"https:\/\/portaltela.pt\/?s={search_term_string}"},"query-input":{"@type":"PropertyValueSpecification","valueRequired":true,"valueName":"search_term_string"}}],"inLanguage":"pt-PT"},{"@type":"Person","@id":"https:\/\/portaltela.pt\/#\/schema\/person\/c4278d4a6028830caff9ee44b42d32ed","name":"Telinha","image":{"@type":"ImageObject","inLanguage":"pt-PT","@id":"https:\/\/portaltela.pt\/s.01k8rhncp4jt1\/2025\/11\/talking-bot-125x125.png","url":"https:\/\/portaltela.pt\/s.01k8rhncp4jt1\/2025\/11\/talking-bot-125x125.png","contentUrl":"https:\/\/portaltela.pt\/s.01k8rhncp4jt1\/2025\/11\/talking-bot-125x125.png","caption":"Telinha"},"sameAs":["https:\/\/portaltela.pt\/"],"url":"https:\/\/portaltela.pt\/por\/367410592786\/"}]}},"_links":{"self":[{"href":"https:\/\/portaltela.pt\/api\/wp\/v2\/posts\/427114","targetHints":{"allow":["GET"]}}],"collection":[{"href":"https:\/\/portaltela.pt\/api\/wp\/v2\/posts"}],"about":[{"href":"https:\/\/portaltela.pt\/api\/wp\/v2\/types\/post"}],"author":[{"embeddable":true,"href":"https:\/\/portaltela.pt\/api\/wp\/v2\/users\/2"}],"replies":[{"embeddable":true,"href":"https:\/\/portaltela.pt\/api\/wp\/v2\/comments?post=427114"}],"version-history":[{"count":0,"href":"https:\/\/portaltela.pt\/api\/wp\/v2\/posts\/427114\/revisions"}],"wp:featuredmedia":[{"embeddable":true,"href":"https:\/\/portaltela.pt\/api\/wp\/v2\/media\/427118"}],"wp:attachment":[{"href":"https:\/\/portaltela.pt\/api\/wp\/v2\/media?parent=427114"}],"wp:term":[{"taxonomy":"category","embeddable":true,"href":"https:\/\/portaltela.pt\/api\/wp\/v2\/categories?post=427114"},{"taxonomy":"post_tag","embeddable":true,"href":"https:\/\/portaltela.pt\/api\/wp\/v2\/tags?post=427114"}],"curies":[{"name":"wp","href":"https:\/\/api.w.org\/{rel}","templated":true}]}}