{"id":427106,"date":"2026-03-30T12:32:23","date_gmt":"2026-03-30T15:32:23","guid":{"rendered":"https:\/\/portaltela.pt\/noticias\/2026\/03\/30\/72-dos-autarcas-nao-tem-verbas-suficientes-para-funcionarios-das-escolas\/"},"modified":"2026-03-30T12:32:23","modified_gmt":"2026-03-30T15:32:23","slug":"72-dos-autarcas-nao-tem-verbas-suficientes-para-funcionarios-das-escolas","status":"publish","type":"post","link":"https:\/\/portaltela.pt\/noticias\/economia\/2026\/03\/30\/72-dos-autarcas-nao-tem-verbas-suficientes-para-funcionarios-das-escolas\/","title":{"rendered":"72% dos autarcas n\u00e3o t\u00eam verbas suficientes para funcion\u00e1rios das escolas"},"content":{"rendered":"<p>O financiamento destinado ao pessoal n\u00e3o docente das escolas \u00e9 insuficiente para cumprir os r\u00e1cios m\u00e1ximos definidos na portaria correspondente. Um estudo apresentado em Lisboa aponta que 72% dos autarcas consideram as verbas inadequadas para as necessidades reais.<\/p>\n<p>O diagn\u00f3stico, que avalia o Descentraliza\u00e7\u00e3o na Educa\u00e7\u00e3o, analisa o diploma de h\u00e1 seis anos que atribuiu novas responsabilidades aos 278 munic\u00edpios. Os investigadores reconhecem que os recursos transferidos n\u00e3o cobrem as despesas efetivas.<\/p>\n<p>De acordo com o estudo, o dinheiro destinado ao pessoal n\u00e3o docente fica abaixo do necess\u00e1rio para assegurar a totaliza\u00e7\u00e3o das dota\u00e7\u00f5es permitidas pela portaria. A defici\u00eancia financeira \u00e9 destacada por Francisco Veiga, um dos respons\u00e1veis pela an\u00e1lise.<\/p>\n<p>A falta de funcion\u00e1rios nas escolas \u00e9 uma cr\u00edtica recorrente de associa\u00e7\u00f5es de pais e tamb\u00e9m um desafio para diretores escolares, que solicitam mais trabalhadores em recreios, cantinas, seguran\u00e7a e apoio aos docentes.<\/p>\n<p>No ano passado, os munic\u00edpios receberam 1.456,8 milh\u00f5es de euros, sendo 70% gastos com pessoal n\u00e3o docente. Mesmo assim, as atualiza\u00e7\u00f5es de financiamento s\u00e3o inferiores aos aumentos salariais, de acordo com Veiga.<\/p>\n<p>Entre 2023 e 2025, as verbas tiveram aumentos de 10%, 5,1% e 3%, respectivamente, enquanto os encargos com trabalhadores subiram 26,7%, 7,1% e 5,1%. Os aumentos de despesa superam os aumentos de financiamento.<\/p>\n<p>Apesar da disparidade, a maioria das autarquias aumentou o quadro de pessoal: 92% contrataram mais assistentes operacionais, 54% mais assistentes t\u00e9cnicos e 32% mais cozinheiros, revela o estudo.<\/p>\n<p>Globalmente, a despesa educativa dos munic\u00edpios supera, em m\u00e9dia, a verba recebida em 11%. A an\u00e1lise munic\u00edpio a munic\u00edpio mostra d\u00e9fices em cerca de 200 munic\u00edpios e saldos positivos em 78, com d\u00e9fices mais acentuados em \u00e1reas mais populosas.<\/p>\n<h3>Detalhes do financiamento<\/h3>\n<p>O estudo indica que as verbas continuam aqu\u00e9m das necessidades para manter os r\u00e1cios m\u00e1ximos de pessoal n\u00e3o docente. A discrep\u00e2ncia persiste apesar dos ajustes anuais do financiamento.<\/p>\n<h3>Desigualdades regionais<\/h3>\n<p>A an\u00e1lise aponta que d\u00e9fices s\u00e3o mais frequentes em munic\u00edpios com maior n\u00famero de alunos e maior autonomia financeira, revelando assimetrias na distribui\u00e7\u00e3o de recursos.<\/p>\n","protected":false},"excerpt":{"rendered":"<ul>\n<li>Setenta e dois por cento dos autarcas afirmam que o financiamento para o pessoal n\u00e3o docente \u00e9 insuficiente para cumprir as dota\u00e7\u00f5es m\u00e1ximas definidas na portaria.<\/li>\n<li>O diagn\u00f3stico, sobre a descentraliza\u00e7\u00e3o na educa\u00e7\u00e3o em Portugal, analisa o impacto do diploma de h\u00e1 seis anos que atribuiu novas responsabilidades aos munic\u00edpios.<\/li>\n<li>Em 2023-2025, as verbas aumentaram 10%, 5,1% e 3%, respetivamente, mas os encargos com trabalhadores subiram mais: 26,7%, 7,1% e 5,1%.<\/li>\n<li>No conjunto, noventa e dois por cento das autarquias contrataram mais assistentes operacionais, cinquenta e quatro por cento mais assistentes t\u00e9cnicos e trinta e dois por cento mais cozinheiros.<\/li>\n<li>Em m\u00e9dia, as despesas com educa\u00e7\u00e3o superam a receita dos fundos em 11%; cerca de 200 munic\u00edpios registaram d\u00e9fices, frente a 78 com saldos positivos, com d\u00e9fices mais acentuados em munic\u00edpios mais populosos.<\/li>\n<\/ul>\n","protected":false},"author":2,"featured_media":427113,"comment_status":"closed","ping_status":"closed","sticky":false,"template":"","format":"standard","meta":{"footnotes":""},"categories":[2,6850],"tags":[2706,1275,155,163,2443,2093],"class_list":["post-427106","post","type-post","status-publish","format-standard","has-post-thumbnail","hentry","category-economia","category-financas","tag-autarquias","tag-descentralizacao-territorial","tag-despesas","tag-educacao","tag-educacao-publica","tag-municipios"],"yoast_head":"<!-- This site is optimized with the Yoast SEO plugin v27.2 - https:\/\/yoast.com\/product\/yoast-seo-wordpress\/ -->\n<title>72% dos autarcas n\u00e3o t\u00eam verbas suficientes para funcion\u00e1rios das escolas - Portal Tela Portugal<\/title>\n<meta name=\"robots\" content=\"index, follow, max-snippet:-1, max-image-preview:large, max-video-preview:-1\" \/>\n<meta property=\"og:locale\" content=\"pt_PT\" \/>\n<meta property=\"og:type\" content=\"article\" \/>\n<meta property=\"og:title\" content=\"72% dos autarcas n\u00e3o t\u00eam verbas suficientes para funcion\u00e1rios das escolas - Portal Tela Portugal\" \/>\n<meta property=\"og:description\" content=\"Setenta e dois por cento dos autarcas afirmam que o financiamento para o pessoal n\u00e3o docente \u00e9 insuficiente para cumprir as dota\u00e7\u00f5es m\u00e1ximas definidas na portaria. O diagn\u00f3stico, sobre a descentraliza\u00e7\u00e3o na educa\u00e7\u00e3o em Portugal, analisa o impacto do diploma de h\u00e1 seis anos que atribuiu novas responsabilidades aos munic\u00edpios. Em 2023-2025, as verbas aumentaram 10%, 5,1% e 3%, respetivamente, mas os encargos com trabalhadores subiram mais: 26,7%, 7,1% e 5,1%. No conjunto, noventa e dois por cento das autarquias contrataram mais assistentes operacionais, cinquenta e quatro por cento mais assistentes t\u00e9cnicos e trinta e dois por cento mais cozinheiros. Em m\u00e9dia, as despesas com educa\u00e7\u00e3o superam a receita dos fundos em 11%; cerca de 200 munic\u00edpios registaram d\u00e9fices, frente a 78 com saldos positivos, com d\u00e9fices mais acentuados em munic\u00edpios mais populosos.\" \/>\n<meta property=\"og:url\" content=\"https:\/\/portaltela.pt\/noticias\/2026\/03\/30\/72-dos-autarcas-nao-tem-verbas-suficientes-para-funcionarios-das-escolas\/\" \/>\n<meta property=\"og:site_name\" content=\"Portal Tela Portugal\" \/>\n<meta property=\"article:published_time\" content=\"2026-03-30T15:32:23+00:00\" \/>\n<meta name=\"author\" content=\"Telinha\" \/>\n<meta name=\"twitter:card\" content=\"summary_large_image\" \/>\n<meta name=\"twitter:label1\" content=\"Escrito por\" \/>\n\t<meta name=\"twitter:data1\" content=\"Telinha\" \/>\n\t<meta name=\"twitter:label2\" content=\"Tempo estimado de leitura\" \/>\n\t<meta name=\"twitter:data2\" content=\"2 minutos\" \/>\n<script type=\"application\/ld+json\" class=\"yoast-schema-graph\">{\"@context\":\"https:\/\/schema.org\",\"@graph\":[{\"@type\":\"Article\",\"@id\":\"https:\/\/portaltela.pt\/noticias\/2026\/03\/30\/72-dos-autarcas-nao-tem-verbas-suficientes-para-funcionarios-das-escolas\/#article\",\"isPartOf\":{\"@id\":\"https:\/\/portaltela.pt\/noticias\/2026\/03\/30\/72-dos-autarcas-nao-tem-verbas-suficientes-para-funcionarios-das-escolas\/\"},\"author\":{\"name\":\"Telinha\",\"@id\":\"https:\/\/portaltela.pt\/#\/schema\/person\/c4278d4a6028830caff9ee44b42d32ed\"},\"headline\":\"72% dos autarcas n\u00e3o t\u00eam verbas suficientes para funcion\u00e1rios das escolas\",\"datePublished\":\"2026-03-30T15:32:23+00:00\",\"mainEntityOfPage\":{\"@id\":\"https:\/\/portaltela.pt\/noticias\/2026\/03\/30\/72-dos-autarcas-nao-tem-verbas-suficientes-para-funcionarios-das-escolas\/\"},\"wordCount\":370,\"image\":{\"@id\":\"https:\/\/portaltela.pt\/noticias\/2026\/03\/30\/72-dos-autarcas-nao-tem-verbas-suficientes-para-funcionarios-das-escolas\/#primaryimage\"},\"thumbnailUrl\":\"https:\/\/portaltela.pt\/s.01k8rhncp4jt1\/2026\/03\/img_1500x1000uu2023-10-15-22-17-09-1467260.jpg\",\"keywords\":[\"autarquias\",\"descentraliza\u00e7\u00e3o territorial\",\"despesas\",\"educa\u00e7\u00e3o\",\"educa\u00e7\u00e3o p\u00fablica\",\"munic\u00edpios\"],\"articleSection\":[\"Economia\",\"Finan\u00e7as\"],\"inLanguage\":\"pt-PT\"},{\"@type\":\"WebPage\",\"@id\":\"https:\/\/portaltela.pt\/noticias\/2026\/03\/30\/72-dos-autarcas-nao-tem-verbas-suficientes-para-funcionarios-das-escolas\/\",\"url\":\"https:\/\/portaltela.pt\/noticias\/2026\/03\/30\/72-dos-autarcas-nao-tem-verbas-suficientes-para-funcionarios-das-escolas\/\",\"name\":\"72% dos autarcas n\u00e3o t\u00eam verbas suficientes para funcion\u00e1rios das escolas - Portal Tela Portugal\",\"isPartOf\":{\"@id\":\"https:\/\/portaltela.pt\/#website\"},\"primaryImageOfPage\":{\"@id\":\"https:\/\/portaltela.pt\/noticias\/2026\/03\/30\/72-dos-autarcas-nao-tem-verbas-suficientes-para-funcionarios-das-escolas\/#primaryimage\"},\"image\":{\"@id\":\"https:\/\/portaltela.pt\/noticias\/2026\/03\/30\/72-dos-autarcas-nao-tem-verbas-suficientes-para-funcionarios-das-escolas\/#primaryimage\"},\"thumbnailUrl\":\"https:\/\/portaltela.pt\/s.01k8rhncp4jt1\/2026\/03\/img_1500x1000uu2023-10-15-22-17-09-1467260.jpg\",\"datePublished\":\"2026-03-30T15:32:23+00:00\",\"author\":{\"@id\":\"https:\/\/portaltela.pt\/#\/schema\/person\/c4278d4a6028830caff9ee44b42d32ed\"},\"breadcrumb\":{\"@id\":\"https:\/\/portaltela.pt\/noticias\/2026\/03\/30\/72-dos-autarcas-nao-tem-verbas-suficientes-para-funcionarios-das-escolas\/#breadcrumb\"},\"inLanguage\":\"pt-PT\",\"potentialAction\":[{\"@type\":\"ReadAction\",\"target\":[\"https:\/\/portaltela.pt\/noticias\/2026\/03\/30\/72-dos-autarcas-nao-tem-verbas-suficientes-para-funcionarios-das-escolas\/\"]}]},{\"@type\":\"ImageObject\",\"inLanguage\":\"pt-PT\",\"@id\":\"https:\/\/portaltela.pt\/noticias\/2026\/03\/30\/72-dos-autarcas-nao-tem-verbas-suficientes-para-funcionarios-das-escolas\/#primaryimage\",\"url\":\"https:\/\/portaltela.pt\/s.01k8rhncp4jt1\/2026\/03\/img_1500x1000uu2023-10-15-22-17-09-1467260.jpg\",\"contentUrl\":\"https:\/\/portaltela.pt\/s.01k8rhncp4jt1\/2026\/03\/img_1500x1000uu2023-10-15-22-17-09-1467260.jpg\",\"width\":796,\"height\":448,\"caption\":\"72% dos autarcas sem verbas suficientes para funcion\u00e1rios das escolas\"},{\"@type\":\"BreadcrumbList\",\"@id\":\"https:\/\/portaltela.pt\/noticias\/2026\/03\/30\/72-dos-autarcas-nao-tem-verbas-suficientes-para-funcionarios-das-escolas\/#breadcrumb\",\"itemListElement\":[{\"@type\":\"ListItem\",\"position\":1,\"name\":\"In\u00edcio\",\"item\":\"https:\/\/portaltela.pt\/\"},{\"@type\":\"ListItem\",\"position\":2,\"name\":\"72% dos autarcas n\u00e3o t\u00eam verbas suficientes para funcion\u00e1rios das escolas\"}]},{\"@type\":\"WebSite\",\"@id\":\"https:\/\/portaltela.pt\/#website\",\"url\":\"https:\/\/portaltela.pt\/\",\"name\":\"Portal Tela Portugal\",\"description\":\"\",\"potentialAction\":[{\"@type\":\"SearchAction\",\"target\":{\"@type\":\"EntryPoint\",\"urlTemplate\":\"https:\/\/portaltela.pt\/?s={search_term_string}\"},\"query-input\":{\"@type\":\"PropertyValueSpecification\",\"valueRequired\":true,\"valueName\":\"search_term_string\"}}],\"inLanguage\":\"pt-PT\"},{\"@type\":\"Person\",\"@id\":\"https:\/\/portaltela.pt\/#\/schema\/person\/c4278d4a6028830caff9ee44b42d32ed\",\"name\":\"Telinha\",\"image\":{\"@type\":\"ImageObject\",\"inLanguage\":\"pt-PT\",\"@id\":\"https:\/\/portaltela.pt\/s.01k8rhncp4jt1\/2025\/11\/talking-bot-125x125.png\",\"url\":\"https:\/\/portaltela.pt\/s.01k8rhncp4jt1\/2025\/11\/talking-bot-125x125.png\",\"contentUrl\":\"https:\/\/portaltela.pt\/s.01k8rhncp4jt1\/2025\/11\/talking-bot-125x125.png\",\"caption\":\"Telinha\"},\"sameAs\":[\"https:\/\/portaltela.pt\/\"],\"url\":\"https:\/\/portaltela.pt\/por\/367410592786\/\"}]}<\/script>\n<!-- \/ Yoast SEO plugin. -->","yoast_head_json":{"title":"72% dos autarcas n\u00e3o t\u00eam verbas suficientes para funcion\u00e1rios das escolas - Portal Tela Portugal","robots":{"index":"index","follow":"follow","max-snippet":"max-snippet:-1","max-image-preview":"max-image-preview:large","max-video-preview":"max-video-preview:-1"},"og_locale":"pt_PT","og_type":"article","og_title":"72% dos autarcas n\u00e3o t\u00eam verbas suficientes para funcion\u00e1rios das escolas - Portal Tela Portugal","og_description":"Setenta e dois por cento dos autarcas afirmam que o financiamento para o pessoal n\u00e3o docente \u00e9 insuficiente para cumprir as dota\u00e7\u00f5es m\u00e1ximas definidas na portaria. O diagn\u00f3stico, sobre a descentraliza\u00e7\u00e3o na educa\u00e7\u00e3o em Portugal, analisa o impacto do diploma de h\u00e1 seis anos que atribuiu novas responsabilidades aos munic\u00edpios. Em 2023-2025, as verbas aumentaram 10%, 5,1% e 3%, respetivamente, mas os encargos com trabalhadores subiram mais: 26,7%, 7,1% e 5,1%. No conjunto, noventa e dois por cento das autarquias contrataram mais assistentes operacionais, cinquenta e quatro por cento mais assistentes t\u00e9cnicos e trinta e dois por cento mais cozinheiros. Em m\u00e9dia, as despesas com educa\u00e7\u00e3o superam a receita dos fundos em 11%; cerca de 200 munic\u00edpios registaram d\u00e9fices, frente a 78 com saldos positivos, com d\u00e9fices mais acentuados em munic\u00edpios mais populosos.","og_url":"https:\/\/portaltela.pt\/noticias\/2026\/03\/30\/72-dos-autarcas-nao-tem-verbas-suficientes-para-funcionarios-das-escolas\/","og_site_name":"Portal Tela Portugal","article_published_time":"2026-03-30T15:32:23+00:00","author":"Telinha","twitter_card":"summary_large_image","twitter_misc":{"Escrito por":"Telinha","Tempo estimado de leitura":"2 minutos"},"schema":{"@context":"https:\/\/schema.org","@graph":[{"@type":"Article","@id":"https:\/\/portaltela.pt\/noticias\/2026\/03\/30\/72-dos-autarcas-nao-tem-verbas-suficientes-para-funcionarios-das-escolas\/#article","isPartOf":{"@id":"https:\/\/portaltela.pt\/noticias\/2026\/03\/30\/72-dos-autarcas-nao-tem-verbas-suficientes-para-funcionarios-das-escolas\/"},"author":{"name":"Telinha","@id":"https:\/\/portaltela.pt\/#\/schema\/person\/c4278d4a6028830caff9ee44b42d32ed"},"headline":"72% dos autarcas n\u00e3o t\u00eam verbas suficientes para funcion\u00e1rios das escolas","datePublished":"2026-03-30T15:32:23+00:00","mainEntityOfPage":{"@id":"https:\/\/portaltela.pt\/noticias\/2026\/03\/30\/72-dos-autarcas-nao-tem-verbas-suficientes-para-funcionarios-das-escolas\/"},"wordCount":370,"image":{"@id":"https:\/\/portaltela.pt\/noticias\/2026\/03\/30\/72-dos-autarcas-nao-tem-verbas-suficientes-para-funcionarios-das-escolas\/#primaryimage"},"thumbnailUrl":"https:\/\/portaltela.pt\/s.01k8rhncp4jt1\/2026\/03\/img_1500x1000uu2023-10-15-22-17-09-1467260.jpg","keywords":["autarquias","descentraliza\u00e7\u00e3o territorial","despesas","educa\u00e7\u00e3o","educa\u00e7\u00e3o p\u00fablica","munic\u00edpios"],"articleSection":["Economia","Finan\u00e7as"],"inLanguage":"pt-PT"},{"@type":"WebPage","@id":"https:\/\/portaltela.pt\/noticias\/2026\/03\/30\/72-dos-autarcas-nao-tem-verbas-suficientes-para-funcionarios-das-escolas\/","url":"https:\/\/portaltela.pt\/noticias\/2026\/03\/30\/72-dos-autarcas-nao-tem-verbas-suficientes-para-funcionarios-das-escolas\/","name":"72% dos autarcas n\u00e3o t\u00eam verbas suficientes para funcion\u00e1rios das escolas - Portal Tela Portugal","isPartOf":{"@id":"https:\/\/portaltela.pt\/#website"},"primaryImageOfPage":{"@id":"https:\/\/portaltela.pt\/noticias\/2026\/03\/30\/72-dos-autarcas-nao-tem-verbas-suficientes-para-funcionarios-das-escolas\/#primaryimage"},"image":{"@id":"https:\/\/portaltela.pt\/noticias\/2026\/03\/30\/72-dos-autarcas-nao-tem-verbas-suficientes-para-funcionarios-das-escolas\/#primaryimage"},"thumbnailUrl":"https:\/\/portaltela.pt\/s.01k8rhncp4jt1\/2026\/03\/img_1500x1000uu2023-10-15-22-17-09-1467260.jpg","datePublished":"2026-03-30T15:32:23+00:00","author":{"@id":"https:\/\/portaltela.pt\/#\/schema\/person\/c4278d4a6028830caff9ee44b42d32ed"},"breadcrumb":{"@id":"https:\/\/portaltela.pt\/noticias\/2026\/03\/30\/72-dos-autarcas-nao-tem-verbas-suficientes-para-funcionarios-das-escolas\/#breadcrumb"},"inLanguage":"pt-PT","potentialAction":[{"@type":"ReadAction","target":["https:\/\/portaltela.pt\/noticias\/2026\/03\/30\/72-dos-autarcas-nao-tem-verbas-suficientes-para-funcionarios-das-escolas\/"]}]},{"@type":"ImageObject","inLanguage":"pt-PT","@id":"https:\/\/portaltela.pt\/noticias\/2026\/03\/30\/72-dos-autarcas-nao-tem-verbas-suficientes-para-funcionarios-das-escolas\/#primaryimage","url":"https:\/\/portaltela.pt\/s.01k8rhncp4jt1\/2026\/03\/img_1500x1000uu2023-10-15-22-17-09-1467260.jpg","contentUrl":"https:\/\/portaltela.pt\/s.01k8rhncp4jt1\/2026\/03\/img_1500x1000uu2023-10-15-22-17-09-1467260.jpg","width":796,"height":448,"caption":"72% dos autarcas sem verbas suficientes para funcion\u00e1rios das escolas"},{"@type":"BreadcrumbList","@id":"https:\/\/portaltela.pt\/noticias\/2026\/03\/30\/72-dos-autarcas-nao-tem-verbas-suficientes-para-funcionarios-das-escolas\/#breadcrumb","itemListElement":[{"@type":"ListItem","position":1,"name":"In\u00edcio","item":"https:\/\/portaltela.pt\/"},{"@type":"ListItem","position":2,"name":"72% dos autarcas n\u00e3o t\u00eam verbas suficientes para funcion\u00e1rios das escolas"}]},{"@type":"WebSite","@id":"https:\/\/portaltela.pt\/#website","url":"https:\/\/portaltela.pt\/","name":"Portal Tela Portugal","description":"","potentialAction":[{"@type":"SearchAction","target":{"@type":"EntryPoint","urlTemplate":"https:\/\/portaltela.pt\/?s={search_term_string}"},"query-input":{"@type":"PropertyValueSpecification","valueRequired":true,"valueName":"search_term_string"}}],"inLanguage":"pt-PT"},{"@type":"Person","@id":"https:\/\/portaltela.pt\/#\/schema\/person\/c4278d4a6028830caff9ee44b42d32ed","name":"Telinha","image":{"@type":"ImageObject","inLanguage":"pt-PT","@id":"https:\/\/portaltela.pt\/s.01k8rhncp4jt1\/2025\/11\/talking-bot-125x125.png","url":"https:\/\/portaltela.pt\/s.01k8rhncp4jt1\/2025\/11\/talking-bot-125x125.png","contentUrl":"https:\/\/portaltela.pt\/s.01k8rhncp4jt1\/2025\/11\/talking-bot-125x125.png","caption":"Telinha"},"sameAs":["https:\/\/portaltela.pt\/"],"url":"https:\/\/portaltela.pt\/por\/367410592786\/"}]}},"_links":{"self":[{"href":"https:\/\/portaltela.pt\/api\/wp\/v2\/posts\/427106","targetHints":{"allow":["GET"]}}],"collection":[{"href":"https:\/\/portaltela.pt\/api\/wp\/v2\/posts"}],"about":[{"href":"https:\/\/portaltela.pt\/api\/wp\/v2\/types\/post"}],"author":[{"embeddable":true,"href":"https:\/\/portaltela.pt\/api\/wp\/v2\/users\/2"}],"replies":[{"embeddable":true,"href":"https:\/\/portaltela.pt\/api\/wp\/v2\/comments?post=427106"}],"version-history":[{"count":0,"href":"https:\/\/portaltela.pt\/api\/wp\/v2\/posts\/427106\/revisions"}],"wp:featuredmedia":[{"embeddable":true,"href":"https:\/\/portaltela.pt\/api\/wp\/v2\/media\/427113"}],"wp:attachment":[{"href":"https:\/\/portaltela.pt\/api\/wp\/v2\/media?parent=427106"}],"wp:term":[{"taxonomy":"category","embeddable":true,"href":"https:\/\/portaltela.pt\/api\/wp\/v2\/categories?post=427106"},{"taxonomy":"post_tag","embeddable":true,"href":"https:\/\/portaltela.pt\/api\/wp\/v2\/tags?post=427106"}],"curies":[{"name":"wp","href":"https:\/\/api.w.org\/{rel}","templated":true}]}}