{"id":427103,"date":"2026-03-30T12:32:20","date_gmt":"2026-03-30T15:32:20","guid":{"rendered":"https:\/\/portaltela.pt\/noticias\/2026\/03\/30\/mais-de-70-mortos-em-confronto-ligado-a-mina-de-ouro-no-sudao-do-sul\/"},"modified":"2026-03-30T12:32:20","modified_gmt":"2026-03-30T15:32:20","slug":"mais-de-70-mortos-em-confronto-ligado-a-mina-de-ouro-no-sudao-do-sul","status":"publish","type":"post","link":"https:\/\/portaltela.pt\/conflitos\/2026\/03\/30\/mais-de-70-mortos-em-confronto-ligado-a-mina-de-ouro-no-sudao-do-sul\/","title":{"rendered":"Mais de 70 mortos em confronto ligado a mina de ouro no Sud\u00e3o do Sul"},"content":{"rendered":"<p>Mais de 70 pessoas foram mortas neste fim de semana numa mina de ouro em Jebel Iraq, Sud\u00e3o do Sul, segundo as autoridades. O ataque foi atribu\u00eddo a homens armados, num epis\u00f3dio ligado a uma disputa pela explora\u00e7\u00e3o da jazida.<\/p>\n<p>O epis\u00f3dio ocorreu num local onde atuam garimpeiros ilegais e empresas de minera\u00e7\u00e3o, j\u00e1 com historial de confrontos. A viol\u00eancia ocorreu de forma r\u00e1pida e gerou m\u00faltiplas v\u00edtimas.<\/p>\n<p>As autoridades destacam que o motivo central est\u00e1 ligado \u00e0 disputa sobre a gest\u00e3o da mina, incluindo quest\u00f5es de propriedade e rendas associadas \u00e0 atividade mineira. A investiga\u00e7\u00e3o continua em curso.<\/p>\n<h3>Contexto<\/h3>\n<p>A mina em Jebel Iraq j\u00e1 foi palco de choques entre atores informais e formais do setor, com ciclos de viol\u00eancia repetidos ao longo dos anos. N\u00e3o h\u00e1 confirma\u00e7\u00e3o sobre respons\u00e1veis espec\u00edficos pelo ataque.<\/p>\n<p>As for\u00e7as de seguran\u00e7a do Sud\u00e3o do Sul est\u00e3o a coordenar as opera\u00e7\u00f5es de resposta e a recolha de informa\u00e7\u00f5es no terreno, tentando apurar as circunst\u00e2ncias e identificar os agentes envolvidos.<\/p>\n","protected":false},"excerpt":{"rendered":"<ul>\n<li>Mais de 70 pessoas foram mortas numa mina de ouro em Jebel Iraq, no Sud\u00e3o do Sul, neste fim de semana.<\/li>\n<li>O ataque foi motivado por uma disputa relacionada com a minera\u00e7\u00e3o de ouro, segundo as autoridades.<\/li>\n<li>A mina tem sido palco de confrontos violentos entre garimpeiros ilegais e empresas de minera\u00e7\u00e3o.<\/li>\n<li>O incidente \u00e9 ligado a conflitos persistentes na regi\u00e3o em torno da explora\u00e7\u00e3o de ouro.<\/li>\n<\/ul>\n","protected":false},"author":2,"featured_media":427107,"comment_status":"closed","ping_status":"closed","sticky":false,"template":"","format":"standard","meta":{"footnotes":""},"categories":[6790],"tags":[254,4930,5252,939],"class_list":["post-427103","post","type-post","status-publish","format-standard","has-post-thumbnail","hentry","category-conflitos","tag-conflito","tag-mineracao-artesanal","tag-sudao","tag-violencia"],"yoast_head":"<!-- This site is optimized with the Yoast SEO plugin v27.2 - https:\/\/yoast.com\/product\/yoast-seo-wordpress\/ -->\n<title>Mais de 70 mortos em confronto ligado a mina de ouro no Sud\u00e3o do Sul - Portal Tela Portugal<\/title>\n<meta name=\"robots\" content=\"index, follow, max-snippet:-1, max-image-preview:large, max-video-preview:-1\" \/>\n<meta property=\"og:locale\" content=\"pt_PT\" \/>\n<meta property=\"og:type\" content=\"article\" \/>\n<meta property=\"og:title\" content=\"Mais de 70 mortos em confronto ligado a mina de ouro no Sud\u00e3o do Sul - Portal Tela Portugal\" \/>\n<meta property=\"og:description\" content=\"Mais de 70 pessoas foram mortas numa mina de ouro em Jebel Iraq, no Sud\u00e3o do Sul, neste fim de semana. O ataque foi motivado por uma disputa relacionada com a minera\u00e7\u00e3o de ouro, segundo as autoridades. A mina tem sido palco de confrontos violentos entre garimpeiros ilegais e empresas de minera\u00e7\u00e3o. O incidente \u00e9 ligado a conflitos persistentes na regi\u00e3o em torno da explora\u00e7\u00e3o de ouro.\" \/>\n<meta property=\"og:url\" content=\"https:\/\/portaltela.pt\/noticias\/2026\/03\/30\/mais-de-70-mortos-em-confronto-ligado-a-mina-de-ouro-no-sudao-do-sul\/\" \/>\n<meta property=\"og:site_name\" content=\"Portal Tela Portugal\" \/>\n<meta property=\"article:published_time\" content=\"2026-03-30T15:32:20+00:00\" \/>\n<meta name=\"author\" content=\"Telinha\" \/>\n<meta name=\"twitter:card\" content=\"summary_large_image\" \/>\n<meta name=\"twitter:label1\" content=\"Escrito por\" \/>\n\t<meta name=\"twitter:data1\" content=\"Telinha\" \/>\n\t<meta name=\"twitter:label2\" content=\"Tempo estimado de leitura\" \/>\n\t<meta name=\"twitter:data2\" content=\"1 minuto\" \/>\n<script type=\"application\/ld+json\" class=\"yoast-schema-graph\">{\"@context\":\"https:\/\/schema.org\",\"@graph\":[{\"@type\":\"Article\",\"@id\":\"https:\/\/portaltela.pt\/noticias\/2026\/03\/30\/mais-de-70-mortos-em-confronto-ligado-a-mina-de-ouro-no-sudao-do-sul\/#article\",\"isPartOf\":{\"@id\":\"https:\/\/portaltela.pt\/noticias\/2026\/03\/30\/mais-de-70-mortos-em-confronto-ligado-a-mina-de-ouro-no-sudao-do-sul\/\"},\"author\":{\"name\":\"Telinha\",\"@id\":\"https:\/\/portaltela.pt\/#\/schema\/person\/c4278d4a6028830caff9ee44b42d32ed\"},\"headline\":\"Mais de 70 mortos em confronto ligado a mina de ouro no Sud\u00e3o do Sul\",\"datePublished\":\"2026-03-30T15:32:20+00:00\",\"mainEntityOfPage\":{\"@id\":\"https:\/\/portaltela.pt\/noticias\/2026\/03\/30\/mais-de-70-mortos-em-confronto-ligado-a-mina-de-ouro-no-sudao-do-sul\/\"},\"wordCount\":202,\"image\":{\"@id\":\"https:\/\/portaltela.pt\/noticias\/2026\/03\/30\/mais-de-70-mortos-em-confronto-ligado-a-mina-de-ouro-no-sudao-do-sul\/#primaryimage\"},\"thumbnailUrl\":\"https:\/\/portaltela.pt\/s.01k8rhncp4jt1\/2026\/03\/img_1280x722uu2026-03-30-16-13-25-2275617.jpg\",\"keywords\":[\"conflito\",\"minera\u00e7\u00e3o artesanal\",\"Sud\u00e3o\",\"viol\u00eancia\"],\"articleSection\":[\"Conflitos\"],\"inLanguage\":\"pt-PT\"},{\"@type\":\"WebPage\",\"@id\":\"https:\/\/portaltela.pt\/noticias\/2026\/03\/30\/mais-de-70-mortos-em-confronto-ligado-a-mina-de-ouro-no-sudao-do-sul\/\",\"url\":\"https:\/\/portaltela.pt\/noticias\/2026\/03\/30\/mais-de-70-mortos-em-confronto-ligado-a-mina-de-ouro-no-sudao-do-sul\/\",\"name\":\"Mais de 70 mortos em confronto ligado a mina de ouro no Sud\u00e3o do Sul - Portal Tela Portugal\",\"isPartOf\":{\"@id\":\"https:\/\/portaltela.pt\/#website\"},\"primaryImageOfPage\":{\"@id\":\"https:\/\/portaltela.pt\/noticias\/2026\/03\/30\/mais-de-70-mortos-em-confronto-ligado-a-mina-de-ouro-no-sudao-do-sul\/#primaryimage\"},\"image\":{\"@id\":\"https:\/\/portaltela.pt\/noticias\/2026\/03\/30\/mais-de-70-mortos-em-confronto-ligado-a-mina-de-ouro-no-sudao-do-sul\/#primaryimage\"},\"thumbnailUrl\":\"https:\/\/portaltela.pt\/s.01k8rhncp4jt1\/2026\/03\/img_1280x722uu2026-03-30-16-13-25-2275617.jpg\",\"datePublished\":\"2026-03-30T15:32:20+00:00\",\"author\":{\"@id\":\"https:\/\/portaltela.pt\/#\/schema\/person\/c4278d4a6028830caff9ee44b42d32ed\"},\"breadcrumb\":{\"@id\":\"https:\/\/portaltela.pt\/noticias\/2026\/03\/30\/mais-de-70-mortos-em-confronto-ligado-a-mina-de-ouro-no-sudao-do-sul\/#breadcrumb\"},\"inLanguage\":\"pt-PT\",\"potentialAction\":[{\"@type\":\"ReadAction\",\"target\":[\"https:\/\/portaltela.pt\/noticias\/2026\/03\/30\/mais-de-70-mortos-em-confronto-ligado-a-mina-de-ouro-no-sudao-do-sul\/\"]}]},{\"@type\":\"ImageObject\",\"inLanguage\":\"pt-PT\",\"@id\":\"https:\/\/portaltela.pt\/noticias\/2026\/03\/30\/mais-de-70-mortos-em-confronto-ligado-a-mina-de-ouro-no-sudao-do-sul\/#primaryimage\",\"url\":\"https:\/\/portaltela.pt\/s.01k8rhncp4jt1\/2026\/03\/img_1280x722uu2026-03-30-16-13-25-2275617.jpg\",\"contentUrl\":\"https:\/\/portaltela.pt\/s.01k8rhncp4jt1\/2026\/03\/img_1280x722uu2026-03-30-16-13-25-2275617.jpg\",\"width\":796,\"height\":448,\"caption\":\"Photo\"},{\"@type\":\"BreadcrumbList\",\"@id\":\"https:\/\/portaltela.pt\/noticias\/2026\/03\/30\/mais-de-70-mortos-em-confronto-ligado-a-mina-de-ouro-no-sudao-do-sul\/#breadcrumb\",\"itemListElement\":[{\"@type\":\"ListItem\",\"position\":1,\"name\":\"In\u00edcio\",\"item\":\"https:\/\/portaltela.pt\/\"},{\"@type\":\"ListItem\",\"position\":2,\"name\":\"Mais de 70 mortos em confronto ligado a mina de ouro no Sud\u00e3o do Sul\"}]},{\"@type\":\"WebSite\",\"@id\":\"https:\/\/portaltela.pt\/#website\",\"url\":\"https:\/\/portaltela.pt\/\",\"name\":\"Portal Tela Portugal\",\"description\":\"\",\"potentialAction\":[{\"@type\":\"SearchAction\",\"target\":{\"@type\":\"EntryPoint\",\"urlTemplate\":\"https:\/\/portaltela.pt\/?s={search_term_string}\"},\"query-input\":{\"@type\":\"PropertyValueSpecification\",\"valueRequired\":true,\"valueName\":\"search_term_string\"}}],\"inLanguage\":\"pt-PT\"},{\"@type\":\"Person\",\"@id\":\"https:\/\/portaltela.pt\/#\/schema\/person\/c4278d4a6028830caff9ee44b42d32ed\",\"name\":\"Telinha\",\"image\":{\"@type\":\"ImageObject\",\"inLanguage\":\"pt-PT\",\"@id\":\"https:\/\/portaltela.pt\/s.01k8rhncp4jt1\/2025\/11\/talking-bot-125x125.png\",\"url\":\"https:\/\/portaltela.pt\/s.01k8rhncp4jt1\/2025\/11\/talking-bot-125x125.png\",\"contentUrl\":\"https:\/\/portaltela.pt\/s.01k8rhncp4jt1\/2025\/11\/talking-bot-125x125.png\",\"caption\":\"Telinha\"},\"sameAs\":[\"https:\/\/portaltela.pt\/\"],\"url\":\"https:\/\/portaltela.pt\/por\/367410592786\/\"}]}<\/script>\n<!-- \/ Yoast SEO plugin. -->","yoast_head_json":{"title":"Mais de 70 mortos em confronto ligado a mina de ouro no Sud\u00e3o do Sul - Portal Tela Portugal","robots":{"index":"index","follow":"follow","max-snippet":"max-snippet:-1","max-image-preview":"max-image-preview:large","max-video-preview":"max-video-preview:-1"},"og_locale":"pt_PT","og_type":"article","og_title":"Mais de 70 mortos em confronto ligado a mina de ouro no Sud\u00e3o do Sul - Portal Tela Portugal","og_description":"Mais de 70 pessoas foram mortas numa mina de ouro em Jebel Iraq, no Sud\u00e3o do Sul, neste fim de semana. O ataque foi motivado por uma disputa relacionada com a minera\u00e7\u00e3o de ouro, segundo as autoridades. A mina tem sido palco de confrontos violentos entre garimpeiros ilegais e empresas de minera\u00e7\u00e3o. O incidente \u00e9 ligado a conflitos persistentes na regi\u00e3o em torno da explora\u00e7\u00e3o de ouro.","og_url":"https:\/\/portaltela.pt\/noticias\/2026\/03\/30\/mais-de-70-mortos-em-confronto-ligado-a-mina-de-ouro-no-sudao-do-sul\/","og_site_name":"Portal Tela Portugal","article_published_time":"2026-03-30T15:32:20+00:00","author":"Telinha","twitter_card":"summary_large_image","twitter_misc":{"Escrito por":"Telinha","Tempo estimado de leitura":"1 minuto"},"schema":{"@context":"https:\/\/schema.org","@graph":[{"@type":"Article","@id":"https:\/\/portaltela.pt\/noticias\/2026\/03\/30\/mais-de-70-mortos-em-confronto-ligado-a-mina-de-ouro-no-sudao-do-sul\/#article","isPartOf":{"@id":"https:\/\/portaltela.pt\/noticias\/2026\/03\/30\/mais-de-70-mortos-em-confronto-ligado-a-mina-de-ouro-no-sudao-do-sul\/"},"author":{"name":"Telinha","@id":"https:\/\/portaltela.pt\/#\/schema\/person\/c4278d4a6028830caff9ee44b42d32ed"},"headline":"Mais de 70 mortos em confronto ligado a mina de ouro no Sud\u00e3o do Sul","datePublished":"2026-03-30T15:32:20+00:00","mainEntityOfPage":{"@id":"https:\/\/portaltela.pt\/noticias\/2026\/03\/30\/mais-de-70-mortos-em-confronto-ligado-a-mina-de-ouro-no-sudao-do-sul\/"},"wordCount":202,"image":{"@id":"https:\/\/portaltela.pt\/noticias\/2026\/03\/30\/mais-de-70-mortos-em-confronto-ligado-a-mina-de-ouro-no-sudao-do-sul\/#primaryimage"},"thumbnailUrl":"https:\/\/portaltela.pt\/s.01k8rhncp4jt1\/2026\/03\/img_1280x722uu2026-03-30-16-13-25-2275617.jpg","keywords":["conflito","minera\u00e7\u00e3o artesanal","Sud\u00e3o","viol\u00eancia"],"articleSection":["Conflitos"],"inLanguage":"pt-PT"},{"@type":"WebPage","@id":"https:\/\/portaltela.pt\/noticias\/2026\/03\/30\/mais-de-70-mortos-em-confronto-ligado-a-mina-de-ouro-no-sudao-do-sul\/","url":"https:\/\/portaltela.pt\/noticias\/2026\/03\/30\/mais-de-70-mortos-em-confronto-ligado-a-mina-de-ouro-no-sudao-do-sul\/","name":"Mais de 70 mortos em confronto ligado a mina de ouro no Sud\u00e3o do Sul - Portal Tela Portugal","isPartOf":{"@id":"https:\/\/portaltela.pt\/#website"},"primaryImageOfPage":{"@id":"https:\/\/portaltela.pt\/noticias\/2026\/03\/30\/mais-de-70-mortos-em-confronto-ligado-a-mina-de-ouro-no-sudao-do-sul\/#primaryimage"},"image":{"@id":"https:\/\/portaltela.pt\/noticias\/2026\/03\/30\/mais-de-70-mortos-em-confronto-ligado-a-mina-de-ouro-no-sudao-do-sul\/#primaryimage"},"thumbnailUrl":"https:\/\/portaltela.pt\/s.01k8rhncp4jt1\/2026\/03\/img_1280x722uu2026-03-30-16-13-25-2275617.jpg","datePublished":"2026-03-30T15:32:20+00:00","author":{"@id":"https:\/\/portaltela.pt\/#\/schema\/person\/c4278d4a6028830caff9ee44b42d32ed"},"breadcrumb":{"@id":"https:\/\/portaltela.pt\/noticias\/2026\/03\/30\/mais-de-70-mortos-em-confronto-ligado-a-mina-de-ouro-no-sudao-do-sul\/#breadcrumb"},"inLanguage":"pt-PT","potentialAction":[{"@type":"ReadAction","target":["https:\/\/portaltela.pt\/noticias\/2026\/03\/30\/mais-de-70-mortos-em-confronto-ligado-a-mina-de-ouro-no-sudao-do-sul\/"]}]},{"@type":"ImageObject","inLanguage":"pt-PT","@id":"https:\/\/portaltela.pt\/noticias\/2026\/03\/30\/mais-de-70-mortos-em-confronto-ligado-a-mina-de-ouro-no-sudao-do-sul\/#primaryimage","url":"https:\/\/portaltela.pt\/s.01k8rhncp4jt1\/2026\/03\/img_1280x722uu2026-03-30-16-13-25-2275617.jpg","contentUrl":"https:\/\/portaltela.pt\/s.01k8rhncp4jt1\/2026\/03\/img_1280x722uu2026-03-30-16-13-25-2275617.jpg","width":796,"height":448,"caption":"Photo"},{"@type":"BreadcrumbList","@id":"https:\/\/portaltela.pt\/noticias\/2026\/03\/30\/mais-de-70-mortos-em-confronto-ligado-a-mina-de-ouro-no-sudao-do-sul\/#breadcrumb","itemListElement":[{"@type":"ListItem","position":1,"name":"In\u00edcio","item":"https:\/\/portaltela.pt\/"},{"@type":"ListItem","position":2,"name":"Mais de 70 mortos em confronto ligado a mina de ouro no Sud\u00e3o do Sul"}]},{"@type":"WebSite","@id":"https:\/\/portaltela.pt\/#website","url":"https:\/\/portaltela.pt\/","name":"Portal Tela Portugal","description":"","potentialAction":[{"@type":"SearchAction","target":{"@type":"EntryPoint","urlTemplate":"https:\/\/portaltela.pt\/?s={search_term_string}"},"query-input":{"@type":"PropertyValueSpecification","valueRequired":true,"valueName":"search_term_string"}}],"inLanguage":"pt-PT"},{"@type":"Person","@id":"https:\/\/portaltela.pt\/#\/schema\/person\/c4278d4a6028830caff9ee44b42d32ed","name":"Telinha","image":{"@type":"ImageObject","inLanguage":"pt-PT","@id":"https:\/\/portaltela.pt\/s.01k8rhncp4jt1\/2025\/11\/talking-bot-125x125.png","url":"https:\/\/portaltela.pt\/s.01k8rhncp4jt1\/2025\/11\/talking-bot-125x125.png","contentUrl":"https:\/\/portaltela.pt\/s.01k8rhncp4jt1\/2025\/11\/talking-bot-125x125.png","caption":"Telinha"},"sameAs":["https:\/\/portaltela.pt\/"],"url":"https:\/\/portaltela.pt\/por\/367410592786\/"}]}},"_links":{"self":[{"href":"https:\/\/portaltela.pt\/api\/wp\/v2\/posts\/427103","targetHints":{"allow":["GET"]}}],"collection":[{"href":"https:\/\/portaltela.pt\/api\/wp\/v2\/posts"}],"about":[{"href":"https:\/\/portaltela.pt\/api\/wp\/v2\/types\/post"}],"author":[{"embeddable":true,"href":"https:\/\/portaltela.pt\/api\/wp\/v2\/users\/2"}],"replies":[{"embeddable":true,"href":"https:\/\/portaltela.pt\/api\/wp\/v2\/comments?post=427103"}],"version-history":[{"count":0,"href":"https:\/\/portaltela.pt\/api\/wp\/v2\/posts\/427103\/revisions"}],"wp:featuredmedia":[{"embeddable":true,"href":"https:\/\/portaltela.pt\/api\/wp\/v2\/media\/427107"}],"wp:attachment":[{"href":"https:\/\/portaltela.pt\/api\/wp\/v2\/media?parent=427103"}],"wp:term":[{"taxonomy":"category","embeddable":true,"href":"https:\/\/portaltela.pt\/api\/wp\/v2\/categories?post=427103"},{"taxonomy":"post_tag","embeddable":true,"href":"https:\/\/portaltela.pt\/api\/wp\/v2\/tags?post=427103"}],"curies":[{"name":"wp","href":"https:\/\/api.w.org\/{rel}","templated":true}]}}