{"id":427094,"date":"2026-03-30T12:17:13","date_gmt":"2026-03-30T15:17:13","guid":{"rendered":"https:\/\/portaltela.pt\/noticias\/2026\/03\/30\/reportagem-da-noticias-magazine-distinguida-no-premio-de-jornalismo-o-avc\/"},"modified":"2026-03-30T12:17:13","modified_gmt":"2026-03-30T15:17:13","slug":"reportagem-da-noticias-magazine-distinguida-no-premio-de-jornalismo-o-avc","status":"publish","type":"post","link":"https:\/\/portaltela.pt\/saude\/2026\/03\/30\/reportagem-da-noticias-magazine-distinguida-no-premio-de-jornalismo-o-avc\/","title":{"rendered":"Reportagem da Not\u00edcias Magazine distinguida no Pr\u00e9mio de Jornalismo O AVC"},"content":{"rendered":"<p>A reportagem AVC. Sobreviver. Lutar. Trabalhar, publicada pela Not\u00edcias Magazine em outubro de 2025, foi distinguida no Pr\u00e9mio de Jornalismo O AVC, da Portugal AVC. Recebeu o 2.\u00ba pr\u00e9mio numa cerim\u00f3nia realizada esta quinta-feira.<\/p>\n<p>O galard\u00e3o foi entregue no Espa\u00e7o Multiusos do Centro de Medicina de Reabilita\u00e7\u00e3o de Alcoit\u00e3o. A obra de Sara Dias Oliveira acompanha hist\u00f3rias de sobreviventes de AVC, com foco na recupera\u00e7\u00e3o, na reintegra\u00e7\u00e3o profissional e no recome\u00e7ar de vidas.<\/p>\n<p>Paula Bastos, Rosalina Morais, Jo\u00e3o Bragan\u00e7a, Rosa Pereiro e Ricardo Rodrigues aparecem entre os protagonistas. O texto revela ang\u00fastias, expetativas e o apoio de familiares e profissionais de sa\u00fade.<\/p>\n<p>A reportagem tamb\u00e9m evidencia que a geografia influencia o percurso dos doentes, mostrando diferen\u00e7as entre cidades, \u00e1reas urbanas e o Interior. O estudo de caso sublinha a import\u00e2ncia de redes de apoio diversas.<\/p>\n<p>Nesta 3.\u00aa edi\u00e7\u00e3o do Pr\u00e9mio da Portugal AVC &#8211; Uni\u00e3o de Sobreviventes, Familiares e Amigos, o 1.\u00ba pr\u00e9mio foi para Raquel Mor\u00e3o Lopes, da Antena 1 e 3, e o 3.\u00ba para In\u00eas Linhares Dias, da Antena 1 e Antena 1 A\u00e7ores.<\/p>\n<p>A iniciativa visa incentivar a qualidade jornal\u00edstica na \u00e1rea da sa\u00fade em Portugal, com foco na realidade de quem sofreu um AVC, a principal causa de morte e incapacidade no pa\u00eds.<\/p>\n","protected":false},"excerpt":{"rendered":"<ul>\n<li>A reportagem AVC. Sobreviver. Lutar. Trabalhar, publicada na Not\u00edcias Magazine em outubro de 2025, ficou em segundo lugar no Pr\u00e9mio de Jornalismo O AVC da Portugal AVC.<\/li>\n<li>Autora: Sara Dias Oliveira; a entrega dos galard\u00f5es ocorreu no Espa\u00e7o Multiusos do Centro de Medicina de Reabilita\u00e7\u00e3o de Alcoit\u00e3o.<\/li>\n<li>A pe\u00e7a mostra hist\u00f3rias de sobreviventes de AVC, incluindo a recupera\u00e7\u00e3o, a integra\u00e7\u00e3o no mercado de trabalho e o recome\u00e7o de vida.<\/li>\n<li>Evidencia que a geografia importa nestes casos, variando entre cidade, centro urbano e Interior do pa\u00eds.<\/li>\n<li>O 1.\u00ba pr\u00e9mio foi para Raquel Mor\u00e3o Lopes (Antena 1 e 3) e o 3.\u00ba para In\u00eas Linhares Dias (Antena 1 e Antena 1 A\u00e7ores); o objetivo do pr\u00e9mio \u00e9 incentivar jornalismo de sa\u00fade em Portugal.<\/li>\n<\/ul>\n","protected":false},"author":2,"featured_media":427100,"comment_status":"closed","ping_status":"closed","sticky":false,"template":"","format":"standard","meta":{"footnotes":""},"categories":[7371,6745],"tags":[7048,61,7211,4425,172,271],"class_list":["post-427094","post","type-post","status-publish","format-standard","has-post-thumbnail","hentry","category-medicina","category-saude","tag-avc","tag-doencas","tag-medicina","tag-profissionais-de-saude","tag-saude","tag-saude-publica"],"yoast_head":"<!-- This site is optimized with the Yoast SEO plugin v27.2 - https:\/\/yoast.com\/product\/yoast-seo-wordpress\/ -->\n<title>Reportagem da Not\u00edcias Magazine distinguida no Pr\u00e9mio de Jornalismo O AVC - Portal Tela Portugal<\/title>\n<meta name=\"robots\" content=\"index, follow, max-snippet:-1, max-image-preview:large, max-video-preview:-1\" \/>\n<meta property=\"og:locale\" content=\"pt_PT\" \/>\n<meta property=\"og:type\" content=\"article\" \/>\n<meta property=\"og:title\" content=\"Reportagem da Not\u00edcias Magazine distinguida no Pr\u00e9mio de Jornalismo O AVC - Portal Tela Portugal\" \/>\n<meta property=\"og:description\" content=\"A reportagem AVC. Sobreviver. Lutar. Trabalhar, publicada na Not\u00edcias Magazine em outubro de 2025, ficou em segundo lugar no Pr\u00e9mio de Jornalismo O AVC da Portugal AVC. Autora: Sara Dias Oliveira; a entrega dos galard\u00f5es ocorreu no Espa\u00e7o Multiusos do Centro de Medicina de Reabilita\u00e7\u00e3o de Alcoit\u00e3o. A pe\u00e7a mostra hist\u00f3rias de sobreviventes de AVC, incluindo a recupera\u00e7\u00e3o, a integra\u00e7\u00e3o no mercado de trabalho e o recome\u00e7o de vida. Evidencia que a geografia importa nestes casos, variando entre cidade, centro urbano e Interior do pa\u00eds. O 1.\u00ba pr\u00e9mio foi para Raquel Mor\u00e3o Lopes (Antena 1 e 3) e o 3.\u00ba para In\u00eas Linhares Dias (Antena 1 e Antena 1 A\u00e7ores); o objetivo do pr\u00e9mio \u00e9 incentivar jornalismo de sa\u00fade em Portugal.\" \/>\n<meta property=\"og:url\" content=\"https:\/\/portaltela.pt\/noticias\/2026\/03\/30\/reportagem-da-noticias-magazine-distinguida-no-premio-de-jornalismo-o-avc\/\" \/>\n<meta property=\"og:site_name\" content=\"Portal Tela Portugal\" \/>\n<meta property=\"article:published_time\" content=\"2026-03-30T15:17:13+00:00\" \/>\n<meta name=\"author\" content=\"Telinha\" \/>\n<meta name=\"twitter:card\" content=\"summary_large_image\" \/>\n<meta name=\"twitter:label1\" content=\"Escrito por\" \/>\n\t<meta name=\"twitter:data1\" content=\"Telinha\" \/>\n\t<meta name=\"twitter:label2\" content=\"Tempo estimado de leitura\" \/>\n\t<meta name=\"twitter:data2\" content=\"1 minuto\" \/>\n<script type=\"application\/ld+json\" class=\"yoast-schema-graph\">{\"@context\":\"https:\/\/schema.org\",\"@graph\":[{\"@type\":\"Article\",\"@id\":\"https:\/\/portaltela.pt\/noticias\/2026\/03\/30\/reportagem-da-noticias-magazine-distinguida-no-premio-de-jornalismo-o-avc\/#article\",\"isPartOf\":{\"@id\":\"https:\/\/portaltela.pt\/noticias\/2026\/03\/30\/reportagem-da-noticias-magazine-distinguida-no-premio-de-jornalismo-o-avc\/\"},\"author\":{\"name\":\"Telinha\",\"@id\":\"https:\/\/portaltela.pt\/#\/schema\/person\/c4278d4a6028830caff9ee44b42d32ed\"},\"headline\":\"Reportagem da Not\u00edcias Magazine distinguida no Pr\u00e9mio de Jornalismo O AVC\",\"datePublished\":\"2026-03-30T15:17:13+00:00\",\"mainEntityOfPage\":{\"@id\":\"https:\/\/portaltela.pt\/noticias\/2026\/03\/30\/reportagem-da-noticias-magazine-distinguida-no-premio-de-jornalismo-o-avc\/\"},\"wordCount\":241,\"image\":{\"@id\":\"https:\/\/portaltela.pt\/noticias\/2026\/03\/30\/reportagem-da-noticias-magazine-distinguida-no-premio-de-jornalismo-o-avc\/#primaryimage\"},\"thumbnailUrl\":\"https:\/\/portaltela.pt\/s.01k8rhncp4jt1\/2026\/03\/image-1811.jpg\",\"keywords\":[\"AVC\",\"doen\u00e7as\",\"medicina\",\"profissionais de sa\u00fade\",\"sa\u00fade\",\"sa\u00fade p\u00fablica\"],\"articleSection\":[\"Medicina\",\"Sa\u00fade\"],\"inLanguage\":\"pt-PT\"},{\"@type\":\"WebPage\",\"@id\":\"https:\/\/portaltela.pt\/noticias\/2026\/03\/30\/reportagem-da-noticias-magazine-distinguida-no-premio-de-jornalismo-o-avc\/\",\"url\":\"https:\/\/portaltela.pt\/noticias\/2026\/03\/30\/reportagem-da-noticias-magazine-distinguida-no-premio-de-jornalismo-o-avc\/\",\"name\":\"Reportagem da Not\u00edcias Magazine distinguida no Pr\u00e9mio de Jornalismo O AVC - Portal Tela Portugal\",\"isPartOf\":{\"@id\":\"https:\/\/portaltela.pt\/#website\"},\"primaryImageOfPage\":{\"@id\":\"https:\/\/portaltela.pt\/noticias\/2026\/03\/30\/reportagem-da-noticias-magazine-distinguida-no-premio-de-jornalismo-o-avc\/#primaryimage\"},\"image\":{\"@id\":\"https:\/\/portaltela.pt\/noticias\/2026\/03\/30\/reportagem-da-noticias-magazine-distinguida-no-premio-de-jornalismo-o-avc\/#primaryimage\"},\"thumbnailUrl\":\"https:\/\/portaltela.pt\/s.01k8rhncp4jt1\/2026\/03\/image-1811.jpg\",\"datePublished\":\"2026-03-30T15:17:13+00:00\",\"author\":{\"@id\":\"https:\/\/portaltela.pt\/#\/schema\/person\/c4278d4a6028830caff9ee44b42d32ed\"},\"breadcrumb\":{\"@id\":\"https:\/\/portaltela.pt\/noticias\/2026\/03\/30\/reportagem-da-noticias-magazine-distinguida-no-premio-de-jornalismo-o-avc\/#breadcrumb\"},\"inLanguage\":\"pt-PT\",\"potentialAction\":[{\"@type\":\"ReadAction\",\"target\":[\"https:\/\/portaltela.pt\/noticias\/2026\/03\/30\/reportagem-da-noticias-magazine-distinguida-no-premio-de-jornalismo-o-avc\/\"]}]},{\"@type\":\"ImageObject\",\"inLanguage\":\"pt-PT\",\"@id\":\"https:\/\/portaltela.pt\/noticias\/2026\/03\/30\/reportagem-da-noticias-magazine-distinguida-no-premio-de-jornalismo-o-avc\/#primaryimage\",\"url\":\"https:\/\/portaltela.pt\/s.01k8rhncp4jt1\/2026\/03\/image-1811.jpg\",\"contentUrl\":\"https:\/\/portaltela.pt\/s.01k8rhncp4jt1\/2026\/03\/image-1811.jpg\",\"width\":796,\"height\":448,\"caption\":\"Imagem de contexto do artigo Reportagem da \\\"Not\u00edcias Magazine\\\" distinguida no Pr\u00e9mio de Jornalismo \\\"O AVC\\\"\"},{\"@type\":\"BreadcrumbList\",\"@id\":\"https:\/\/portaltela.pt\/noticias\/2026\/03\/30\/reportagem-da-noticias-magazine-distinguida-no-premio-de-jornalismo-o-avc\/#breadcrumb\",\"itemListElement\":[{\"@type\":\"ListItem\",\"position\":1,\"name\":\"In\u00edcio\",\"item\":\"https:\/\/portaltela.pt\/\"},{\"@type\":\"ListItem\",\"position\":2,\"name\":\"Reportagem da Not\u00edcias Magazine distinguida no Pr\u00e9mio de Jornalismo O AVC\"}]},{\"@type\":\"WebSite\",\"@id\":\"https:\/\/portaltela.pt\/#website\",\"url\":\"https:\/\/portaltela.pt\/\",\"name\":\"Portal Tela Portugal\",\"description\":\"\",\"potentialAction\":[{\"@type\":\"SearchAction\",\"target\":{\"@type\":\"EntryPoint\",\"urlTemplate\":\"https:\/\/portaltela.pt\/?s={search_term_string}\"},\"query-input\":{\"@type\":\"PropertyValueSpecification\",\"valueRequired\":true,\"valueName\":\"search_term_string\"}}],\"inLanguage\":\"pt-PT\"},{\"@type\":\"Person\",\"@id\":\"https:\/\/portaltela.pt\/#\/schema\/person\/c4278d4a6028830caff9ee44b42d32ed\",\"name\":\"Telinha\",\"image\":{\"@type\":\"ImageObject\",\"inLanguage\":\"pt-PT\",\"@id\":\"https:\/\/portaltela.pt\/s.01k8rhncp4jt1\/2025\/11\/talking-bot-125x125.png\",\"url\":\"https:\/\/portaltela.pt\/s.01k8rhncp4jt1\/2025\/11\/talking-bot-125x125.png\",\"contentUrl\":\"https:\/\/portaltela.pt\/s.01k8rhncp4jt1\/2025\/11\/talking-bot-125x125.png\",\"caption\":\"Telinha\"},\"sameAs\":[\"https:\/\/portaltela.pt\/\"],\"url\":\"https:\/\/portaltela.pt\/por\/367410592786\/\"}]}<\/script>\n<!-- \/ Yoast SEO plugin. -->","yoast_head_json":{"title":"Reportagem da Not\u00edcias Magazine distinguida no Pr\u00e9mio de Jornalismo O AVC - Portal Tela Portugal","robots":{"index":"index","follow":"follow","max-snippet":"max-snippet:-1","max-image-preview":"max-image-preview:large","max-video-preview":"max-video-preview:-1"},"og_locale":"pt_PT","og_type":"article","og_title":"Reportagem da Not\u00edcias Magazine distinguida no Pr\u00e9mio de Jornalismo O AVC - Portal Tela Portugal","og_description":"A reportagem AVC. Sobreviver. Lutar. Trabalhar, publicada na Not\u00edcias Magazine em outubro de 2025, ficou em segundo lugar no Pr\u00e9mio de Jornalismo O AVC da Portugal AVC. Autora: Sara Dias Oliveira; a entrega dos galard\u00f5es ocorreu no Espa\u00e7o Multiusos do Centro de Medicina de Reabilita\u00e7\u00e3o de Alcoit\u00e3o. A pe\u00e7a mostra hist\u00f3rias de sobreviventes de AVC, incluindo a recupera\u00e7\u00e3o, a integra\u00e7\u00e3o no mercado de trabalho e o recome\u00e7o de vida. Evidencia que a geografia importa nestes casos, variando entre cidade, centro urbano e Interior do pa\u00eds. O 1.\u00ba pr\u00e9mio foi para Raquel Mor\u00e3o Lopes (Antena 1 e 3) e o 3.\u00ba para In\u00eas Linhares Dias (Antena 1 e Antena 1 A\u00e7ores); o objetivo do pr\u00e9mio \u00e9 incentivar jornalismo de sa\u00fade em Portugal.","og_url":"https:\/\/portaltela.pt\/noticias\/2026\/03\/30\/reportagem-da-noticias-magazine-distinguida-no-premio-de-jornalismo-o-avc\/","og_site_name":"Portal Tela Portugal","article_published_time":"2026-03-30T15:17:13+00:00","author":"Telinha","twitter_card":"summary_large_image","twitter_misc":{"Escrito por":"Telinha","Tempo estimado de leitura":"1 minuto"},"schema":{"@context":"https:\/\/schema.org","@graph":[{"@type":"Article","@id":"https:\/\/portaltela.pt\/noticias\/2026\/03\/30\/reportagem-da-noticias-magazine-distinguida-no-premio-de-jornalismo-o-avc\/#article","isPartOf":{"@id":"https:\/\/portaltela.pt\/noticias\/2026\/03\/30\/reportagem-da-noticias-magazine-distinguida-no-premio-de-jornalismo-o-avc\/"},"author":{"name":"Telinha","@id":"https:\/\/portaltela.pt\/#\/schema\/person\/c4278d4a6028830caff9ee44b42d32ed"},"headline":"Reportagem da Not\u00edcias Magazine distinguida no Pr\u00e9mio de Jornalismo O AVC","datePublished":"2026-03-30T15:17:13+00:00","mainEntityOfPage":{"@id":"https:\/\/portaltela.pt\/noticias\/2026\/03\/30\/reportagem-da-noticias-magazine-distinguida-no-premio-de-jornalismo-o-avc\/"},"wordCount":241,"image":{"@id":"https:\/\/portaltela.pt\/noticias\/2026\/03\/30\/reportagem-da-noticias-magazine-distinguida-no-premio-de-jornalismo-o-avc\/#primaryimage"},"thumbnailUrl":"https:\/\/portaltela.pt\/s.01k8rhncp4jt1\/2026\/03\/image-1811.jpg","keywords":["AVC","doen\u00e7as","medicina","profissionais de sa\u00fade","sa\u00fade","sa\u00fade p\u00fablica"],"articleSection":["Medicina","Sa\u00fade"],"inLanguage":"pt-PT"},{"@type":"WebPage","@id":"https:\/\/portaltela.pt\/noticias\/2026\/03\/30\/reportagem-da-noticias-magazine-distinguida-no-premio-de-jornalismo-o-avc\/","url":"https:\/\/portaltela.pt\/noticias\/2026\/03\/30\/reportagem-da-noticias-magazine-distinguida-no-premio-de-jornalismo-o-avc\/","name":"Reportagem da Not\u00edcias Magazine distinguida no Pr\u00e9mio de Jornalismo O AVC - Portal Tela Portugal","isPartOf":{"@id":"https:\/\/portaltela.pt\/#website"},"primaryImageOfPage":{"@id":"https:\/\/portaltela.pt\/noticias\/2026\/03\/30\/reportagem-da-noticias-magazine-distinguida-no-premio-de-jornalismo-o-avc\/#primaryimage"},"image":{"@id":"https:\/\/portaltela.pt\/noticias\/2026\/03\/30\/reportagem-da-noticias-magazine-distinguida-no-premio-de-jornalismo-o-avc\/#primaryimage"},"thumbnailUrl":"https:\/\/portaltela.pt\/s.01k8rhncp4jt1\/2026\/03\/image-1811.jpg","datePublished":"2026-03-30T15:17:13+00:00","author":{"@id":"https:\/\/portaltela.pt\/#\/schema\/person\/c4278d4a6028830caff9ee44b42d32ed"},"breadcrumb":{"@id":"https:\/\/portaltela.pt\/noticias\/2026\/03\/30\/reportagem-da-noticias-magazine-distinguida-no-premio-de-jornalismo-o-avc\/#breadcrumb"},"inLanguage":"pt-PT","potentialAction":[{"@type":"ReadAction","target":["https:\/\/portaltela.pt\/noticias\/2026\/03\/30\/reportagem-da-noticias-magazine-distinguida-no-premio-de-jornalismo-o-avc\/"]}]},{"@type":"ImageObject","inLanguage":"pt-PT","@id":"https:\/\/portaltela.pt\/noticias\/2026\/03\/30\/reportagem-da-noticias-magazine-distinguida-no-premio-de-jornalismo-o-avc\/#primaryimage","url":"https:\/\/portaltela.pt\/s.01k8rhncp4jt1\/2026\/03\/image-1811.jpg","contentUrl":"https:\/\/portaltela.pt\/s.01k8rhncp4jt1\/2026\/03\/image-1811.jpg","width":796,"height":448,"caption":"Imagem de contexto do artigo Reportagem da \"Not\u00edcias Magazine\" distinguida no Pr\u00e9mio de Jornalismo \"O AVC\""},{"@type":"BreadcrumbList","@id":"https:\/\/portaltela.pt\/noticias\/2026\/03\/30\/reportagem-da-noticias-magazine-distinguida-no-premio-de-jornalismo-o-avc\/#breadcrumb","itemListElement":[{"@type":"ListItem","position":1,"name":"In\u00edcio","item":"https:\/\/portaltela.pt\/"},{"@type":"ListItem","position":2,"name":"Reportagem da Not\u00edcias Magazine distinguida no Pr\u00e9mio de Jornalismo O AVC"}]},{"@type":"WebSite","@id":"https:\/\/portaltela.pt\/#website","url":"https:\/\/portaltela.pt\/","name":"Portal Tela Portugal","description":"","potentialAction":[{"@type":"SearchAction","target":{"@type":"EntryPoint","urlTemplate":"https:\/\/portaltela.pt\/?s={search_term_string}"},"query-input":{"@type":"PropertyValueSpecification","valueRequired":true,"valueName":"search_term_string"}}],"inLanguage":"pt-PT"},{"@type":"Person","@id":"https:\/\/portaltela.pt\/#\/schema\/person\/c4278d4a6028830caff9ee44b42d32ed","name":"Telinha","image":{"@type":"ImageObject","inLanguage":"pt-PT","@id":"https:\/\/portaltela.pt\/s.01k8rhncp4jt1\/2025\/11\/talking-bot-125x125.png","url":"https:\/\/portaltela.pt\/s.01k8rhncp4jt1\/2025\/11\/talking-bot-125x125.png","contentUrl":"https:\/\/portaltela.pt\/s.01k8rhncp4jt1\/2025\/11\/talking-bot-125x125.png","caption":"Telinha"},"sameAs":["https:\/\/portaltela.pt\/"],"url":"https:\/\/portaltela.pt\/por\/367410592786\/"}]}},"_links":{"self":[{"href":"https:\/\/portaltela.pt\/api\/wp\/v2\/posts\/427094","targetHints":{"allow":["GET"]}}],"collection":[{"href":"https:\/\/portaltela.pt\/api\/wp\/v2\/posts"}],"about":[{"href":"https:\/\/portaltela.pt\/api\/wp\/v2\/types\/post"}],"author":[{"embeddable":true,"href":"https:\/\/portaltela.pt\/api\/wp\/v2\/users\/2"}],"replies":[{"embeddable":true,"href":"https:\/\/portaltela.pt\/api\/wp\/v2\/comments?post=427094"}],"version-history":[{"count":0,"href":"https:\/\/portaltela.pt\/api\/wp\/v2\/posts\/427094\/revisions"}],"wp:featuredmedia":[{"embeddable":true,"href":"https:\/\/portaltela.pt\/api\/wp\/v2\/media\/427100"}],"wp:attachment":[{"href":"https:\/\/portaltela.pt\/api\/wp\/v2\/media?parent=427094"}],"wp:term":[{"taxonomy":"category","embeddable":true,"href":"https:\/\/portaltela.pt\/api\/wp\/v2\/categories?post=427094"},{"taxonomy":"post_tag","embeddable":true,"href":"https:\/\/portaltela.pt\/api\/wp\/v2\/tags?post=427094"}],"curies":[{"name":"wp","href":"https:\/\/api.w.org\/{rel}","templated":true}]}}