{"id":427078,"date":"2026-03-30T12:02:31","date_gmt":"2026-03-30T15:02:31","guid":{"rendered":"https:\/\/portaltela.pt\/noticias\/2026\/03\/30\/schjelderup-um-dos-jogadores-mais-valorizados-do-benfica-quase-por-acaso\/"},"modified":"2026-03-30T12:02:31","modified_gmt":"2026-03-30T15:02:31","slug":"schjelderup-um-dos-jogadores-mais-valorizados-do-benfica-quase-por-acaso","status":"publish","type":"post","link":"https:\/\/portaltela.pt\/desporto\/futebol\/2026\/03\/30\/schjelderup-um-dos-jogadores-mais-valorizados-do-benfica-quase-por-acaso\/","title":{"rendered":"Schjelderup, um dos jogadores mais valorizados do Benfica, quase por acaso"},"content":{"rendered":"<p>O jornalista do Record, Rafael Soares, afirma estar perplexo com a gest\u00e3o que Jos\u00e9 Mourinho tem sobre o extremo Schjelderup no Benfica. A an\u00e1lise surge numa perspetiva de avalia\u00e7\u00e3o do aproveitamento do jogador no projeto desportivo do clube.<\/p>\n<p>A not\u00edcia destaca que Schjelderup \u00e9 visto como um dos ativos mais valorizados do Benfica, surgindo num contexto de planeamento de refor\u00e7os e de avalia\u00e7\u00f5es de mercado para a pr\u00f3xima \u00e9poca. A dire\u00e7\u00e3o \u00e9 apontada como respons\u00e1vel por decis\u00f5es estrat\u00e9gicas sobre o jogador.<\/p>\n<p>A reportagem sustenta que o percurso do jogador tem causado discuss\u00e3o interna sobre o talento a ser explorado pela equipa principal e a poss\u00edvel inclus\u00e3o de Schjelderup em negocia\u00e7\u00f5es de venda. Mourinho \u00e9 descrito como determinante nesse cen\u00e1rio.<\/p>\n<h3>Situa\u00e7\u00e3o contratual e renova\u00e7\u00e3o<\/h3>\n<p>A pe\u00e7a refere que houve cr\u00edticas \u00e0 forma de abordar a renova\u00e7\u00e3o de Ant\u00f3nio Silva, apontando a aus\u00eancia de uma proposta clara por parte da administra\u00e7\u00e3o. A falta de proposta \u00e9 apresentada como uma falha no calend\u00e1rio de renova\u00e7\u00f5es do plantel.<\/p>\n<p>A gest\u00e3o de Otamendi \u00e9 tamb\u00e9m tema de an\u00e1lise: o regresso do defesa pode cair na \u00e9poca vindoura, com ind\u00edcios de que a liga\u00e7\u00e3o poder\u00e1 terminar no ver\u00e3o. O t\u00f3pico envolve impactos na defesa e na estrat\u00e9gia de experi\u00eancia.<\/p>\n<h3>Planos de refor\u00e7o e futuro do plantel<\/h3>\n<p>O texto discute a orienta\u00e7\u00e3o de Mourinho para apostar menos em Schjelderup e apostar mais na forma\u00e7\u00e3o de jovens, aliada a men\u00e7\u00f5es a poss\u00edveis entradas de outros delanteros e m\u00e9dios. O objetivo \u00e9 equilibrar o plantel com promessa de desenvolvimento.<\/p>\n<p>Tamb\u00e9m s\u00e3o mencionados nomes de Banjaqui, Jos\u00e9 Neto e An\u00edsio Cabral, com a pergunta sobre o papel que estes talentos v\u00e3o ter no Benfica da pr\u00f3xima \u00e9poca, sob a lideran\u00e7a do treinador.<\/p>\n<h3>Contexto europeu e rankings<\/h3>\n<p>A an\u00e1lise inclui ainda um olhar sobre o desempenho europeu do clube, com refer\u00eancias a uma avalia\u00e7\u00e3o de ranking da UEFA. O texto aborda o debate sobre a presen\u00e7a de equipas portuguesas na fase de grupos da Liga Confer\u00eancia em cinco anos, sem entrar em ju\u00edzos de valor.<\/p>\n","protected":false},"excerpt":{"rendered":"<ul>\n<li>Schjelderup \u00e9 descrito como um dos jogadores mais valorizados do Benfica quase por acaso; o jornalista Rafael Soares mostra-se perplexo com a gest\u00e3o de Mourinho.<\/li>\n<li>Otamendi deve terminar a liga\u00e7\u00e3o com o Benfica este ver\u00e3o.<\/li>\n<li>N\u00e3o foi apresentada uma proposta de renova\u00e7\u00e3o a Ant\u00f3nio Silva, o que \u00e9 visto como erro de gest\u00e3o.<\/li>\n<li>Mourinho quer mais Lukebakio e menos Schjelderups nos refor\u00e7os para a \u00e9poca seguinte.<\/li>\n<li>O clube pode apostar em jovens (Banjaqui, Jos\u00e9 Neto e An\u00edsio Cabral) para a pr\u00f3xima temporada, com foco num novo Otamendi.<\/li>\n<\/ul>\n","protected":false},"author":2,"featured_media":427081,"comment_status":"closed","ping_status":"closed","sticky":false,"template":"","format":"standard","meta":{"footnotes":""},"categories":[21,24],"tags":[1946,32,2415,1182,6430,5654],"class_list":["post-427078","post","type-post","status-publish","format-standard","has-post-thumbnail","hentry","category-desporto","category-futebol","tag-benfica","tag-futebol","tag-gestao","tag-liga-conferencia","tag-renovacoes","tag-schjelderup"],"yoast_head":"<!-- This site is optimized with the Yoast SEO plugin v27.2 - https:\/\/yoast.com\/product\/yoast-seo-wordpress\/ -->\n<title>Schjelderup, um dos jogadores mais valorizados do Benfica, quase por acaso - Portal Tela Portugal<\/title>\n<meta name=\"robots\" content=\"index, follow, max-snippet:-1, max-image-preview:large, max-video-preview:-1\" \/>\n<meta property=\"og:locale\" content=\"pt_PT\" \/>\n<meta property=\"og:type\" content=\"article\" \/>\n<meta property=\"og:title\" content=\"Schjelderup, um dos jogadores mais valorizados do Benfica, quase por acaso - Portal Tela Portugal\" \/>\n<meta property=\"og:description\" content=\"Schjelderup \u00e9 descrito como um dos jogadores mais valorizados do Benfica quase por acaso; o jornalista Rafael Soares mostra-se perplexo com a gest\u00e3o de Mourinho. Otamendi deve terminar a liga\u00e7\u00e3o com o Benfica este ver\u00e3o. N\u00e3o foi apresentada uma proposta de renova\u00e7\u00e3o a Ant\u00f3nio Silva, o que \u00e9 visto como erro de gest\u00e3o. Mourinho quer mais Lukebakio e menos Schjelderups nos refor\u00e7os para a \u00e9poca seguinte. O clube pode apostar em jovens (Banjaqui, Jos\u00e9 Neto e An\u00edsio Cabral) para a pr\u00f3xima temporada, com foco num novo Otamendi.\" \/>\n<meta property=\"og:url\" content=\"https:\/\/portaltela.pt\/noticias\/2026\/03\/30\/schjelderup-um-dos-jogadores-mais-valorizados-do-benfica-quase-por-acaso\/\" \/>\n<meta property=\"og:site_name\" content=\"Portal Tela Portugal\" \/>\n<meta property=\"article:published_time\" content=\"2026-03-30T15:02:31+00:00\" \/>\n<meta name=\"author\" content=\"Telinha\" \/>\n<meta name=\"twitter:card\" content=\"summary_large_image\" \/>\n<meta name=\"twitter:label1\" content=\"Escrito por\" \/>\n\t<meta name=\"twitter:data1\" content=\"Telinha\" \/>\n\t<meta name=\"twitter:label2\" content=\"Tempo estimado de leitura\" \/>\n\t<meta name=\"twitter:data2\" content=\"2 minutos\" \/>\n<script type=\"application\/ld+json\" class=\"yoast-schema-graph\">{\"@context\":\"https:\/\/schema.org\",\"@graph\":[{\"@type\":\"Article\",\"@id\":\"https:\/\/portaltela.pt\/noticias\/2026\/03\/30\/schjelderup-um-dos-jogadores-mais-valorizados-do-benfica-quase-por-acaso\/#article\",\"isPartOf\":{\"@id\":\"https:\/\/portaltela.pt\/noticias\/2026\/03\/30\/schjelderup-um-dos-jogadores-mais-valorizados-do-benfica-quase-por-acaso\/\"},\"author\":{\"name\":\"Telinha\",\"@id\":\"https:\/\/portaltela.pt\/#\/schema\/person\/c4278d4a6028830caff9ee44b42d32ed\"},\"headline\":\"Schjelderup, um dos jogadores mais valorizados do Benfica, quase por acaso\",\"datePublished\":\"2026-03-30T15:02:31+00:00\",\"mainEntityOfPage\":{\"@id\":\"https:\/\/portaltela.pt\/noticias\/2026\/03\/30\/schjelderup-um-dos-jogadores-mais-valorizados-do-benfica-quase-por-acaso\/\"},\"wordCount\":391,\"image\":{\"@id\":\"https:\/\/portaltela.pt\/noticias\/2026\/03\/30\/schjelderup-um-dos-jogadores-mais-valorizados-do-benfica-quase-por-acaso\/#primaryimage\"},\"thumbnailUrl\":\"https:\/\/portaltela.pt\/s.01k8rhncp4jt1\/2026\/03\/img_1200x721uu2026-03-28-14-02-24-2429835.jpg\",\"keywords\":[\"Benfica\",\"futebol\",\"gest\u00e3o\",\"Liga Confer\u00eancia\",\"renova\u00e7\u00f5es\",\"Schjelderup\"],\"articleSection\":[\"Desporto\",\"Futebol\"],\"inLanguage\":\"pt-PT\"},{\"@type\":\"WebPage\",\"@id\":\"https:\/\/portaltela.pt\/noticias\/2026\/03\/30\/schjelderup-um-dos-jogadores-mais-valorizados-do-benfica-quase-por-acaso\/\",\"url\":\"https:\/\/portaltela.pt\/noticias\/2026\/03\/30\/schjelderup-um-dos-jogadores-mais-valorizados-do-benfica-quase-por-acaso\/\",\"name\":\"Schjelderup, um dos jogadores mais valorizados do Benfica, quase por acaso - Portal Tela Portugal\",\"isPartOf\":{\"@id\":\"https:\/\/portaltela.pt\/#website\"},\"primaryImageOfPage\":{\"@id\":\"https:\/\/portaltela.pt\/noticias\/2026\/03\/30\/schjelderup-um-dos-jogadores-mais-valorizados-do-benfica-quase-por-acaso\/#primaryimage\"},\"image\":{\"@id\":\"https:\/\/portaltela.pt\/noticias\/2026\/03\/30\/schjelderup-um-dos-jogadores-mais-valorizados-do-benfica-quase-por-acaso\/#primaryimage\"},\"thumbnailUrl\":\"https:\/\/portaltela.pt\/s.01k8rhncp4jt1\/2026\/03\/img_1200x721uu2026-03-28-14-02-24-2429835.jpg\",\"datePublished\":\"2026-03-30T15:02:31+00:00\",\"author\":{\"@id\":\"https:\/\/portaltela.pt\/#\/schema\/person\/c4278d4a6028830caff9ee44b42d32ed\"},\"breadcrumb\":{\"@id\":\"https:\/\/portaltela.pt\/noticias\/2026\/03\/30\/schjelderup-um-dos-jogadores-mais-valorizados-do-benfica-quase-por-acaso\/#breadcrumb\"},\"inLanguage\":\"pt-PT\",\"potentialAction\":[{\"@type\":\"ReadAction\",\"target\":[\"https:\/\/portaltela.pt\/noticias\/2026\/03\/30\/schjelderup-um-dos-jogadores-mais-valorizados-do-benfica-quase-por-acaso\/\"]}]},{\"@type\":\"ImageObject\",\"inLanguage\":\"pt-PT\",\"@id\":\"https:\/\/portaltela.pt\/noticias\/2026\/03\/30\/schjelderup-um-dos-jogadores-mais-valorizados-do-benfica-quase-por-acaso\/#primaryimage\",\"url\":\"https:\/\/portaltela.pt\/s.01k8rhncp4jt1\/2026\/03\/img_1200x721uu2026-03-28-14-02-24-2429835.jpg\",\"contentUrl\":\"https:\/\/portaltela.pt\/s.01k8rhncp4jt1\/2026\/03\/img_1200x721uu2026-03-28-14-02-24-2429835.jpg\",\"width\":796,\"height\":448,\"caption\":\"\u00abSchjelderup \u00e9 um dos jogadores mais valorizados do Benfica quase por acidente\u00bb\"},{\"@type\":\"BreadcrumbList\",\"@id\":\"https:\/\/portaltela.pt\/noticias\/2026\/03\/30\/schjelderup-um-dos-jogadores-mais-valorizados-do-benfica-quase-por-acaso\/#breadcrumb\",\"itemListElement\":[{\"@type\":\"ListItem\",\"position\":1,\"name\":\"In\u00edcio\",\"item\":\"https:\/\/portaltela.pt\/\"},{\"@type\":\"ListItem\",\"position\":2,\"name\":\"Schjelderup, um dos jogadores mais valorizados do Benfica, quase por acaso\"}]},{\"@type\":\"WebSite\",\"@id\":\"https:\/\/portaltela.pt\/#website\",\"url\":\"https:\/\/portaltela.pt\/\",\"name\":\"Portal Tela Portugal\",\"description\":\"\",\"potentialAction\":[{\"@type\":\"SearchAction\",\"target\":{\"@type\":\"EntryPoint\",\"urlTemplate\":\"https:\/\/portaltela.pt\/?s={search_term_string}\"},\"query-input\":{\"@type\":\"PropertyValueSpecification\",\"valueRequired\":true,\"valueName\":\"search_term_string\"}}],\"inLanguage\":\"pt-PT\"},{\"@type\":\"Person\",\"@id\":\"https:\/\/portaltela.pt\/#\/schema\/person\/c4278d4a6028830caff9ee44b42d32ed\",\"name\":\"Telinha\",\"image\":{\"@type\":\"ImageObject\",\"inLanguage\":\"pt-PT\",\"@id\":\"https:\/\/portaltela.pt\/s.01k8rhncp4jt1\/2025\/11\/talking-bot-125x125.png\",\"url\":\"https:\/\/portaltela.pt\/s.01k8rhncp4jt1\/2025\/11\/talking-bot-125x125.png\",\"contentUrl\":\"https:\/\/portaltela.pt\/s.01k8rhncp4jt1\/2025\/11\/talking-bot-125x125.png\",\"caption\":\"Telinha\"},\"sameAs\":[\"https:\/\/portaltela.pt\/\"],\"url\":\"https:\/\/portaltela.pt\/por\/367410592786\/\"}]}<\/script>\n<!-- \/ Yoast SEO plugin. -->","yoast_head_json":{"title":"Schjelderup, um dos jogadores mais valorizados do Benfica, quase por acaso - Portal Tela Portugal","robots":{"index":"index","follow":"follow","max-snippet":"max-snippet:-1","max-image-preview":"max-image-preview:large","max-video-preview":"max-video-preview:-1"},"og_locale":"pt_PT","og_type":"article","og_title":"Schjelderup, um dos jogadores mais valorizados do Benfica, quase por acaso - Portal Tela Portugal","og_description":"Schjelderup \u00e9 descrito como um dos jogadores mais valorizados do Benfica quase por acaso; o jornalista Rafael Soares mostra-se perplexo com a gest\u00e3o de Mourinho. Otamendi deve terminar a liga\u00e7\u00e3o com o Benfica este ver\u00e3o. N\u00e3o foi apresentada uma proposta de renova\u00e7\u00e3o a Ant\u00f3nio Silva, o que \u00e9 visto como erro de gest\u00e3o. Mourinho quer mais Lukebakio e menos Schjelderups nos refor\u00e7os para a \u00e9poca seguinte. O clube pode apostar em jovens (Banjaqui, Jos\u00e9 Neto e An\u00edsio Cabral) para a pr\u00f3xima temporada, com foco num novo Otamendi.","og_url":"https:\/\/portaltela.pt\/noticias\/2026\/03\/30\/schjelderup-um-dos-jogadores-mais-valorizados-do-benfica-quase-por-acaso\/","og_site_name":"Portal Tela Portugal","article_published_time":"2026-03-30T15:02:31+00:00","author":"Telinha","twitter_card":"summary_large_image","twitter_misc":{"Escrito por":"Telinha","Tempo estimado de leitura":"2 minutos"},"schema":{"@context":"https:\/\/schema.org","@graph":[{"@type":"Article","@id":"https:\/\/portaltela.pt\/noticias\/2026\/03\/30\/schjelderup-um-dos-jogadores-mais-valorizados-do-benfica-quase-por-acaso\/#article","isPartOf":{"@id":"https:\/\/portaltela.pt\/noticias\/2026\/03\/30\/schjelderup-um-dos-jogadores-mais-valorizados-do-benfica-quase-por-acaso\/"},"author":{"name":"Telinha","@id":"https:\/\/portaltela.pt\/#\/schema\/person\/c4278d4a6028830caff9ee44b42d32ed"},"headline":"Schjelderup, um dos jogadores mais valorizados do Benfica, quase por acaso","datePublished":"2026-03-30T15:02:31+00:00","mainEntityOfPage":{"@id":"https:\/\/portaltela.pt\/noticias\/2026\/03\/30\/schjelderup-um-dos-jogadores-mais-valorizados-do-benfica-quase-por-acaso\/"},"wordCount":391,"image":{"@id":"https:\/\/portaltela.pt\/noticias\/2026\/03\/30\/schjelderup-um-dos-jogadores-mais-valorizados-do-benfica-quase-por-acaso\/#primaryimage"},"thumbnailUrl":"https:\/\/portaltela.pt\/s.01k8rhncp4jt1\/2026\/03\/img_1200x721uu2026-03-28-14-02-24-2429835.jpg","keywords":["Benfica","futebol","gest\u00e3o","Liga Confer\u00eancia","renova\u00e7\u00f5es","Schjelderup"],"articleSection":["Desporto","Futebol"],"inLanguage":"pt-PT"},{"@type":"WebPage","@id":"https:\/\/portaltela.pt\/noticias\/2026\/03\/30\/schjelderup-um-dos-jogadores-mais-valorizados-do-benfica-quase-por-acaso\/","url":"https:\/\/portaltela.pt\/noticias\/2026\/03\/30\/schjelderup-um-dos-jogadores-mais-valorizados-do-benfica-quase-por-acaso\/","name":"Schjelderup, um dos jogadores mais valorizados do Benfica, quase por acaso - Portal Tela Portugal","isPartOf":{"@id":"https:\/\/portaltela.pt\/#website"},"primaryImageOfPage":{"@id":"https:\/\/portaltela.pt\/noticias\/2026\/03\/30\/schjelderup-um-dos-jogadores-mais-valorizados-do-benfica-quase-por-acaso\/#primaryimage"},"image":{"@id":"https:\/\/portaltela.pt\/noticias\/2026\/03\/30\/schjelderup-um-dos-jogadores-mais-valorizados-do-benfica-quase-por-acaso\/#primaryimage"},"thumbnailUrl":"https:\/\/portaltela.pt\/s.01k8rhncp4jt1\/2026\/03\/img_1200x721uu2026-03-28-14-02-24-2429835.jpg","datePublished":"2026-03-30T15:02:31+00:00","author":{"@id":"https:\/\/portaltela.pt\/#\/schema\/person\/c4278d4a6028830caff9ee44b42d32ed"},"breadcrumb":{"@id":"https:\/\/portaltela.pt\/noticias\/2026\/03\/30\/schjelderup-um-dos-jogadores-mais-valorizados-do-benfica-quase-por-acaso\/#breadcrumb"},"inLanguage":"pt-PT","potentialAction":[{"@type":"ReadAction","target":["https:\/\/portaltela.pt\/noticias\/2026\/03\/30\/schjelderup-um-dos-jogadores-mais-valorizados-do-benfica-quase-por-acaso\/"]}]},{"@type":"ImageObject","inLanguage":"pt-PT","@id":"https:\/\/portaltela.pt\/noticias\/2026\/03\/30\/schjelderup-um-dos-jogadores-mais-valorizados-do-benfica-quase-por-acaso\/#primaryimage","url":"https:\/\/portaltela.pt\/s.01k8rhncp4jt1\/2026\/03\/img_1200x721uu2026-03-28-14-02-24-2429835.jpg","contentUrl":"https:\/\/portaltela.pt\/s.01k8rhncp4jt1\/2026\/03\/img_1200x721uu2026-03-28-14-02-24-2429835.jpg","width":796,"height":448,"caption":"\u00abSchjelderup \u00e9 um dos jogadores mais valorizados do Benfica quase por acidente\u00bb"},{"@type":"BreadcrumbList","@id":"https:\/\/portaltela.pt\/noticias\/2026\/03\/30\/schjelderup-um-dos-jogadores-mais-valorizados-do-benfica-quase-por-acaso\/#breadcrumb","itemListElement":[{"@type":"ListItem","position":1,"name":"In\u00edcio","item":"https:\/\/portaltela.pt\/"},{"@type":"ListItem","position":2,"name":"Schjelderup, um dos jogadores mais valorizados do Benfica, quase por acaso"}]},{"@type":"WebSite","@id":"https:\/\/portaltela.pt\/#website","url":"https:\/\/portaltela.pt\/","name":"Portal Tela Portugal","description":"","potentialAction":[{"@type":"SearchAction","target":{"@type":"EntryPoint","urlTemplate":"https:\/\/portaltela.pt\/?s={search_term_string}"},"query-input":{"@type":"PropertyValueSpecification","valueRequired":true,"valueName":"search_term_string"}}],"inLanguage":"pt-PT"},{"@type":"Person","@id":"https:\/\/portaltela.pt\/#\/schema\/person\/c4278d4a6028830caff9ee44b42d32ed","name":"Telinha","image":{"@type":"ImageObject","inLanguage":"pt-PT","@id":"https:\/\/portaltela.pt\/s.01k8rhncp4jt1\/2025\/11\/talking-bot-125x125.png","url":"https:\/\/portaltela.pt\/s.01k8rhncp4jt1\/2025\/11\/talking-bot-125x125.png","contentUrl":"https:\/\/portaltela.pt\/s.01k8rhncp4jt1\/2025\/11\/talking-bot-125x125.png","caption":"Telinha"},"sameAs":["https:\/\/portaltela.pt\/"],"url":"https:\/\/portaltela.pt\/por\/367410592786\/"}]}},"_links":{"self":[{"href":"https:\/\/portaltela.pt\/api\/wp\/v2\/posts\/427078","targetHints":{"allow":["GET"]}}],"collection":[{"href":"https:\/\/portaltela.pt\/api\/wp\/v2\/posts"}],"about":[{"href":"https:\/\/portaltela.pt\/api\/wp\/v2\/types\/post"}],"author":[{"embeddable":true,"href":"https:\/\/portaltela.pt\/api\/wp\/v2\/users\/2"}],"replies":[{"embeddable":true,"href":"https:\/\/portaltela.pt\/api\/wp\/v2\/comments?post=427078"}],"version-history":[{"count":0,"href":"https:\/\/portaltela.pt\/api\/wp\/v2\/posts\/427078\/revisions"}],"wp:featuredmedia":[{"embeddable":true,"href":"https:\/\/portaltela.pt\/api\/wp\/v2\/media\/427081"}],"wp:attachment":[{"href":"https:\/\/portaltela.pt\/api\/wp\/v2\/media?parent=427078"}],"wp:term":[{"taxonomy":"category","embeddable":true,"href":"https:\/\/portaltela.pt\/api\/wp\/v2\/categories?post=427078"},{"taxonomy":"post_tag","embeddable":true,"href":"https:\/\/portaltela.pt\/api\/wp\/v2\/tags?post=427078"}],"curies":[{"name":"wp","href":"https:\/\/api.w.org\/{rel}","templated":true}]}}