{"id":427072,"date":"2026-03-30T11:57:00","date_gmt":"2026-03-30T14:57:00","guid":{"rendered":"https:\/\/portaltela.pt\/noticias\/2026\/03\/30\/ministro-admite-que-nem-todos-os-alunos-sem-professor-tem-aulas\/"},"modified":"2026-03-30T11:57:00","modified_gmt":"2026-03-30T14:57:00","slug":"ministro-admite-que-nem-todos-os-alunos-sem-professor-tem-aulas","status":"publish","type":"post","link":"https:\/\/portaltela.pt\/noticias\/politica\/2026\/03\/30\/ministro-admite-que-nem-todos-os-alunos-sem-professor-tem-aulas\/","title":{"rendered":"Ministro admite que nem todos os alunos sem professor t\u00eam aulas"},"content":{"rendered":"<p>O ministro da Educa\u00e7\u00e3o, Fernando Alexandre, afirmou que nem todos os alunos sem professor t\u00eam tido aulas atrav\u00e9s de horas extraordin\u00e1rias, mesmo com o investimento de milh\u00f5es de euros para manter este contingente em atividade. A declara\u00e7\u00e3o foi feita ap\u00f3s uma reuni\u00e3o com a Associa\u00e7\u00e3o Nacional de Munic\u00edpios Portugueses (ANMP), no \u00e2mbito do processo de transfer\u00eancia de compet\u00eancias no dom\u00ednio da Educa\u00e7\u00e3o.<\/p>\n<p>O governante explicou que a informa\u00e7\u00e3o dispon\u00edvel n\u00e3o permite concluir que todos os alunos que ficam sem professor fiquem sem aulas. Garantiu que v\u00e1rias medidas foram implementadas, incluindo a mobiliza\u00e7\u00e3o de horas extraordin\u00e1rias para assegurar o funcionamento das aulas nesses casos.<\/p>\n<p>Segundo a Federa\u00e7\u00e3o Nacional dos Professores (Fenprof), no segundo per\u00edodo houve, em m\u00e9dia, cerca de 40 mil alunos sem pelo menos um professor, condi\u00e7\u00e3o resultante da falta de docentes nas escolas. O minist\u00e9rio sustenta que, quando n\u00e3o h\u00e1 professor, as aulas podem ser asseguradas por outros docentes recorrendo a compensa\u00e7\u00f5es hor\u00e1rias.<\/p>\n<h3>Medidas e contexto<\/h3>\n<p>O ministro acrescentou que, mesmo com a presen\u00e7a de docentes ausentes por reforma, mudan\u00e7a de emprego ou doen\u00e7a, os alunos continuam a ter aulas, com docentes adicionais remunerados por horas extraordin\u00e1rias. A afirma\u00e7\u00e3o foi acompanhada pela defesa de que estas horas ajudam a resolver grande parte do problema, atribuindo o resultado aos esfor\u00e7os j\u00e1 realizados.<\/p>\n<p>O respons\u00e1vel reiterou que ainda n\u00e3o \u00e9 poss\u00edvel verificar de forma rigorosa a aplica\u00e7\u00e3o uniforme da medida em todas as escolas, reconhecendo limita\u00e7\u00f5es na monitoriza\u00e7\u00e3o. Embora reconhe\u00e7a o papel das horas extraordin\u00e1rias, o ministro sublinhou que a verifica\u00e7\u00e3o cont\u00ednua da implementa\u00e7\u00e3o permanece em curso e depende de informa\u00e7\u00f5es das entidades locais.<\/p>\n","protected":false},"excerpt":{"rendered":"<ul>\n<li>O ministro da Educa\u00e7\u00e3o, Fernando Alexandre, admitiu que nem todos os alunos sem professor t\u00eam tido aulas atrav\u00e9s de horas extraordin\u00e1rias, apesar do investimento de milh\u00f5es de euros nessas a\u00e7\u00f5es.<\/li>\n<li>O objetivo \u00e9 garantir aulas atrav\u00e9s de horas extraordin\u00e1rias, com medidas j\u00e1 implementadas, mesmo quando n\u00e3o h\u00e1 docentes dispon\u00edveis.<\/li>\n<li>A Federa\u00e7\u00e3o Nacional dos Professores (Fenprof) estima que, no segundo per\u00edodo, cerca de 40 mil alunos ficaram sem pelo menos um professor devido \u00e0 falta de docentes.<\/li>\n<li>O ministro reiterou que a informa\u00e7\u00e3o sobre alunos sem professores n\u00e3o equivale necessariamente a alunos sem aulas, destacando que, quando n\u00e3o h\u00e1 professor, outros docentes d\u00e3o aulas mediante horas extraordin\u00e1rias.<\/li>\n<li>Admitiu n\u00e3o conseguir verificar de forma rigorosa a aplica\u00e7\u00e3o da medida em todas as escolas, mas disse que as horas extraordin\u00e1rias resolvem grande parte do problema e que essa posi\u00e7\u00e3o \u00e9 reconhecida pelos sindicatos.<\/li>\n<\/ul>\n","protected":false},"author":2,"featured_media":427082,"comment_status":"closed","ping_status":"closed","sticky":false,"template":"","format":"standard","meta":{"footnotes":""},"categories":[1,5],"tags":[168,163,2443,3389,2093,229],"class_list":["post-427072","post","type-post","status-publish","format-standard","has-post-thumbnail","hentry","category-noticias","category-politica","tag-administracao-publica","tag-educacao","tag-educacao-publica","tag-falta-de-docentes","tag-municipios","tag-politica-publica"],"yoast_head":"<!-- This site is optimized with the Yoast SEO plugin v27.2 - https:\/\/yoast.com\/product\/yoast-seo-wordpress\/ -->\n<title>Ministro admite que nem todos os alunos sem professor t\u00eam aulas - Portal Tela Portugal<\/title>\n<meta name=\"robots\" content=\"index, follow, max-snippet:-1, max-image-preview:large, max-video-preview:-1\" \/>\n<meta property=\"og:locale\" content=\"pt_PT\" \/>\n<meta property=\"og:type\" content=\"article\" \/>\n<meta property=\"og:title\" content=\"Ministro admite que nem todos os alunos sem professor t\u00eam aulas - Portal Tela Portugal\" \/>\n<meta property=\"og:description\" content=\"O ministro da Educa\u00e7\u00e3o, Fernando Alexandre, admitiu que nem todos os alunos sem professor t\u00eam tido aulas atrav\u00e9s de horas extraordin\u00e1rias, apesar do investimento de milh\u00f5es de euros nessas a\u00e7\u00f5es. O objetivo \u00e9 garantir aulas atrav\u00e9s de horas extraordin\u00e1rias, com medidas j\u00e1 implementadas, mesmo quando n\u00e3o h\u00e1 docentes dispon\u00edveis. A Federa\u00e7\u00e3o Nacional dos Professores (Fenprof) estima que, no segundo per\u00edodo, cerca de 40 mil alunos ficaram sem pelo menos um professor devido \u00e0 falta de docentes. O ministro reiterou que a informa\u00e7\u00e3o sobre alunos sem professores n\u00e3o equivale necessariamente a alunos sem aulas, destacando que, quando n\u00e3o h\u00e1 professor, outros docentes d\u00e3o aulas mediante horas extraordin\u00e1rias. Admitiu n\u00e3o conseguir verificar de forma rigorosa a aplica\u00e7\u00e3o da medida em todas as escolas, mas disse que as horas extraordin\u00e1rias resolvem grande parte do problema e que essa posi\u00e7\u00e3o \u00e9 reconhecida pelos sindicatos.\" \/>\n<meta property=\"og:url\" content=\"https:\/\/portaltela.pt\/noticias\/2026\/03\/30\/ministro-admite-que-nem-todos-os-alunos-sem-professor-tem-aulas\/\" \/>\n<meta property=\"og:site_name\" content=\"Portal Tela Portugal\" \/>\n<meta property=\"article:published_time\" content=\"2026-03-30T14:57:00+00:00\" \/>\n<meta name=\"author\" content=\"Telinha\" \/>\n<meta name=\"twitter:card\" content=\"summary_large_image\" \/>\n<meta name=\"twitter:label1\" content=\"Escrito por\" \/>\n\t<meta name=\"twitter:data1\" content=\"Telinha\" \/>\n\t<meta name=\"twitter:label2\" content=\"Tempo estimado de leitura\" \/>\n\t<meta name=\"twitter:data2\" content=\"2 minutos\" \/>\n<script type=\"application\/ld+json\" class=\"yoast-schema-graph\">{\"@context\":\"https:\/\/schema.org\",\"@graph\":[{\"@type\":\"Article\",\"@id\":\"https:\/\/portaltela.pt\/noticias\/2026\/03\/30\/ministro-admite-que-nem-todos-os-alunos-sem-professor-tem-aulas\/#article\",\"isPartOf\":{\"@id\":\"https:\/\/portaltela.pt\/noticias\/2026\/03\/30\/ministro-admite-que-nem-todos-os-alunos-sem-professor-tem-aulas\/\"},\"author\":{\"name\":\"Telinha\",\"@id\":\"https:\/\/portaltela.pt\/#\/schema\/person\/c4278d4a6028830caff9ee44b42d32ed\"},\"headline\":\"Ministro admite que nem todos os alunos sem professor t\u00eam aulas\",\"datePublished\":\"2026-03-30T14:57:00+00:00\",\"mainEntityOfPage\":{\"@id\":\"https:\/\/portaltela.pt\/noticias\/2026\/03\/30\/ministro-admite-que-nem-todos-os-alunos-sem-professor-tem-aulas\/\"},\"wordCount\":319,\"image\":{\"@id\":\"https:\/\/portaltela.pt\/noticias\/2026\/03\/30\/ministro-admite-que-nem-todos-os-alunos-sem-professor-tem-aulas\/#primaryimage\"},\"thumbnailUrl\":\"https:\/\/portaltela.pt\/s.01k8rhncp4jt1\/2026\/03\/image-1810.jpg\",\"keywords\":[\"administra\u00e7\u00e3o p\u00fablica\",\"educa\u00e7\u00e3o\",\"educa\u00e7\u00e3o p\u00fablica\",\"falta de docentes\",\"munic\u00edpios\",\"pol\u00edtica p\u00fablica\"],\"articleSection\":[\"Not\u00edcias\",\"Pol\u00edtica\"],\"inLanguage\":\"pt-PT\"},{\"@type\":\"WebPage\",\"@id\":\"https:\/\/portaltela.pt\/noticias\/2026\/03\/30\/ministro-admite-que-nem-todos-os-alunos-sem-professor-tem-aulas\/\",\"url\":\"https:\/\/portaltela.pt\/noticias\/2026\/03\/30\/ministro-admite-que-nem-todos-os-alunos-sem-professor-tem-aulas\/\",\"name\":\"Ministro admite que nem todos os alunos sem professor t\u00eam aulas - Portal Tela Portugal\",\"isPartOf\":{\"@id\":\"https:\/\/portaltela.pt\/#website\"},\"primaryImageOfPage\":{\"@id\":\"https:\/\/portaltela.pt\/noticias\/2026\/03\/30\/ministro-admite-que-nem-todos-os-alunos-sem-professor-tem-aulas\/#primaryimage\"},\"image\":{\"@id\":\"https:\/\/portaltela.pt\/noticias\/2026\/03\/30\/ministro-admite-que-nem-todos-os-alunos-sem-professor-tem-aulas\/#primaryimage\"},\"thumbnailUrl\":\"https:\/\/portaltela.pt\/s.01k8rhncp4jt1\/2026\/03\/image-1810.jpg\",\"datePublished\":\"2026-03-30T14:57:00+00:00\",\"author\":{\"@id\":\"https:\/\/portaltela.pt\/#\/schema\/person\/c4278d4a6028830caff9ee44b42d32ed\"},\"breadcrumb\":{\"@id\":\"https:\/\/portaltela.pt\/noticias\/2026\/03\/30\/ministro-admite-que-nem-todos-os-alunos-sem-professor-tem-aulas\/#breadcrumb\"},\"inLanguage\":\"pt-PT\",\"potentialAction\":[{\"@type\":\"ReadAction\",\"target\":[\"https:\/\/portaltela.pt\/noticias\/2026\/03\/30\/ministro-admite-que-nem-todos-os-alunos-sem-professor-tem-aulas\/\"]}]},{\"@type\":\"ImageObject\",\"inLanguage\":\"pt-PT\",\"@id\":\"https:\/\/portaltela.pt\/noticias\/2026\/03\/30\/ministro-admite-que-nem-todos-os-alunos-sem-professor-tem-aulas\/#primaryimage\",\"url\":\"https:\/\/portaltela.pt\/s.01k8rhncp4jt1\/2026\/03\/image-1810.jpg\",\"contentUrl\":\"https:\/\/portaltela.pt\/s.01k8rhncp4jt1\/2026\/03\/image-1810.jpg\",\"width\":796,\"height\":448,\"caption\":\"O ministro da Educa\u00e7\u00e3o Fernando Alexandre\"},{\"@type\":\"BreadcrumbList\",\"@id\":\"https:\/\/portaltela.pt\/noticias\/2026\/03\/30\/ministro-admite-que-nem-todos-os-alunos-sem-professor-tem-aulas\/#breadcrumb\",\"itemListElement\":[{\"@type\":\"ListItem\",\"position\":1,\"name\":\"In\u00edcio\",\"item\":\"https:\/\/portaltela.pt\/\"},{\"@type\":\"ListItem\",\"position\":2,\"name\":\"Ministro admite que nem todos os alunos sem professor t\u00eam aulas\"}]},{\"@type\":\"WebSite\",\"@id\":\"https:\/\/portaltela.pt\/#website\",\"url\":\"https:\/\/portaltela.pt\/\",\"name\":\"Portal Tela Portugal\",\"description\":\"\",\"potentialAction\":[{\"@type\":\"SearchAction\",\"target\":{\"@type\":\"EntryPoint\",\"urlTemplate\":\"https:\/\/portaltela.pt\/?s={search_term_string}\"},\"query-input\":{\"@type\":\"PropertyValueSpecification\",\"valueRequired\":true,\"valueName\":\"search_term_string\"}}],\"inLanguage\":\"pt-PT\"},{\"@type\":\"Person\",\"@id\":\"https:\/\/portaltela.pt\/#\/schema\/person\/c4278d4a6028830caff9ee44b42d32ed\",\"name\":\"Telinha\",\"image\":{\"@type\":\"ImageObject\",\"inLanguage\":\"pt-PT\",\"@id\":\"https:\/\/portaltela.pt\/s.01k8rhncp4jt1\/2025\/11\/talking-bot-125x125.png\",\"url\":\"https:\/\/portaltela.pt\/s.01k8rhncp4jt1\/2025\/11\/talking-bot-125x125.png\",\"contentUrl\":\"https:\/\/portaltela.pt\/s.01k8rhncp4jt1\/2025\/11\/talking-bot-125x125.png\",\"caption\":\"Telinha\"},\"sameAs\":[\"https:\/\/portaltela.pt\/\"],\"url\":\"https:\/\/portaltela.pt\/por\/367410592786\/\"}]}<\/script>\n<!-- \/ Yoast SEO plugin. -->","yoast_head_json":{"title":"Ministro admite que nem todos os alunos sem professor t\u00eam aulas - Portal Tela Portugal","robots":{"index":"index","follow":"follow","max-snippet":"max-snippet:-1","max-image-preview":"max-image-preview:large","max-video-preview":"max-video-preview:-1"},"og_locale":"pt_PT","og_type":"article","og_title":"Ministro admite que nem todos os alunos sem professor t\u00eam aulas - Portal Tela Portugal","og_description":"O ministro da Educa\u00e7\u00e3o, Fernando Alexandre, admitiu que nem todos os alunos sem professor t\u00eam tido aulas atrav\u00e9s de horas extraordin\u00e1rias, apesar do investimento de milh\u00f5es de euros nessas a\u00e7\u00f5es. O objetivo \u00e9 garantir aulas atrav\u00e9s de horas extraordin\u00e1rias, com medidas j\u00e1 implementadas, mesmo quando n\u00e3o h\u00e1 docentes dispon\u00edveis. A Federa\u00e7\u00e3o Nacional dos Professores (Fenprof) estima que, no segundo per\u00edodo, cerca de 40 mil alunos ficaram sem pelo menos um professor devido \u00e0 falta de docentes. O ministro reiterou que a informa\u00e7\u00e3o sobre alunos sem professores n\u00e3o equivale necessariamente a alunos sem aulas, destacando que, quando n\u00e3o h\u00e1 professor, outros docentes d\u00e3o aulas mediante horas extraordin\u00e1rias. Admitiu n\u00e3o conseguir verificar de forma rigorosa a aplica\u00e7\u00e3o da medida em todas as escolas, mas disse que as horas extraordin\u00e1rias resolvem grande parte do problema e que essa posi\u00e7\u00e3o \u00e9 reconhecida pelos sindicatos.","og_url":"https:\/\/portaltela.pt\/noticias\/2026\/03\/30\/ministro-admite-que-nem-todos-os-alunos-sem-professor-tem-aulas\/","og_site_name":"Portal Tela Portugal","article_published_time":"2026-03-30T14:57:00+00:00","author":"Telinha","twitter_card":"summary_large_image","twitter_misc":{"Escrito por":"Telinha","Tempo estimado de leitura":"2 minutos"},"schema":{"@context":"https:\/\/schema.org","@graph":[{"@type":"Article","@id":"https:\/\/portaltela.pt\/noticias\/2026\/03\/30\/ministro-admite-que-nem-todos-os-alunos-sem-professor-tem-aulas\/#article","isPartOf":{"@id":"https:\/\/portaltela.pt\/noticias\/2026\/03\/30\/ministro-admite-que-nem-todos-os-alunos-sem-professor-tem-aulas\/"},"author":{"name":"Telinha","@id":"https:\/\/portaltela.pt\/#\/schema\/person\/c4278d4a6028830caff9ee44b42d32ed"},"headline":"Ministro admite que nem todos os alunos sem professor t\u00eam aulas","datePublished":"2026-03-30T14:57:00+00:00","mainEntityOfPage":{"@id":"https:\/\/portaltela.pt\/noticias\/2026\/03\/30\/ministro-admite-que-nem-todos-os-alunos-sem-professor-tem-aulas\/"},"wordCount":319,"image":{"@id":"https:\/\/portaltela.pt\/noticias\/2026\/03\/30\/ministro-admite-que-nem-todos-os-alunos-sem-professor-tem-aulas\/#primaryimage"},"thumbnailUrl":"https:\/\/portaltela.pt\/s.01k8rhncp4jt1\/2026\/03\/image-1810.jpg","keywords":["administra\u00e7\u00e3o p\u00fablica","educa\u00e7\u00e3o","educa\u00e7\u00e3o p\u00fablica","falta de docentes","munic\u00edpios","pol\u00edtica p\u00fablica"],"articleSection":["Not\u00edcias","Pol\u00edtica"],"inLanguage":"pt-PT"},{"@type":"WebPage","@id":"https:\/\/portaltela.pt\/noticias\/2026\/03\/30\/ministro-admite-que-nem-todos-os-alunos-sem-professor-tem-aulas\/","url":"https:\/\/portaltela.pt\/noticias\/2026\/03\/30\/ministro-admite-que-nem-todos-os-alunos-sem-professor-tem-aulas\/","name":"Ministro admite que nem todos os alunos sem professor t\u00eam aulas - Portal Tela Portugal","isPartOf":{"@id":"https:\/\/portaltela.pt\/#website"},"primaryImageOfPage":{"@id":"https:\/\/portaltela.pt\/noticias\/2026\/03\/30\/ministro-admite-que-nem-todos-os-alunos-sem-professor-tem-aulas\/#primaryimage"},"image":{"@id":"https:\/\/portaltela.pt\/noticias\/2026\/03\/30\/ministro-admite-que-nem-todos-os-alunos-sem-professor-tem-aulas\/#primaryimage"},"thumbnailUrl":"https:\/\/portaltela.pt\/s.01k8rhncp4jt1\/2026\/03\/image-1810.jpg","datePublished":"2026-03-30T14:57:00+00:00","author":{"@id":"https:\/\/portaltela.pt\/#\/schema\/person\/c4278d4a6028830caff9ee44b42d32ed"},"breadcrumb":{"@id":"https:\/\/portaltela.pt\/noticias\/2026\/03\/30\/ministro-admite-que-nem-todos-os-alunos-sem-professor-tem-aulas\/#breadcrumb"},"inLanguage":"pt-PT","potentialAction":[{"@type":"ReadAction","target":["https:\/\/portaltela.pt\/noticias\/2026\/03\/30\/ministro-admite-que-nem-todos-os-alunos-sem-professor-tem-aulas\/"]}]},{"@type":"ImageObject","inLanguage":"pt-PT","@id":"https:\/\/portaltela.pt\/noticias\/2026\/03\/30\/ministro-admite-que-nem-todos-os-alunos-sem-professor-tem-aulas\/#primaryimage","url":"https:\/\/portaltela.pt\/s.01k8rhncp4jt1\/2026\/03\/image-1810.jpg","contentUrl":"https:\/\/portaltela.pt\/s.01k8rhncp4jt1\/2026\/03\/image-1810.jpg","width":796,"height":448,"caption":"O ministro da Educa\u00e7\u00e3o Fernando Alexandre"},{"@type":"BreadcrumbList","@id":"https:\/\/portaltela.pt\/noticias\/2026\/03\/30\/ministro-admite-que-nem-todos-os-alunos-sem-professor-tem-aulas\/#breadcrumb","itemListElement":[{"@type":"ListItem","position":1,"name":"In\u00edcio","item":"https:\/\/portaltela.pt\/"},{"@type":"ListItem","position":2,"name":"Ministro admite que nem todos os alunos sem professor t\u00eam aulas"}]},{"@type":"WebSite","@id":"https:\/\/portaltela.pt\/#website","url":"https:\/\/portaltela.pt\/","name":"Portal Tela Portugal","description":"","potentialAction":[{"@type":"SearchAction","target":{"@type":"EntryPoint","urlTemplate":"https:\/\/portaltela.pt\/?s={search_term_string}"},"query-input":{"@type":"PropertyValueSpecification","valueRequired":true,"valueName":"search_term_string"}}],"inLanguage":"pt-PT"},{"@type":"Person","@id":"https:\/\/portaltela.pt\/#\/schema\/person\/c4278d4a6028830caff9ee44b42d32ed","name":"Telinha","image":{"@type":"ImageObject","inLanguage":"pt-PT","@id":"https:\/\/portaltela.pt\/s.01k8rhncp4jt1\/2025\/11\/talking-bot-125x125.png","url":"https:\/\/portaltela.pt\/s.01k8rhncp4jt1\/2025\/11\/talking-bot-125x125.png","contentUrl":"https:\/\/portaltela.pt\/s.01k8rhncp4jt1\/2025\/11\/talking-bot-125x125.png","caption":"Telinha"},"sameAs":["https:\/\/portaltela.pt\/"],"url":"https:\/\/portaltela.pt\/por\/367410592786\/"}]}},"_links":{"self":[{"href":"https:\/\/portaltela.pt\/api\/wp\/v2\/posts\/427072","targetHints":{"allow":["GET"]}}],"collection":[{"href":"https:\/\/portaltela.pt\/api\/wp\/v2\/posts"}],"about":[{"href":"https:\/\/portaltela.pt\/api\/wp\/v2\/types\/post"}],"author":[{"embeddable":true,"href":"https:\/\/portaltela.pt\/api\/wp\/v2\/users\/2"}],"replies":[{"embeddable":true,"href":"https:\/\/portaltela.pt\/api\/wp\/v2\/comments?post=427072"}],"version-history":[{"count":0,"href":"https:\/\/portaltela.pt\/api\/wp\/v2\/posts\/427072\/revisions"}],"wp:featuredmedia":[{"embeddable":true,"href":"https:\/\/portaltela.pt\/api\/wp\/v2\/media\/427082"}],"wp:attachment":[{"href":"https:\/\/portaltela.pt\/api\/wp\/v2\/media?parent=427072"}],"wp:term":[{"taxonomy":"category","embeddable":true,"href":"https:\/\/portaltela.pt\/api\/wp\/v2\/categories?post=427072"},{"taxonomy":"post_tag","embeddable":true,"href":"https:\/\/portaltela.pt\/api\/wp\/v2\/tags?post=427072"}],"curies":[{"name":"wp","href":"https:\/\/api.w.org\/{rel}","templated":true}]}}