{"id":427066,"date":"2026-03-30T12:02:21","date_gmt":"2026-03-30T15:02:21","guid":{"rendered":"https:\/\/portaltela.pt\/noticias\/2026\/03\/30\/bebe-desaparecido-ha-dez-dias-foi-encontrado-pela-policia-judiciaria-na-nazare\/"},"modified":"2026-03-30T12:02:21","modified_gmt":"2026-03-30T15:02:21","slug":"bebe-desaparecido-ha-dez-dias-foi-encontrado-pela-policia-judiciaria-na-nazare","status":"publish","type":"post","link":"https:\/\/portaltela.pt\/noticias\/2026\/03\/30\/bebe-desaparecido-ha-dez-dias-foi-encontrado-pela-policia-judiciaria-na-nazare\/","title":{"rendered":"Beb\u00e9 desaparecido h\u00e1 dez dias foi encontrado pela Pol\u00edcia Judici\u00e1ria na Nazar\u00e9"},"content":{"rendered":"<p>Um beb\u00e9 de dois meses desapareceu h\u00e1 dez dias e foi encontrado pela Pol\u00edcia Judici\u00e1ria na manh\u00e3 de sexta-feira. A guarda do rec\u00e9m-nascido tinha sido retirada \u00e0 m\u00e3e e o beb\u00e9 encontrava-se num estabelecimento oficial de apoio social. Seguiu-se a sua transfer\u00eancia para uma institui\u00e7\u00e3o da Santa Casa da Miseric\u00f3rdia, sob tutela do Tribunal de Fam\u00edlia e Menores de Santar\u00e9m.<\/p>\n<p>A PJ, atrav\u00e9s da Unidade Nacional Contra Terrorismo, coordenou as buscas. Em menos de 24 horas, houve a localiza\u00e7\u00e3o do beb\u00e9 com a m\u00e3e na Nazar\u00e9. O desfecho ocorreu sem altera\u00e7\u00f5es significativas no estado do menor.<\/p>\n<p>Segundo a PJ, o beb\u00e9 foi removido por incapacidade da m\u00e3e de prover cuidados b\u00e1sicos, como higiene, alimenta\u00e7\u00e3o e vestu\u00e1rio, e por epis\u00f3dios de agressividade que colocavam o rec\u00e9m-nascido em risco. O procedimento legal est\u00e1 a decorrer.<\/p>\n<p>Situa\u00e7\u00e3o atual e pr\u00f3ximos passos<\/p>\n<p>O beb\u00e9 permanece sob tutela do Tribunal de Fam\u00edlia e Menores de Santar\u00e9m. A institui\u00e7\u00e3o que recebe o menor tem a responsabilidade de assegurar o bem-estar e a prote\u00e7\u00e3o imediata. A CPCJ de Santar\u00e9m informou o desaparecimento \u00e0 PSP.<\/p>\n","protected":false},"excerpt":{"rendered":"<ul>\n<li>Um beb\u00e9 de dois meses desapareceu h\u00e1 dez dias; a guarda tinha sido retirada \u00e0 m\u00e3e e o beb\u00e9 encontrava-se numa institui\u00e7\u00e3o de apoio social na Nazar\u00e9.<\/li>\n<li>A buscas foi conduzida pela Pol\u00edcia Judici\u00e1ria, atrav\u00e9s da Unidade Nacional Contra Terrorismo (Unidade Nacional Contra Terrorismo), que localizou o beb\u00e9 na Nazar\u00e9 com a m\u00e3e em menos de vinte e quatro horas.<\/li>\n<li>O beb\u00e9 foi encaminhado para uma institui\u00e7\u00e3o da Santa Casa da Miseric\u00f3rdia e est\u00e1 sob tutela do Tribunal de Fam\u00edlia e Menores de Santar\u00e9m.<\/li>\n<li>A PJ explicou que a m\u00e3e n\u00e3o tinha capacidade de providenciar cuidados b\u00e1sicos (higiene, alimenta\u00e7\u00e3o e vestu\u00e1rio) e apresentava reac\u00e7\u00f5es que colocavam o rec\u00e9m-nascido em risco.<\/li>\n<li>A Comiss\u00e3o de Prote\u00e7\u00e3o de Crian\u00e7as e Jovens (CPCJ) de Santar\u00e9m informou o desaparecimento \u00e0 Pol\u00edcia de Seguran\u00e7a P\u00fablica (PSP).<\/li>\n<\/ul>\n","protected":false},"author":2,"featured_media":427074,"comment_status":"closed","ping_status":"closed","sticky":false,"template":"","format":"standard","meta":{"footnotes":""},"categories":[6815,1],"tags":[6071,3953,894,1802,2181,6208],"class_list":["post-427066","post","type-post","status-publish","format-standard","has-post-thumbnail","hentry","category-justica","category-noticias","tag-cpcj","tag-criancas","tag-nazare","tag-policia-judiciaria","tag-protecao-de-menores","tag-tribunais"],"yoast_head":"<!-- This site is optimized with the Yoast SEO plugin v27.2 - https:\/\/yoast.com\/product\/yoast-seo-wordpress\/ -->\n<title>Beb\u00e9 desaparecido h\u00e1 dez dias foi encontrado pela Pol\u00edcia Judici\u00e1ria na Nazar\u00e9 - Portal Tela Portugal<\/title>\n<meta name=\"robots\" content=\"index, follow, max-snippet:-1, max-image-preview:large, max-video-preview:-1\" \/>\n<meta property=\"og:locale\" content=\"pt_PT\" \/>\n<meta property=\"og:type\" content=\"article\" \/>\n<meta property=\"og:title\" content=\"Beb\u00e9 desaparecido h\u00e1 dez dias foi encontrado pela Pol\u00edcia Judici\u00e1ria na Nazar\u00e9 - Portal Tela Portugal\" \/>\n<meta property=\"og:description\" content=\"Um beb\u00e9 de dois meses desapareceu h\u00e1 dez dias; a guarda tinha sido retirada \u00e0 m\u00e3e e o beb\u00e9 encontrava-se numa institui\u00e7\u00e3o de apoio social na Nazar\u00e9. A buscas foi conduzida pela Pol\u00edcia Judici\u00e1ria, atrav\u00e9s da Unidade Nacional Contra Terrorismo (Unidade Nacional Contra Terrorismo), que localizou o beb\u00e9 na Nazar\u00e9 com a m\u00e3e em menos de vinte e quatro horas. O beb\u00e9 foi encaminhado para uma institui\u00e7\u00e3o da Santa Casa da Miseric\u00f3rdia e est\u00e1 sob tutela do Tribunal de Fam\u00edlia e Menores de Santar\u00e9m. A PJ explicou que a m\u00e3e n\u00e3o tinha capacidade de providenciar cuidados b\u00e1sicos (higiene, alimenta\u00e7\u00e3o e vestu\u00e1rio) e apresentava reac\u00e7\u00f5es que colocavam o rec\u00e9m-nascido em risco. A Comiss\u00e3o de Prote\u00e7\u00e3o de Crian\u00e7as e Jovens (CPCJ) de Santar\u00e9m informou o desaparecimento \u00e0 Pol\u00edcia de Seguran\u00e7a P\u00fablica (PSP).\" \/>\n<meta property=\"og:url\" content=\"https:\/\/portaltela.pt\/noticias\/2026\/03\/30\/bebe-desaparecido-ha-dez-dias-foi-encontrado-pela-policia-judiciaria-na-nazare\/\" \/>\n<meta property=\"og:site_name\" content=\"Portal Tela Portugal\" \/>\n<meta property=\"article:published_time\" content=\"2026-03-30T15:02:21+00:00\" \/>\n<meta name=\"author\" content=\"Telinha\" \/>\n<meta name=\"twitter:card\" content=\"summary_large_image\" \/>\n<meta name=\"twitter:label1\" content=\"Escrito por\" \/>\n\t<meta name=\"twitter:data1\" content=\"Telinha\" \/>\n\t<meta name=\"twitter:label2\" content=\"Tempo estimado de leitura\" \/>\n\t<meta name=\"twitter:data2\" content=\"1 minuto\" \/>\n<script type=\"application\/ld+json\" class=\"yoast-schema-graph\">{\"@context\":\"https:\/\/schema.org\",\"@graph\":[{\"@type\":\"Article\",\"@id\":\"https:\/\/portaltela.pt\/noticias\/2026\/03\/30\/bebe-desaparecido-ha-dez-dias-foi-encontrado-pela-policia-judiciaria-na-nazare\/#article\",\"isPartOf\":{\"@id\":\"https:\/\/portaltela.pt\/noticias\/2026\/03\/30\/bebe-desaparecido-ha-dez-dias-foi-encontrado-pela-policia-judiciaria-na-nazare\/\"},\"author\":{\"name\":\"Telinha\",\"@id\":\"https:\/\/portaltela.pt\/#\/schema\/person\/c4278d4a6028830caff9ee44b42d32ed\"},\"headline\":\"Beb\u00e9 desaparecido h\u00e1 dez dias foi encontrado pela Pol\u00edcia Judici\u00e1ria na Nazar\u00e9\",\"datePublished\":\"2026-03-30T15:02:21+00:00\",\"mainEntityOfPage\":{\"@id\":\"https:\/\/portaltela.pt\/noticias\/2026\/03\/30\/bebe-desaparecido-ha-dez-dias-foi-encontrado-pela-policia-judiciaria-na-nazare\/\"},\"wordCount\":214,\"image\":{\"@id\":\"https:\/\/portaltela.pt\/noticias\/2026\/03\/30\/bebe-desaparecido-ha-dez-dias-foi-encontrado-pela-policia-judiciaria-na-nazare\/#primaryimage\"},\"thumbnailUrl\":\"https:\/\/portaltela.pt\/s.01k8rhncp4jt1\/2026\/03\/f9208fc2-6706-4a0c-80c4-4514fef987e2_1200x675.jpg\",\"keywords\":[\"CPCJ\",\"crian\u00e7as\",\"Nazar\u00e9\",\"Pol\u00edcia Judici\u00e1ria\",\"prote\u00e7\u00e3o de menores\",\"Tribunais\"],\"articleSection\":[\"Justi\u00e7a\",\"Not\u00edcias\"],\"inLanguage\":\"pt-PT\"},{\"@type\":\"WebPage\",\"@id\":\"https:\/\/portaltela.pt\/noticias\/2026\/03\/30\/bebe-desaparecido-ha-dez-dias-foi-encontrado-pela-policia-judiciaria-na-nazare\/\",\"url\":\"https:\/\/portaltela.pt\/noticias\/2026\/03\/30\/bebe-desaparecido-ha-dez-dias-foi-encontrado-pela-policia-judiciaria-na-nazare\/\",\"name\":\"Beb\u00e9 desaparecido h\u00e1 dez dias foi encontrado pela Pol\u00edcia Judici\u00e1ria na Nazar\u00e9 - Portal Tela Portugal\",\"isPartOf\":{\"@id\":\"https:\/\/portaltela.pt\/#website\"},\"primaryImageOfPage\":{\"@id\":\"https:\/\/portaltela.pt\/noticias\/2026\/03\/30\/bebe-desaparecido-ha-dez-dias-foi-encontrado-pela-policia-judiciaria-na-nazare\/#primaryimage\"},\"image\":{\"@id\":\"https:\/\/portaltela.pt\/noticias\/2026\/03\/30\/bebe-desaparecido-ha-dez-dias-foi-encontrado-pela-policia-judiciaria-na-nazare\/#primaryimage\"},\"thumbnailUrl\":\"https:\/\/portaltela.pt\/s.01k8rhncp4jt1\/2026\/03\/f9208fc2-6706-4a0c-80c4-4514fef987e2_1200x675.jpg\",\"datePublished\":\"2026-03-30T15:02:21+00:00\",\"author\":{\"@id\":\"https:\/\/portaltela.pt\/#\/schema\/person\/c4278d4a6028830caff9ee44b42d32ed\"},\"breadcrumb\":{\"@id\":\"https:\/\/portaltela.pt\/noticias\/2026\/03\/30\/bebe-desaparecido-ha-dez-dias-foi-encontrado-pela-policia-judiciaria-na-nazare\/#breadcrumb\"},\"inLanguage\":\"pt-PT\",\"potentialAction\":[{\"@type\":\"ReadAction\",\"target\":[\"https:\/\/portaltela.pt\/noticias\/2026\/03\/30\/bebe-desaparecido-ha-dez-dias-foi-encontrado-pela-policia-judiciaria-na-nazare\/\"]}]},{\"@type\":\"ImageObject\",\"inLanguage\":\"pt-PT\",\"@id\":\"https:\/\/portaltela.pt\/noticias\/2026\/03\/30\/bebe-desaparecido-ha-dez-dias-foi-encontrado-pela-policia-judiciaria-na-nazare\/#primaryimage\",\"url\":\"https:\/\/portaltela.pt\/s.01k8rhncp4jt1\/2026\/03\/f9208fc2-6706-4a0c-80c4-4514fef987e2_1200x675.jpg\",\"contentUrl\":\"https:\/\/portaltela.pt\/s.01k8rhncp4jt1\/2026\/03\/f9208fc2-6706-4a0c-80c4-4514fef987e2_1200x675.jpg\",\"width\":796,\"height\":448,\"caption\":\"PJ localizou o beb\u00e9 e a m\u00e3e na Nazar\u00e9\"},{\"@type\":\"BreadcrumbList\",\"@id\":\"https:\/\/portaltela.pt\/noticias\/2026\/03\/30\/bebe-desaparecido-ha-dez-dias-foi-encontrado-pela-policia-judiciaria-na-nazare\/#breadcrumb\",\"itemListElement\":[{\"@type\":\"ListItem\",\"position\":1,\"name\":\"In\u00edcio\",\"item\":\"https:\/\/portaltela.pt\/\"},{\"@type\":\"ListItem\",\"position\":2,\"name\":\"Beb\u00e9 desaparecido h\u00e1 dez dias foi encontrado pela Pol\u00edcia Judici\u00e1ria na Nazar\u00e9\"}]},{\"@type\":\"WebSite\",\"@id\":\"https:\/\/portaltela.pt\/#website\",\"url\":\"https:\/\/portaltela.pt\/\",\"name\":\"Portal Tela Portugal\",\"description\":\"\",\"potentialAction\":[{\"@type\":\"SearchAction\",\"target\":{\"@type\":\"EntryPoint\",\"urlTemplate\":\"https:\/\/portaltela.pt\/?s={search_term_string}\"},\"query-input\":{\"@type\":\"PropertyValueSpecification\",\"valueRequired\":true,\"valueName\":\"search_term_string\"}}],\"inLanguage\":\"pt-PT\"},{\"@type\":\"Person\",\"@id\":\"https:\/\/portaltela.pt\/#\/schema\/person\/c4278d4a6028830caff9ee44b42d32ed\",\"name\":\"Telinha\",\"image\":{\"@type\":\"ImageObject\",\"inLanguage\":\"pt-PT\",\"@id\":\"https:\/\/portaltela.pt\/s.01k8rhncp4jt1\/2025\/11\/talking-bot-125x125.png\",\"url\":\"https:\/\/portaltela.pt\/s.01k8rhncp4jt1\/2025\/11\/talking-bot-125x125.png\",\"contentUrl\":\"https:\/\/portaltela.pt\/s.01k8rhncp4jt1\/2025\/11\/talking-bot-125x125.png\",\"caption\":\"Telinha\"},\"sameAs\":[\"https:\/\/portaltela.pt\/\"],\"url\":\"https:\/\/portaltela.pt\/por\/367410592786\/\"}]}<\/script>\n<!-- \/ Yoast SEO plugin. -->","yoast_head_json":{"title":"Beb\u00e9 desaparecido h\u00e1 dez dias foi encontrado pela Pol\u00edcia Judici\u00e1ria na Nazar\u00e9 - Portal Tela Portugal","robots":{"index":"index","follow":"follow","max-snippet":"max-snippet:-1","max-image-preview":"max-image-preview:large","max-video-preview":"max-video-preview:-1"},"og_locale":"pt_PT","og_type":"article","og_title":"Beb\u00e9 desaparecido h\u00e1 dez dias foi encontrado pela Pol\u00edcia Judici\u00e1ria na Nazar\u00e9 - Portal Tela Portugal","og_description":"Um beb\u00e9 de dois meses desapareceu h\u00e1 dez dias; a guarda tinha sido retirada \u00e0 m\u00e3e e o beb\u00e9 encontrava-se numa institui\u00e7\u00e3o de apoio social na Nazar\u00e9. A buscas foi conduzida pela Pol\u00edcia Judici\u00e1ria, atrav\u00e9s da Unidade Nacional Contra Terrorismo (Unidade Nacional Contra Terrorismo), que localizou o beb\u00e9 na Nazar\u00e9 com a m\u00e3e em menos de vinte e quatro horas. O beb\u00e9 foi encaminhado para uma institui\u00e7\u00e3o da Santa Casa da Miseric\u00f3rdia e est\u00e1 sob tutela do Tribunal de Fam\u00edlia e Menores de Santar\u00e9m. A PJ explicou que a m\u00e3e n\u00e3o tinha capacidade de providenciar cuidados b\u00e1sicos (higiene, alimenta\u00e7\u00e3o e vestu\u00e1rio) e apresentava reac\u00e7\u00f5es que colocavam o rec\u00e9m-nascido em risco. A Comiss\u00e3o de Prote\u00e7\u00e3o de Crian\u00e7as e Jovens (CPCJ) de Santar\u00e9m informou o desaparecimento \u00e0 Pol\u00edcia de Seguran\u00e7a P\u00fablica (PSP).","og_url":"https:\/\/portaltela.pt\/noticias\/2026\/03\/30\/bebe-desaparecido-ha-dez-dias-foi-encontrado-pela-policia-judiciaria-na-nazare\/","og_site_name":"Portal Tela Portugal","article_published_time":"2026-03-30T15:02:21+00:00","author":"Telinha","twitter_card":"summary_large_image","twitter_misc":{"Escrito por":"Telinha","Tempo estimado de leitura":"1 minuto"},"schema":{"@context":"https:\/\/schema.org","@graph":[{"@type":"Article","@id":"https:\/\/portaltela.pt\/noticias\/2026\/03\/30\/bebe-desaparecido-ha-dez-dias-foi-encontrado-pela-policia-judiciaria-na-nazare\/#article","isPartOf":{"@id":"https:\/\/portaltela.pt\/noticias\/2026\/03\/30\/bebe-desaparecido-ha-dez-dias-foi-encontrado-pela-policia-judiciaria-na-nazare\/"},"author":{"name":"Telinha","@id":"https:\/\/portaltela.pt\/#\/schema\/person\/c4278d4a6028830caff9ee44b42d32ed"},"headline":"Beb\u00e9 desaparecido h\u00e1 dez dias foi encontrado pela Pol\u00edcia Judici\u00e1ria na Nazar\u00e9","datePublished":"2026-03-30T15:02:21+00:00","mainEntityOfPage":{"@id":"https:\/\/portaltela.pt\/noticias\/2026\/03\/30\/bebe-desaparecido-ha-dez-dias-foi-encontrado-pela-policia-judiciaria-na-nazare\/"},"wordCount":214,"image":{"@id":"https:\/\/portaltela.pt\/noticias\/2026\/03\/30\/bebe-desaparecido-ha-dez-dias-foi-encontrado-pela-policia-judiciaria-na-nazare\/#primaryimage"},"thumbnailUrl":"https:\/\/portaltela.pt\/s.01k8rhncp4jt1\/2026\/03\/f9208fc2-6706-4a0c-80c4-4514fef987e2_1200x675.jpg","keywords":["CPCJ","crian\u00e7as","Nazar\u00e9","Pol\u00edcia Judici\u00e1ria","prote\u00e7\u00e3o de menores","Tribunais"],"articleSection":["Justi\u00e7a","Not\u00edcias"],"inLanguage":"pt-PT"},{"@type":"WebPage","@id":"https:\/\/portaltela.pt\/noticias\/2026\/03\/30\/bebe-desaparecido-ha-dez-dias-foi-encontrado-pela-policia-judiciaria-na-nazare\/","url":"https:\/\/portaltela.pt\/noticias\/2026\/03\/30\/bebe-desaparecido-ha-dez-dias-foi-encontrado-pela-policia-judiciaria-na-nazare\/","name":"Beb\u00e9 desaparecido h\u00e1 dez dias foi encontrado pela Pol\u00edcia Judici\u00e1ria na Nazar\u00e9 - Portal Tela Portugal","isPartOf":{"@id":"https:\/\/portaltela.pt\/#website"},"primaryImageOfPage":{"@id":"https:\/\/portaltela.pt\/noticias\/2026\/03\/30\/bebe-desaparecido-ha-dez-dias-foi-encontrado-pela-policia-judiciaria-na-nazare\/#primaryimage"},"image":{"@id":"https:\/\/portaltela.pt\/noticias\/2026\/03\/30\/bebe-desaparecido-ha-dez-dias-foi-encontrado-pela-policia-judiciaria-na-nazare\/#primaryimage"},"thumbnailUrl":"https:\/\/portaltela.pt\/s.01k8rhncp4jt1\/2026\/03\/f9208fc2-6706-4a0c-80c4-4514fef987e2_1200x675.jpg","datePublished":"2026-03-30T15:02:21+00:00","author":{"@id":"https:\/\/portaltela.pt\/#\/schema\/person\/c4278d4a6028830caff9ee44b42d32ed"},"breadcrumb":{"@id":"https:\/\/portaltela.pt\/noticias\/2026\/03\/30\/bebe-desaparecido-ha-dez-dias-foi-encontrado-pela-policia-judiciaria-na-nazare\/#breadcrumb"},"inLanguage":"pt-PT","potentialAction":[{"@type":"ReadAction","target":["https:\/\/portaltela.pt\/noticias\/2026\/03\/30\/bebe-desaparecido-ha-dez-dias-foi-encontrado-pela-policia-judiciaria-na-nazare\/"]}]},{"@type":"ImageObject","inLanguage":"pt-PT","@id":"https:\/\/portaltela.pt\/noticias\/2026\/03\/30\/bebe-desaparecido-ha-dez-dias-foi-encontrado-pela-policia-judiciaria-na-nazare\/#primaryimage","url":"https:\/\/portaltela.pt\/s.01k8rhncp4jt1\/2026\/03\/f9208fc2-6706-4a0c-80c4-4514fef987e2_1200x675.jpg","contentUrl":"https:\/\/portaltela.pt\/s.01k8rhncp4jt1\/2026\/03\/f9208fc2-6706-4a0c-80c4-4514fef987e2_1200x675.jpg","width":796,"height":448,"caption":"PJ localizou o beb\u00e9 e a m\u00e3e na Nazar\u00e9"},{"@type":"BreadcrumbList","@id":"https:\/\/portaltela.pt\/noticias\/2026\/03\/30\/bebe-desaparecido-ha-dez-dias-foi-encontrado-pela-policia-judiciaria-na-nazare\/#breadcrumb","itemListElement":[{"@type":"ListItem","position":1,"name":"In\u00edcio","item":"https:\/\/portaltela.pt\/"},{"@type":"ListItem","position":2,"name":"Beb\u00e9 desaparecido h\u00e1 dez dias foi encontrado pela Pol\u00edcia Judici\u00e1ria na Nazar\u00e9"}]},{"@type":"WebSite","@id":"https:\/\/portaltela.pt\/#website","url":"https:\/\/portaltela.pt\/","name":"Portal Tela Portugal","description":"","potentialAction":[{"@type":"SearchAction","target":{"@type":"EntryPoint","urlTemplate":"https:\/\/portaltela.pt\/?s={search_term_string}"},"query-input":{"@type":"PropertyValueSpecification","valueRequired":true,"valueName":"search_term_string"}}],"inLanguage":"pt-PT"},{"@type":"Person","@id":"https:\/\/portaltela.pt\/#\/schema\/person\/c4278d4a6028830caff9ee44b42d32ed","name":"Telinha","image":{"@type":"ImageObject","inLanguage":"pt-PT","@id":"https:\/\/portaltela.pt\/s.01k8rhncp4jt1\/2025\/11\/talking-bot-125x125.png","url":"https:\/\/portaltela.pt\/s.01k8rhncp4jt1\/2025\/11\/talking-bot-125x125.png","contentUrl":"https:\/\/portaltela.pt\/s.01k8rhncp4jt1\/2025\/11\/talking-bot-125x125.png","caption":"Telinha"},"sameAs":["https:\/\/portaltela.pt\/"],"url":"https:\/\/portaltela.pt\/por\/367410592786\/"}]}},"_links":{"self":[{"href":"https:\/\/portaltela.pt\/api\/wp\/v2\/posts\/427066","targetHints":{"allow":["GET"]}}],"collection":[{"href":"https:\/\/portaltela.pt\/api\/wp\/v2\/posts"}],"about":[{"href":"https:\/\/portaltela.pt\/api\/wp\/v2\/types\/post"}],"author":[{"embeddable":true,"href":"https:\/\/portaltela.pt\/api\/wp\/v2\/users\/2"}],"replies":[{"embeddable":true,"href":"https:\/\/portaltela.pt\/api\/wp\/v2\/comments?post=427066"}],"version-history":[{"count":0,"href":"https:\/\/portaltela.pt\/api\/wp\/v2\/posts\/427066\/revisions"}],"wp:featuredmedia":[{"embeddable":true,"href":"https:\/\/portaltela.pt\/api\/wp\/v2\/media\/427074"}],"wp:attachment":[{"href":"https:\/\/portaltela.pt\/api\/wp\/v2\/media?parent=427066"}],"wp:term":[{"taxonomy":"category","embeddable":true,"href":"https:\/\/portaltela.pt\/api\/wp\/v2\/categories?post=427066"},{"taxonomy":"post_tag","embeddable":true,"href":"https:\/\/portaltela.pt\/api\/wp\/v2\/tags?post=427066"}],"curies":[{"name":"wp","href":"https:\/\/api.w.org\/{rel}","templated":true}]}}