{"id":427057,"date":"2026-03-30T12:02:06","date_gmt":"2026-03-30T15:02:06","guid":{"rendered":"https:\/\/portaltela.pt\/noticias\/2026\/03\/30\/mocambique-implementa-sistema-digital-de-controlo-de-exportacao-de-madeira\/"},"modified":"2026-03-30T12:02:06","modified_gmt":"2026-03-30T15:02:06","slug":"mocambique-implementa-sistema-digital-de-controlo-de-exportacao-de-madeira","status":"publish","type":"post","link":"https:\/\/portaltela.pt\/meio-ambiente\/2026\/03\/30\/mocambique-implementa-sistema-digital-de-controlo-de-exportacao-de-madeira\/","title":{"rendered":"Mo\u00e7ambique implementa sistema digital de controlo de exporta\u00e7\u00e3o de madeira"},"content":{"rendered":"<p>Mo\u00e7ambique vai introduzir um sistema digital de controlo de exporta\u00e7\u00e3o de madeira, com o objetivo de refor\u00e7ar a fiscaliza\u00e7\u00e3o das opera\u00e7\u00f5es neste setor. A medida visa tornar mais transparente o processo de escoamento da madeira para exporta\u00e7\u00e3o.<\/p>\n<p>O projeto, anunciado pelo governo, pretende digitalizar processos de licenciamento e monitorizar carregamentos, fortalecendo a rastreabilidade desde a origem at\u00e9 ao destino final. A implementa\u00e7\u00e3o foca-se na madeira destinada a exporta\u00e7\u00e3o.<\/p>\n<p>Autoridades florestais, operadores do setor e parceiros internacionais acompanham o processo, cuja data de implementa\u00e7\u00e3o n\u00e3o foi divulgada. A iniciativa pretende reduzir a ilegalidade e aumentar a confian\u00e7a no cumprimento das regras.<\/p>\n<p>Detalhes operacionais e custos do sistema ainda n\u00e3o foram tornados p\u00fablicos. Perante esta medida, o governo refor\u00e7a o compromisso com a gest\u00e3o sustent\u00e1vel dos recursos florestais.<\/p>\n","protected":false},"excerpt":{"rendered":"<ul>\n<li>Mo\u00e7ambique vai implementar um sistema digital de controlo de exporta\u00e7\u00e3o de madeira.<\/li>\n<li>A not\u00edcia aponta para a implementa\u00e7\u00e3o deste sistema no \u00e2mbito da gest\u00e3o das exporta\u00e7\u00f5es de madeira no pa\u00eds.<\/li>\n<li>O conte\u00fado completo est\u00e1 dispon\u00edvel apenas para subscritores.<\/li>\n<li>Trata-se de uma medida para modernizar o acompanhamento das exporta\u00e7\u00f5es de madeira, conforme o t\u00edtulo da pe\u00e7a.<\/li>\n<\/ul>\n","protected":false},"author":2,"featured_media":427059,"comment_status":"closed","ping_status":"closed","sticky":false,"template":"","format":"standard","meta":{"footnotes":""},"categories":[6725],"tags":[5227,4880,755,2541,4576,6376],"class_list":["post-427057","post","type-post","status-publish","format-standard","has-post-thumbnail","hentry","category-meio-ambiente","tag-africa","tag-conservacao-ambiental","tag-desenvolvimento-sustentavel","tag-exportacoes","tag-florestal","tag-madeiras"],"yoast_head":"<!-- This site is optimized with the Yoast SEO plugin v27.2 - https:\/\/yoast.com\/product\/yoast-seo-wordpress\/ -->\n<title>Mo\u00e7ambique implementa sistema digital de controlo de exporta\u00e7\u00e3o de madeira - Portal Tela Portugal<\/title>\n<meta name=\"robots\" content=\"index, follow, max-snippet:-1, max-image-preview:large, max-video-preview:-1\" \/>\n<meta property=\"og:locale\" content=\"pt_PT\" \/>\n<meta property=\"og:type\" content=\"article\" \/>\n<meta property=\"og:title\" content=\"Mo\u00e7ambique implementa sistema digital de controlo de exporta\u00e7\u00e3o de madeira - Portal Tela Portugal\" \/>\n<meta property=\"og:description\" content=\"Mo\u00e7ambique vai implementar um sistema digital de controlo de exporta\u00e7\u00e3o de madeira. A not\u00edcia aponta para a implementa\u00e7\u00e3o deste sistema no \u00e2mbito da gest\u00e3o das exporta\u00e7\u00f5es de madeira no pa\u00eds. O conte\u00fado completo est\u00e1 dispon\u00edvel apenas para subscritores. Trata-se de uma medida para modernizar o acompanhamento das exporta\u00e7\u00f5es de madeira, conforme o t\u00edtulo da pe\u00e7a.\" \/>\n<meta property=\"og:url\" content=\"https:\/\/portaltela.pt\/noticias\/2026\/03\/30\/mocambique-implementa-sistema-digital-de-controlo-de-exportacao-de-madeira\/\" \/>\n<meta property=\"og:site_name\" content=\"Portal Tela Portugal\" \/>\n<meta property=\"article:published_time\" content=\"2026-03-30T15:02:06+00:00\" \/>\n<meta name=\"author\" content=\"Telinha\" \/>\n<meta name=\"twitter:card\" content=\"summary_large_image\" \/>\n<meta name=\"twitter:label1\" content=\"Escrito por\" \/>\n\t<meta name=\"twitter:data1\" content=\"Telinha\" \/>\n\t<meta name=\"twitter:label2\" content=\"Tempo estimado de leitura\" \/>\n\t<meta name=\"twitter:data2\" content=\"1 minuto\" \/>\n<script type=\"application\/ld+json\" class=\"yoast-schema-graph\">{\"@context\":\"https:\/\/schema.org\",\"@graph\":[{\"@type\":\"Article\",\"@id\":\"https:\/\/portaltela.pt\/noticias\/2026\/03\/30\/mocambique-implementa-sistema-digital-de-controlo-de-exportacao-de-madeira\/#article\",\"isPartOf\":{\"@id\":\"https:\/\/portaltela.pt\/noticias\/2026\/03\/30\/mocambique-implementa-sistema-digital-de-controlo-de-exportacao-de-madeira\/\"},\"author\":{\"name\":\"Telinha\",\"@id\":\"https:\/\/portaltela.pt\/#\/schema\/person\/c4278d4a6028830caff9ee44b42d32ed\"},\"headline\":\"Mo\u00e7ambique implementa sistema digital de controlo de exporta\u00e7\u00e3o de madeira\",\"datePublished\":\"2026-03-30T15:02:06+00:00\",\"mainEntityOfPage\":{\"@id\":\"https:\/\/portaltela.pt\/noticias\/2026\/03\/30\/mocambique-implementa-sistema-digital-de-controlo-de-exportacao-de-madeira\/\"},\"wordCount\":154,\"image\":{\"@id\":\"https:\/\/portaltela.pt\/noticias\/2026\/03\/30\/mocambique-implementa-sistema-digital-de-controlo-de-exportacao-de-madeira\/#primaryimage\"},\"thumbnailUrl\":\"https:\/\/portaltela.pt\/s.01k8rhncp4jt1\/2026\/03\/CACHE_780X1200_ANALOG_WATERMARKED_8600580_2811736_28042019012933.jpg\",\"keywords\":[\"\u00c1frica\",\"conserva\u00e7\u00e3o ambiental\",\"desenvolvimento sustent\u00e1vel\",\"exporta\u00e7\u00f5es\",\"florestal\",\"madeiras\"],\"articleSection\":[\"Meio Ambiente\"],\"inLanguage\":\"pt-PT\"},{\"@type\":\"WebPage\",\"@id\":\"https:\/\/portaltela.pt\/noticias\/2026\/03\/30\/mocambique-implementa-sistema-digital-de-controlo-de-exportacao-de-madeira\/\",\"url\":\"https:\/\/portaltela.pt\/noticias\/2026\/03\/30\/mocambique-implementa-sistema-digital-de-controlo-de-exportacao-de-madeira\/\",\"name\":\"Mo\u00e7ambique implementa sistema digital de controlo de exporta\u00e7\u00e3o de madeira - Portal Tela Portugal\",\"isPartOf\":{\"@id\":\"https:\/\/portaltela.pt\/#website\"},\"primaryImageOfPage\":{\"@id\":\"https:\/\/portaltela.pt\/noticias\/2026\/03\/30\/mocambique-implementa-sistema-digital-de-controlo-de-exportacao-de-madeira\/#primaryimage\"},\"image\":{\"@id\":\"https:\/\/portaltela.pt\/noticias\/2026\/03\/30\/mocambique-implementa-sistema-digital-de-controlo-de-exportacao-de-madeira\/#primaryimage\"},\"thumbnailUrl\":\"https:\/\/portaltela.pt\/s.01k8rhncp4jt1\/2026\/03\/CACHE_780X1200_ANALOG_WATERMARKED_8600580_2811736_28042019012933.jpg\",\"datePublished\":\"2026-03-30T15:02:06+00:00\",\"author\":{\"@id\":\"https:\/\/portaltela.pt\/#\/schema\/person\/c4278d4a6028830caff9ee44b42d32ed\"},\"breadcrumb\":{\"@id\":\"https:\/\/portaltela.pt\/noticias\/2026\/03\/30\/mocambique-implementa-sistema-digital-de-controlo-de-exportacao-de-madeira\/#breadcrumb\"},\"inLanguage\":\"pt-PT\",\"potentialAction\":[{\"@type\":\"ReadAction\",\"target\":[\"https:\/\/portaltela.pt\/noticias\/2026\/03\/30\/mocambique-implementa-sistema-digital-de-controlo-de-exportacao-de-madeira\/\"]}]},{\"@type\":\"ImageObject\",\"inLanguage\":\"pt-PT\",\"@id\":\"https:\/\/portaltela.pt\/noticias\/2026\/03\/30\/mocambique-implementa-sistema-digital-de-controlo-de-exportacao-de-madeira\/#primaryimage\",\"url\":\"https:\/\/portaltela.pt\/s.01k8rhncp4jt1\/2026\/03\/CACHE_780X1200_ANALOG_WATERMARKED_8600580_2811736_28042019012933.jpg\",\"contentUrl\":\"https:\/\/portaltela.pt\/s.01k8rhncp4jt1\/2026\/03\/CACHE_780X1200_ANALOG_WATERMARKED_8600580_2811736_28042019012933.jpg\",\"width\":796,\"height\":448,\"caption\":\"Mo\u00e7ambique vai introduzir sistema digital de controlo de exporta\u00e7\u00e3o de madeira\"},{\"@type\":\"BreadcrumbList\",\"@id\":\"https:\/\/portaltela.pt\/noticias\/2026\/03\/30\/mocambique-implementa-sistema-digital-de-controlo-de-exportacao-de-madeira\/#breadcrumb\",\"itemListElement\":[{\"@type\":\"ListItem\",\"position\":1,\"name\":\"In\u00edcio\",\"item\":\"https:\/\/portaltela.pt\/\"},{\"@type\":\"ListItem\",\"position\":2,\"name\":\"Mo\u00e7ambique implementa sistema digital de controlo de exporta\u00e7\u00e3o de madeira\"}]},{\"@type\":\"WebSite\",\"@id\":\"https:\/\/portaltela.pt\/#website\",\"url\":\"https:\/\/portaltela.pt\/\",\"name\":\"Portal Tela Portugal\",\"description\":\"\",\"potentialAction\":[{\"@type\":\"SearchAction\",\"target\":{\"@type\":\"EntryPoint\",\"urlTemplate\":\"https:\/\/portaltela.pt\/?s={search_term_string}\"},\"query-input\":{\"@type\":\"PropertyValueSpecification\",\"valueRequired\":true,\"valueName\":\"search_term_string\"}}],\"inLanguage\":\"pt-PT\"},{\"@type\":\"Person\",\"@id\":\"https:\/\/portaltela.pt\/#\/schema\/person\/c4278d4a6028830caff9ee44b42d32ed\",\"name\":\"Telinha\",\"image\":{\"@type\":\"ImageObject\",\"inLanguage\":\"pt-PT\",\"@id\":\"https:\/\/portaltela.pt\/s.01k8rhncp4jt1\/2025\/11\/talking-bot-125x125.png\",\"url\":\"https:\/\/portaltela.pt\/s.01k8rhncp4jt1\/2025\/11\/talking-bot-125x125.png\",\"contentUrl\":\"https:\/\/portaltela.pt\/s.01k8rhncp4jt1\/2025\/11\/talking-bot-125x125.png\",\"caption\":\"Telinha\"},\"sameAs\":[\"https:\/\/portaltela.pt\/\"],\"url\":\"https:\/\/portaltela.pt\/por\/367410592786\/\"}]}<\/script>\n<!-- \/ Yoast SEO plugin. -->","yoast_head_json":{"title":"Mo\u00e7ambique implementa sistema digital de controlo de exporta\u00e7\u00e3o de madeira - Portal Tela Portugal","robots":{"index":"index","follow":"follow","max-snippet":"max-snippet:-1","max-image-preview":"max-image-preview:large","max-video-preview":"max-video-preview:-1"},"og_locale":"pt_PT","og_type":"article","og_title":"Mo\u00e7ambique implementa sistema digital de controlo de exporta\u00e7\u00e3o de madeira - Portal Tela Portugal","og_description":"Mo\u00e7ambique vai implementar um sistema digital de controlo de exporta\u00e7\u00e3o de madeira. A not\u00edcia aponta para a implementa\u00e7\u00e3o deste sistema no \u00e2mbito da gest\u00e3o das exporta\u00e7\u00f5es de madeira no pa\u00eds. O conte\u00fado completo est\u00e1 dispon\u00edvel apenas para subscritores. Trata-se de uma medida para modernizar o acompanhamento das exporta\u00e7\u00f5es de madeira, conforme o t\u00edtulo da pe\u00e7a.","og_url":"https:\/\/portaltela.pt\/noticias\/2026\/03\/30\/mocambique-implementa-sistema-digital-de-controlo-de-exportacao-de-madeira\/","og_site_name":"Portal Tela Portugal","article_published_time":"2026-03-30T15:02:06+00:00","author":"Telinha","twitter_card":"summary_large_image","twitter_misc":{"Escrito por":"Telinha","Tempo estimado de leitura":"1 minuto"},"schema":{"@context":"https:\/\/schema.org","@graph":[{"@type":"Article","@id":"https:\/\/portaltela.pt\/noticias\/2026\/03\/30\/mocambique-implementa-sistema-digital-de-controlo-de-exportacao-de-madeira\/#article","isPartOf":{"@id":"https:\/\/portaltela.pt\/noticias\/2026\/03\/30\/mocambique-implementa-sistema-digital-de-controlo-de-exportacao-de-madeira\/"},"author":{"name":"Telinha","@id":"https:\/\/portaltela.pt\/#\/schema\/person\/c4278d4a6028830caff9ee44b42d32ed"},"headline":"Mo\u00e7ambique implementa sistema digital de controlo de exporta\u00e7\u00e3o de madeira","datePublished":"2026-03-30T15:02:06+00:00","mainEntityOfPage":{"@id":"https:\/\/portaltela.pt\/noticias\/2026\/03\/30\/mocambique-implementa-sistema-digital-de-controlo-de-exportacao-de-madeira\/"},"wordCount":154,"image":{"@id":"https:\/\/portaltela.pt\/noticias\/2026\/03\/30\/mocambique-implementa-sistema-digital-de-controlo-de-exportacao-de-madeira\/#primaryimage"},"thumbnailUrl":"https:\/\/portaltela.pt\/s.01k8rhncp4jt1\/2026\/03\/CACHE_780X1200_ANALOG_WATERMARKED_8600580_2811736_28042019012933.jpg","keywords":["\u00c1frica","conserva\u00e7\u00e3o ambiental","desenvolvimento sustent\u00e1vel","exporta\u00e7\u00f5es","florestal","madeiras"],"articleSection":["Meio Ambiente"],"inLanguage":"pt-PT"},{"@type":"WebPage","@id":"https:\/\/portaltela.pt\/noticias\/2026\/03\/30\/mocambique-implementa-sistema-digital-de-controlo-de-exportacao-de-madeira\/","url":"https:\/\/portaltela.pt\/noticias\/2026\/03\/30\/mocambique-implementa-sistema-digital-de-controlo-de-exportacao-de-madeira\/","name":"Mo\u00e7ambique implementa sistema digital de controlo de exporta\u00e7\u00e3o de madeira - Portal Tela Portugal","isPartOf":{"@id":"https:\/\/portaltela.pt\/#website"},"primaryImageOfPage":{"@id":"https:\/\/portaltela.pt\/noticias\/2026\/03\/30\/mocambique-implementa-sistema-digital-de-controlo-de-exportacao-de-madeira\/#primaryimage"},"image":{"@id":"https:\/\/portaltela.pt\/noticias\/2026\/03\/30\/mocambique-implementa-sistema-digital-de-controlo-de-exportacao-de-madeira\/#primaryimage"},"thumbnailUrl":"https:\/\/portaltela.pt\/s.01k8rhncp4jt1\/2026\/03\/CACHE_780X1200_ANALOG_WATERMARKED_8600580_2811736_28042019012933.jpg","datePublished":"2026-03-30T15:02:06+00:00","author":{"@id":"https:\/\/portaltela.pt\/#\/schema\/person\/c4278d4a6028830caff9ee44b42d32ed"},"breadcrumb":{"@id":"https:\/\/portaltela.pt\/noticias\/2026\/03\/30\/mocambique-implementa-sistema-digital-de-controlo-de-exportacao-de-madeira\/#breadcrumb"},"inLanguage":"pt-PT","potentialAction":[{"@type":"ReadAction","target":["https:\/\/portaltela.pt\/noticias\/2026\/03\/30\/mocambique-implementa-sistema-digital-de-controlo-de-exportacao-de-madeira\/"]}]},{"@type":"ImageObject","inLanguage":"pt-PT","@id":"https:\/\/portaltela.pt\/noticias\/2026\/03\/30\/mocambique-implementa-sistema-digital-de-controlo-de-exportacao-de-madeira\/#primaryimage","url":"https:\/\/portaltela.pt\/s.01k8rhncp4jt1\/2026\/03\/CACHE_780X1200_ANALOG_WATERMARKED_8600580_2811736_28042019012933.jpg","contentUrl":"https:\/\/portaltela.pt\/s.01k8rhncp4jt1\/2026\/03\/CACHE_780X1200_ANALOG_WATERMARKED_8600580_2811736_28042019012933.jpg","width":796,"height":448,"caption":"Mo\u00e7ambique vai introduzir sistema digital de controlo de exporta\u00e7\u00e3o de madeira"},{"@type":"BreadcrumbList","@id":"https:\/\/portaltela.pt\/noticias\/2026\/03\/30\/mocambique-implementa-sistema-digital-de-controlo-de-exportacao-de-madeira\/#breadcrumb","itemListElement":[{"@type":"ListItem","position":1,"name":"In\u00edcio","item":"https:\/\/portaltela.pt\/"},{"@type":"ListItem","position":2,"name":"Mo\u00e7ambique implementa sistema digital de controlo de exporta\u00e7\u00e3o de madeira"}]},{"@type":"WebSite","@id":"https:\/\/portaltela.pt\/#website","url":"https:\/\/portaltela.pt\/","name":"Portal Tela Portugal","description":"","potentialAction":[{"@type":"SearchAction","target":{"@type":"EntryPoint","urlTemplate":"https:\/\/portaltela.pt\/?s={search_term_string}"},"query-input":{"@type":"PropertyValueSpecification","valueRequired":true,"valueName":"search_term_string"}}],"inLanguage":"pt-PT"},{"@type":"Person","@id":"https:\/\/portaltela.pt\/#\/schema\/person\/c4278d4a6028830caff9ee44b42d32ed","name":"Telinha","image":{"@type":"ImageObject","inLanguage":"pt-PT","@id":"https:\/\/portaltela.pt\/s.01k8rhncp4jt1\/2025\/11\/talking-bot-125x125.png","url":"https:\/\/portaltela.pt\/s.01k8rhncp4jt1\/2025\/11\/talking-bot-125x125.png","contentUrl":"https:\/\/portaltela.pt\/s.01k8rhncp4jt1\/2025\/11\/talking-bot-125x125.png","caption":"Telinha"},"sameAs":["https:\/\/portaltela.pt\/"],"url":"https:\/\/portaltela.pt\/por\/367410592786\/"}]}},"_links":{"self":[{"href":"https:\/\/portaltela.pt\/api\/wp\/v2\/posts\/427057","targetHints":{"allow":["GET"]}}],"collection":[{"href":"https:\/\/portaltela.pt\/api\/wp\/v2\/posts"}],"about":[{"href":"https:\/\/portaltela.pt\/api\/wp\/v2\/types\/post"}],"author":[{"embeddable":true,"href":"https:\/\/portaltela.pt\/api\/wp\/v2\/users\/2"}],"replies":[{"embeddable":true,"href":"https:\/\/portaltela.pt\/api\/wp\/v2\/comments?post=427057"}],"version-history":[{"count":0,"href":"https:\/\/portaltela.pt\/api\/wp\/v2\/posts\/427057\/revisions"}],"wp:featuredmedia":[{"embeddable":true,"href":"https:\/\/portaltela.pt\/api\/wp\/v2\/media\/427059"}],"wp:attachment":[{"href":"https:\/\/portaltela.pt\/api\/wp\/v2\/media?parent=427057"}],"wp:term":[{"taxonomy":"category","embeddable":true,"href":"https:\/\/portaltela.pt\/api\/wp\/v2\/categories?post=427057"},{"taxonomy":"post_tag","embeddable":true,"href":"https:\/\/portaltela.pt\/api\/wp\/v2\/tags?post=427057"}],"curies":[{"name":"wp","href":"https:\/\/api.w.org\/{rel}","templated":true}]}}