{"id":427036,"date":"2026-03-30T11:47:08","date_gmt":"2026-03-30T14:47:08","guid":{"rendered":"https:\/\/portaltela.pt\/noticias\/2026\/03\/30\/bebe-de-dois-meses-e-encontrado-apos-10-dias-desaparecido\/"},"modified":"2026-03-30T11:47:08","modified_gmt":"2026-03-30T14:47:08","slug":"bebe-de-dois-meses-e-encontrado-apos-10-dias-desaparecido","status":"publish","type":"post","link":"https:\/\/portaltela.pt\/noticias\/2026\/03\/30\/bebe-de-dois-meses-e-encontrado-apos-10-dias-desaparecido\/","title":{"rendered":"Beb\u00e9 de dois meses \u00e9 encontrado ap\u00f3s 10 dias desaparecido"},"content":{"rendered":"<p>O beb\u00e9 de dois meses e a m\u00e3e estiveram desaparecidos h\u00e1 10 dias de um estabelecimento de apoio social. Foram localizados pela Pol\u00edcia Judici\u00e1ria no dia 27 de mar\u00e7o.<\/p>\n<p>A localiza\u00e7\u00e3o ocorreu na Nazar\u00e9, ap\u00f3s uma comunica\u00e7\u00e3o da Comiss\u00e3o de Prote\u00e7\u00e3o de Crian\u00e7as e Jovens (CPCJ) de Santar\u00e9m \u00e0 PSP.<\/p>\n<p>A crian\u00e7a foi retirada \u00e0 m\u00e3e face \u00e0 identifica\u00e7\u00e3o de comportamentos negligentes, incluindo a incapacidade de assegurar higiene, alimenta\u00e7\u00e3o e vestu\u00e1rio, al\u00e9m de existence de rea\u00e7\u00f5es agressivas que colocavam o rec\u00e9m-nascido em risco.<\/p>\n<p>O beb\u00e9 foi encaminhado para uma institui\u00e7\u00e3o da Santa Casa da Miseric\u00f3rdia e encontra-se sob tutela do Tribunal de Fam\u00edlia e Menores de Santar\u00e9m.<\/p>\n","protected":false},"excerpt":{"rendered":"<ul>\n<li>A beb\u00e9 de dois meses e a m\u00e3e foram encontrados pela Pol\u00edcia Judici\u00e1ria no dia 27 de mar\u00e7o, ap\u00f3s 10 dias desaparecidos de um estabelecimento de apoio social.<\/li>\n<li>A beb\u00e9 foi vista a ser levada da institui\u00e7\u00e3o pela m\u00e3e, segundo o comunicado da Pol\u00edcia Judici\u00e1ria.<\/li>\n<li>A localiza\u00e7\u00e3o ocorreu na Nazar\u00e9, depois de uma comunica\u00e7\u00e3o da Comiss\u00e3o de Prote\u00e7\u00e3o de Crian\u00e7as e Jovens (CPCJ) de Santar\u00e9m \u00e0 PSP.<\/li>\n<li>A retirada da beb\u00e9 \u00e0 m\u00e3e ocorreu face \u00e0 identifica\u00e7\u00e3o de comportamentos negligentes, incluindo a incapacidade de proporcionar cuidados b\u00e1sicos e sustenta-se que existiam rea\u00e7\u00f5es agressivas que colocavam o rec\u00e9m-nascido em risco.<\/li>\n<li>A crian\u00e7a foi encaminhada para uma institui\u00e7\u00e3o da Santa Casa da Miseric\u00f3rdia e encontra-se sob tutela do Tribunal de Fam\u00edlia e Menores de Santar\u00e9m.<\/li>\n<\/ul>\n","protected":false},"author":2,"featured_media":427041,"comment_status":"closed","ping_status":"closed","sticky":false,"template":"","format":"standard","meta":{"footnotes":""},"categories":[6815,1],"tags":[6071,3953,64,894,2181,898],"class_list":["post-427036","post","type-post","status-publish","format-standard","has-post-thumbnail","hentry","category-justica","category-noticias","tag-cpcj","tag-criancas","tag-familia","tag-nazare","tag-protecao-de-menores","tag-santarem"],"yoast_head":"<!-- This site is optimized with the Yoast SEO plugin v27.2 - https:\/\/yoast.com\/product\/yoast-seo-wordpress\/ -->\n<title>Beb\u00e9 de dois meses \u00e9 encontrado ap\u00f3s 10 dias desaparecido - Portal Tela Portugal<\/title>\n<meta name=\"robots\" content=\"index, follow, max-snippet:-1, max-image-preview:large, max-video-preview:-1\" \/>\n<meta property=\"og:locale\" content=\"pt_PT\" \/>\n<meta property=\"og:type\" content=\"article\" \/>\n<meta property=\"og:title\" content=\"Beb\u00e9 de dois meses \u00e9 encontrado ap\u00f3s 10 dias desaparecido - Portal Tela Portugal\" \/>\n<meta property=\"og:description\" content=\"A beb\u00e9 de dois meses e a m\u00e3e foram encontrados pela Pol\u00edcia Judici\u00e1ria no dia 27 de mar\u00e7o, ap\u00f3s 10 dias desaparecidos de um estabelecimento de apoio social. A beb\u00e9 foi vista a ser levada da institui\u00e7\u00e3o pela m\u00e3e, segundo o comunicado da Pol\u00edcia Judici\u00e1ria. A localiza\u00e7\u00e3o ocorreu na Nazar\u00e9, depois de uma comunica\u00e7\u00e3o da Comiss\u00e3o de Prote\u00e7\u00e3o de Crian\u00e7as e Jovens (CPCJ) de Santar\u00e9m \u00e0 PSP. A retirada da beb\u00e9 \u00e0 m\u00e3e ocorreu face \u00e0 identifica\u00e7\u00e3o de comportamentos negligentes, incluindo a incapacidade de proporcionar cuidados b\u00e1sicos e sustenta-se que existiam rea\u00e7\u00f5es agressivas que colocavam o rec\u00e9m-nascido em risco. A crian\u00e7a foi encaminhada para uma institui\u00e7\u00e3o da Santa Casa da Miseric\u00f3rdia e encontra-se sob tutela do Tribunal de Fam\u00edlia e Menores de Santar\u00e9m.\" \/>\n<meta property=\"og:url\" content=\"https:\/\/portaltela.pt\/noticias\/2026\/03\/30\/bebe-de-dois-meses-e-encontrado-apos-10-dias-desaparecido\/\" \/>\n<meta property=\"og:site_name\" content=\"Portal Tela Portugal\" \/>\n<meta property=\"article:published_time\" content=\"2026-03-30T14:47:08+00:00\" \/>\n<meta name=\"author\" content=\"Telinha\" \/>\n<meta name=\"twitter:card\" content=\"summary_large_image\" \/>\n<meta name=\"twitter:label1\" content=\"Escrito por\" \/>\n\t<meta name=\"twitter:data1\" content=\"Telinha\" \/>\n\t<meta name=\"twitter:label2\" content=\"Tempo estimado de leitura\" \/>\n\t<meta name=\"twitter:data2\" content=\"1 minuto\" \/>\n<script type=\"application\/ld+json\" class=\"yoast-schema-graph\">{\"@context\":\"https:\/\/schema.org\",\"@graph\":[{\"@type\":\"Article\",\"@id\":\"https:\/\/portaltela.pt\/noticias\/2026\/03\/30\/bebe-de-dois-meses-e-encontrado-apos-10-dias-desaparecido\/#article\",\"isPartOf\":{\"@id\":\"https:\/\/portaltela.pt\/noticias\/2026\/03\/30\/bebe-de-dois-meses-e-encontrado-apos-10-dias-desaparecido\/\"},\"author\":{\"name\":\"Telinha\",\"@id\":\"https:\/\/portaltela.pt\/#\/schema\/person\/c4278d4a6028830caff9ee44b42d32ed\"},\"headline\":\"Beb\u00e9 de dois meses \u00e9 encontrado ap\u00f3s 10 dias desaparecido\",\"datePublished\":\"2026-03-30T14:47:08+00:00\",\"mainEntityOfPage\":{\"@id\":\"https:\/\/portaltela.pt\/noticias\/2026\/03\/30\/bebe-de-dois-meses-e-encontrado-apos-10-dias-desaparecido\/\"},\"wordCount\":134,\"image\":{\"@id\":\"https:\/\/portaltela.pt\/noticias\/2026\/03\/30\/bebe-de-dois-meses-e-encontrado-apos-10-dias-desaparecido\/#primaryimage\"},\"thumbnailUrl\":\"https:\/\/portaltela.pt\/s.01k8rhncp4jt1\/2026\/03\/img_1500x1000uu2018-03-21-19-25-00-721160.jpg\",\"keywords\":[\"CPCJ\",\"crian\u00e7as\",\"fam\u00edlia\",\"Nazar\u00e9\",\"prote\u00e7\u00e3o de menores\",\"Santar\u00e9m\"],\"articleSection\":[\"Justi\u00e7a\",\"Not\u00edcias\"],\"inLanguage\":\"pt-PT\"},{\"@type\":\"WebPage\",\"@id\":\"https:\/\/portaltela.pt\/noticias\/2026\/03\/30\/bebe-de-dois-meses-e-encontrado-apos-10-dias-desaparecido\/\",\"url\":\"https:\/\/portaltela.pt\/noticias\/2026\/03\/30\/bebe-de-dois-meses-e-encontrado-apos-10-dias-desaparecido\/\",\"name\":\"Beb\u00e9 de dois meses \u00e9 encontrado ap\u00f3s 10 dias desaparecido - Portal Tela Portugal\",\"isPartOf\":{\"@id\":\"https:\/\/portaltela.pt\/#website\"},\"primaryImageOfPage\":{\"@id\":\"https:\/\/portaltela.pt\/noticias\/2026\/03\/30\/bebe-de-dois-meses-e-encontrado-apos-10-dias-desaparecido\/#primaryimage\"},\"image\":{\"@id\":\"https:\/\/portaltela.pt\/noticias\/2026\/03\/30\/bebe-de-dois-meses-e-encontrado-apos-10-dias-desaparecido\/#primaryimage\"},\"thumbnailUrl\":\"https:\/\/portaltela.pt\/s.01k8rhncp4jt1\/2026\/03\/img_1500x1000uu2018-03-21-19-25-00-721160.jpg\",\"datePublished\":\"2026-03-30T14:47:08+00:00\",\"author\":{\"@id\":\"https:\/\/portaltela.pt\/#\/schema\/person\/c4278d4a6028830caff9ee44b42d32ed\"},\"breadcrumb\":{\"@id\":\"https:\/\/portaltela.pt\/noticias\/2026\/03\/30\/bebe-de-dois-meses-e-encontrado-apos-10-dias-desaparecido\/#breadcrumb\"},\"inLanguage\":\"pt-PT\",\"potentialAction\":[{\"@type\":\"ReadAction\",\"target\":[\"https:\/\/portaltela.pt\/noticias\/2026\/03\/30\/bebe-de-dois-meses-e-encontrado-apos-10-dias-desaparecido\/\"]}]},{\"@type\":\"ImageObject\",\"inLanguage\":\"pt-PT\",\"@id\":\"https:\/\/portaltela.pt\/noticias\/2026\/03\/30\/bebe-de-dois-meses-e-encontrado-apos-10-dias-desaparecido\/#primaryimage\",\"url\":\"https:\/\/portaltela.pt\/s.01k8rhncp4jt1\/2026\/03\/img_1500x1000uu2018-03-21-19-25-00-721160.jpg\",\"contentUrl\":\"https:\/\/portaltela.pt\/s.01k8rhncp4jt1\/2026\/03\/img_1500x1000uu2018-03-21-19-25-00-721160.jpg\",\"width\":796,\"height\":448,\"caption\":\"Beb\u00e9\"},{\"@type\":\"BreadcrumbList\",\"@id\":\"https:\/\/portaltela.pt\/noticias\/2026\/03\/30\/bebe-de-dois-meses-e-encontrado-apos-10-dias-desaparecido\/#breadcrumb\",\"itemListElement\":[{\"@type\":\"ListItem\",\"position\":1,\"name\":\"In\u00edcio\",\"item\":\"https:\/\/portaltela.pt\/\"},{\"@type\":\"ListItem\",\"position\":2,\"name\":\"Beb\u00e9 de dois meses \u00e9 encontrado ap\u00f3s 10 dias desaparecido\"}]},{\"@type\":\"WebSite\",\"@id\":\"https:\/\/portaltela.pt\/#website\",\"url\":\"https:\/\/portaltela.pt\/\",\"name\":\"Portal Tela Portugal\",\"description\":\"\",\"potentialAction\":[{\"@type\":\"SearchAction\",\"target\":{\"@type\":\"EntryPoint\",\"urlTemplate\":\"https:\/\/portaltela.pt\/?s={search_term_string}\"},\"query-input\":{\"@type\":\"PropertyValueSpecification\",\"valueRequired\":true,\"valueName\":\"search_term_string\"}}],\"inLanguage\":\"pt-PT\"},{\"@type\":\"Person\",\"@id\":\"https:\/\/portaltela.pt\/#\/schema\/person\/c4278d4a6028830caff9ee44b42d32ed\",\"name\":\"Telinha\",\"image\":{\"@type\":\"ImageObject\",\"inLanguage\":\"pt-PT\",\"@id\":\"https:\/\/portaltela.pt\/s.01k8rhncp4jt1\/2025\/11\/talking-bot-125x125.png\",\"url\":\"https:\/\/portaltela.pt\/s.01k8rhncp4jt1\/2025\/11\/talking-bot-125x125.png\",\"contentUrl\":\"https:\/\/portaltela.pt\/s.01k8rhncp4jt1\/2025\/11\/talking-bot-125x125.png\",\"caption\":\"Telinha\"},\"sameAs\":[\"https:\/\/portaltela.pt\/\"],\"url\":\"https:\/\/portaltela.pt\/por\/367410592786\/\"}]}<\/script>\n<!-- \/ Yoast SEO plugin. -->","yoast_head_json":{"title":"Beb\u00e9 de dois meses \u00e9 encontrado ap\u00f3s 10 dias desaparecido - Portal Tela Portugal","robots":{"index":"index","follow":"follow","max-snippet":"max-snippet:-1","max-image-preview":"max-image-preview:large","max-video-preview":"max-video-preview:-1"},"og_locale":"pt_PT","og_type":"article","og_title":"Beb\u00e9 de dois meses \u00e9 encontrado ap\u00f3s 10 dias desaparecido - Portal Tela Portugal","og_description":"A beb\u00e9 de dois meses e a m\u00e3e foram encontrados pela Pol\u00edcia Judici\u00e1ria no dia 27 de mar\u00e7o, ap\u00f3s 10 dias desaparecidos de um estabelecimento de apoio social. A beb\u00e9 foi vista a ser levada da institui\u00e7\u00e3o pela m\u00e3e, segundo o comunicado da Pol\u00edcia Judici\u00e1ria. A localiza\u00e7\u00e3o ocorreu na Nazar\u00e9, depois de uma comunica\u00e7\u00e3o da Comiss\u00e3o de Prote\u00e7\u00e3o de Crian\u00e7as e Jovens (CPCJ) de Santar\u00e9m \u00e0 PSP. A retirada da beb\u00e9 \u00e0 m\u00e3e ocorreu face \u00e0 identifica\u00e7\u00e3o de comportamentos negligentes, incluindo a incapacidade de proporcionar cuidados b\u00e1sicos e sustenta-se que existiam rea\u00e7\u00f5es agressivas que colocavam o rec\u00e9m-nascido em risco. A crian\u00e7a foi encaminhada para uma institui\u00e7\u00e3o da Santa Casa da Miseric\u00f3rdia e encontra-se sob tutela do Tribunal de Fam\u00edlia e Menores de Santar\u00e9m.","og_url":"https:\/\/portaltela.pt\/noticias\/2026\/03\/30\/bebe-de-dois-meses-e-encontrado-apos-10-dias-desaparecido\/","og_site_name":"Portal Tela Portugal","article_published_time":"2026-03-30T14:47:08+00:00","author":"Telinha","twitter_card":"summary_large_image","twitter_misc":{"Escrito por":"Telinha","Tempo estimado de leitura":"1 minuto"},"schema":{"@context":"https:\/\/schema.org","@graph":[{"@type":"Article","@id":"https:\/\/portaltela.pt\/noticias\/2026\/03\/30\/bebe-de-dois-meses-e-encontrado-apos-10-dias-desaparecido\/#article","isPartOf":{"@id":"https:\/\/portaltela.pt\/noticias\/2026\/03\/30\/bebe-de-dois-meses-e-encontrado-apos-10-dias-desaparecido\/"},"author":{"name":"Telinha","@id":"https:\/\/portaltela.pt\/#\/schema\/person\/c4278d4a6028830caff9ee44b42d32ed"},"headline":"Beb\u00e9 de dois meses \u00e9 encontrado ap\u00f3s 10 dias desaparecido","datePublished":"2026-03-30T14:47:08+00:00","mainEntityOfPage":{"@id":"https:\/\/portaltela.pt\/noticias\/2026\/03\/30\/bebe-de-dois-meses-e-encontrado-apos-10-dias-desaparecido\/"},"wordCount":134,"image":{"@id":"https:\/\/portaltela.pt\/noticias\/2026\/03\/30\/bebe-de-dois-meses-e-encontrado-apos-10-dias-desaparecido\/#primaryimage"},"thumbnailUrl":"https:\/\/portaltela.pt\/s.01k8rhncp4jt1\/2026\/03\/img_1500x1000uu2018-03-21-19-25-00-721160.jpg","keywords":["CPCJ","crian\u00e7as","fam\u00edlia","Nazar\u00e9","prote\u00e7\u00e3o de menores","Santar\u00e9m"],"articleSection":["Justi\u00e7a","Not\u00edcias"],"inLanguage":"pt-PT"},{"@type":"WebPage","@id":"https:\/\/portaltela.pt\/noticias\/2026\/03\/30\/bebe-de-dois-meses-e-encontrado-apos-10-dias-desaparecido\/","url":"https:\/\/portaltela.pt\/noticias\/2026\/03\/30\/bebe-de-dois-meses-e-encontrado-apos-10-dias-desaparecido\/","name":"Beb\u00e9 de dois meses \u00e9 encontrado ap\u00f3s 10 dias desaparecido - Portal Tela Portugal","isPartOf":{"@id":"https:\/\/portaltela.pt\/#website"},"primaryImageOfPage":{"@id":"https:\/\/portaltela.pt\/noticias\/2026\/03\/30\/bebe-de-dois-meses-e-encontrado-apos-10-dias-desaparecido\/#primaryimage"},"image":{"@id":"https:\/\/portaltela.pt\/noticias\/2026\/03\/30\/bebe-de-dois-meses-e-encontrado-apos-10-dias-desaparecido\/#primaryimage"},"thumbnailUrl":"https:\/\/portaltela.pt\/s.01k8rhncp4jt1\/2026\/03\/img_1500x1000uu2018-03-21-19-25-00-721160.jpg","datePublished":"2026-03-30T14:47:08+00:00","author":{"@id":"https:\/\/portaltela.pt\/#\/schema\/person\/c4278d4a6028830caff9ee44b42d32ed"},"breadcrumb":{"@id":"https:\/\/portaltela.pt\/noticias\/2026\/03\/30\/bebe-de-dois-meses-e-encontrado-apos-10-dias-desaparecido\/#breadcrumb"},"inLanguage":"pt-PT","potentialAction":[{"@type":"ReadAction","target":["https:\/\/portaltela.pt\/noticias\/2026\/03\/30\/bebe-de-dois-meses-e-encontrado-apos-10-dias-desaparecido\/"]}]},{"@type":"ImageObject","inLanguage":"pt-PT","@id":"https:\/\/portaltela.pt\/noticias\/2026\/03\/30\/bebe-de-dois-meses-e-encontrado-apos-10-dias-desaparecido\/#primaryimage","url":"https:\/\/portaltela.pt\/s.01k8rhncp4jt1\/2026\/03\/img_1500x1000uu2018-03-21-19-25-00-721160.jpg","contentUrl":"https:\/\/portaltela.pt\/s.01k8rhncp4jt1\/2026\/03\/img_1500x1000uu2018-03-21-19-25-00-721160.jpg","width":796,"height":448,"caption":"Beb\u00e9"},{"@type":"BreadcrumbList","@id":"https:\/\/portaltela.pt\/noticias\/2026\/03\/30\/bebe-de-dois-meses-e-encontrado-apos-10-dias-desaparecido\/#breadcrumb","itemListElement":[{"@type":"ListItem","position":1,"name":"In\u00edcio","item":"https:\/\/portaltela.pt\/"},{"@type":"ListItem","position":2,"name":"Beb\u00e9 de dois meses \u00e9 encontrado ap\u00f3s 10 dias desaparecido"}]},{"@type":"WebSite","@id":"https:\/\/portaltela.pt\/#website","url":"https:\/\/portaltela.pt\/","name":"Portal Tela Portugal","description":"","potentialAction":[{"@type":"SearchAction","target":{"@type":"EntryPoint","urlTemplate":"https:\/\/portaltela.pt\/?s={search_term_string}"},"query-input":{"@type":"PropertyValueSpecification","valueRequired":true,"valueName":"search_term_string"}}],"inLanguage":"pt-PT"},{"@type":"Person","@id":"https:\/\/portaltela.pt\/#\/schema\/person\/c4278d4a6028830caff9ee44b42d32ed","name":"Telinha","image":{"@type":"ImageObject","inLanguage":"pt-PT","@id":"https:\/\/portaltela.pt\/s.01k8rhncp4jt1\/2025\/11\/talking-bot-125x125.png","url":"https:\/\/portaltela.pt\/s.01k8rhncp4jt1\/2025\/11\/talking-bot-125x125.png","contentUrl":"https:\/\/portaltela.pt\/s.01k8rhncp4jt1\/2025\/11\/talking-bot-125x125.png","caption":"Telinha"},"sameAs":["https:\/\/portaltela.pt\/"],"url":"https:\/\/portaltela.pt\/por\/367410592786\/"}]}},"_links":{"self":[{"href":"https:\/\/portaltela.pt\/api\/wp\/v2\/posts\/427036","targetHints":{"allow":["GET"]}}],"collection":[{"href":"https:\/\/portaltela.pt\/api\/wp\/v2\/posts"}],"about":[{"href":"https:\/\/portaltela.pt\/api\/wp\/v2\/types\/post"}],"author":[{"embeddable":true,"href":"https:\/\/portaltela.pt\/api\/wp\/v2\/users\/2"}],"replies":[{"embeddable":true,"href":"https:\/\/portaltela.pt\/api\/wp\/v2\/comments?post=427036"}],"version-history":[{"count":0,"href":"https:\/\/portaltela.pt\/api\/wp\/v2\/posts\/427036\/revisions"}],"wp:featuredmedia":[{"embeddable":true,"href":"https:\/\/portaltela.pt\/api\/wp\/v2\/media\/427041"}],"wp:attachment":[{"href":"https:\/\/portaltela.pt\/api\/wp\/v2\/media?parent=427036"}],"wp:term":[{"taxonomy":"category","embeddable":true,"href":"https:\/\/portaltela.pt\/api\/wp\/v2\/categories?post=427036"},{"taxonomy":"post_tag","embeddable":true,"href":"https:\/\/portaltela.pt\/api\/wp\/v2\/tags?post=427036"}],"curies":[{"name":"wp","href":"https:\/\/api.w.org\/{rel}","templated":true}]}}