{"id":427022,"date":"2026-03-30T11:32:07","date_gmt":"2026-03-30T14:32:07","guid":{"rendered":"https:\/\/portaltela.pt\/noticias\/2026\/03\/30\/mulher-com-90-do-corpo-queimado-apos-explosao-em-valongo\/"},"modified":"2026-03-30T11:32:07","modified_gmt":"2026-03-30T14:32:07","slug":"mulher-com-90-do-corpo-queimado-apos-explosao-em-valongo","status":"publish","type":"post","link":"https:\/\/portaltela.pt\/noticias\/2026\/03\/30\/mulher-com-90-do-corpo-queimado-apos-explosao-em-valongo\/","title":{"rendered":"Mulher com 90% do corpo queimado ap\u00f3s explos\u00e3o em Valongo"},"content":{"rendered":"<p>Um incidente envolvendo uma explos\u00e3o deixou uma mulher com queimaduras graves em Valongo. A v\u00edtima sofreu queimaduras em 90% do corpo, numa ocorr\u00eancia ainda por esclarecer. As causas est\u00e3o a ser apuradas pelas autoridades.<\/p>\n<p>Equipes de emerg\u00eancia responderam ao alerta e prestaram os primeiros cuidados no local. A v\u00edtima foi encaminhada para uma unidade hospitalar especializada em queimaduras, onde dever\u00e1 permanecer para avalia\u00e7\u00e3o e tratamento.<\/p>\n<p>O suceso aconteceu na tarde de 30 de mar\u00e7o de 2026, em Valongo. As investiga\u00e7\u00f5es visam determinar as circunst\u00e2ncias do ocorrido e confirmar se houve falhas de seguran\u00e7a ou fatores externos que contribu\u00edram para a explos\u00e3o.<\/p>\n","protected":false},"excerpt":{"rendered":"<ul>\n<li>Mulher sofre queimaduras em 90% do corpo ap\u00f3s explos\u00e3o em Valongo.<\/li>\n<li>O local exato e as circunst\u00e2ncias do incidente ainda s\u00e3o desconhecidas.<\/li>\n<li>O epis\u00f3dio ocorreu no dia 30 de mar\u00e7o de 2026, \u00e0s 15h22.<\/li>\n<li>N\u00e3o foram divulgados detalhes sobre a v\u00edtima ou sobre poss\u00edvel outras pessoas envolvidas.<\/li>\n<li>A investiga\u00e7\u00e3o das causas est\u00e1 a decorrer pelas autoridades competentes.<\/li>\n<\/ul>\n","protected":false},"author":2,"featured_media":427026,"comment_status":"closed","ping_status":"closed","sticky":false,"template":"","format":"standard","meta":{"footnotes":""},"categories":[6849,1],"tags":[1935,3571,215,5099,2734,1244],"class_list":["post-427022","post","type-post","status-publish","format-standard","has-post-thumbnail","hentry","category-acidentes","category-noticias","tag-emergencias","tag-explosoes","tag-investigacao","tag-protecao-civil-municipal","tag-queimaduras","tag-valongo"],"yoast_head":"<!-- This site is optimized with the Yoast SEO plugin v27.2 - https:\/\/yoast.com\/product\/yoast-seo-wordpress\/ -->\n<title>Mulher com 90% do corpo queimado ap\u00f3s explos\u00e3o em Valongo - Portal Tela Portugal<\/title>\n<meta name=\"robots\" content=\"index, follow, max-snippet:-1, max-image-preview:large, max-video-preview:-1\" \/>\n<meta property=\"og:locale\" content=\"pt_PT\" \/>\n<meta property=\"og:type\" content=\"article\" \/>\n<meta property=\"og:title\" content=\"Mulher com 90% do corpo queimado ap\u00f3s explos\u00e3o em Valongo - Portal Tela Portugal\" \/>\n<meta property=\"og:description\" content=\"Mulher sofre queimaduras em 90% do corpo ap\u00f3s explos\u00e3o em Valongo. O local exato e as circunst\u00e2ncias do incidente ainda s\u00e3o desconhecidas. O epis\u00f3dio ocorreu no dia 30 de mar\u00e7o de 2026, \u00e0s 15h22. N\u00e3o foram divulgados detalhes sobre a v\u00edtima ou sobre poss\u00edvel outras pessoas envolvidas. A investiga\u00e7\u00e3o das causas est\u00e1 a decorrer pelas autoridades competentes.\" \/>\n<meta property=\"og:url\" content=\"https:\/\/portaltela.pt\/noticias\/2026\/03\/30\/mulher-com-90-do-corpo-queimado-apos-explosao-em-valongo\/\" \/>\n<meta property=\"og:site_name\" content=\"Portal Tela Portugal\" \/>\n<meta property=\"article:published_time\" content=\"2026-03-30T14:32:07+00:00\" \/>\n<meta name=\"author\" content=\"Telinha\" \/>\n<meta name=\"twitter:card\" content=\"summary_large_image\" \/>\n<meta name=\"twitter:label1\" content=\"Escrito por\" \/>\n\t<meta name=\"twitter:data1\" content=\"Telinha\" \/>\n\t<meta name=\"twitter:label2\" content=\"Tempo estimado de leitura\" \/>\n\t<meta name=\"twitter:data2\" content=\"1 minuto\" \/>\n<script type=\"application\/ld+json\" class=\"yoast-schema-graph\">{\"@context\":\"https:\/\/schema.org\",\"@graph\":[{\"@type\":\"Article\",\"@id\":\"https:\/\/portaltela.pt\/noticias\/2026\/03\/30\/mulher-com-90-do-corpo-queimado-apos-explosao-em-valongo\/#article\",\"isPartOf\":{\"@id\":\"https:\/\/portaltela.pt\/noticias\/2026\/03\/30\/mulher-com-90-do-corpo-queimado-apos-explosao-em-valongo\/\"},\"author\":{\"name\":\"Telinha\",\"@id\":\"https:\/\/portaltela.pt\/#\/schema\/person\/c4278d4a6028830caff9ee44b42d32ed\"},\"headline\":\"Mulher com 90% do corpo queimado ap\u00f3s explos\u00e3o em Valongo\",\"datePublished\":\"2026-03-30T14:32:07+00:00\",\"mainEntityOfPage\":{\"@id\":\"https:\/\/portaltela.pt\/noticias\/2026\/03\/30\/mulher-com-90-do-corpo-queimado-apos-explosao-em-valongo\/\"},\"wordCount\":122,\"image\":{\"@id\":\"https:\/\/portaltela.pt\/noticias\/2026\/03\/30\/mulher-com-90-do-corpo-queimado-apos-explosao-em-valongo\/#primaryimage\"},\"thumbnailUrl\":\"https:\/\/portaltela.pt\/s.01k8rhncp4jt1\/2026\/03\/img_1280x722uu2026-03-30-13-53-00-2275597.jpg\",\"keywords\":[\"emerg\u00eancias\",\"explos\u00f5es\",\"investiga\u00e7\u00e3o\",\"Prote\u00e7\u00e3o Civil Municipal\",\"queimaduras\",\"Valongo\"],\"articleSection\":[\"Acidentes\",\"Not\u00edcias\"],\"inLanguage\":\"pt-PT\"},{\"@type\":\"WebPage\",\"@id\":\"https:\/\/portaltela.pt\/noticias\/2026\/03\/30\/mulher-com-90-do-corpo-queimado-apos-explosao-em-valongo\/\",\"url\":\"https:\/\/portaltela.pt\/noticias\/2026\/03\/30\/mulher-com-90-do-corpo-queimado-apos-explosao-em-valongo\/\",\"name\":\"Mulher com 90% do corpo queimado ap\u00f3s explos\u00e3o em Valongo - Portal Tela Portugal\",\"isPartOf\":{\"@id\":\"https:\/\/portaltela.pt\/#website\"},\"primaryImageOfPage\":{\"@id\":\"https:\/\/portaltela.pt\/noticias\/2026\/03\/30\/mulher-com-90-do-corpo-queimado-apos-explosao-em-valongo\/#primaryimage\"},\"image\":{\"@id\":\"https:\/\/portaltela.pt\/noticias\/2026\/03\/30\/mulher-com-90-do-corpo-queimado-apos-explosao-em-valongo\/#primaryimage\"},\"thumbnailUrl\":\"https:\/\/portaltela.pt\/s.01k8rhncp4jt1\/2026\/03\/img_1280x722uu2026-03-30-13-53-00-2275597.jpg\",\"datePublished\":\"2026-03-30T14:32:07+00:00\",\"author\":{\"@id\":\"https:\/\/portaltela.pt\/#\/schema\/person\/c4278d4a6028830caff9ee44b42d32ed\"},\"breadcrumb\":{\"@id\":\"https:\/\/portaltela.pt\/noticias\/2026\/03\/30\/mulher-com-90-do-corpo-queimado-apos-explosao-em-valongo\/#breadcrumb\"},\"inLanguage\":\"pt-PT\",\"potentialAction\":[{\"@type\":\"ReadAction\",\"target\":[\"https:\/\/portaltela.pt\/noticias\/2026\/03\/30\/mulher-com-90-do-corpo-queimado-apos-explosao-em-valongo\/\"]}]},{\"@type\":\"ImageObject\",\"inLanguage\":\"pt-PT\",\"@id\":\"https:\/\/portaltela.pt\/noticias\/2026\/03\/30\/mulher-com-90-do-corpo-queimado-apos-explosao-em-valongo\/#primaryimage\",\"url\":\"https:\/\/portaltela.pt\/s.01k8rhncp4jt1\/2026\/03\/img_1280x722uu2026-03-30-13-53-00-2275597.jpg\",\"contentUrl\":\"https:\/\/portaltela.pt\/s.01k8rhncp4jt1\/2026\/03\/img_1280x722uu2026-03-30-13-53-00-2275597.jpg\",\"width\":796,\"height\":448,\"caption\":\"Photo\"},{\"@type\":\"BreadcrumbList\",\"@id\":\"https:\/\/portaltela.pt\/noticias\/2026\/03\/30\/mulher-com-90-do-corpo-queimado-apos-explosao-em-valongo\/#breadcrumb\",\"itemListElement\":[{\"@type\":\"ListItem\",\"position\":1,\"name\":\"In\u00edcio\",\"item\":\"https:\/\/portaltela.pt\/\"},{\"@type\":\"ListItem\",\"position\":2,\"name\":\"Mulher com 90% do corpo queimado ap\u00f3s explos\u00e3o em Valongo\"}]},{\"@type\":\"WebSite\",\"@id\":\"https:\/\/portaltela.pt\/#website\",\"url\":\"https:\/\/portaltela.pt\/\",\"name\":\"Portal Tela Portugal\",\"description\":\"\",\"potentialAction\":[{\"@type\":\"SearchAction\",\"target\":{\"@type\":\"EntryPoint\",\"urlTemplate\":\"https:\/\/portaltela.pt\/?s={search_term_string}\"},\"query-input\":{\"@type\":\"PropertyValueSpecification\",\"valueRequired\":true,\"valueName\":\"search_term_string\"}}],\"inLanguage\":\"pt-PT\"},{\"@type\":\"Person\",\"@id\":\"https:\/\/portaltela.pt\/#\/schema\/person\/c4278d4a6028830caff9ee44b42d32ed\",\"name\":\"Telinha\",\"image\":{\"@type\":\"ImageObject\",\"inLanguage\":\"pt-PT\",\"@id\":\"https:\/\/portaltela.pt\/s.01k8rhncp4jt1\/2025\/11\/talking-bot-125x125.png\",\"url\":\"https:\/\/portaltela.pt\/s.01k8rhncp4jt1\/2025\/11\/talking-bot-125x125.png\",\"contentUrl\":\"https:\/\/portaltela.pt\/s.01k8rhncp4jt1\/2025\/11\/talking-bot-125x125.png\",\"caption\":\"Telinha\"},\"sameAs\":[\"https:\/\/portaltela.pt\/\"],\"url\":\"https:\/\/portaltela.pt\/por\/367410592786\/\"}]}<\/script>\n<!-- \/ Yoast SEO plugin. -->","yoast_head_json":{"title":"Mulher com 90% do corpo queimado ap\u00f3s explos\u00e3o em Valongo - Portal Tela Portugal","robots":{"index":"index","follow":"follow","max-snippet":"max-snippet:-1","max-image-preview":"max-image-preview:large","max-video-preview":"max-video-preview:-1"},"og_locale":"pt_PT","og_type":"article","og_title":"Mulher com 90% do corpo queimado ap\u00f3s explos\u00e3o em Valongo - Portal Tela Portugal","og_description":"Mulher sofre queimaduras em 90% do corpo ap\u00f3s explos\u00e3o em Valongo. O local exato e as circunst\u00e2ncias do incidente ainda s\u00e3o desconhecidas. O epis\u00f3dio ocorreu no dia 30 de mar\u00e7o de 2026, \u00e0s 15h22. N\u00e3o foram divulgados detalhes sobre a v\u00edtima ou sobre poss\u00edvel outras pessoas envolvidas. A investiga\u00e7\u00e3o das causas est\u00e1 a decorrer pelas autoridades competentes.","og_url":"https:\/\/portaltela.pt\/noticias\/2026\/03\/30\/mulher-com-90-do-corpo-queimado-apos-explosao-em-valongo\/","og_site_name":"Portal Tela Portugal","article_published_time":"2026-03-30T14:32:07+00:00","author":"Telinha","twitter_card":"summary_large_image","twitter_misc":{"Escrito por":"Telinha","Tempo estimado de leitura":"1 minuto"},"schema":{"@context":"https:\/\/schema.org","@graph":[{"@type":"Article","@id":"https:\/\/portaltela.pt\/noticias\/2026\/03\/30\/mulher-com-90-do-corpo-queimado-apos-explosao-em-valongo\/#article","isPartOf":{"@id":"https:\/\/portaltela.pt\/noticias\/2026\/03\/30\/mulher-com-90-do-corpo-queimado-apos-explosao-em-valongo\/"},"author":{"name":"Telinha","@id":"https:\/\/portaltela.pt\/#\/schema\/person\/c4278d4a6028830caff9ee44b42d32ed"},"headline":"Mulher com 90% do corpo queimado ap\u00f3s explos\u00e3o em Valongo","datePublished":"2026-03-30T14:32:07+00:00","mainEntityOfPage":{"@id":"https:\/\/portaltela.pt\/noticias\/2026\/03\/30\/mulher-com-90-do-corpo-queimado-apos-explosao-em-valongo\/"},"wordCount":122,"image":{"@id":"https:\/\/portaltela.pt\/noticias\/2026\/03\/30\/mulher-com-90-do-corpo-queimado-apos-explosao-em-valongo\/#primaryimage"},"thumbnailUrl":"https:\/\/portaltela.pt\/s.01k8rhncp4jt1\/2026\/03\/img_1280x722uu2026-03-30-13-53-00-2275597.jpg","keywords":["emerg\u00eancias","explos\u00f5es","investiga\u00e7\u00e3o","Prote\u00e7\u00e3o Civil Municipal","queimaduras","Valongo"],"articleSection":["Acidentes","Not\u00edcias"],"inLanguage":"pt-PT"},{"@type":"WebPage","@id":"https:\/\/portaltela.pt\/noticias\/2026\/03\/30\/mulher-com-90-do-corpo-queimado-apos-explosao-em-valongo\/","url":"https:\/\/portaltela.pt\/noticias\/2026\/03\/30\/mulher-com-90-do-corpo-queimado-apos-explosao-em-valongo\/","name":"Mulher com 90% do corpo queimado ap\u00f3s explos\u00e3o em Valongo - Portal Tela Portugal","isPartOf":{"@id":"https:\/\/portaltela.pt\/#website"},"primaryImageOfPage":{"@id":"https:\/\/portaltela.pt\/noticias\/2026\/03\/30\/mulher-com-90-do-corpo-queimado-apos-explosao-em-valongo\/#primaryimage"},"image":{"@id":"https:\/\/portaltela.pt\/noticias\/2026\/03\/30\/mulher-com-90-do-corpo-queimado-apos-explosao-em-valongo\/#primaryimage"},"thumbnailUrl":"https:\/\/portaltela.pt\/s.01k8rhncp4jt1\/2026\/03\/img_1280x722uu2026-03-30-13-53-00-2275597.jpg","datePublished":"2026-03-30T14:32:07+00:00","author":{"@id":"https:\/\/portaltela.pt\/#\/schema\/person\/c4278d4a6028830caff9ee44b42d32ed"},"breadcrumb":{"@id":"https:\/\/portaltela.pt\/noticias\/2026\/03\/30\/mulher-com-90-do-corpo-queimado-apos-explosao-em-valongo\/#breadcrumb"},"inLanguage":"pt-PT","potentialAction":[{"@type":"ReadAction","target":["https:\/\/portaltela.pt\/noticias\/2026\/03\/30\/mulher-com-90-do-corpo-queimado-apos-explosao-em-valongo\/"]}]},{"@type":"ImageObject","inLanguage":"pt-PT","@id":"https:\/\/portaltela.pt\/noticias\/2026\/03\/30\/mulher-com-90-do-corpo-queimado-apos-explosao-em-valongo\/#primaryimage","url":"https:\/\/portaltela.pt\/s.01k8rhncp4jt1\/2026\/03\/img_1280x722uu2026-03-30-13-53-00-2275597.jpg","contentUrl":"https:\/\/portaltela.pt\/s.01k8rhncp4jt1\/2026\/03\/img_1280x722uu2026-03-30-13-53-00-2275597.jpg","width":796,"height":448,"caption":"Photo"},{"@type":"BreadcrumbList","@id":"https:\/\/portaltela.pt\/noticias\/2026\/03\/30\/mulher-com-90-do-corpo-queimado-apos-explosao-em-valongo\/#breadcrumb","itemListElement":[{"@type":"ListItem","position":1,"name":"In\u00edcio","item":"https:\/\/portaltela.pt\/"},{"@type":"ListItem","position":2,"name":"Mulher com 90% do corpo queimado ap\u00f3s explos\u00e3o em Valongo"}]},{"@type":"WebSite","@id":"https:\/\/portaltela.pt\/#website","url":"https:\/\/portaltela.pt\/","name":"Portal Tela Portugal","description":"","potentialAction":[{"@type":"SearchAction","target":{"@type":"EntryPoint","urlTemplate":"https:\/\/portaltela.pt\/?s={search_term_string}"},"query-input":{"@type":"PropertyValueSpecification","valueRequired":true,"valueName":"search_term_string"}}],"inLanguage":"pt-PT"},{"@type":"Person","@id":"https:\/\/portaltela.pt\/#\/schema\/person\/c4278d4a6028830caff9ee44b42d32ed","name":"Telinha","image":{"@type":"ImageObject","inLanguage":"pt-PT","@id":"https:\/\/portaltela.pt\/s.01k8rhncp4jt1\/2025\/11\/talking-bot-125x125.png","url":"https:\/\/portaltela.pt\/s.01k8rhncp4jt1\/2025\/11\/talking-bot-125x125.png","contentUrl":"https:\/\/portaltela.pt\/s.01k8rhncp4jt1\/2025\/11\/talking-bot-125x125.png","caption":"Telinha"},"sameAs":["https:\/\/portaltela.pt\/"],"url":"https:\/\/portaltela.pt\/por\/367410592786\/"}]}},"_links":{"self":[{"href":"https:\/\/portaltela.pt\/api\/wp\/v2\/posts\/427022","targetHints":{"allow":["GET"]}}],"collection":[{"href":"https:\/\/portaltela.pt\/api\/wp\/v2\/posts"}],"about":[{"href":"https:\/\/portaltela.pt\/api\/wp\/v2\/types\/post"}],"author":[{"embeddable":true,"href":"https:\/\/portaltela.pt\/api\/wp\/v2\/users\/2"}],"replies":[{"embeddable":true,"href":"https:\/\/portaltela.pt\/api\/wp\/v2\/comments?post=427022"}],"version-history":[{"count":0,"href":"https:\/\/portaltela.pt\/api\/wp\/v2\/posts\/427022\/revisions"}],"wp:featuredmedia":[{"embeddable":true,"href":"https:\/\/portaltela.pt\/api\/wp\/v2\/media\/427026"}],"wp:attachment":[{"href":"https:\/\/portaltela.pt\/api\/wp\/v2\/media?parent=427022"}],"wp:term":[{"taxonomy":"category","embeddable":true,"href":"https:\/\/portaltela.pt\/api\/wp\/v2\/categories?post=427022"},{"taxonomy":"post_tag","embeddable":true,"href":"https:\/\/portaltela.pt\/api\/wp\/v2\/tags?post=427022"}],"curies":[{"name":"wp","href":"https:\/\/api.w.org\/{rel}","templated":true}]}}