{"id":427010,"date":"2026-03-30T09:16:00","date_gmt":"2026-03-30T12:16:00","guid":{"rendered":"https:\/\/portaltela.pt\/noticias\/2026\/03\/30\/bruxelas-aprova-250-milhoes-de-ajudas-ao-setor-florestal-em-portugal\/"},"modified":"2026-03-30T09:16:00","modified_gmt":"2026-03-30T12:16:00","slug":"bruxelas-aprova-250-milhoes-de-ajudas-ao-setor-florestal-em-portugal","status":"publish","type":"post","link":"https:\/\/portaltela.pt\/noticias\/economia\/2026\/03\/30\/bruxelas-aprova-250-milhoes-de-ajudas-ao-setor-florestal-em-portugal\/","title":{"rendered":"Bruxelas aprova 250 milh\u00f5es de ajudas ao setor florestal em Portugal"},"content":{"rendered":"<p>Bruxelas aprovou ajudas estatais de 250 milh\u00f5es de euros destinadas ao setor florestal em Portugal. A decis\u00e3o envolve o apoio financeiro para o setor, conforme an\u00fancio supracitado.<\/p>\n<p>As informa\u00e7\u00f5es completas est\u00e3o dispon\u00edveis apenas para subscritores, com o conte\u00fado integral n\u00e3o sendo acess\u00edvel publicamente.<\/p>\n<p>A medida visa apoiar a recupera\u00e7\u00e3o ambiental, silvicultura sustent\u00e1vel e preven\u00e7\u00e3o de inc\u00eandios, embora os pormenores n\u00e3o tenham sido tornados p\u00fablicos.<\/p>\n","protected":false},"excerpt":{"rendered":"<ul>\n<li>Bruxelas aprovou ajudas estatais no valor de 250 milh\u00f5es de euros para o setor florestal em Portugal.<\/li>\n<li>O apoio foi autorizado pela Uni\u00e3o Europeia, no \u00e2mbito de regras de ajudas estatais.<\/li>\n<li>O objetivo \u00e9 apoiar a sustentabilidade e a recupera\u00e7\u00e3o do setor florestal portugu\u00eas.<\/li>\n<li>O montante destina-se a medidas e programas ligados ao setor, conforme o an\u00fancio inicial.<\/li>\n<li>Detalhes completos ficam dispon\u00edveis apenas para subscritores.<\/li>\n<\/ul>\n","protected":false},"author":2,"featured_media":427014,"comment_status":"closed","ping_status":"closed","sticky":false,"template":"","format":"standard","meta":{"footnotes":""},"categories":[2,6735],"tags":[6115,167,2617,1014,5506,2055],"class_list":["post-427010","post","type-post","status-publish","format-standard","has-post-thumbnail","hentry","category-economia","category-negocios","tag-_economia","tag-ambiente","tag-incendios","tag-portugal","tag-silvicultura","tag-uniao-europeia"],"yoast_head":"<!-- This site is optimized with the Yoast SEO plugin v27.2 - https:\/\/yoast.com\/product\/yoast-seo-wordpress\/ -->\n<title>Bruxelas aprova 250 milh\u00f5es de ajudas ao setor florestal em Portugal - Portal Tela Portugal<\/title>\n<meta name=\"robots\" content=\"index, follow, max-snippet:-1, max-image-preview:large, max-video-preview:-1\" \/>\n<meta property=\"og:locale\" content=\"pt_PT\" \/>\n<meta property=\"og:type\" content=\"article\" \/>\n<meta property=\"og:title\" content=\"Bruxelas aprova 250 milh\u00f5es de ajudas ao setor florestal em Portugal - Portal Tela Portugal\" \/>\n<meta property=\"og:description\" content=\"Bruxelas aprovou ajudas estatais no valor de 250 milh\u00f5es de euros para o setor florestal em Portugal. O apoio foi autorizado pela Uni\u00e3o Europeia, no \u00e2mbito de regras de ajudas estatais. O objetivo \u00e9 apoiar a sustentabilidade e a recupera\u00e7\u00e3o do setor florestal portugu\u00eas. O montante destina-se a medidas e programas ligados ao setor, conforme o an\u00fancio inicial. Detalhes completos ficam dispon\u00edveis apenas para subscritores.\" \/>\n<meta property=\"og:url\" content=\"https:\/\/portaltela.pt\/noticias\/2026\/03\/30\/bruxelas-aprova-250-milhoes-de-ajudas-ao-setor-florestal-em-portugal\/\" \/>\n<meta property=\"og:site_name\" content=\"Portal Tela Portugal\" \/>\n<meta property=\"article:published_time\" content=\"2026-03-30T12:16:00+00:00\" \/>\n<meta name=\"author\" content=\"Telinha\" \/>\n<meta name=\"twitter:card\" content=\"summary_large_image\" \/>\n<meta name=\"twitter:label1\" content=\"Escrito por\" \/>\n\t<meta name=\"twitter:data1\" content=\"Telinha\" \/>\n<script type=\"application\/ld+json\" class=\"yoast-schema-graph\">{\"@context\":\"https:\/\/schema.org\",\"@graph\":[{\"@type\":\"Article\",\"@id\":\"https:\/\/portaltela.pt\/noticias\/2026\/03\/30\/bruxelas-aprova-250-milhoes-de-ajudas-ao-setor-florestal-em-portugal\/#article\",\"isPartOf\":{\"@id\":\"https:\/\/portaltela.pt\/noticias\/2026\/03\/30\/bruxelas-aprova-250-milhoes-de-ajudas-ao-setor-florestal-em-portugal\/\"},\"author\":{\"name\":\"Telinha\",\"@id\":\"https:\/\/portaltela.pt\/#\/schema\/person\/c4278d4a6028830caff9ee44b42d32ed\"},\"headline\":\"Bruxelas aprova 250 milh\u00f5es de ajudas ao setor florestal em Portugal\",\"datePublished\":\"2026-03-30T12:16:00+00:00\",\"mainEntityOfPage\":{\"@id\":\"https:\/\/portaltela.pt\/noticias\/2026\/03\/30\/bruxelas-aprova-250-milhoes-de-ajudas-ao-setor-florestal-em-portugal\/\"},\"wordCount\":89,\"image\":{\"@id\":\"https:\/\/portaltela.pt\/noticias\/2026\/03\/30\/bruxelas-aprova-250-milhoes-de-ajudas-ao-setor-florestal-em-portugal\/#primaryimage\"},\"thumbnailUrl\":\"https:\/\/portaltela.pt\/s.01k8rhncp4jt1\/2026\/03\/CACHE_780X1200_ANALOG_WATERMARKED_46443830_8534561_28012026041810.jpg\",\"keywords\":[\"_economia\",\"ambiente\",\"inc\u00eandios\",\"Portugal\",\"silvicultura\",\"Uni\u00e3o Europeia\"],\"articleSection\":[\"Economia\",\"Neg\u00f3cios\"],\"inLanguage\":\"pt-PT\"},{\"@type\":\"WebPage\",\"@id\":\"https:\/\/portaltela.pt\/noticias\/2026\/03\/30\/bruxelas-aprova-250-milhoes-de-ajudas-ao-setor-florestal-em-portugal\/\",\"url\":\"https:\/\/portaltela.pt\/noticias\/2026\/03\/30\/bruxelas-aprova-250-milhoes-de-ajudas-ao-setor-florestal-em-portugal\/\",\"name\":\"Bruxelas aprova 250 milh\u00f5es de ajudas ao setor florestal em Portugal - Portal Tela Portugal\",\"isPartOf\":{\"@id\":\"https:\/\/portaltela.pt\/#website\"},\"primaryImageOfPage\":{\"@id\":\"https:\/\/portaltela.pt\/noticias\/2026\/03\/30\/bruxelas-aprova-250-milhoes-de-ajudas-ao-setor-florestal-em-portugal\/#primaryimage\"},\"image\":{\"@id\":\"https:\/\/portaltela.pt\/noticias\/2026\/03\/30\/bruxelas-aprova-250-milhoes-de-ajudas-ao-setor-florestal-em-portugal\/#primaryimage\"},\"thumbnailUrl\":\"https:\/\/portaltela.pt\/s.01k8rhncp4jt1\/2026\/03\/CACHE_780X1200_ANALOG_WATERMARKED_46443830_8534561_28012026041810.jpg\",\"datePublished\":\"2026-03-30T12:16:00+00:00\",\"author\":{\"@id\":\"https:\/\/portaltela.pt\/#\/schema\/person\/c4278d4a6028830caff9ee44b42d32ed\"},\"breadcrumb\":{\"@id\":\"https:\/\/portaltela.pt\/noticias\/2026\/03\/30\/bruxelas-aprova-250-milhoes-de-ajudas-ao-setor-florestal-em-portugal\/#breadcrumb\"},\"inLanguage\":\"pt-PT\",\"potentialAction\":[{\"@type\":\"ReadAction\",\"target\":[\"https:\/\/portaltela.pt\/noticias\/2026\/03\/30\/bruxelas-aprova-250-milhoes-de-ajudas-ao-setor-florestal-em-portugal\/\"]}]},{\"@type\":\"ImageObject\",\"inLanguage\":\"pt-PT\",\"@id\":\"https:\/\/portaltela.pt\/noticias\/2026\/03\/30\/bruxelas-aprova-250-milhoes-de-ajudas-ao-setor-florestal-em-portugal\/#primaryimage\",\"url\":\"https:\/\/portaltela.pt\/s.01k8rhncp4jt1\/2026\/03\/CACHE_780X1200_ANALOG_WATERMARKED_46443830_8534561_28012026041810.jpg\",\"contentUrl\":\"https:\/\/portaltela.pt\/s.01k8rhncp4jt1\/2026\/03\/CACHE_780X1200_ANALOG_WATERMARKED_46443830_8534561_28012026041810.jpg\",\"width\":796,\"height\":448,\"caption\":\"Bruxelas aprova ajudas estatais de 250 ME para setor florestal em Portugal\"},{\"@type\":\"BreadcrumbList\",\"@id\":\"https:\/\/portaltela.pt\/noticias\/2026\/03\/30\/bruxelas-aprova-250-milhoes-de-ajudas-ao-setor-florestal-em-portugal\/#breadcrumb\",\"itemListElement\":[{\"@type\":\"ListItem\",\"position\":1,\"name\":\"In\u00edcio\",\"item\":\"https:\/\/portaltela.pt\/\"},{\"@type\":\"ListItem\",\"position\":2,\"name\":\"Bruxelas aprova 250 milh\u00f5es de ajudas ao setor florestal em Portugal\"}]},{\"@type\":\"WebSite\",\"@id\":\"https:\/\/portaltela.pt\/#website\",\"url\":\"https:\/\/portaltela.pt\/\",\"name\":\"Portal Tela Portugal\",\"description\":\"\",\"potentialAction\":[{\"@type\":\"SearchAction\",\"target\":{\"@type\":\"EntryPoint\",\"urlTemplate\":\"https:\/\/portaltela.pt\/?s={search_term_string}\"},\"query-input\":{\"@type\":\"PropertyValueSpecification\",\"valueRequired\":true,\"valueName\":\"search_term_string\"}}],\"inLanguage\":\"pt-PT\"},{\"@type\":\"Person\",\"@id\":\"https:\/\/portaltela.pt\/#\/schema\/person\/c4278d4a6028830caff9ee44b42d32ed\",\"name\":\"Telinha\",\"image\":{\"@type\":\"ImageObject\",\"inLanguage\":\"pt-PT\",\"@id\":\"https:\/\/portaltela.pt\/s.01k8rhncp4jt1\/2025\/11\/talking-bot-125x125.png\",\"url\":\"https:\/\/portaltela.pt\/s.01k8rhncp4jt1\/2025\/11\/talking-bot-125x125.png\",\"contentUrl\":\"https:\/\/portaltela.pt\/s.01k8rhncp4jt1\/2025\/11\/talking-bot-125x125.png\",\"caption\":\"Telinha\"},\"sameAs\":[\"https:\/\/portaltela.pt\/\"],\"url\":\"https:\/\/portaltela.pt\/por\/367410592786\/\"}]}<\/script>\n<!-- \/ Yoast SEO plugin. -->","yoast_head_json":{"title":"Bruxelas aprova 250 milh\u00f5es de ajudas ao setor florestal em Portugal - Portal Tela Portugal","robots":{"index":"index","follow":"follow","max-snippet":"max-snippet:-1","max-image-preview":"max-image-preview:large","max-video-preview":"max-video-preview:-1"},"og_locale":"pt_PT","og_type":"article","og_title":"Bruxelas aprova 250 milh\u00f5es de ajudas ao setor florestal em Portugal - Portal Tela Portugal","og_description":"Bruxelas aprovou ajudas estatais no valor de 250 milh\u00f5es de euros para o setor florestal em Portugal. O apoio foi autorizado pela Uni\u00e3o Europeia, no \u00e2mbito de regras de ajudas estatais. O objetivo \u00e9 apoiar a sustentabilidade e a recupera\u00e7\u00e3o do setor florestal portugu\u00eas. O montante destina-se a medidas e programas ligados ao setor, conforme o an\u00fancio inicial. Detalhes completos ficam dispon\u00edveis apenas para subscritores.","og_url":"https:\/\/portaltela.pt\/noticias\/2026\/03\/30\/bruxelas-aprova-250-milhoes-de-ajudas-ao-setor-florestal-em-portugal\/","og_site_name":"Portal Tela Portugal","article_published_time":"2026-03-30T12:16:00+00:00","author":"Telinha","twitter_card":"summary_large_image","twitter_misc":{"Escrito por":"Telinha"},"schema":{"@context":"https:\/\/schema.org","@graph":[{"@type":"Article","@id":"https:\/\/portaltela.pt\/noticias\/2026\/03\/30\/bruxelas-aprova-250-milhoes-de-ajudas-ao-setor-florestal-em-portugal\/#article","isPartOf":{"@id":"https:\/\/portaltela.pt\/noticias\/2026\/03\/30\/bruxelas-aprova-250-milhoes-de-ajudas-ao-setor-florestal-em-portugal\/"},"author":{"name":"Telinha","@id":"https:\/\/portaltela.pt\/#\/schema\/person\/c4278d4a6028830caff9ee44b42d32ed"},"headline":"Bruxelas aprova 250 milh\u00f5es de ajudas ao setor florestal em Portugal","datePublished":"2026-03-30T12:16:00+00:00","mainEntityOfPage":{"@id":"https:\/\/portaltela.pt\/noticias\/2026\/03\/30\/bruxelas-aprova-250-milhoes-de-ajudas-ao-setor-florestal-em-portugal\/"},"wordCount":89,"image":{"@id":"https:\/\/portaltela.pt\/noticias\/2026\/03\/30\/bruxelas-aprova-250-milhoes-de-ajudas-ao-setor-florestal-em-portugal\/#primaryimage"},"thumbnailUrl":"https:\/\/portaltela.pt\/s.01k8rhncp4jt1\/2026\/03\/CACHE_780X1200_ANALOG_WATERMARKED_46443830_8534561_28012026041810.jpg","keywords":["_economia","ambiente","inc\u00eandios","Portugal","silvicultura","Uni\u00e3o Europeia"],"articleSection":["Economia","Neg\u00f3cios"],"inLanguage":"pt-PT"},{"@type":"WebPage","@id":"https:\/\/portaltela.pt\/noticias\/2026\/03\/30\/bruxelas-aprova-250-milhoes-de-ajudas-ao-setor-florestal-em-portugal\/","url":"https:\/\/portaltela.pt\/noticias\/2026\/03\/30\/bruxelas-aprova-250-milhoes-de-ajudas-ao-setor-florestal-em-portugal\/","name":"Bruxelas aprova 250 milh\u00f5es de ajudas ao setor florestal em Portugal - Portal Tela Portugal","isPartOf":{"@id":"https:\/\/portaltela.pt\/#website"},"primaryImageOfPage":{"@id":"https:\/\/portaltela.pt\/noticias\/2026\/03\/30\/bruxelas-aprova-250-milhoes-de-ajudas-ao-setor-florestal-em-portugal\/#primaryimage"},"image":{"@id":"https:\/\/portaltela.pt\/noticias\/2026\/03\/30\/bruxelas-aprova-250-milhoes-de-ajudas-ao-setor-florestal-em-portugal\/#primaryimage"},"thumbnailUrl":"https:\/\/portaltela.pt\/s.01k8rhncp4jt1\/2026\/03\/CACHE_780X1200_ANALOG_WATERMARKED_46443830_8534561_28012026041810.jpg","datePublished":"2026-03-30T12:16:00+00:00","author":{"@id":"https:\/\/portaltela.pt\/#\/schema\/person\/c4278d4a6028830caff9ee44b42d32ed"},"breadcrumb":{"@id":"https:\/\/portaltela.pt\/noticias\/2026\/03\/30\/bruxelas-aprova-250-milhoes-de-ajudas-ao-setor-florestal-em-portugal\/#breadcrumb"},"inLanguage":"pt-PT","potentialAction":[{"@type":"ReadAction","target":["https:\/\/portaltela.pt\/noticias\/2026\/03\/30\/bruxelas-aprova-250-milhoes-de-ajudas-ao-setor-florestal-em-portugal\/"]}]},{"@type":"ImageObject","inLanguage":"pt-PT","@id":"https:\/\/portaltela.pt\/noticias\/2026\/03\/30\/bruxelas-aprova-250-milhoes-de-ajudas-ao-setor-florestal-em-portugal\/#primaryimage","url":"https:\/\/portaltela.pt\/s.01k8rhncp4jt1\/2026\/03\/CACHE_780X1200_ANALOG_WATERMARKED_46443830_8534561_28012026041810.jpg","contentUrl":"https:\/\/portaltela.pt\/s.01k8rhncp4jt1\/2026\/03\/CACHE_780X1200_ANALOG_WATERMARKED_46443830_8534561_28012026041810.jpg","width":796,"height":448,"caption":"Bruxelas aprova ajudas estatais de 250 ME para setor florestal em Portugal"},{"@type":"BreadcrumbList","@id":"https:\/\/portaltela.pt\/noticias\/2026\/03\/30\/bruxelas-aprova-250-milhoes-de-ajudas-ao-setor-florestal-em-portugal\/#breadcrumb","itemListElement":[{"@type":"ListItem","position":1,"name":"In\u00edcio","item":"https:\/\/portaltela.pt\/"},{"@type":"ListItem","position":2,"name":"Bruxelas aprova 250 milh\u00f5es de ajudas ao setor florestal em Portugal"}]},{"@type":"WebSite","@id":"https:\/\/portaltela.pt\/#website","url":"https:\/\/portaltela.pt\/","name":"Portal Tela Portugal","description":"","potentialAction":[{"@type":"SearchAction","target":{"@type":"EntryPoint","urlTemplate":"https:\/\/portaltela.pt\/?s={search_term_string}"},"query-input":{"@type":"PropertyValueSpecification","valueRequired":true,"valueName":"search_term_string"}}],"inLanguage":"pt-PT"},{"@type":"Person","@id":"https:\/\/portaltela.pt\/#\/schema\/person\/c4278d4a6028830caff9ee44b42d32ed","name":"Telinha","image":{"@type":"ImageObject","inLanguage":"pt-PT","@id":"https:\/\/portaltela.pt\/s.01k8rhncp4jt1\/2025\/11\/talking-bot-125x125.png","url":"https:\/\/portaltela.pt\/s.01k8rhncp4jt1\/2025\/11\/talking-bot-125x125.png","contentUrl":"https:\/\/portaltela.pt\/s.01k8rhncp4jt1\/2025\/11\/talking-bot-125x125.png","caption":"Telinha"},"sameAs":["https:\/\/portaltela.pt\/"],"url":"https:\/\/portaltela.pt\/por\/367410592786\/"}]}},"_links":{"self":[{"href":"https:\/\/portaltela.pt\/api\/wp\/v2\/posts\/427010","targetHints":{"allow":["GET"]}}],"collection":[{"href":"https:\/\/portaltela.pt\/api\/wp\/v2\/posts"}],"about":[{"href":"https:\/\/portaltela.pt\/api\/wp\/v2\/types\/post"}],"author":[{"embeddable":true,"href":"https:\/\/portaltela.pt\/api\/wp\/v2\/users\/2"}],"replies":[{"embeddable":true,"href":"https:\/\/portaltela.pt\/api\/wp\/v2\/comments?post=427010"}],"version-history":[{"count":0,"href":"https:\/\/portaltela.pt\/api\/wp\/v2\/posts\/427010\/revisions"}],"wp:featuredmedia":[{"embeddable":true,"href":"https:\/\/portaltela.pt\/api\/wp\/v2\/media\/427014"}],"wp:attachment":[{"href":"https:\/\/portaltela.pt\/api\/wp\/v2\/media?parent=427010"}],"wp:term":[{"taxonomy":"category","embeddable":true,"href":"https:\/\/portaltela.pt\/api\/wp\/v2\/categories?post=427010"},{"taxonomy":"post_tag","embeddable":true,"href":"https:\/\/portaltela.pt\/api\/wp\/v2\/tags?post=427010"}],"curies":[{"name":"wp","href":"https:\/\/api.w.org\/{rel}","templated":true}]}}