{"id":427007,"date":"2026-03-30T11:17:17","date_gmt":"2026-03-30T14:17:17","guid":{"rendered":"https:\/\/portaltela.pt\/noticias\/2026\/03\/30\/governo-revoga-proibicao-de-entrada-ate-20-anos-para-estrangeiros-expulsos\/"},"modified":"2026-03-30T11:17:17","modified_gmt":"2026-03-30T14:17:17","slug":"governo-revoga-proibicao-de-entrada-ate-20-anos-para-estrangeiros-expulsos","status":"publish","type":"post","link":"https:\/\/portaltela.pt\/sociedade\/2026\/03\/30\/governo-revoga-proibicao-de-entrada-ate-20-anos-para-estrangeiros-expulsos\/","title":{"rendered":"Governo revoga proibi\u00e7\u00e3o de entrada at\u00e9 20 anos para estrangeiros expulsos"},"content":{"rendered":"<p>O Governo rejeitou a ideia de proibir a entrada de estrangeiros expulsos por at\u00e9 20 anos, decis\u00e3o tomada h\u00e1 pouco mais de uma d\u00e9cada no Executivo e agora apresentada ao Parlamento. O diploma mant\u00e9m, no essencial, a interdi\u00e7\u00e3o de entrada at\u00e9 cinco anos, com exce\u00e7\u00f5es em caso de amea\u00e7a grave \u00e0 ordem p\u00fablica, \u00e0 seguran\u00e7a p\u00fablica ou \u00e0 seguran\u00e7a nacional.<\/p>\n<p>Quem abandona voluntariamente o territ\u00f3rio fica com uma redu\u00e7\u00e3o do prazo de interdi\u00e7\u00e3o, at\u00e9 tr\u00eas anos. Os crit\u00e9rios para determinar a medida foram alargados, valorizando a viola\u00e7\u00e3o das regras de entrada, mesmo quando n\u00e3o intencional, de modo a flexibilizar a aplica\u00e7\u00e3o.<\/p>\n<h3>Mudan\u00e7as relevantes na expuls\u00e3o<\/h3>\n<p>Entre as novidades, a lei passa a impedir a expuls\u00e3o de menores com menos de 16 anos e de filhos dependentes por defici\u00eancia ou doen\u00e7a grave. Estrangeiros nascidos em Portugal podem ficar, desde que demonstrem resid\u00eancia cont\u00ednua h\u00e1 pelo menos cinco anos, regra que se aplica tamb\u00e9m \u00e0queles que chegaram com menos de 10 anos.<\/p>\n<p>Al\u00e9m disso, ampliam-se as situa\u00e7\u00f5es em que as limita\u00e7\u00f5es \u00e0 expuls\u00e3o n\u00e3o se aplicam. Quem tenha sido condenado a cinco ou mais anos de pris\u00e3o pode ser expulso em diversos crimes previstos num diploma da Uni\u00e3o Europeia, incluindo falsifica\u00e7\u00e3o, contrafa\u00e7\u00e3o e fraude.<\/p>\n<p>O diploma introduz ainda um alargamento do prazo para abandonar o territ\u00f3rio quando a autoriza\u00e7\u00e3o de resid\u00eancia for recusada. O tempo passa a situar-se entre 20 e 30 dias, versus o intervalo anterior de 10 a 20 dias.<\/p>\n<h3>Contexto e ades\u00e3o ao Parlamento<\/h3>\n<p>A proposta, que j\u00e1 foi objeto de consulta p\u00fablica, encontra-se agora no Parlamento para discuss\u00e3o e eventual aprova\u00e7\u00e3o. Mant\u00e9m-se o regime atual, mas com regras mais amplas para decis\u00e3o sobre a expuls\u00e3o e com salvaguardas para menores e familiares dependentes. As mudan\u00e7as visam alinhar a pol\u00edtica migrat\u00f3ria com crit\u00e9rios de seguran\u00e7a e ordem p\u00fablica.<\/p>\n","protected":false},"excerpt":{"rendered":"<ul>\n<li>O Governo retirou a proibi\u00e7\u00e3o de entrada at\u00e9 20 anos para estrangeiros expulsos, mantendo apenas a interdi\u00e7\u00e3o at\u00e9 cinco anos, com possibilidade de aumentar em caso de amea\u00e7a grave para a ordem p\u00fablica, seguran\u00e7a p\u00fablica ou seguran\u00e7a nacional.<\/li>\n<li>Quem abandone voluntariamente o territ\u00f3rio beneficia de um prazo de interdi\u00e7\u00e3o mais curto, at\u00e9 tr\u00eas anos.<\/li>\n<li>Os crit\u00e9rios para determinar a interdi\u00e7\u00e3o s\u00e3o mais amplos, valorizando a viola\u00e7\u00e3o das regras de entrada, mesmo que n\u00e3o intencional.<\/li>\n<li>Mant\u00eam-se exce\u00e7\u00f5es que bloqueavam expuls\u00f5es apenas em situa\u00e7\u00f5es com filhos menores; agora acrescentam-se casos de menores de dezasseis anos e de filhos com defici\u00eancia ou doen\u00e7a que dependam de terceiros.<\/li>\n<li>A proposta tamb\u00e9m alarga situa\u00e7\u00f5es em que as limita\u00e7\u00f5es \u00e0 expuls\u00e3o n\u00e3o se aplicam, incluindo condena\u00e7\u00f5es por crimes previstos num diploma da Uni\u00e3o Europeia, como falsifica\u00e7\u00e3o, contrafa\u00e7\u00e3o e fraude, mantendo a mudan\u00e7a relativamente \u00e0 vers\u00e3o em consulta p\u00fablica.<\/li>\n<\/ul>\n","protected":false},"author":2,"featured_media":427013,"comment_status":"closed","ping_status":"closed","sticky":false,"template":"","format":"standard","meta":{"footnotes":""},"categories":[7384,6871],"tags":[2633,712,2178,7439,5698,250],"class_list":["post-427007","post","type-post","status-publish","format-standard","has-post-thumbnail","hentry","category-curiosidades","category-sociedade","tag-direitos-humanos","tag-imigracao","tag-lei-de-estrangeiros","tag-politica-externa","tag-politica-internacional","tag-seguranca-publica"],"yoast_head":"<!-- This site is optimized with the Yoast SEO plugin v27.2 - https:\/\/yoast.com\/product\/yoast-seo-wordpress\/ -->\n<title>Governo revoga proibi\u00e7\u00e3o de entrada at\u00e9 20 anos para estrangeiros expulsos - Portal Tela Portugal<\/title>\n<meta name=\"robots\" content=\"index, follow, max-snippet:-1, max-image-preview:large, max-video-preview:-1\" \/>\n<meta property=\"og:locale\" content=\"pt_PT\" \/>\n<meta property=\"og:type\" content=\"article\" \/>\n<meta property=\"og:title\" content=\"Governo revoga proibi\u00e7\u00e3o de entrada at\u00e9 20 anos para estrangeiros expulsos - Portal Tela Portugal\" \/>\n<meta property=\"og:description\" content=\"O Governo retirou a proibi\u00e7\u00e3o de entrada at\u00e9 20 anos para estrangeiros expulsos, mantendo apenas a interdi\u00e7\u00e3o at\u00e9 cinco anos, com possibilidade de aumentar em caso de amea\u00e7a grave para a ordem p\u00fablica, seguran\u00e7a p\u00fablica ou seguran\u00e7a nacional. Quem abandone voluntariamente o territ\u00f3rio beneficia de um prazo de interdi\u00e7\u00e3o mais curto, at\u00e9 tr\u00eas anos. Os crit\u00e9rios para determinar a interdi\u00e7\u00e3o s\u00e3o mais amplos, valorizando a viola\u00e7\u00e3o das regras de entrada, mesmo que n\u00e3o intencional. Mant\u00eam-se exce\u00e7\u00f5es que bloqueavam expuls\u00f5es apenas em situa\u00e7\u00f5es com filhos menores; agora acrescentam-se casos de menores de dezasseis anos e de filhos com defici\u00eancia ou doen\u00e7a que dependam de terceiros. A proposta tamb\u00e9m alarga situa\u00e7\u00f5es em que as limita\u00e7\u00f5es \u00e0 expuls\u00e3o n\u00e3o se aplicam, incluindo condena\u00e7\u00f5es por crimes previstos num diploma da Uni\u00e3o Europeia, como falsifica\u00e7\u00e3o, contrafa\u00e7\u00e3o e fraude, mantendo a mudan\u00e7a relativamente \u00e0 vers\u00e3o em consulta p\u00fablica.\" \/>\n<meta property=\"og:url\" content=\"https:\/\/portaltela.pt\/noticias\/2026\/03\/30\/governo-revoga-proibicao-de-entrada-ate-20-anos-para-estrangeiros-expulsos\/\" \/>\n<meta property=\"og:site_name\" content=\"Portal Tela Portugal\" \/>\n<meta property=\"article:published_time\" content=\"2026-03-30T14:17:17+00:00\" \/>\n<meta name=\"author\" content=\"Telinha\" \/>\n<meta name=\"twitter:card\" content=\"summary_large_image\" \/>\n<meta name=\"twitter:label1\" content=\"Escrito por\" \/>\n\t<meta name=\"twitter:data1\" content=\"Telinha\" \/>\n\t<meta name=\"twitter:label2\" content=\"Tempo estimado de leitura\" \/>\n\t<meta name=\"twitter:data2\" content=\"2 minutos\" \/>\n<script type=\"application\/ld+json\" class=\"yoast-schema-graph\">{\"@context\":\"https:\/\/schema.org\",\"@graph\":[{\"@type\":\"Article\",\"@id\":\"https:\/\/portaltela.pt\/noticias\/2026\/03\/30\/governo-revoga-proibicao-de-entrada-ate-20-anos-para-estrangeiros-expulsos\/#article\",\"isPartOf\":{\"@id\":\"https:\/\/portaltela.pt\/noticias\/2026\/03\/30\/governo-revoga-proibicao-de-entrada-ate-20-anos-para-estrangeiros-expulsos\/\"},\"author\":{\"name\":\"Telinha\",\"@id\":\"https:\/\/portaltela.pt\/#\/schema\/person\/c4278d4a6028830caff9ee44b42d32ed\"},\"headline\":\"Governo revoga proibi\u00e7\u00e3o de entrada at\u00e9 20 anos para estrangeiros expulsos\",\"datePublished\":\"2026-03-30T14:17:17+00:00\",\"mainEntityOfPage\":{\"@id\":\"https:\/\/portaltela.pt\/noticias\/2026\/03\/30\/governo-revoga-proibicao-de-entrada-ate-20-anos-para-estrangeiros-expulsos\/\"},\"wordCount\":350,\"image\":{\"@id\":\"https:\/\/portaltela.pt\/noticias\/2026\/03\/30\/governo-revoga-proibicao-de-entrada-ate-20-anos-para-estrangeiros-expulsos\/#primaryimage\"},\"thumbnailUrl\":\"https:\/\/portaltela.pt\/s.01k8rhncp4jt1\/2026\/03\/2077978.jpg\",\"keywords\":[\"direitos humanos\",\"imigra\u00e7\u00e3o\",\"Lei de Estrangeiros\",\"pol\u00edtica externa\",\"pol\u00edtica internacional\",\"seguran\u00e7a p\u00fablica\"],\"articleSection\":[\"Curiosidades\",\"Sociedade\"],\"inLanguage\":\"pt-PT\"},{\"@type\":\"WebPage\",\"@id\":\"https:\/\/portaltela.pt\/noticias\/2026\/03\/30\/governo-revoga-proibicao-de-entrada-ate-20-anos-para-estrangeiros-expulsos\/\",\"url\":\"https:\/\/portaltela.pt\/noticias\/2026\/03\/30\/governo-revoga-proibicao-de-entrada-ate-20-anos-para-estrangeiros-expulsos\/\",\"name\":\"Governo revoga proibi\u00e7\u00e3o de entrada at\u00e9 20 anos para estrangeiros expulsos - Portal Tela Portugal\",\"isPartOf\":{\"@id\":\"https:\/\/portaltela.pt\/#website\"},\"primaryImageOfPage\":{\"@id\":\"https:\/\/portaltela.pt\/noticias\/2026\/03\/30\/governo-revoga-proibicao-de-entrada-ate-20-anos-para-estrangeiros-expulsos\/#primaryimage\"},\"image\":{\"@id\":\"https:\/\/portaltela.pt\/noticias\/2026\/03\/30\/governo-revoga-proibicao-de-entrada-ate-20-anos-para-estrangeiros-expulsos\/#primaryimage\"},\"thumbnailUrl\":\"https:\/\/portaltela.pt\/s.01k8rhncp4jt1\/2026\/03\/2077978.jpg\",\"datePublished\":\"2026-03-30T14:17:17+00:00\",\"author\":{\"@id\":\"https:\/\/portaltela.pt\/#\/schema\/person\/c4278d4a6028830caff9ee44b42d32ed\"},\"breadcrumb\":{\"@id\":\"https:\/\/portaltela.pt\/noticias\/2026\/03\/30\/governo-revoga-proibicao-de-entrada-ate-20-anos-para-estrangeiros-expulsos\/#breadcrumb\"},\"inLanguage\":\"pt-PT\",\"potentialAction\":[{\"@type\":\"ReadAction\",\"target\":[\"https:\/\/portaltela.pt\/noticias\/2026\/03\/30\/governo-revoga-proibicao-de-entrada-ate-20-anos-para-estrangeiros-expulsos\/\"]}]},{\"@type\":\"ImageObject\",\"inLanguage\":\"pt-PT\",\"@id\":\"https:\/\/portaltela.pt\/noticias\/2026\/03\/30\/governo-revoga-proibicao-de-entrada-ate-20-anos-para-estrangeiros-expulsos\/#primaryimage\",\"url\":\"https:\/\/portaltela.pt\/s.01k8rhncp4jt1\/2026\/03\/2077978.jpg\",\"contentUrl\":\"https:\/\/portaltela.pt\/s.01k8rhncp4jt1\/2026\/03\/2077978.jpg\",\"width\":796,\"height\":448,\"caption\":\"Governo de Montenegro aprovou a propostas sobre expuls\u00e3o de imigrantes h\u00e1 pouco mais de 10 dias\"},{\"@type\":\"BreadcrumbList\",\"@id\":\"https:\/\/portaltela.pt\/noticias\/2026\/03\/30\/governo-revoga-proibicao-de-entrada-ate-20-anos-para-estrangeiros-expulsos\/#breadcrumb\",\"itemListElement\":[{\"@type\":\"ListItem\",\"position\":1,\"name\":\"In\u00edcio\",\"item\":\"https:\/\/portaltela.pt\/\"},{\"@type\":\"ListItem\",\"position\":2,\"name\":\"Governo revoga proibi\u00e7\u00e3o de entrada at\u00e9 20 anos para estrangeiros expulsos\"}]},{\"@type\":\"WebSite\",\"@id\":\"https:\/\/portaltela.pt\/#website\",\"url\":\"https:\/\/portaltela.pt\/\",\"name\":\"Portal Tela Portugal\",\"description\":\"\",\"potentialAction\":[{\"@type\":\"SearchAction\",\"target\":{\"@type\":\"EntryPoint\",\"urlTemplate\":\"https:\/\/portaltela.pt\/?s={search_term_string}\"},\"query-input\":{\"@type\":\"PropertyValueSpecification\",\"valueRequired\":true,\"valueName\":\"search_term_string\"}}],\"inLanguage\":\"pt-PT\"},{\"@type\":\"Person\",\"@id\":\"https:\/\/portaltela.pt\/#\/schema\/person\/c4278d4a6028830caff9ee44b42d32ed\",\"name\":\"Telinha\",\"image\":{\"@type\":\"ImageObject\",\"inLanguage\":\"pt-PT\",\"@id\":\"https:\/\/portaltela.pt\/s.01k8rhncp4jt1\/2025\/11\/talking-bot-125x125.png\",\"url\":\"https:\/\/portaltela.pt\/s.01k8rhncp4jt1\/2025\/11\/talking-bot-125x125.png\",\"contentUrl\":\"https:\/\/portaltela.pt\/s.01k8rhncp4jt1\/2025\/11\/talking-bot-125x125.png\",\"caption\":\"Telinha\"},\"sameAs\":[\"https:\/\/portaltela.pt\/\"],\"url\":\"https:\/\/portaltela.pt\/por\/367410592786\/\"}]}<\/script>\n<!-- \/ Yoast SEO plugin. -->","yoast_head_json":{"title":"Governo revoga proibi\u00e7\u00e3o de entrada at\u00e9 20 anos para estrangeiros expulsos - Portal Tela Portugal","robots":{"index":"index","follow":"follow","max-snippet":"max-snippet:-1","max-image-preview":"max-image-preview:large","max-video-preview":"max-video-preview:-1"},"og_locale":"pt_PT","og_type":"article","og_title":"Governo revoga proibi\u00e7\u00e3o de entrada at\u00e9 20 anos para estrangeiros expulsos - Portal Tela Portugal","og_description":"O Governo retirou a proibi\u00e7\u00e3o de entrada at\u00e9 20 anos para estrangeiros expulsos, mantendo apenas a interdi\u00e7\u00e3o at\u00e9 cinco anos, com possibilidade de aumentar em caso de amea\u00e7a grave para a ordem p\u00fablica, seguran\u00e7a p\u00fablica ou seguran\u00e7a nacional. Quem abandone voluntariamente o territ\u00f3rio beneficia de um prazo de interdi\u00e7\u00e3o mais curto, at\u00e9 tr\u00eas anos. Os crit\u00e9rios para determinar a interdi\u00e7\u00e3o s\u00e3o mais amplos, valorizando a viola\u00e7\u00e3o das regras de entrada, mesmo que n\u00e3o intencional. Mant\u00eam-se exce\u00e7\u00f5es que bloqueavam expuls\u00f5es apenas em situa\u00e7\u00f5es com filhos menores; agora acrescentam-se casos de menores de dezasseis anos e de filhos com defici\u00eancia ou doen\u00e7a que dependam de terceiros. A proposta tamb\u00e9m alarga situa\u00e7\u00f5es em que as limita\u00e7\u00f5es \u00e0 expuls\u00e3o n\u00e3o se aplicam, incluindo condena\u00e7\u00f5es por crimes previstos num diploma da Uni\u00e3o Europeia, como falsifica\u00e7\u00e3o, contrafa\u00e7\u00e3o e fraude, mantendo a mudan\u00e7a relativamente \u00e0 vers\u00e3o em consulta p\u00fablica.","og_url":"https:\/\/portaltela.pt\/noticias\/2026\/03\/30\/governo-revoga-proibicao-de-entrada-ate-20-anos-para-estrangeiros-expulsos\/","og_site_name":"Portal Tela Portugal","article_published_time":"2026-03-30T14:17:17+00:00","author":"Telinha","twitter_card":"summary_large_image","twitter_misc":{"Escrito por":"Telinha","Tempo estimado de leitura":"2 minutos"},"schema":{"@context":"https:\/\/schema.org","@graph":[{"@type":"Article","@id":"https:\/\/portaltela.pt\/noticias\/2026\/03\/30\/governo-revoga-proibicao-de-entrada-ate-20-anos-para-estrangeiros-expulsos\/#article","isPartOf":{"@id":"https:\/\/portaltela.pt\/noticias\/2026\/03\/30\/governo-revoga-proibicao-de-entrada-ate-20-anos-para-estrangeiros-expulsos\/"},"author":{"name":"Telinha","@id":"https:\/\/portaltela.pt\/#\/schema\/person\/c4278d4a6028830caff9ee44b42d32ed"},"headline":"Governo revoga proibi\u00e7\u00e3o de entrada at\u00e9 20 anos para estrangeiros expulsos","datePublished":"2026-03-30T14:17:17+00:00","mainEntityOfPage":{"@id":"https:\/\/portaltela.pt\/noticias\/2026\/03\/30\/governo-revoga-proibicao-de-entrada-ate-20-anos-para-estrangeiros-expulsos\/"},"wordCount":350,"image":{"@id":"https:\/\/portaltela.pt\/noticias\/2026\/03\/30\/governo-revoga-proibicao-de-entrada-ate-20-anos-para-estrangeiros-expulsos\/#primaryimage"},"thumbnailUrl":"https:\/\/portaltela.pt\/s.01k8rhncp4jt1\/2026\/03\/2077978.jpg","keywords":["direitos humanos","imigra\u00e7\u00e3o","Lei de Estrangeiros","pol\u00edtica externa","pol\u00edtica internacional","seguran\u00e7a p\u00fablica"],"articleSection":["Curiosidades","Sociedade"],"inLanguage":"pt-PT"},{"@type":"WebPage","@id":"https:\/\/portaltela.pt\/noticias\/2026\/03\/30\/governo-revoga-proibicao-de-entrada-ate-20-anos-para-estrangeiros-expulsos\/","url":"https:\/\/portaltela.pt\/noticias\/2026\/03\/30\/governo-revoga-proibicao-de-entrada-ate-20-anos-para-estrangeiros-expulsos\/","name":"Governo revoga proibi\u00e7\u00e3o de entrada at\u00e9 20 anos para estrangeiros expulsos - Portal Tela Portugal","isPartOf":{"@id":"https:\/\/portaltela.pt\/#website"},"primaryImageOfPage":{"@id":"https:\/\/portaltela.pt\/noticias\/2026\/03\/30\/governo-revoga-proibicao-de-entrada-ate-20-anos-para-estrangeiros-expulsos\/#primaryimage"},"image":{"@id":"https:\/\/portaltela.pt\/noticias\/2026\/03\/30\/governo-revoga-proibicao-de-entrada-ate-20-anos-para-estrangeiros-expulsos\/#primaryimage"},"thumbnailUrl":"https:\/\/portaltela.pt\/s.01k8rhncp4jt1\/2026\/03\/2077978.jpg","datePublished":"2026-03-30T14:17:17+00:00","author":{"@id":"https:\/\/portaltela.pt\/#\/schema\/person\/c4278d4a6028830caff9ee44b42d32ed"},"breadcrumb":{"@id":"https:\/\/portaltela.pt\/noticias\/2026\/03\/30\/governo-revoga-proibicao-de-entrada-ate-20-anos-para-estrangeiros-expulsos\/#breadcrumb"},"inLanguage":"pt-PT","potentialAction":[{"@type":"ReadAction","target":["https:\/\/portaltela.pt\/noticias\/2026\/03\/30\/governo-revoga-proibicao-de-entrada-ate-20-anos-para-estrangeiros-expulsos\/"]}]},{"@type":"ImageObject","inLanguage":"pt-PT","@id":"https:\/\/portaltela.pt\/noticias\/2026\/03\/30\/governo-revoga-proibicao-de-entrada-ate-20-anos-para-estrangeiros-expulsos\/#primaryimage","url":"https:\/\/portaltela.pt\/s.01k8rhncp4jt1\/2026\/03\/2077978.jpg","contentUrl":"https:\/\/portaltela.pt\/s.01k8rhncp4jt1\/2026\/03\/2077978.jpg","width":796,"height":448,"caption":"Governo de Montenegro aprovou a propostas sobre expuls\u00e3o de imigrantes h\u00e1 pouco mais de 10 dias"},{"@type":"BreadcrumbList","@id":"https:\/\/portaltela.pt\/noticias\/2026\/03\/30\/governo-revoga-proibicao-de-entrada-ate-20-anos-para-estrangeiros-expulsos\/#breadcrumb","itemListElement":[{"@type":"ListItem","position":1,"name":"In\u00edcio","item":"https:\/\/portaltela.pt\/"},{"@type":"ListItem","position":2,"name":"Governo revoga proibi\u00e7\u00e3o de entrada at\u00e9 20 anos para estrangeiros expulsos"}]},{"@type":"WebSite","@id":"https:\/\/portaltela.pt\/#website","url":"https:\/\/portaltela.pt\/","name":"Portal Tela Portugal","description":"","potentialAction":[{"@type":"SearchAction","target":{"@type":"EntryPoint","urlTemplate":"https:\/\/portaltela.pt\/?s={search_term_string}"},"query-input":{"@type":"PropertyValueSpecification","valueRequired":true,"valueName":"search_term_string"}}],"inLanguage":"pt-PT"},{"@type":"Person","@id":"https:\/\/portaltela.pt\/#\/schema\/person\/c4278d4a6028830caff9ee44b42d32ed","name":"Telinha","image":{"@type":"ImageObject","inLanguage":"pt-PT","@id":"https:\/\/portaltela.pt\/s.01k8rhncp4jt1\/2025\/11\/talking-bot-125x125.png","url":"https:\/\/portaltela.pt\/s.01k8rhncp4jt1\/2025\/11\/talking-bot-125x125.png","contentUrl":"https:\/\/portaltela.pt\/s.01k8rhncp4jt1\/2025\/11\/talking-bot-125x125.png","caption":"Telinha"},"sameAs":["https:\/\/portaltela.pt\/"],"url":"https:\/\/portaltela.pt\/por\/367410592786\/"}]}},"_links":{"self":[{"href":"https:\/\/portaltela.pt\/api\/wp\/v2\/posts\/427007","targetHints":{"allow":["GET"]}}],"collection":[{"href":"https:\/\/portaltela.pt\/api\/wp\/v2\/posts"}],"about":[{"href":"https:\/\/portaltela.pt\/api\/wp\/v2\/types\/post"}],"author":[{"embeddable":true,"href":"https:\/\/portaltela.pt\/api\/wp\/v2\/users\/2"}],"replies":[{"embeddable":true,"href":"https:\/\/portaltela.pt\/api\/wp\/v2\/comments?post=427007"}],"version-history":[{"count":0,"href":"https:\/\/portaltela.pt\/api\/wp\/v2\/posts\/427007\/revisions"}],"wp:featuredmedia":[{"embeddable":true,"href":"https:\/\/portaltela.pt\/api\/wp\/v2\/media\/427013"}],"wp:attachment":[{"href":"https:\/\/portaltela.pt\/api\/wp\/v2\/media?parent=427007"}],"wp:term":[{"taxonomy":"category","embeddable":true,"href":"https:\/\/portaltela.pt\/api\/wp\/v2\/categories?post=427007"},{"taxonomy":"post_tag","embeddable":true,"href":"https:\/\/portaltela.pt\/api\/wp\/v2\/tags?post=427007"}],"curies":[{"name":"wp","href":"https:\/\/api.w.org\/{rel}","templated":true}]}}