{"id":427006,"date":"2026-03-30T11:17:17","date_gmt":"2026-03-30T14:17:17","guid":{"rendered":"https:\/\/portaltela.pt\/noticias\/2026\/03\/30\/layun-visita-antigos-colegas-de-equipa-do-fc-porto\/"},"modified":"2026-03-30T11:17:17","modified_gmt":"2026-03-30T14:17:17","slug":"layun-visita-antigos-colegas-de-equipa-do-fc-porto","status":"publish","type":"post","link":"https:\/\/portaltela.pt\/desporto\/futebol\/2026\/03\/30\/layun-visita-antigos-colegas-de-equipa-do-fc-porto\/","title":{"rendered":"Lay\u00fan visita antigos colegas de equipa do FC Porto"},"content":{"rendered":"<p>Miguel Lay\u00fan voltou a cruzar caminhos com antigos colegas do F. C. Porto durante o est\u00e1gio da sele\u00e7\u00e3o portuguesa no M\u00e9xico. O encontro rendeu momentos de camaradagem, incluindo a troca de lembran\u00e7as e um registo nas redes sociais.<\/p>\n<p>O antigo lateral brasileiro-mexicano reuniu-se com Jos\u00e9 S\u00e1, Diogo Dalot e R\u00faben Neves no hotel onde a equipa est\u00e1 instalada. O encontro contou com camisolas assinadas e v\u00e1rias fotografias partilhadas pelos presentes.<\/p>\n<p>Lay\u00fan atuou pelo Porto entre 2015 e 2018, altura em que conquistou o campeonato portugu\u00eas e se destacou com 19 assist\u00eancias na primeira temporada. O reencontro refor\u00e7a la\u00e7os mantidos ap\u00f3s a passagem pelo clube.<\/p>\n<h3>Reencontro de antigos colegas<\/h3>\n<p>O momento foi marcado pela partilha de mensagens de amizade e pela recorda\u00e7\u00e3o de tempos de equipa. Nas redes sociais, Lay\u00fan recordou que o futebol proporcionou muito, sobretudo amizades duradouras, e que n\u00e3o podia deixar de visitar os antigos companheiros.<\/p>\n<p>Os encontros entre Lay\u00fan e os tr\u00eas jogadores do Porto \u2013 S\u00e1, Dalot e Neves \u2013 destacam a liga\u00e7\u00e3o entre atletas que passam pelo clube, mesmo ap\u00f3s a sa\u00edda. O est\u00e1gio em territ\u00f3rio mexicano foi o cen\u00e1rio escolhido para este momento.<\/p>\n","protected":false},"excerpt":{"rendered":"<ul>\n<li>Miguel Lay\u00fan, ex-lateral do F. C. Porto (2015-2018), visitou antigos colegas no M\u00e9xico durante o est\u00e1gio da sele\u00e7\u00e3o de Portugal.<\/li>\n<li>Encontrou Jos\u00e9 S\u00e1, Diogo Dalot e R\u00faben Neves no hotel da equipa portuguesa.<\/li>\n<li>O momento rendeu duas camisolas assinadas, algumas fotos e uma mensagem de Lay\u00fan no Instagram.<\/li>\n<li>Na publica\u00e7\u00e3o, o jogador mexicano escreveu que o futebol trouxe muitas coisas, mas que as amizades ficam para sempre.<\/li>\n<li>No Porto, Lay\u00fan conquistou um campeonato portugu\u00eas e ficou conhecido pela \u00e9poca com 19 assist\u00eancias na primeira temporada.<\/li>\n<\/ul>\n","protected":false},"author":2,"featured_media":427011,"comment_status":"closed","ping_status":"closed","sticky":false,"template":"","format":"standard","meta":{"footnotes":""},"categories":[21,24],"tags":[2536,2028,32,7634,982,2674],"class_list":["post-427006","post","type-post","status-publish","format-standard","has-post-thumbnail","hentry","category-desporto","category-futebol","tag-diogo-dalot","tag-fc-porto","tag-futebol","tag-jose-sa","tag-porto","tag-ruben-neves"],"yoast_head":"<!-- This site is optimized with the Yoast SEO plugin v27.2 - https:\/\/yoast.com\/product\/yoast-seo-wordpress\/ -->\n<title>Lay\u00fan visita antigos colegas de equipa do FC Porto - Portal Tela Portugal<\/title>\n<meta name=\"robots\" content=\"index, follow, max-snippet:-1, max-image-preview:large, max-video-preview:-1\" \/>\n<meta property=\"og:locale\" content=\"pt_PT\" \/>\n<meta property=\"og:type\" content=\"article\" \/>\n<meta property=\"og:title\" content=\"Lay\u00fan visita antigos colegas de equipa do FC Porto - Portal Tela Portugal\" \/>\n<meta property=\"og:description\" content=\"Miguel Lay\u00fan, ex-lateral do F. C. Porto (2015-2018), visitou antigos colegas no M\u00e9xico durante o est\u00e1gio da sele\u00e7\u00e3o de Portugal. Encontrou Jos\u00e9 S\u00e1, Diogo Dalot e R\u00faben Neves no hotel da equipa portuguesa. O momento rendeu duas camisolas assinadas, algumas fotos e uma mensagem de Lay\u00fan no Instagram. Na publica\u00e7\u00e3o, o jogador mexicano escreveu que o futebol trouxe muitas coisas, mas que as amizades ficam para sempre. No Porto, Lay\u00fan conquistou um campeonato portugu\u00eas e ficou conhecido pela \u00e9poca com 19 assist\u00eancias na primeira temporada.\" \/>\n<meta property=\"og:url\" content=\"https:\/\/portaltela.pt\/noticias\/2026\/03\/30\/layun-visita-antigos-colegas-de-equipa-do-fc-porto\/\" \/>\n<meta property=\"og:site_name\" content=\"Portal Tela Portugal\" \/>\n<meta property=\"article:published_time\" content=\"2026-03-30T14:17:17+00:00\" \/>\n<meta name=\"author\" content=\"Telinha\" \/>\n<meta name=\"twitter:card\" content=\"summary_large_image\" \/>\n<meta name=\"twitter:label1\" content=\"Escrito por\" \/>\n\t<meta name=\"twitter:data1\" content=\"Telinha\" \/>\n\t<meta name=\"twitter:label2\" content=\"Tempo estimado de leitura\" \/>\n\t<meta name=\"twitter:data2\" content=\"1 minuto\" \/>\n<script type=\"application\/ld+json\" class=\"yoast-schema-graph\">{\"@context\":\"https:\/\/schema.org\",\"@graph\":[{\"@type\":\"Article\",\"@id\":\"https:\/\/portaltela.pt\/noticias\/2026\/03\/30\/layun-visita-antigos-colegas-de-equipa-do-fc-porto\/#article\",\"isPartOf\":{\"@id\":\"https:\/\/portaltela.pt\/noticias\/2026\/03\/30\/layun-visita-antigos-colegas-de-equipa-do-fc-porto\/\"},\"author\":{\"name\":\"Telinha\",\"@id\":\"https:\/\/portaltela.pt\/#\/schema\/person\/c4278d4a6028830caff9ee44b42d32ed\"},\"headline\":\"Lay\u00fan visita antigos colegas de equipa do FC Porto\",\"datePublished\":\"2026-03-30T14:17:17+00:00\",\"mainEntityOfPage\":{\"@id\":\"https:\/\/portaltela.pt\/noticias\/2026\/03\/30\/layun-visita-antigos-colegas-de-equipa-do-fc-porto\/\"},\"wordCount\":218,\"image\":{\"@id\":\"https:\/\/portaltela.pt\/noticias\/2026\/03\/30\/layun-visita-antigos-colegas-de-equipa-do-fc-porto\/#primaryimage\"},\"thumbnailUrl\":\"https:\/\/portaltela.pt\/s.01k8rhncp4jt1\/2026\/03\/81ea7220-48e0-4c2f-beb0-c31a0911831e_1200x675.jpg\",\"keywords\":[\"Diogo Dalot\",\"FC Porto\",\"futebol\",\"Jos\u00e9 S\u00e1\",\"Porto\",\"R\u00faben Neves\"],\"articleSection\":[\"Desporto\",\"Futebol\"],\"inLanguage\":\"pt-PT\"},{\"@type\":\"WebPage\",\"@id\":\"https:\/\/portaltela.pt\/noticias\/2026\/03\/30\/layun-visita-antigos-colegas-de-equipa-do-fc-porto\/\",\"url\":\"https:\/\/portaltela.pt\/noticias\/2026\/03\/30\/layun-visita-antigos-colegas-de-equipa-do-fc-porto\/\",\"name\":\"Lay\u00fan visita antigos colegas de equipa do FC Porto - Portal Tela Portugal\",\"isPartOf\":{\"@id\":\"https:\/\/portaltela.pt\/#website\"},\"primaryImageOfPage\":{\"@id\":\"https:\/\/portaltela.pt\/noticias\/2026\/03\/30\/layun-visita-antigos-colegas-de-equipa-do-fc-porto\/#primaryimage\"},\"image\":{\"@id\":\"https:\/\/portaltela.pt\/noticias\/2026\/03\/30\/layun-visita-antigos-colegas-de-equipa-do-fc-porto\/#primaryimage\"},\"thumbnailUrl\":\"https:\/\/portaltela.pt\/s.01k8rhncp4jt1\/2026\/03\/81ea7220-48e0-4c2f-beb0-c31a0911831e_1200x675.jpg\",\"datePublished\":\"2026-03-30T14:17:17+00:00\",\"author\":{\"@id\":\"https:\/\/portaltela.pt\/#\/schema\/person\/c4278d4a6028830caff9ee44b42d32ed\"},\"breadcrumb\":{\"@id\":\"https:\/\/portaltela.pt\/noticias\/2026\/03\/30\/layun-visita-antigos-colegas-de-equipa-do-fc-porto\/#breadcrumb\"},\"inLanguage\":\"pt-PT\",\"potentialAction\":[{\"@type\":\"ReadAction\",\"target\":[\"https:\/\/portaltela.pt\/noticias\/2026\/03\/30\/layun-visita-antigos-colegas-de-equipa-do-fc-porto\/\"]}]},{\"@type\":\"ImageObject\",\"inLanguage\":\"pt-PT\",\"@id\":\"https:\/\/portaltela.pt\/noticias\/2026\/03\/30\/layun-visita-antigos-colegas-de-equipa-do-fc-porto\/#primaryimage\",\"url\":\"https:\/\/portaltela.pt\/s.01k8rhncp4jt1\/2026\/03\/81ea7220-48e0-4c2f-beb0-c31a0911831e_1200x675.jpg\",\"contentUrl\":\"https:\/\/portaltela.pt\/s.01k8rhncp4jt1\/2026\/03\/81ea7220-48e0-4c2f-beb0-c31a0911831e_1200x675.jpg\",\"width\":796,\"height\":448,\"caption\":\"R\u00faben Neves, Lay\u00fan e Diogo Dalot reencontraram-se no M\u00e9xico\"},{\"@type\":\"BreadcrumbList\",\"@id\":\"https:\/\/portaltela.pt\/noticias\/2026\/03\/30\/layun-visita-antigos-colegas-de-equipa-do-fc-porto\/#breadcrumb\",\"itemListElement\":[{\"@type\":\"ListItem\",\"position\":1,\"name\":\"In\u00edcio\",\"item\":\"https:\/\/portaltela.pt\/\"},{\"@type\":\"ListItem\",\"position\":2,\"name\":\"Lay\u00fan visita antigos colegas de equipa do FC Porto\"}]},{\"@type\":\"WebSite\",\"@id\":\"https:\/\/portaltela.pt\/#website\",\"url\":\"https:\/\/portaltela.pt\/\",\"name\":\"Portal Tela Portugal\",\"description\":\"\",\"potentialAction\":[{\"@type\":\"SearchAction\",\"target\":{\"@type\":\"EntryPoint\",\"urlTemplate\":\"https:\/\/portaltela.pt\/?s={search_term_string}\"},\"query-input\":{\"@type\":\"PropertyValueSpecification\",\"valueRequired\":true,\"valueName\":\"search_term_string\"}}],\"inLanguage\":\"pt-PT\"},{\"@type\":\"Person\",\"@id\":\"https:\/\/portaltela.pt\/#\/schema\/person\/c4278d4a6028830caff9ee44b42d32ed\",\"name\":\"Telinha\",\"image\":{\"@type\":\"ImageObject\",\"inLanguage\":\"pt-PT\",\"@id\":\"https:\/\/portaltela.pt\/s.01k8rhncp4jt1\/2025\/11\/talking-bot-125x125.png\",\"url\":\"https:\/\/portaltela.pt\/s.01k8rhncp4jt1\/2025\/11\/talking-bot-125x125.png\",\"contentUrl\":\"https:\/\/portaltela.pt\/s.01k8rhncp4jt1\/2025\/11\/talking-bot-125x125.png\",\"caption\":\"Telinha\"},\"sameAs\":[\"https:\/\/portaltela.pt\/\"],\"url\":\"https:\/\/portaltela.pt\/por\/367410592786\/\"}]}<\/script>\n<!-- \/ Yoast SEO plugin. -->","yoast_head_json":{"title":"Lay\u00fan visita antigos colegas de equipa do FC Porto - Portal Tela Portugal","robots":{"index":"index","follow":"follow","max-snippet":"max-snippet:-1","max-image-preview":"max-image-preview:large","max-video-preview":"max-video-preview:-1"},"og_locale":"pt_PT","og_type":"article","og_title":"Lay\u00fan visita antigos colegas de equipa do FC Porto - Portal Tela Portugal","og_description":"Miguel Lay\u00fan, ex-lateral do F. C. Porto (2015-2018), visitou antigos colegas no M\u00e9xico durante o est\u00e1gio da sele\u00e7\u00e3o de Portugal. Encontrou Jos\u00e9 S\u00e1, Diogo Dalot e R\u00faben Neves no hotel da equipa portuguesa. O momento rendeu duas camisolas assinadas, algumas fotos e uma mensagem de Lay\u00fan no Instagram. Na publica\u00e7\u00e3o, o jogador mexicano escreveu que o futebol trouxe muitas coisas, mas que as amizades ficam para sempre. No Porto, Lay\u00fan conquistou um campeonato portugu\u00eas e ficou conhecido pela \u00e9poca com 19 assist\u00eancias na primeira temporada.","og_url":"https:\/\/portaltela.pt\/noticias\/2026\/03\/30\/layun-visita-antigos-colegas-de-equipa-do-fc-porto\/","og_site_name":"Portal Tela Portugal","article_published_time":"2026-03-30T14:17:17+00:00","author":"Telinha","twitter_card":"summary_large_image","twitter_misc":{"Escrito por":"Telinha","Tempo estimado de leitura":"1 minuto"},"schema":{"@context":"https:\/\/schema.org","@graph":[{"@type":"Article","@id":"https:\/\/portaltela.pt\/noticias\/2026\/03\/30\/layun-visita-antigos-colegas-de-equipa-do-fc-porto\/#article","isPartOf":{"@id":"https:\/\/portaltela.pt\/noticias\/2026\/03\/30\/layun-visita-antigos-colegas-de-equipa-do-fc-porto\/"},"author":{"name":"Telinha","@id":"https:\/\/portaltela.pt\/#\/schema\/person\/c4278d4a6028830caff9ee44b42d32ed"},"headline":"Lay\u00fan visita antigos colegas de equipa do FC Porto","datePublished":"2026-03-30T14:17:17+00:00","mainEntityOfPage":{"@id":"https:\/\/portaltela.pt\/noticias\/2026\/03\/30\/layun-visita-antigos-colegas-de-equipa-do-fc-porto\/"},"wordCount":218,"image":{"@id":"https:\/\/portaltela.pt\/noticias\/2026\/03\/30\/layun-visita-antigos-colegas-de-equipa-do-fc-porto\/#primaryimage"},"thumbnailUrl":"https:\/\/portaltela.pt\/s.01k8rhncp4jt1\/2026\/03\/81ea7220-48e0-4c2f-beb0-c31a0911831e_1200x675.jpg","keywords":["Diogo Dalot","FC Porto","futebol","Jos\u00e9 S\u00e1","Porto","R\u00faben Neves"],"articleSection":["Desporto","Futebol"],"inLanguage":"pt-PT"},{"@type":"WebPage","@id":"https:\/\/portaltela.pt\/noticias\/2026\/03\/30\/layun-visita-antigos-colegas-de-equipa-do-fc-porto\/","url":"https:\/\/portaltela.pt\/noticias\/2026\/03\/30\/layun-visita-antigos-colegas-de-equipa-do-fc-porto\/","name":"Lay\u00fan visita antigos colegas de equipa do FC Porto - Portal Tela Portugal","isPartOf":{"@id":"https:\/\/portaltela.pt\/#website"},"primaryImageOfPage":{"@id":"https:\/\/portaltela.pt\/noticias\/2026\/03\/30\/layun-visita-antigos-colegas-de-equipa-do-fc-porto\/#primaryimage"},"image":{"@id":"https:\/\/portaltela.pt\/noticias\/2026\/03\/30\/layun-visita-antigos-colegas-de-equipa-do-fc-porto\/#primaryimage"},"thumbnailUrl":"https:\/\/portaltela.pt\/s.01k8rhncp4jt1\/2026\/03\/81ea7220-48e0-4c2f-beb0-c31a0911831e_1200x675.jpg","datePublished":"2026-03-30T14:17:17+00:00","author":{"@id":"https:\/\/portaltela.pt\/#\/schema\/person\/c4278d4a6028830caff9ee44b42d32ed"},"breadcrumb":{"@id":"https:\/\/portaltela.pt\/noticias\/2026\/03\/30\/layun-visita-antigos-colegas-de-equipa-do-fc-porto\/#breadcrumb"},"inLanguage":"pt-PT","potentialAction":[{"@type":"ReadAction","target":["https:\/\/portaltela.pt\/noticias\/2026\/03\/30\/layun-visita-antigos-colegas-de-equipa-do-fc-porto\/"]}]},{"@type":"ImageObject","inLanguage":"pt-PT","@id":"https:\/\/portaltela.pt\/noticias\/2026\/03\/30\/layun-visita-antigos-colegas-de-equipa-do-fc-porto\/#primaryimage","url":"https:\/\/portaltela.pt\/s.01k8rhncp4jt1\/2026\/03\/81ea7220-48e0-4c2f-beb0-c31a0911831e_1200x675.jpg","contentUrl":"https:\/\/portaltela.pt\/s.01k8rhncp4jt1\/2026\/03\/81ea7220-48e0-4c2f-beb0-c31a0911831e_1200x675.jpg","width":796,"height":448,"caption":"R\u00faben Neves, Lay\u00fan e Diogo Dalot reencontraram-se no M\u00e9xico"},{"@type":"BreadcrumbList","@id":"https:\/\/portaltela.pt\/noticias\/2026\/03\/30\/layun-visita-antigos-colegas-de-equipa-do-fc-porto\/#breadcrumb","itemListElement":[{"@type":"ListItem","position":1,"name":"In\u00edcio","item":"https:\/\/portaltela.pt\/"},{"@type":"ListItem","position":2,"name":"Lay\u00fan visita antigos colegas de equipa do FC Porto"}]},{"@type":"WebSite","@id":"https:\/\/portaltela.pt\/#website","url":"https:\/\/portaltela.pt\/","name":"Portal Tela Portugal","description":"","potentialAction":[{"@type":"SearchAction","target":{"@type":"EntryPoint","urlTemplate":"https:\/\/portaltela.pt\/?s={search_term_string}"},"query-input":{"@type":"PropertyValueSpecification","valueRequired":true,"valueName":"search_term_string"}}],"inLanguage":"pt-PT"},{"@type":"Person","@id":"https:\/\/portaltela.pt\/#\/schema\/person\/c4278d4a6028830caff9ee44b42d32ed","name":"Telinha","image":{"@type":"ImageObject","inLanguage":"pt-PT","@id":"https:\/\/portaltela.pt\/s.01k8rhncp4jt1\/2025\/11\/talking-bot-125x125.png","url":"https:\/\/portaltela.pt\/s.01k8rhncp4jt1\/2025\/11\/talking-bot-125x125.png","contentUrl":"https:\/\/portaltela.pt\/s.01k8rhncp4jt1\/2025\/11\/talking-bot-125x125.png","caption":"Telinha"},"sameAs":["https:\/\/portaltela.pt\/"],"url":"https:\/\/portaltela.pt\/por\/367410592786\/"}]}},"_links":{"self":[{"href":"https:\/\/portaltela.pt\/api\/wp\/v2\/posts\/427006","targetHints":{"allow":["GET"]}}],"collection":[{"href":"https:\/\/portaltela.pt\/api\/wp\/v2\/posts"}],"about":[{"href":"https:\/\/portaltela.pt\/api\/wp\/v2\/types\/post"}],"author":[{"embeddable":true,"href":"https:\/\/portaltela.pt\/api\/wp\/v2\/users\/2"}],"replies":[{"embeddable":true,"href":"https:\/\/portaltela.pt\/api\/wp\/v2\/comments?post=427006"}],"version-history":[{"count":0,"href":"https:\/\/portaltela.pt\/api\/wp\/v2\/posts\/427006\/revisions"}],"wp:featuredmedia":[{"embeddable":true,"href":"https:\/\/portaltela.pt\/api\/wp\/v2\/media\/427011"}],"wp:attachment":[{"href":"https:\/\/portaltela.pt\/api\/wp\/v2\/media?parent=427006"}],"wp:term":[{"taxonomy":"category","embeddable":true,"href":"https:\/\/portaltela.pt\/api\/wp\/v2\/categories?post=427006"},{"taxonomy":"post_tag","embeddable":true,"href":"https:\/\/portaltela.pt\/api\/wp\/v2\/tags?post=427006"}],"curies":[{"name":"wp","href":"https:\/\/api.w.org\/{rel}","templated":true}]}}