{"id":426997,"date":"2026-03-30T11:02:34","date_gmt":"2026-03-30T14:02:34","guid":{"rendered":"https:\/\/portaltela.pt\/noticias\/2026\/03\/30\/montenegro-diz-que-pacote-europeu-para-florestas-aumenta-resiliencia-e-preparo-para-o-futuro\/"},"modified":"2026-03-30T11:02:34","modified_gmt":"2026-03-30T14:02:34","slug":"montenegro-diz-que-pacote-europeu-para-florestas-aumenta-resiliencia-e-preparo-para-o-futuro","status":"publish","type":"post","link":"https:\/\/portaltela.pt\/noticias\/2026\/03\/30\/montenegro-diz-que-pacote-europeu-para-florestas-aumenta-resiliencia-e-preparo-para-o-futuro\/","title":{"rendered":"Montenegro diz que pacote europeu para florestas aumenta resili\u00eancia e preparo para o futuro"},"content":{"rendered":"<p>O primeiro-ministro Lu\u00eds Montenegro recebeu com satisfa\u00e7\u00e3o o pacote europeu de apoio ao setor florestal, no valor de 250 milh\u00f5es de euros em ajudas estatais. A medida visa reflorestar \u00e1reas afetadas e compensar propriet\u00e1rios, com subs\u00eddios v\u00e1lidos at\u00e9 31 de dezembro de 2029.<\/p>\n<p>Montenegro classificou as ajudas como boas not\u00edcias, afirmando que o apoio ajuda a reerguer o patrim\u00f3nio comum e a tornar o pa\u00eds mais resiliente para o futuro. A publica\u00e7\u00e3o foi feita na rede social X, pela sua conta oficial.<\/p>\n<p>Segundo a Comiss\u00e3o Europeia, o regime apoia investimentos na restaura\u00e7\u00e3o de florestas ap\u00f3s cat\u00e1strofes naturais, fen\u00f3menos meteorol\u00f3gicos severos ou outros acontecimentos catastr\u00f3ficos. O objetivo inclui compensar perdas de rendimento de propriet\u00e1rios de terras.<\/p>\n<h3>Detalhes do apoio<\/h3>\n<p>O regime portugu\u00eas prev\u00ea subven\u00e7\u00f5es diretas na forma de pr\u00e9mios fixos, distribu\u00eddos ao longo de 15 a 20 anos, para incentivar novos investimentos florestais e mitigar perdas de rendimento. Inclui pr\u00e9mios de refloresta\u00e7\u00e3o e de restaura\u00e7\u00e3o.<\/p>\n<p>De acordo com Bruxelas, o apoio cobre a refloresta\u00e7\u00e3o de solos agr\u00edcolas e n\u00e3o agr\u00edcolas, bem como o restabelecimento do potencial florestal ap\u00f3s inc\u00eandios e outras situa\u00e7\u00f5es extremas. O financiamento \u00e9 cofinanciado pelo Fundo Europeu Agr\u00edcola de Desenvolvimento Rural.<\/p>\n<p>O Governo explicou que a medida foi solicitada em mar\u00e7o de 2025 para permitir refloresta\u00e7\u00e3o independentemente de desastres. O regime \u00e9 plurianual e entra em vigor j\u00e1, permanecendo ativo at\u00e9 2029.<\/p>\n<p>A iniciativa surge num contexto de forte press\u00e3o sobre a floresta portuguesa, marcada por tempestades no final de janeiro e fevereiro, com vento intenso, chuva e inunda\u00e7\u00f5es que causaram danos em v\u00e1rias \u00e1reas rurais.<\/p>\n","protected":false},"excerpt":{"rendered":"<ul>\n<li>A Comiss\u00e3o Europeia aprovou um pacote de 250 milh\u00f5es de euros de ajudas estatais ao setor florestal em Portugal, para reflorestar \u00e1reas afetadas e compensar propriet\u00e1rios.<\/li>\n<li>As subven\u00e7\u00f5es s\u00e3o v\u00e1lidas at\u00e9 31 de dezembro de 2029 e destinam-se a restauro de florestas ap\u00f3s cat\u00e1strofes naturais e a mitigar perdas de rendimento de quem possui solos reflorestados.<\/li>\n<li>O regime abrange refloresta\u00e7\u00e3o de terras agr\u00edcolas e n\u00e3o agr\u00edcolas, bem como restabelecimento do potencial florestal ap\u00f3s inc\u00eandios, tempestades ou outros eventos extremos.<\/li>\n<li>O pedido portugu\u00eas foi apresentado em mar\u00e7o de 2025, para abrir a possibilidade de refloresta\u00e7\u00e3o independentemente de desastres.<\/li>\n<li>O regime \u00e9 cofinanciado pelo Fundo Europeu Agr\u00edcola de Desenvolvimento Rural at\u00e9 21,9 milh\u00f5es de euros, integrando o Plano Estrat\u00e9gico da Pol\u00edtica Agr\u00edcola Comum de Portugal, num contexto de press\u00e3o na floresta ap\u00f3s tempestades no fim de janeiro e fevereiro, com danos significativos.<\/li>\n<li>O primeiro-ministro Lu\u00eds Montenegro classificou a ajuda como boas not\u00edcias, dizendo que refor\u00e7a a resili\u00eancia do pa\u00eds para o futuro.<\/li>\n<\/ul>\n","protected":false},"author":2,"featured_media":427000,"comment_status":"closed","ping_status":"closed","sticky":false,"template":"","format":"standard","meta":{"footnotes":""},"categories":[6725,1],"tags":[28,2487,4576,45,1014,6694],"class_list":["post-426997","post","type-post","status-publish","format-standard","has-post-thumbnail","hentry","category-meio-ambiente","category-noticias","tag-economia","tag-europa","tag-florestal","tag-meio-ambiente","tag-portugal","tag-reflorestacao"],"yoast_head":"<!-- This site is optimized with the Yoast SEO plugin v27.2 - https:\/\/yoast.com\/product\/yoast-seo-wordpress\/ -->\n<title>Montenegro diz que pacote europeu para florestas aumenta resili\u00eancia e preparo para o futuro - Portal Tela Portugal<\/title>\n<meta name=\"robots\" content=\"index, follow, max-snippet:-1, max-image-preview:large, max-video-preview:-1\" \/>\n<meta property=\"og:locale\" content=\"pt_PT\" \/>\n<meta property=\"og:type\" content=\"article\" \/>\n<meta property=\"og:title\" content=\"Montenegro diz que pacote europeu para florestas aumenta resili\u00eancia e preparo para o futuro - Portal Tela Portugal\" \/>\n<meta property=\"og:description\" content=\"A Comiss\u00e3o Europeia aprovou um pacote de 250 milh\u00f5es de euros de ajudas estatais ao setor florestal em Portugal, para reflorestar \u00e1reas afetadas e compensar propriet\u00e1rios. As subven\u00e7\u00f5es s\u00e3o v\u00e1lidas at\u00e9 31 de dezembro de 2029 e destinam-se a restauro de florestas ap\u00f3s cat\u00e1strofes naturais e a mitigar perdas de rendimento de quem possui solos reflorestados. O regime abrange refloresta\u00e7\u00e3o de terras agr\u00edcolas e n\u00e3o agr\u00edcolas, bem como restabelecimento do potencial florestal ap\u00f3s inc\u00eandios, tempestades ou outros eventos extremos. O pedido portugu\u00eas foi apresentado em mar\u00e7o de 2025, para abrir a possibilidade de refloresta\u00e7\u00e3o independentemente de desastres. O regime \u00e9 cofinanciado pelo Fundo Europeu Agr\u00edcola de Desenvolvimento Rural at\u00e9 21,9 milh\u00f5es de euros, integrando o Plano Estrat\u00e9gico da Pol\u00edtica Agr\u00edcola Comum de Portugal, num contexto de press\u00e3o na floresta ap\u00f3s tempestades no fim de janeiro e fevereiro, com danos significativos. O primeiro-ministro Lu\u00eds Montenegro classificou a ajuda como boas not\u00edcias, dizendo que refor\u00e7a a resili\u00eancia do pa\u00eds para o futuro.\" \/>\n<meta property=\"og:url\" content=\"https:\/\/portaltela.pt\/noticias\/2026\/03\/30\/montenegro-diz-que-pacote-europeu-para-florestas-aumenta-resiliencia-e-preparo-para-o-futuro\/\" \/>\n<meta property=\"og:site_name\" content=\"Portal Tela Portugal\" \/>\n<meta property=\"article:published_time\" content=\"2026-03-30T14:02:34+00:00\" \/>\n<meta name=\"author\" content=\"Telinha\" \/>\n<meta name=\"twitter:card\" content=\"summary_large_image\" \/>\n<meta name=\"twitter:label1\" content=\"Escrito por\" \/>\n\t<meta name=\"twitter:data1\" content=\"Telinha\" \/>\n\t<meta name=\"twitter:label2\" content=\"Tempo estimado de leitura\" \/>\n\t<meta name=\"twitter:data2\" content=\"1 minuto\" \/>\n<script type=\"application\/ld+json\" class=\"yoast-schema-graph\">{\"@context\":\"https:\/\/schema.org\",\"@graph\":[{\"@type\":\"Article\",\"@id\":\"https:\/\/portaltela.pt\/noticias\/2026\/03\/30\/montenegro-diz-que-pacote-europeu-para-florestas-aumenta-resiliencia-e-preparo-para-o-futuro\/#article\",\"isPartOf\":{\"@id\":\"https:\/\/portaltela.pt\/noticias\/2026\/03\/30\/montenegro-diz-que-pacote-europeu-para-florestas-aumenta-resiliencia-e-preparo-para-o-futuro\/\"},\"author\":{\"name\":\"Telinha\",\"@id\":\"https:\/\/portaltela.pt\/#\/schema\/person\/c4278d4a6028830caff9ee44b42d32ed\"},\"headline\":\"Montenegro diz que pacote europeu para florestas aumenta resili\u00eancia e preparo para o futuro\",\"datePublished\":\"2026-03-30T14:02:34+00:00\",\"mainEntityOfPage\":{\"@id\":\"https:\/\/portaltela.pt\/noticias\/2026\/03\/30\/montenegro-diz-que-pacote-europeu-para-florestas-aumenta-resiliencia-e-preparo-para-o-futuro\/\"},\"wordCount\":302,\"image\":{\"@id\":\"https:\/\/portaltela.pt\/noticias\/2026\/03\/30\/montenegro-diz-que-pacote-europeu-para-florestas-aumenta-resiliencia-e-preparo-para-o-futuro\/#primaryimage\"},\"thumbnailUrl\":\"https:\/\/portaltela.pt\/s.01k8rhncp4jt1\/2026\/03\/img_1500x1000uu2026-03-27-15-15-22-2275118.jpg\",\"keywords\":[\"economia\",\"Europa\",\"florestal\",\"meio-ambiente\",\"Portugal\",\"refloresta\u00e7\u00e3o\"],\"articleSection\":[\"Meio Ambiente\",\"Not\u00edcias\"],\"inLanguage\":\"pt-PT\"},{\"@type\":\"WebPage\",\"@id\":\"https:\/\/portaltela.pt\/noticias\/2026\/03\/30\/montenegro-diz-que-pacote-europeu-para-florestas-aumenta-resiliencia-e-preparo-para-o-futuro\/\",\"url\":\"https:\/\/portaltela.pt\/noticias\/2026\/03\/30\/montenegro-diz-que-pacote-europeu-para-florestas-aumenta-resiliencia-e-preparo-para-o-futuro\/\",\"name\":\"Montenegro diz que pacote europeu para florestas aumenta resili\u00eancia e preparo para o futuro - Portal Tela Portugal\",\"isPartOf\":{\"@id\":\"https:\/\/portaltela.pt\/#website\"},\"primaryImageOfPage\":{\"@id\":\"https:\/\/portaltela.pt\/noticias\/2026\/03\/30\/montenegro-diz-que-pacote-europeu-para-florestas-aumenta-resiliencia-e-preparo-para-o-futuro\/#primaryimage\"},\"image\":{\"@id\":\"https:\/\/portaltela.pt\/noticias\/2026\/03\/30\/montenegro-diz-que-pacote-europeu-para-florestas-aumenta-resiliencia-e-preparo-para-o-futuro\/#primaryimage\"},\"thumbnailUrl\":\"https:\/\/portaltela.pt\/s.01k8rhncp4jt1\/2026\/03\/img_1500x1000uu2026-03-27-15-15-22-2275118.jpg\",\"datePublished\":\"2026-03-30T14:02:34+00:00\",\"author\":{\"@id\":\"https:\/\/portaltela.pt\/#\/schema\/person\/c4278d4a6028830caff9ee44b42d32ed\"},\"breadcrumb\":{\"@id\":\"https:\/\/portaltela.pt\/noticias\/2026\/03\/30\/montenegro-diz-que-pacote-europeu-para-florestas-aumenta-resiliencia-e-preparo-para-o-futuro\/#breadcrumb\"},\"inLanguage\":\"pt-PT\",\"potentialAction\":[{\"@type\":\"ReadAction\",\"target\":[\"https:\/\/portaltela.pt\/noticias\/2026\/03\/30\/montenegro-diz-que-pacote-europeu-para-florestas-aumenta-resiliencia-e-preparo-para-o-futuro\/\"]}]},{\"@type\":\"ImageObject\",\"inLanguage\":\"pt-PT\",\"@id\":\"https:\/\/portaltela.pt\/noticias\/2026\/03\/30\/montenegro-diz-que-pacote-europeu-para-florestas-aumenta-resiliencia-e-preparo-para-o-futuro\/#primaryimage\",\"url\":\"https:\/\/portaltela.pt\/s.01k8rhncp4jt1\/2026\/03\/img_1500x1000uu2026-03-27-15-15-22-2275118.jpg\",\"contentUrl\":\"https:\/\/portaltela.pt\/s.01k8rhncp4jt1\/2026\/03\/img_1500x1000uu2026-03-27-15-15-22-2275118.jpg\",\"width\":796,\"height\":448,\"caption\":\"Lu\u00eds Montenegro\"},{\"@type\":\"BreadcrumbList\",\"@id\":\"https:\/\/portaltela.pt\/noticias\/2026\/03\/30\/montenegro-diz-que-pacote-europeu-para-florestas-aumenta-resiliencia-e-preparo-para-o-futuro\/#breadcrumb\",\"itemListElement\":[{\"@type\":\"ListItem\",\"position\":1,\"name\":\"In\u00edcio\",\"item\":\"https:\/\/portaltela.pt\/\"},{\"@type\":\"ListItem\",\"position\":2,\"name\":\"Montenegro diz que pacote europeu para florestas aumenta resili\u00eancia e preparo para o futuro\"}]},{\"@type\":\"WebSite\",\"@id\":\"https:\/\/portaltela.pt\/#website\",\"url\":\"https:\/\/portaltela.pt\/\",\"name\":\"Portal Tela Portugal\",\"description\":\"\",\"potentialAction\":[{\"@type\":\"SearchAction\",\"target\":{\"@type\":\"EntryPoint\",\"urlTemplate\":\"https:\/\/portaltela.pt\/?s={search_term_string}\"},\"query-input\":{\"@type\":\"PropertyValueSpecification\",\"valueRequired\":true,\"valueName\":\"search_term_string\"}}],\"inLanguage\":\"pt-PT\"},{\"@type\":\"Person\",\"@id\":\"https:\/\/portaltela.pt\/#\/schema\/person\/c4278d4a6028830caff9ee44b42d32ed\",\"name\":\"Telinha\",\"image\":{\"@type\":\"ImageObject\",\"inLanguage\":\"pt-PT\",\"@id\":\"https:\/\/portaltela.pt\/s.01k8rhncp4jt1\/2025\/11\/talking-bot-125x125.png\",\"url\":\"https:\/\/portaltela.pt\/s.01k8rhncp4jt1\/2025\/11\/talking-bot-125x125.png\",\"contentUrl\":\"https:\/\/portaltela.pt\/s.01k8rhncp4jt1\/2025\/11\/talking-bot-125x125.png\",\"caption\":\"Telinha\"},\"sameAs\":[\"https:\/\/portaltela.pt\/\"],\"url\":\"https:\/\/portaltela.pt\/por\/367410592786\/\"}]}<\/script>\n<!-- \/ Yoast SEO plugin. -->","yoast_head_json":{"title":"Montenegro diz que pacote europeu para florestas aumenta resili\u00eancia e preparo para o futuro - Portal Tela Portugal","robots":{"index":"index","follow":"follow","max-snippet":"max-snippet:-1","max-image-preview":"max-image-preview:large","max-video-preview":"max-video-preview:-1"},"og_locale":"pt_PT","og_type":"article","og_title":"Montenegro diz que pacote europeu para florestas aumenta resili\u00eancia e preparo para o futuro - Portal Tela Portugal","og_description":"A Comiss\u00e3o Europeia aprovou um pacote de 250 milh\u00f5es de euros de ajudas estatais ao setor florestal em Portugal, para reflorestar \u00e1reas afetadas e compensar propriet\u00e1rios. As subven\u00e7\u00f5es s\u00e3o v\u00e1lidas at\u00e9 31 de dezembro de 2029 e destinam-se a restauro de florestas ap\u00f3s cat\u00e1strofes naturais e a mitigar perdas de rendimento de quem possui solos reflorestados. O regime abrange refloresta\u00e7\u00e3o de terras agr\u00edcolas e n\u00e3o agr\u00edcolas, bem como restabelecimento do potencial florestal ap\u00f3s inc\u00eandios, tempestades ou outros eventos extremos. O pedido portugu\u00eas foi apresentado em mar\u00e7o de 2025, para abrir a possibilidade de refloresta\u00e7\u00e3o independentemente de desastres. O regime \u00e9 cofinanciado pelo Fundo Europeu Agr\u00edcola de Desenvolvimento Rural at\u00e9 21,9 milh\u00f5es de euros, integrando o Plano Estrat\u00e9gico da Pol\u00edtica Agr\u00edcola Comum de Portugal, num contexto de press\u00e3o na floresta ap\u00f3s tempestades no fim de janeiro e fevereiro, com danos significativos. O primeiro-ministro Lu\u00eds Montenegro classificou a ajuda como boas not\u00edcias, dizendo que refor\u00e7a a resili\u00eancia do pa\u00eds para o futuro.","og_url":"https:\/\/portaltela.pt\/noticias\/2026\/03\/30\/montenegro-diz-que-pacote-europeu-para-florestas-aumenta-resiliencia-e-preparo-para-o-futuro\/","og_site_name":"Portal Tela Portugal","article_published_time":"2026-03-30T14:02:34+00:00","author":"Telinha","twitter_card":"summary_large_image","twitter_misc":{"Escrito por":"Telinha","Tempo estimado de leitura":"1 minuto"},"schema":{"@context":"https:\/\/schema.org","@graph":[{"@type":"Article","@id":"https:\/\/portaltela.pt\/noticias\/2026\/03\/30\/montenegro-diz-que-pacote-europeu-para-florestas-aumenta-resiliencia-e-preparo-para-o-futuro\/#article","isPartOf":{"@id":"https:\/\/portaltela.pt\/noticias\/2026\/03\/30\/montenegro-diz-que-pacote-europeu-para-florestas-aumenta-resiliencia-e-preparo-para-o-futuro\/"},"author":{"name":"Telinha","@id":"https:\/\/portaltela.pt\/#\/schema\/person\/c4278d4a6028830caff9ee44b42d32ed"},"headline":"Montenegro diz que pacote europeu para florestas aumenta resili\u00eancia e preparo para o futuro","datePublished":"2026-03-30T14:02:34+00:00","mainEntityOfPage":{"@id":"https:\/\/portaltela.pt\/noticias\/2026\/03\/30\/montenegro-diz-que-pacote-europeu-para-florestas-aumenta-resiliencia-e-preparo-para-o-futuro\/"},"wordCount":302,"image":{"@id":"https:\/\/portaltela.pt\/noticias\/2026\/03\/30\/montenegro-diz-que-pacote-europeu-para-florestas-aumenta-resiliencia-e-preparo-para-o-futuro\/#primaryimage"},"thumbnailUrl":"https:\/\/portaltela.pt\/s.01k8rhncp4jt1\/2026\/03\/img_1500x1000uu2026-03-27-15-15-22-2275118.jpg","keywords":["economia","Europa","florestal","meio-ambiente","Portugal","refloresta\u00e7\u00e3o"],"articleSection":["Meio Ambiente","Not\u00edcias"],"inLanguage":"pt-PT"},{"@type":"WebPage","@id":"https:\/\/portaltela.pt\/noticias\/2026\/03\/30\/montenegro-diz-que-pacote-europeu-para-florestas-aumenta-resiliencia-e-preparo-para-o-futuro\/","url":"https:\/\/portaltela.pt\/noticias\/2026\/03\/30\/montenegro-diz-que-pacote-europeu-para-florestas-aumenta-resiliencia-e-preparo-para-o-futuro\/","name":"Montenegro diz que pacote europeu para florestas aumenta resili\u00eancia e preparo para o futuro - Portal Tela Portugal","isPartOf":{"@id":"https:\/\/portaltela.pt\/#website"},"primaryImageOfPage":{"@id":"https:\/\/portaltela.pt\/noticias\/2026\/03\/30\/montenegro-diz-que-pacote-europeu-para-florestas-aumenta-resiliencia-e-preparo-para-o-futuro\/#primaryimage"},"image":{"@id":"https:\/\/portaltela.pt\/noticias\/2026\/03\/30\/montenegro-diz-que-pacote-europeu-para-florestas-aumenta-resiliencia-e-preparo-para-o-futuro\/#primaryimage"},"thumbnailUrl":"https:\/\/portaltela.pt\/s.01k8rhncp4jt1\/2026\/03\/img_1500x1000uu2026-03-27-15-15-22-2275118.jpg","datePublished":"2026-03-30T14:02:34+00:00","author":{"@id":"https:\/\/portaltela.pt\/#\/schema\/person\/c4278d4a6028830caff9ee44b42d32ed"},"breadcrumb":{"@id":"https:\/\/portaltela.pt\/noticias\/2026\/03\/30\/montenegro-diz-que-pacote-europeu-para-florestas-aumenta-resiliencia-e-preparo-para-o-futuro\/#breadcrumb"},"inLanguage":"pt-PT","potentialAction":[{"@type":"ReadAction","target":["https:\/\/portaltela.pt\/noticias\/2026\/03\/30\/montenegro-diz-que-pacote-europeu-para-florestas-aumenta-resiliencia-e-preparo-para-o-futuro\/"]}]},{"@type":"ImageObject","inLanguage":"pt-PT","@id":"https:\/\/portaltela.pt\/noticias\/2026\/03\/30\/montenegro-diz-que-pacote-europeu-para-florestas-aumenta-resiliencia-e-preparo-para-o-futuro\/#primaryimage","url":"https:\/\/portaltela.pt\/s.01k8rhncp4jt1\/2026\/03\/img_1500x1000uu2026-03-27-15-15-22-2275118.jpg","contentUrl":"https:\/\/portaltela.pt\/s.01k8rhncp4jt1\/2026\/03\/img_1500x1000uu2026-03-27-15-15-22-2275118.jpg","width":796,"height":448,"caption":"Lu\u00eds Montenegro"},{"@type":"BreadcrumbList","@id":"https:\/\/portaltela.pt\/noticias\/2026\/03\/30\/montenegro-diz-que-pacote-europeu-para-florestas-aumenta-resiliencia-e-preparo-para-o-futuro\/#breadcrumb","itemListElement":[{"@type":"ListItem","position":1,"name":"In\u00edcio","item":"https:\/\/portaltela.pt\/"},{"@type":"ListItem","position":2,"name":"Montenegro diz que pacote europeu para florestas aumenta resili\u00eancia e preparo para o futuro"}]},{"@type":"WebSite","@id":"https:\/\/portaltela.pt\/#website","url":"https:\/\/portaltela.pt\/","name":"Portal Tela Portugal","description":"","potentialAction":[{"@type":"SearchAction","target":{"@type":"EntryPoint","urlTemplate":"https:\/\/portaltela.pt\/?s={search_term_string}"},"query-input":{"@type":"PropertyValueSpecification","valueRequired":true,"valueName":"search_term_string"}}],"inLanguage":"pt-PT"},{"@type":"Person","@id":"https:\/\/portaltela.pt\/#\/schema\/person\/c4278d4a6028830caff9ee44b42d32ed","name":"Telinha","image":{"@type":"ImageObject","inLanguage":"pt-PT","@id":"https:\/\/portaltela.pt\/s.01k8rhncp4jt1\/2025\/11\/talking-bot-125x125.png","url":"https:\/\/portaltela.pt\/s.01k8rhncp4jt1\/2025\/11\/talking-bot-125x125.png","contentUrl":"https:\/\/portaltela.pt\/s.01k8rhncp4jt1\/2025\/11\/talking-bot-125x125.png","caption":"Telinha"},"sameAs":["https:\/\/portaltela.pt\/"],"url":"https:\/\/portaltela.pt\/por\/367410592786\/"}]}},"_links":{"self":[{"href":"https:\/\/portaltela.pt\/api\/wp\/v2\/posts\/426997","targetHints":{"allow":["GET"]}}],"collection":[{"href":"https:\/\/portaltela.pt\/api\/wp\/v2\/posts"}],"about":[{"href":"https:\/\/portaltela.pt\/api\/wp\/v2\/types\/post"}],"author":[{"embeddable":true,"href":"https:\/\/portaltela.pt\/api\/wp\/v2\/users\/2"}],"replies":[{"embeddable":true,"href":"https:\/\/portaltela.pt\/api\/wp\/v2\/comments?post=426997"}],"version-history":[{"count":0,"href":"https:\/\/portaltela.pt\/api\/wp\/v2\/posts\/426997\/revisions"}],"wp:featuredmedia":[{"embeddable":true,"href":"https:\/\/portaltela.pt\/api\/wp\/v2\/media\/427000"}],"wp:attachment":[{"href":"https:\/\/portaltela.pt\/api\/wp\/v2\/media?parent=426997"}],"wp:term":[{"taxonomy":"category","embeddable":true,"href":"https:\/\/portaltela.pt\/api\/wp\/v2\/categories?post=426997"},{"taxonomy":"post_tag","embeddable":true,"href":"https:\/\/portaltela.pt\/api\/wp\/v2\/tags?post=426997"}],"curies":[{"name":"wp","href":"https:\/\/api.w.org\/{rel}","templated":true}]}}