{"id":426991,"date":"2026-03-30T11:02:26","date_gmt":"2026-03-30T14:02:26","guid":{"rendered":"https:\/\/portaltela.pt\/noticias\/2026\/03\/30\/caso-emiliano-sala-cardiff-paga-480-mil-euros-ao-nantes-apos-disputa-de-122m\/"},"modified":"2026-03-30T11:02:26","modified_gmt":"2026-03-30T14:02:26","slug":"caso-emiliano-sala-cardiff-paga-480-mil-euros-ao-nantes-apos-disputa-de-122m","status":"publish","type":"post","link":"https:\/\/portaltela.pt\/desporto\/futebol\/2026\/03\/30\/caso-emiliano-sala-cardiff-paga-480-mil-euros-ao-nantes-apos-disputa-de-122m\/","title":{"rendered":"Caso Emiliano Sala: Cardiff paga 480 mil euros ao Nantes ap\u00f3s disputa de 122M"},"content":{"rendered":"<p>O Tribunal Comercial de Nantes declarou nesta segunda-feira o fim da disputa entre Cardiff City e Nantes sobre o caso Emiliano Sala. A senten\u00e7a obriga o Cardiff a indemnizar o clube franc\u00eas com 480 mil euros, reduzindo drasticamente a soma pretendida inicialmente de 122 milh\u00f5es.<\/p>\n<p>A a\u00e7\u00e3o foi movida pelo Cardiff, que alegou preju\u00edzos significativos pela morte do avan\u00e7ado argentino e a poss\u00edvel influ\u00eancia no desempenho do clube na liga principal inglesa. O Cardiff apontou neglig\u00eancia na organiza\u00e7\u00e3o do voo e responsabilizou o empres\u00e1rio Willie McKay.<\/p>\n<h3>Senten\u00e7a do Tribunal Comercial de Nantes<\/h3>\n<p>O incidente ocorreu a 21 de janeiro de 2019, quando Sala morreu num acidente de avi\u00e3o entre Fran\u00e7a e Pa\u00eds de Gales. O Cardiff j\u00e1 tinha confirmado a contrata\u00e7\u00e3o, por 17 milh\u00f5es de euros, e a apresenta\u00e7\u00e3o estava marcada, mas n\u00e3o chegou a ocorrer devido ao desastre.<\/p>\n","protected":false},"excerpt":{"rendered":"<ul>\n<li>O Tribunal Comercial de Nantes decidiu na segunda-feira que o Cardiff City deve indemnizar o Nantes com 480 mil euros, encerrando o processo entre os clubes.<\/li>\n<li>O Cardiff reclamava 122 milh\u00f5es de euros, sustentando preju\u00edzos milion\u00e1rios atribu\u00eddos \u00e0 morte de Emiliano Sala e impacto na manuten\u00e7\u00e3o da Premier League.<\/li>\n<li>A acusa\u00e7\u00e3o apontava neglig\u00eancia na organiza\u00e7\u00e3o do voo e responsabilizava o empres\u00e1rio Willie McKay pela culpa.<\/li>\n<li>Emiliano Sala morreu a 21 de janeiro de 2019 num acidente de avi\u00e3o no Canal da Mancha, quando viajava de Fran\u00e7a para o Pa\u00eds de Gales; o Cardiff tinha contratado o jogador ao Nantes por 17 milh\u00f5es de euros, com apresenta\u00e7\u00e3o marcada.<\/li>\n<li>O Cardiff terminou a \u00e9poca no antepen\u00faltimo lugar da liga inglesa, com 34 pontos.<\/li>\n<\/ul>\n","protected":false},"author":2,"featured_media":426994,"comment_status":"closed","ping_status":"closed","sticky":false,"template":"","format":"standard","meta":{"footnotes":""},"categories":[21,24],"tags":[5487,1856,32,3338,2372,2111],"class_list":["post-426991","post","type-post","status-publish","format-standard","has-post-thumbnail","hentry","category-desporto","category-futebol","tag-acidente","tag-franca","tag-futebol","tag-futebol-internacional","tag-indenizacao","tag-reino-unido"],"yoast_head":"<!-- This site is optimized with the Yoast SEO plugin v27.2 - https:\/\/yoast.com\/product\/yoast-seo-wordpress\/ -->\n<title>Caso Emiliano Sala: Cardiff paga 480 mil euros ao Nantes ap\u00f3s disputa de 122M - Portal Tela Portugal<\/title>\n<meta name=\"robots\" content=\"index, follow, max-snippet:-1, max-image-preview:large, max-video-preview:-1\" \/>\n<meta property=\"og:locale\" content=\"pt_PT\" \/>\n<meta property=\"og:type\" content=\"article\" \/>\n<meta property=\"og:title\" content=\"Caso Emiliano Sala: Cardiff paga 480 mil euros ao Nantes ap\u00f3s disputa de 122M - Portal Tela Portugal\" \/>\n<meta property=\"og:description\" content=\"O Tribunal Comercial de Nantes decidiu na segunda-feira que o Cardiff City deve indemnizar o Nantes com 480 mil euros, encerrando o processo entre os clubes. O Cardiff reclamava 122 milh\u00f5es de euros, sustentando preju\u00edzos milion\u00e1rios atribu\u00eddos \u00e0 morte de Emiliano Sala e impacto na manuten\u00e7\u00e3o da Premier League. A acusa\u00e7\u00e3o apontava neglig\u00eancia na organiza\u00e7\u00e3o do voo e responsabilizava o empres\u00e1rio Willie McKay pela culpa. Emiliano Sala morreu a 21 de janeiro de 2019 num acidente de avi\u00e3o no Canal da Mancha, quando viajava de Fran\u00e7a para o Pa\u00eds de Gales; o Cardiff tinha contratado o jogador ao Nantes por 17 milh\u00f5es de euros, com apresenta\u00e7\u00e3o marcada. O Cardiff terminou a \u00e9poca no antepen\u00faltimo lugar da liga inglesa, com 34 pontos.\" \/>\n<meta property=\"og:url\" content=\"https:\/\/portaltela.pt\/noticias\/2026\/03\/30\/caso-emiliano-sala-cardiff-paga-480-mil-euros-ao-nantes-apos-disputa-de-122m\/\" \/>\n<meta property=\"og:site_name\" content=\"Portal Tela Portugal\" \/>\n<meta property=\"article:published_time\" content=\"2026-03-30T14:02:26+00:00\" \/>\n<meta name=\"author\" content=\"Telinha\" \/>\n<meta name=\"twitter:card\" content=\"summary_large_image\" \/>\n<meta name=\"twitter:label1\" content=\"Escrito por\" \/>\n\t<meta name=\"twitter:data1\" content=\"Telinha\" \/>\n\t<meta name=\"twitter:label2\" content=\"Tempo estimado de leitura\" \/>\n\t<meta name=\"twitter:data2\" content=\"1 minuto\" \/>\n<script type=\"application\/ld+json\" class=\"yoast-schema-graph\">{\"@context\":\"https:\/\/schema.org\",\"@graph\":[{\"@type\":\"Article\",\"@id\":\"https:\/\/portaltela.pt\/noticias\/2026\/03\/30\/caso-emiliano-sala-cardiff-paga-480-mil-euros-ao-nantes-apos-disputa-de-122m\/#article\",\"isPartOf\":{\"@id\":\"https:\/\/portaltela.pt\/noticias\/2026\/03\/30\/caso-emiliano-sala-cardiff-paga-480-mil-euros-ao-nantes-apos-disputa-de-122m\/\"},\"author\":{\"name\":\"Telinha\",\"@id\":\"https:\/\/portaltela.pt\/#\/schema\/person\/c4278d4a6028830caff9ee44b42d32ed\"},\"headline\":\"Caso Emiliano Sala: Cardiff paga 480 mil euros ao Nantes ap\u00f3s disputa de 122M\",\"datePublished\":\"2026-03-30T14:02:26+00:00\",\"mainEntityOfPage\":{\"@id\":\"https:\/\/portaltela.pt\/noticias\/2026\/03\/30\/caso-emiliano-sala-cardiff-paga-480-mil-euros-ao-nantes-apos-disputa-de-122m\/\"},\"wordCount\":167,\"image\":{\"@id\":\"https:\/\/portaltela.pt\/noticias\/2026\/03\/30\/caso-emiliano-sala-cardiff-paga-480-mil-euros-ao-nantes-apos-disputa-de-122m\/#primaryimage\"},\"thumbnailUrl\":\"https:\/\/portaltela.pt\/s.01k8rhncp4jt1\/2026\/03\/img_920x518uu2026-03-28-15-09-44-2429844-im-639103083591689559.jpg\",\"keywords\":[\"acidente\",\"Fran\u00e7a\",\"futebol\",\"futebol internacional\",\"indeniza\u00e7\u00e3o\",\"Reino Unido\"],\"articleSection\":[\"Desporto\",\"Futebol\"],\"inLanguage\":\"pt-PT\"},{\"@type\":\"WebPage\",\"@id\":\"https:\/\/portaltela.pt\/noticias\/2026\/03\/30\/caso-emiliano-sala-cardiff-paga-480-mil-euros-ao-nantes-apos-disputa-de-122m\/\",\"url\":\"https:\/\/portaltela.pt\/noticias\/2026\/03\/30\/caso-emiliano-sala-cardiff-paga-480-mil-euros-ao-nantes-apos-disputa-de-122m\/\",\"name\":\"Caso Emiliano Sala: Cardiff paga 480 mil euros ao Nantes ap\u00f3s disputa de 122M - Portal Tela Portugal\",\"isPartOf\":{\"@id\":\"https:\/\/portaltela.pt\/#website\"},\"primaryImageOfPage\":{\"@id\":\"https:\/\/portaltela.pt\/noticias\/2026\/03\/30\/caso-emiliano-sala-cardiff-paga-480-mil-euros-ao-nantes-apos-disputa-de-122m\/#primaryimage\"},\"image\":{\"@id\":\"https:\/\/portaltela.pt\/noticias\/2026\/03\/30\/caso-emiliano-sala-cardiff-paga-480-mil-euros-ao-nantes-apos-disputa-de-122m\/#primaryimage\"},\"thumbnailUrl\":\"https:\/\/portaltela.pt\/s.01k8rhncp4jt1\/2026\/03\/img_920x518uu2026-03-28-15-09-44-2429844-im-639103083591689559.jpg\",\"datePublished\":\"2026-03-30T14:02:26+00:00\",\"author\":{\"@id\":\"https:\/\/portaltela.pt\/#\/schema\/person\/c4278d4a6028830caff9ee44b42d32ed\"},\"breadcrumb\":{\"@id\":\"https:\/\/portaltela.pt\/noticias\/2026\/03\/30\/caso-emiliano-sala-cardiff-paga-480-mil-euros-ao-nantes-apos-disputa-de-122m\/#breadcrumb\"},\"inLanguage\":\"pt-PT\",\"potentialAction\":[{\"@type\":\"ReadAction\",\"target\":[\"https:\/\/portaltela.pt\/noticias\/2026\/03\/30\/caso-emiliano-sala-cardiff-paga-480-mil-euros-ao-nantes-apos-disputa-de-122m\/\"]}]},{\"@type\":\"ImageObject\",\"inLanguage\":\"pt-PT\",\"@id\":\"https:\/\/portaltela.pt\/noticias\/2026\/03\/30\/caso-emiliano-sala-cardiff-paga-480-mil-euros-ao-nantes-apos-disputa-de-122m\/#primaryimage\",\"url\":\"https:\/\/portaltela.pt\/s.01k8rhncp4jt1\/2026\/03\/img_920x518uu2026-03-28-15-09-44-2429844-im-639103083591689559.jpg\",\"contentUrl\":\"https:\/\/portaltela.pt\/s.01k8rhncp4jt1\/2026\/03\/img_920x518uu2026-03-28-15-09-44-2429844-im-639103083591689559.jpg\",\"width\":796,\"height\":448,\"caption\":\"Memorial em honra a Emiliano Sala\"},{\"@type\":\"BreadcrumbList\",\"@id\":\"https:\/\/portaltela.pt\/noticias\/2026\/03\/30\/caso-emiliano-sala-cardiff-paga-480-mil-euros-ao-nantes-apos-disputa-de-122m\/#breadcrumb\",\"itemListElement\":[{\"@type\":\"ListItem\",\"position\":1,\"name\":\"In\u00edcio\",\"item\":\"https:\/\/portaltela.pt\/\"},{\"@type\":\"ListItem\",\"position\":2,\"name\":\"Caso Emiliano Sala: Cardiff paga 480 mil euros ao Nantes ap\u00f3s disputa de 122M\"}]},{\"@type\":\"WebSite\",\"@id\":\"https:\/\/portaltela.pt\/#website\",\"url\":\"https:\/\/portaltela.pt\/\",\"name\":\"Portal Tela Portugal\",\"description\":\"\",\"potentialAction\":[{\"@type\":\"SearchAction\",\"target\":{\"@type\":\"EntryPoint\",\"urlTemplate\":\"https:\/\/portaltela.pt\/?s={search_term_string}\"},\"query-input\":{\"@type\":\"PropertyValueSpecification\",\"valueRequired\":true,\"valueName\":\"search_term_string\"}}],\"inLanguage\":\"pt-PT\"},{\"@type\":\"Person\",\"@id\":\"https:\/\/portaltela.pt\/#\/schema\/person\/c4278d4a6028830caff9ee44b42d32ed\",\"name\":\"Telinha\",\"image\":{\"@type\":\"ImageObject\",\"inLanguage\":\"pt-PT\",\"@id\":\"https:\/\/portaltela.pt\/s.01k8rhncp4jt1\/2025\/11\/talking-bot-125x125.png\",\"url\":\"https:\/\/portaltela.pt\/s.01k8rhncp4jt1\/2025\/11\/talking-bot-125x125.png\",\"contentUrl\":\"https:\/\/portaltela.pt\/s.01k8rhncp4jt1\/2025\/11\/talking-bot-125x125.png\",\"caption\":\"Telinha\"},\"sameAs\":[\"https:\/\/portaltela.pt\/\"],\"url\":\"https:\/\/portaltela.pt\/por\/367410592786\/\"}]}<\/script>\n<!-- \/ Yoast SEO plugin. -->","yoast_head_json":{"title":"Caso Emiliano Sala: Cardiff paga 480 mil euros ao Nantes ap\u00f3s disputa de 122M - Portal Tela Portugal","robots":{"index":"index","follow":"follow","max-snippet":"max-snippet:-1","max-image-preview":"max-image-preview:large","max-video-preview":"max-video-preview:-1"},"og_locale":"pt_PT","og_type":"article","og_title":"Caso Emiliano Sala: Cardiff paga 480 mil euros ao Nantes ap\u00f3s disputa de 122M - Portal Tela Portugal","og_description":"O Tribunal Comercial de Nantes decidiu na segunda-feira que o Cardiff City deve indemnizar o Nantes com 480 mil euros, encerrando o processo entre os clubes. O Cardiff reclamava 122 milh\u00f5es de euros, sustentando preju\u00edzos milion\u00e1rios atribu\u00eddos \u00e0 morte de Emiliano Sala e impacto na manuten\u00e7\u00e3o da Premier League. A acusa\u00e7\u00e3o apontava neglig\u00eancia na organiza\u00e7\u00e3o do voo e responsabilizava o empres\u00e1rio Willie McKay pela culpa. Emiliano Sala morreu a 21 de janeiro de 2019 num acidente de avi\u00e3o no Canal da Mancha, quando viajava de Fran\u00e7a para o Pa\u00eds de Gales; o Cardiff tinha contratado o jogador ao Nantes por 17 milh\u00f5es de euros, com apresenta\u00e7\u00e3o marcada. O Cardiff terminou a \u00e9poca no antepen\u00faltimo lugar da liga inglesa, com 34 pontos.","og_url":"https:\/\/portaltela.pt\/noticias\/2026\/03\/30\/caso-emiliano-sala-cardiff-paga-480-mil-euros-ao-nantes-apos-disputa-de-122m\/","og_site_name":"Portal Tela Portugal","article_published_time":"2026-03-30T14:02:26+00:00","author":"Telinha","twitter_card":"summary_large_image","twitter_misc":{"Escrito por":"Telinha","Tempo estimado de leitura":"1 minuto"},"schema":{"@context":"https:\/\/schema.org","@graph":[{"@type":"Article","@id":"https:\/\/portaltela.pt\/noticias\/2026\/03\/30\/caso-emiliano-sala-cardiff-paga-480-mil-euros-ao-nantes-apos-disputa-de-122m\/#article","isPartOf":{"@id":"https:\/\/portaltela.pt\/noticias\/2026\/03\/30\/caso-emiliano-sala-cardiff-paga-480-mil-euros-ao-nantes-apos-disputa-de-122m\/"},"author":{"name":"Telinha","@id":"https:\/\/portaltela.pt\/#\/schema\/person\/c4278d4a6028830caff9ee44b42d32ed"},"headline":"Caso Emiliano Sala: Cardiff paga 480 mil euros ao Nantes ap\u00f3s disputa de 122M","datePublished":"2026-03-30T14:02:26+00:00","mainEntityOfPage":{"@id":"https:\/\/portaltela.pt\/noticias\/2026\/03\/30\/caso-emiliano-sala-cardiff-paga-480-mil-euros-ao-nantes-apos-disputa-de-122m\/"},"wordCount":167,"image":{"@id":"https:\/\/portaltela.pt\/noticias\/2026\/03\/30\/caso-emiliano-sala-cardiff-paga-480-mil-euros-ao-nantes-apos-disputa-de-122m\/#primaryimage"},"thumbnailUrl":"https:\/\/portaltela.pt\/s.01k8rhncp4jt1\/2026\/03\/img_920x518uu2026-03-28-15-09-44-2429844-im-639103083591689559.jpg","keywords":["acidente","Fran\u00e7a","futebol","futebol internacional","indeniza\u00e7\u00e3o","Reino Unido"],"articleSection":["Desporto","Futebol"],"inLanguage":"pt-PT"},{"@type":"WebPage","@id":"https:\/\/portaltela.pt\/noticias\/2026\/03\/30\/caso-emiliano-sala-cardiff-paga-480-mil-euros-ao-nantes-apos-disputa-de-122m\/","url":"https:\/\/portaltela.pt\/noticias\/2026\/03\/30\/caso-emiliano-sala-cardiff-paga-480-mil-euros-ao-nantes-apos-disputa-de-122m\/","name":"Caso Emiliano Sala: Cardiff paga 480 mil euros ao Nantes ap\u00f3s disputa de 122M - Portal Tela Portugal","isPartOf":{"@id":"https:\/\/portaltela.pt\/#website"},"primaryImageOfPage":{"@id":"https:\/\/portaltela.pt\/noticias\/2026\/03\/30\/caso-emiliano-sala-cardiff-paga-480-mil-euros-ao-nantes-apos-disputa-de-122m\/#primaryimage"},"image":{"@id":"https:\/\/portaltela.pt\/noticias\/2026\/03\/30\/caso-emiliano-sala-cardiff-paga-480-mil-euros-ao-nantes-apos-disputa-de-122m\/#primaryimage"},"thumbnailUrl":"https:\/\/portaltela.pt\/s.01k8rhncp4jt1\/2026\/03\/img_920x518uu2026-03-28-15-09-44-2429844-im-639103083591689559.jpg","datePublished":"2026-03-30T14:02:26+00:00","author":{"@id":"https:\/\/portaltela.pt\/#\/schema\/person\/c4278d4a6028830caff9ee44b42d32ed"},"breadcrumb":{"@id":"https:\/\/portaltela.pt\/noticias\/2026\/03\/30\/caso-emiliano-sala-cardiff-paga-480-mil-euros-ao-nantes-apos-disputa-de-122m\/#breadcrumb"},"inLanguage":"pt-PT","potentialAction":[{"@type":"ReadAction","target":["https:\/\/portaltela.pt\/noticias\/2026\/03\/30\/caso-emiliano-sala-cardiff-paga-480-mil-euros-ao-nantes-apos-disputa-de-122m\/"]}]},{"@type":"ImageObject","inLanguage":"pt-PT","@id":"https:\/\/portaltela.pt\/noticias\/2026\/03\/30\/caso-emiliano-sala-cardiff-paga-480-mil-euros-ao-nantes-apos-disputa-de-122m\/#primaryimage","url":"https:\/\/portaltela.pt\/s.01k8rhncp4jt1\/2026\/03\/img_920x518uu2026-03-28-15-09-44-2429844-im-639103083591689559.jpg","contentUrl":"https:\/\/portaltela.pt\/s.01k8rhncp4jt1\/2026\/03\/img_920x518uu2026-03-28-15-09-44-2429844-im-639103083591689559.jpg","width":796,"height":448,"caption":"Memorial em honra a Emiliano Sala"},{"@type":"BreadcrumbList","@id":"https:\/\/portaltela.pt\/noticias\/2026\/03\/30\/caso-emiliano-sala-cardiff-paga-480-mil-euros-ao-nantes-apos-disputa-de-122m\/#breadcrumb","itemListElement":[{"@type":"ListItem","position":1,"name":"In\u00edcio","item":"https:\/\/portaltela.pt\/"},{"@type":"ListItem","position":2,"name":"Caso Emiliano Sala: Cardiff paga 480 mil euros ao Nantes ap\u00f3s disputa de 122M"}]},{"@type":"WebSite","@id":"https:\/\/portaltela.pt\/#website","url":"https:\/\/portaltela.pt\/","name":"Portal Tela Portugal","description":"","potentialAction":[{"@type":"SearchAction","target":{"@type":"EntryPoint","urlTemplate":"https:\/\/portaltela.pt\/?s={search_term_string}"},"query-input":{"@type":"PropertyValueSpecification","valueRequired":true,"valueName":"search_term_string"}}],"inLanguage":"pt-PT"},{"@type":"Person","@id":"https:\/\/portaltela.pt\/#\/schema\/person\/c4278d4a6028830caff9ee44b42d32ed","name":"Telinha","image":{"@type":"ImageObject","inLanguage":"pt-PT","@id":"https:\/\/portaltela.pt\/s.01k8rhncp4jt1\/2025\/11\/talking-bot-125x125.png","url":"https:\/\/portaltela.pt\/s.01k8rhncp4jt1\/2025\/11\/talking-bot-125x125.png","contentUrl":"https:\/\/portaltela.pt\/s.01k8rhncp4jt1\/2025\/11\/talking-bot-125x125.png","caption":"Telinha"},"sameAs":["https:\/\/portaltela.pt\/"],"url":"https:\/\/portaltela.pt\/por\/367410592786\/"}]}},"_links":{"self":[{"href":"https:\/\/portaltela.pt\/api\/wp\/v2\/posts\/426991","targetHints":{"allow":["GET"]}}],"collection":[{"href":"https:\/\/portaltela.pt\/api\/wp\/v2\/posts"}],"about":[{"href":"https:\/\/portaltela.pt\/api\/wp\/v2\/types\/post"}],"author":[{"embeddable":true,"href":"https:\/\/portaltela.pt\/api\/wp\/v2\/users\/2"}],"replies":[{"embeddable":true,"href":"https:\/\/portaltela.pt\/api\/wp\/v2\/comments?post=426991"}],"version-history":[{"count":0,"href":"https:\/\/portaltela.pt\/api\/wp\/v2\/posts\/426991\/revisions"}],"wp:featuredmedia":[{"embeddable":true,"href":"https:\/\/portaltela.pt\/api\/wp\/v2\/media\/426994"}],"wp:attachment":[{"href":"https:\/\/portaltela.pt\/api\/wp\/v2\/media?parent=426991"}],"wp:term":[{"taxonomy":"category","embeddable":true,"href":"https:\/\/portaltela.pt\/api\/wp\/v2\/categories?post=426991"},{"taxonomy":"post_tag","embeddable":true,"href":"https:\/\/portaltela.pt\/api\/wp\/v2\/tags?post=426991"}],"curies":[{"name":"wp","href":"https:\/\/api.w.org\/{rel}","templated":true}]}}