{"id":426987,"date":"2026-03-30T11:02:20","date_gmt":"2026-03-30T14:02:20","guid":{"rendered":"https:\/\/portaltela.pt\/noticias\/2026\/03\/30\/saramago-e-a-escola-que-abdica-do-pensamento-critico\/"},"modified":"2026-03-30T11:02:20","modified_gmt":"2026-03-30T14:02:20","slug":"saramago-e-a-escola-que-abdica-do-pensamento-critico","status":"publish","type":"post","link":"https:\/\/portaltela.pt\/sociedade\/2026\/03\/30\/saramago-e-a-escola-que-abdica-do-pensamento-critico\/","title":{"rendered":"Saramago e a escola que abdica do pensamento cr\u00edtico"},"content":{"rendered":"<p>Numa escola p\u00fablica que pretende formar cidad\u00e3os cr\u00edticos e participativos, aparece a discuss\u00e3o sobre tornar facultativa a leitura de Jos\u00e9 Saramago no 12\u00ba ano. O debate envolve decis\u00f5es curriculares anunciadas ou em avalia\u00e7\u00e3o, com impacto direto no programa de leitura obrigat\u00f3ria.<\/p>\n<p>A pol\u00e9mica n\u00e3o se resume ao valor de um escritor, mas \u00e0 identidade da escola enquanto espa\u00e7o de pensamento. Saramago \u00e9 visto como um marco do pensamento social, pol\u00edtico e liter\u00e1rio portugu\u00eas do s\u00e9culo XX, cuja obra exige leitura atenta, contexto hist\u00f3rico e reflex\u00e3o sobre poder e justi\u00e7a.<\/p>\n<p>A not\u00edcia ganha corpo com a incerteza sobre a continuidade da obrigatoriedade da leitura de Saramago, que \u00e9 apontada como elemento central para desenvolver pensamento cr\u00edtico e leitura profunda entre os alunos. A decis\u00e3o depende de orienta\u00e7\u00f5es curriculares em vigor e de avalia\u00e7\u00f5es internas nas escolas.<\/p>\n<h3>Defesas e cr\u00edticas<\/h3>\n<p>Defensores argumentam que a obra imp\u00f5e desafio intelectual, estimulando o confronto com realidades inc\u00f4modas e promovendo debate informado. A leitura de Saramago \u00e9 apresentada como oportunidade de ensinar a interpretar textos complexos e a questionar o mundo.<\/p>\n<p>Cr\u00edticos sugerem que a escola deve adaptar conte\u00fados para simplificar a aprendizagem, reduzindo a complexidade. Em vez de excluir autores exigentes, defendem que a educa\u00e7\u00e3o ganhe em diversidade de leituras e de perspectivas para manter o compromisso com o pensamento cr\u00edtico.<\/p>\n","protected":false},"excerpt":{"rendered":"<ul>\n<li>Debate sobre a inclus\u00e3o de Jos\u00e9 Saramago no curr\u00edculo do 12\u00ba ano e a sua fun\u00e7\u00e3o como exerc\u00edcio de pensamento cr\u00edtico na escola.<\/li>\n<li>Cr\u00edtica a tend\u00eancias atuais de simplifica\u00e7\u00e3o de conte\u00fados na escola p\u00fablica, que, alegadamente, empobrecem os alunos.<\/li>\n<li>Saramago \u00e9 visto como autor que exige leitura demorada, contexto, pensamento hist\u00f3rico, justi\u00e7a e compreens\u00e3o das rela\u00e7\u00f5es de poder.<\/li>\n<li>Estudar Saramago n\u00e3o \u00e9 apenas ler literatura; \u00e9 confrontar\u2011se com um marco do pensamento social, pol\u00edtico e liter\u00e1rio portugu\u00eas do s\u00e9culo XX.<\/li>\n<li>Achar que a escola n\u00e3o deve desistir de autores dif\u00edceis, pois Saramago \u00e9 visto como ant\u00eddoto para a pressa e a superficialidade, contribuindo para formar cidad\u00e3os cr\u00edticos.<\/li>\n<\/ul>\n","protected":false},"author":2,"featured_media":426989,"comment_status":"closed","ping_status":"closed","sticky":false,"template":"","format":"standard","meta":{"footnotes":""},"categories":[1,6871],"tags":[3273,145,163,2443,106],"class_list":["post-426987","post","type-post","status-publish","format-standard","has-post-thumbnail","hentry","category-noticias","category-sociedade","tag-assuntos-sociais","tag-cultura","tag-educacao","tag-educacao-publica","tag-literatura"],"yoast_head":"<!-- This site is optimized with the Yoast SEO plugin v27.2 - https:\/\/yoast.com\/product\/yoast-seo-wordpress\/ -->\n<title>Saramago e a escola que abdica do pensamento cr\u00edtico - Portal Tela Portugal<\/title>\n<meta name=\"robots\" content=\"index, follow, max-snippet:-1, max-image-preview:large, max-video-preview:-1\" \/>\n<meta property=\"og:locale\" content=\"pt_PT\" \/>\n<meta property=\"og:type\" content=\"article\" \/>\n<meta property=\"og:title\" content=\"Saramago e a escola que abdica do pensamento cr\u00edtico - Portal Tela Portugal\" \/>\n<meta property=\"og:description\" content=\"Debate sobre a inclus\u00e3o de Jos\u00e9 Saramago no curr\u00edculo do 12\u00ba ano e a sua fun\u00e7\u00e3o como exerc\u00edcio de pensamento cr\u00edtico na escola. Cr\u00edtica a tend\u00eancias atuais de simplifica\u00e7\u00e3o de conte\u00fados na escola p\u00fablica, que, alegadamente, empobrecem os alunos. Saramago \u00e9 visto como autor que exige leitura demorada, contexto, pensamento hist\u00f3rico, justi\u00e7a e compreens\u00e3o das rela\u00e7\u00f5es de poder. Estudar Saramago n\u00e3o \u00e9 apenas ler literatura; \u00e9 confrontar\u2011se com um marco do pensamento social, pol\u00edtico e liter\u00e1rio portugu\u00eas do s\u00e9culo XX. Achar que a escola n\u00e3o deve desistir de autores dif\u00edceis, pois Saramago \u00e9 visto como ant\u00eddoto para a pressa e a superficialidade, contribuindo para formar cidad\u00e3os cr\u00edticos.\" \/>\n<meta property=\"og:url\" content=\"https:\/\/portaltela.pt\/noticias\/2026\/03\/30\/saramago-e-a-escola-que-abdica-do-pensamento-critico\/\" \/>\n<meta property=\"og:site_name\" content=\"Portal Tela Portugal\" \/>\n<meta property=\"article:published_time\" content=\"2026-03-30T14:02:20+00:00\" \/>\n<meta name=\"author\" content=\"Telinha\" \/>\n<meta name=\"twitter:card\" content=\"summary_large_image\" \/>\n<meta name=\"twitter:label1\" content=\"Escrito por\" \/>\n\t<meta name=\"twitter:data1\" content=\"Telinha\" \/>\n\t<meta name=\"twitter:label2\" content=\"Tempo estimado de leitura\" \/>\n\t<meta name=\"twitter:data2\" content=\"1 minuto\" \/>\n<script type=\"application\/ld+json\" class=\"yoast-schema-graph\">{\"@context\":\"https:\/\/schema.org\",\"@graph\":[{\"@type\":\"Article\",\"@id\":\"https:\/\/portaltela.pt\/noticias\/2026\/03\/30\/saramago-e-a-escola-que-abdica-do-pensamento-critico\/#article\",\"isPartOf\":{\"@id\":\"https:\/\/portaltela.pt\/noticias\/2026\/03\/30\/saramago-e-a-escola-que-abdica-do-pensamento-critico\/\"},\"author\":{\"name\":\"Telinha\",\"@id\":\"https:\/\/portaltela.pt\/#\/schema\/person\/c4278d4a6028830caff9ee44b42d32ed\"},\"headline\":\"Saramago e a escola que abdica do pensamento cr\u00edtico\",\"datePublished\":\"2026-03-30T14:02:20+00:00\",\"mainEntityOfPage\":{\"@id\":\"https:\/\/portaltela.pt\/noticias\/2026\/03\/30\/saramago-e-a-escola-que-abdica-do-pensamento-critico\/\"},\"wordCount\":250,\"image\":{\"@id\":\"https:\/\/portaltela.pt\/noticias\/2026\/03\/30\/saramago-e-a-escola-que-abdica-do-pensamento-critico\/#primaryimage\"},\"thumbnailUrl\":\"https:\/\/portaltela.pt\/s.01k8rhncp4jt1\/2026\/03\/2077976.jpg\",\"keywords\":[\"Assuntos Sociais\",\"cultura\",\"educa\u00e7\u00e3o\",\"educa\u00e7\u00e3o p\u00fablica\",\"literatura\"],\"articleSection\":[\"Not\u00edcias\",\"Sociedade\"],\"inLanguage\":\"pt-PT\"},{\"@type\":\"WebPage\",\"@id\":\"https:\/\/portaltela.pt\/noticias\/2026\/03\/30\/saramago-e-a-escola-que-abdica-do-pensamento-critico\/\",\"url\":\"https:\/\/portaltela.pt\/noticias\/2026\/03\/30\/saramago-e-a-escola-que-abdica-do-pensamento-critico\/\",\"name\":\"Saramago e a escola que abdica do pensamento cr\u00edtico - Portal Tela Portugal\",\"isPartOf\":{\"@id\":\"https:\/\/portaltela.pt\/#website\"},\"primaryImageOfPage\":{\"@id\":\"https:\/\/portaltela.pt\/noticias\/2026\/03\/30\/saramago-e-a-escola-que-abdica-do-pensamento-critico\/#primaryimage\"},\"image\":{\"@id\":\"https:\/\/portaltela.pt\/noticias\/2026\/03\/30\/saramago-e-a-escola-que-abdica-do-pensamento-critico\/#primaryimage\"},\"thumbnailUrl\":\"https:\/\/portaltela.pt\/s.01k8rhncp4jt1\/2026\/03\/2077976.jpg\",\"datePublished\":\"2026-03-30T14:02:20+00:00\",\"author\":{\"@id\":\"https:\/\/portaltela.pt\/#\/schema\/person\/c4278d4a6028830caff9ee44b42d32ed\"},\"breadcrumb\":{\"@id\":\"https:\/\/portaltela.pt\/noticias\/2026\/03\/30\/saramago-e-a-escola-que-abdica-do-pensamento-critico\/#breadcrumb\"},\"inLanguage\":\"pt-PT\",\"potentialAction\":[{\"@type\":\"ReadAction\",\"target\":[\"https:\/\/portaltela.pt\/noticias\/2026\/03\/30\/saramago-e-a-escola-que-abdica-do-pensamento-critico\/\"]}]},{\"@type\":\"ImageObject\",\"inLanguage\":\"pt-PT\",\"@id\":\"https:\/\/portaltela.pt\/noticias\/2026\/03\/30\/saramago-e-a-escola-que-abdica-do-pensamento-critico\/#primaryimage\",\"url\":\"https:\/\/portaltela.pt\/s.01k8rhncp4jt1\/2026\/03\/2077976.jpg\",\"contentUrl\":\"https:\/\/portaltela.pt\/s.01k8rhncp4jt1\/2026\/03\/2077976.jpg\",\"width\":796,\"height\":448,\"caption\":\"Megafone P3\"},{\"@type\":\"BreadcrumbList\",\"@id\":\"https:\/\/portaltela.pt\/noticias\/2026\/03\/30\/saramago-e-a-escola-que-abdica-do-pensamento-critico\/#breadcrumb\",\"itemListElement\":[{\"@type\":\"ListItem\",\"position\":1,\"name\":\"In\u00edcio\",\"item\":\"https:\/\/portaltela.pt\/\"},{\"@type\":\"ListItem\",\"position\":2,\"name\":\"Saramago e a escola que abdica do pensamento cr\u00edtico\"}]},{\"@type\":\"WebSite\",\"@id\":\"https:\/\/portaltela.pt\/#website\",\"url\":\"https:\/\/portaltela.pt\/\",\"name\":\"Portal Tela Portugal\",\"description\":\"\",\"potentialAction\":[{\"@type\":\"SearchAction\",\"target\":{\"@type\":\"EntryPoint\",\"urlTemplate\":\"https:\/\/portaltela.pt\/?s={search_term_string}\"},\"query-input\":{\"@type\":\"PropertyValueSpecification\",\"valueRequired\":true,\"valueName\":\"search_term_string\"}}],\"inLanguage\":\"pt-PT\"},{\"@type\":\"Person\",\"@id\":\"https:\/\/portaltela.pt\/#\/schema\/person\/c4278d4a6028830caff9ee44b42d32ed\",\"name\":\"Telinha\",\"image\":{\"@type\":\"ImageObject\",\"inLanguage\":\"pt-PT\",\"@id\":\"https:\/\/portaltela.pt\/s.01k8rhncp4jt1\/2025\/11\/talking-bot-125x125.png\",\"url\":\"https:\/\/portaltela.pt\/s.01k8rhncp4jt1\/2025\/11\/talking-bot-125x125.png\",\"contentUrl\":\"https:\/\/portaltela.pt\/s.01k8rhncp4jt1\/2025\/11\/talking-bot-125x125.png\",\"caption\":\"Telinha\"},\"sameAs\":[\"https:\/\/portaltela.pt\/\"],\"url\":\"https:\/\/portaltela.pt\/por\/367410592786\/\"}]}<\/script>\n<!-- \/ Yoast SEO plugin. -->","yoast_head_json":{"title":"Saramago e a escola que abdica do pensamento cr\u00edtico - Portal Tela Portugal","robots":{"index":"index","follow":"follow","max-snippet":"max-snippet:-1","max-image-preview":"max-image-preview:large","max-video-preview":"max-video-preview:-1"},"og_locale":"pt_PT","og_type":"article","og_title":"Saramago e a escola que abdica do pensamento cr\u00edtico - Portal Tela Portugal","og_description":"Debate sobre a inclus\u00e3o de Jos\u00e9 Saramago no curr\u00edculo do 12\u00ba ano e a sua fun\u00e7\u00e3o como exerc\u00edcio de pensamento cr\u00edtico na escola. Cr\u00edtica a tend\u00eancias atuais de simplifica\u00e7\u00e3o de conte\u00fados na escola p\u00fablica, que, alegadamente, empobrecem os alunos. Saramago \u00e9 visto como autor que exige leitura demorada, contexto, pensamento hist\u00f3rico, justi\u00e7a e compreens\u00e3o das rela\u00e7\u00f5es de poder. Estudar Saramago n\u00e3o \u00e9 apenas ler literatura; \u00e9 confrontar\u2011se com um marco do pensamento social, pol\u00edtico e liter\u00e1rio portugu\u00eas do s\u00e9culo XX. Achar que a escola n\u00e3o deve desistir de autores dif\u00edceis, pois Saramago \u00e9 visto como ant\u00eddoto para a pressa e a superficialidade, contribuindo para formar cidad\u00e3os cr\u00edticos.","og_url":"https:\/\/portaltela.pt\/noticias\/2026\/03\/30\/saramago-e-a-escola-que-abdica-do-pensamento-critico\/","og_site_name":"Portal Tela Portugal","article_published_time":"2026-03-30T14:02:20+00:00","author":"Telinha","twitter_card":"summary_large_image","twitter_misc":{"Escrito por":"Telinha","Tempo estimado de leitura":"1 minuto"},"schema":{"@context":"https:\/\/schema.org","@graph":[{"@type":"Article","@id":"https:\/\/portaltela.pt\/noticias\/2026\/03\/30\/saramago-e-a-escola-que-abdica-do-pensamento-critico\/#article","isPartOf":{"@id":"https:\/\/portaltela.pt\/noticias\/2026\/03\/30\/saramago-e-a-escola-que-abdica-do-pensamento-critico\/"},"author":{"name":"Telinha","@id":"https:\/\/portaltela.pt\/#\/schema\/person\/c4278d4a6028830caff9ee44b42d32ed"},"headline":"Saramago e a escola que abdica do pensamento cr\u00edtico","datePublished":"2026-03-30T14:02:20+00:00","mainEntityOfPage":{"@id":"https:\/\/portaltela.pt\/noticias\/2026\/03\/30\/saramago-e-a-escola-que-abdica-do-pensamento-critico\/"},"wordCount":250,"image":{"@id":"https:\/\/portaltela.pt\/noticias\/2026\/03\/30\/saramago-e-a-escola-que-abdica-do-pensamento-critico\/#primaryimage"},"thumbnailUrl":"https:\/\/portaltela.pt\/s.01k8rhncp4jt1\/2026\/03\/2077976.jpg","keywords":["Assuntos Sociais","cultura","educa\u00e7\u00e3o","educa\u00e7\u00e3o p\u00fablica","literatura"],"articleSection":["Not\u00edcias","Sociedade"],"inLanguage":"pt-PT"},{"@type":"WebPage","@id":"https:\/\/portaltela.pt\/noticias\/2026\/03\/30\/saramago-e-a-escola-que-abdica-do-pensamento-critico\/","url":"https:\/\/portaltela.pt\/noticias\/2026\/03\/30\/saramago-e-a-escola-que-abdica-do-pensamento-critico\/","name":"Saramago e a escola que abdica do pensamento cr\u00edtico - Portal Tela Portugal","isPartOf":{"@id":"https:\/\/portaltela.pt\/#website"},"primaryImageOfPage":{"@id":"https:\/\/portaltela.pt\/noticias\/2026\/03\/30\/saramago-e-a-escola-que-abdica-do-pensamento-critico\/#primaryimage"},"image":{"@id":"https:\/\/portaltela.pt\/noticias\/2026\/03\/30\/saramago-e-a-escola-que-abdica-do-pensamento-critico\/#primaryimage"},"thumbnailUrl":"https:\/\/portaltela.pt\/s.01k8rhncp4jt1\/2026\/03\/2077976.jpg","datePublished":"2026-03-30T14:02:20+00:00","author":{"@id":"https:\/\/portaltela.pt\/#\/schema\/person\/c4278d4a6028830caff9ee44b42d32ed"},"breadcrumb":{"@id":"https:\/\/portaltela.pt\/noticias\/2026\/03\/30\/saramago-e-a-escola-que-abdica-do-pensamento-critico\/#breadcrumb"},"inLanguage":"pt-PT","potentialAction":[{"@type":"ReadAction","target":["https:\/\/portaltela.pt\/noticias\/2026\/03\/30\/saramago-e-a-escola-que-abdica-do-pensamento-critico\/"]}]},{"@type":"ImageObject","inLanguage":"pt-PT","@id":"https:\/\/portaltela.pt\/noticias\/2026\/03\/30\/saramago-e-a-escola-que-abdica-do-pensamento-critico\/#primaryimage","url":"https:\/\/portaltela.pt\/s.01k8rhncp4jt1\/2026\/03\/2077976.jpg","contentUrl":"https:\/\/portaltela.pt\/s.01k8rhncp4jt1\/2026\/03\/2077976.jpg","width":796,"height":448,"caption":"Megafone P3"},{"@type":"BreadcrumbList","@id":"https:\/\/portaltela.pt\/noticias\/2026\/03\/30\/saramago-e-a-escola-que-abdica-do-pensamento-critico\/#breadcrumb","itemListElement":[{"@type":"ListItem","position":1,"name":"In\u00edcio","item":"https:\/\/portaltela.pt\/"},{"@type":"ListItem","position":2,"name":"Saramago e a escola que abdica do pensamento cr\u00edtico"}]},{"@type":"WebSite","@id":"https:\/\/portaltela.pt\/#website","url":"https:\/\/portaltela.pt\/","name":"Portal Tela Portugal","description":"","potentialAction":[{"@type":"SearchAction","target":{"@type":"EntryPoint","urlTemplate":"https:\/\/portaltela.pt\/?s={search_term_string}"},"query-input":{"@type":"PropertyValueSpecification","valueRequired":true,"valueName":"search_term_string"}}],"inLanguage":"pt-PT"},{"@type":"Person","@id":"https:\/\/portaltela.pt\/#\/schema\/person\/c4278d4a6028830caff9ee44b42d32ed","name":"Telinha","image":{"@type":"ImageObject","inLanguage":"pt-PT","@id":"https:\/\/portaltela.pt\/s.01k8rhncp4jt1\/2025\/11\/talking-bot-125x125.png","url":"https:\/\/portaltela.pt\/s.01k8rhncp4jt1\/2025\/11\/talking-bot-125x125.png","contentUrl":"https:\/\/portaltela.pt\/s.01k8rhncp4jt1\/2025\/11\/talking-bot-125x125.png","caption":"Telinha"},"sameAs":["https:\/\/portaltela.pt\/"],"url":"https:\/\/portaltela.pt\/por\/367410592786\/"}]}},"_links":{"self":[{"href":"https:\/\/portaltela.pt\/api\/wp\/v2\/posts\/426987","targetHints":{"allow":["GET"]}}],"collection":[{"href":"https:\/\/portaltela.pt\/api\/wp\/v2\/posts"}],"about":[{"href":"https:\/\/portaltela.pt\/api\/wp\/v2\/types\/post"}],"author":[{"embeddable":true,"href":"https:\/\/portaltela.pt\/api\/wp\/v2\/users\/2"}],"replies":[{"embeddable":true,"href":"https:\/\/portaltela.pt\/api\/wp\/v2\/comments?post=426987"}],"version-history":[{"count":0,"href":"https:\/\/portaltela.pt\/api\/wp\/v2\/posts\/426987\/revisions"}],"wp:featuredmedia":[{"embeddable":true,"href":"https:\/\/portaltela.pt\/api\/wp\/v2\/media\/426989"}],"wp:attachment":[{"href":"https:\/\/portaltela.pt\/api\/wp\/v2\/media?parent=426987"}],"wp:term":[{"taxonomy":"category","embeddable":true,"href":"https:\/\/portaltela.pt\/api\/wp\/v2\/categories?post=426987"},{"taxonomy":"post_tag","embeddable":true,"href":"https:\/\/portaltela.pt\/api\/wp\/v2\/tags?post=426987"}],"curies":[{"name":"wp","href":"https:\/\/api.w.org\/{rel}","templated":true}]}}