{"id":426984,"date":"2026-03-30T11:02:12","date_gmt":"2026-03-30T14:02:12","guid":{"rendered":"https:\/\/portaltela.pt\/noticias\/2026\/03\/30\/kika-cerqueira-gomes-viaja-ao-japao-para-apoiar-gasly-piloto-reage-com-amuleto\/"},"modified":"2026-03-30T11:02:12","modified_gmt":"2026-03-30T14:02:12","slug":"kika-cerqueira-gomes-viaja-ao-japao-para-apoiar-gasly-piloto-reage-com-amuleto","status":"publish","type":"post","link":"https:\/\/portaltela.pt\/desporto\/futebol\/2026\/03\/30\/kika-cerqueira-gomes-viaja-ao-japao-para-apoiar-gasly-piloto-reage-com-amuleto\/","title":{"rendered":"Kika Cerqueira Gomes viaja ao Jap\u00e3o para apoiar Gasly; piloto reage com amuleto"},"content":{"rendered":"<p>Kika Cerqueira Gomes, modelo portuguesa conhecida no paddock da F\u00f3rmula 1, viajou este fim de semana at\u00e9 ao Jap\u00e3o para apoiar o namorado, Pierre Gasly, numa etapa da temporada. A presen\u00e7a da companheira foi destacada nas redes sociais pelos f\u00e3s e pela imprensa desportiva.<\/p>\n<p>Gasly mostrou apre\u00e7o pela presen\u00e7a de Kika, referindo-a publicamente como o seu amuleto da sorte numa mensagem partilhada online. O coment\u00e1rio veio a lume ap\u00f3s a corrida, em tom de confid\u00eancia entre o piloto e o p\u00fablico.<\/p>\n<p>Na pista, Gasly terminou a corrida na s\u00e9tima posi\u00e7\u00e3o. Com este resultado, o piloto franc\u00eas ocupa a oitava posi\u00e7\u00e3o no campeonato de pilotos.<\/p>\n","protected":false},"excerpt":{"rendered":"<ul>\n<li>Kika Cerqueira Gomes viajou at\u00e9 ao Jap\u00e3o para apoiar o namorado, Pierre Gasly, numa etapa da F\u00f3rmula 1.<\/li>\n<li>Nas redes sociais, Gasly destacou a import\u00e2ncia da companheira, chamando-a de seu amuleto da sorte.<\/li>\n<li>O piloto terminou a corrida na s\u00e9tima posi\u00e7\u00e3o.<\/li>\n<li>Gasly ocupa, neste momento, a oitava posi\u00e7\u00e3o no ranking de pilotos.<\/li>\n<\/ul>\n","protected":false},"author":2,"featured_media":426986,"comment_status":"closed","ping_status":"closed","sticky":false,"template":"","format":"standard","meta":{"footnotes":""},"categories":[21,24],"tags":[2681,60,3833,81,1014],"class_list":["post-426984","post","type-post","status-publish","format-standard","has-post-thumbnail","hentry","category-desporto","category-futebol","tag-desporto-internacional","tag-esportes","tag-f1","tag-internacionais","tag-portugal"],"yoast_head":"<!-- This site is optimized with the Yoast SEO plugin v27.2 - https:\/\/yoast.com\/product\/yoast-seo-wordpress\/ -->\n<title>Kika Cerqueira Gomes viaja ao Jap\u00e3o para apoiar Gasly; piloto reage com amuleto - Portal Tela Portugal<\/title>\n<meta name=\"robots\" content=\"index, follow, max-snippet:-1, max-image-preview:large, max-video-preview:-1\" \/>\n<meta property=\"og:locale\" content=\"pt_PT\" \/>\n<meta property=\"og:type\" content=\"article\" \/>\n<meta property=\"og:title\" content=\"Kika Cerqueira Gomes viaja ao Jap\u00e3o para apoiar Gasly; piloto reage com amuleto - Portal Tela Portugal\" \/>\n<meta property=\"og:description\" content=\"Kika Cerqueira Gomes viajou at\u00e9 ao Jap\u00e3o para apoiar o namorado, Pierre Gasly, numa etapa da F\u00f3rmula 1. Nas redes sociais, Gasly destacou a import\u00e2ncia da companheira, chamando-a de seu amuleto da sorte. O piloto terminou a corrida na s\u00e9tima posi\u00e7\u00e3o. Gasly ocupa, neste momento, a oitava posi\u00e7\u00e3o no ranking de pilotos.\" \/>\n<meta property=\"og:url\" content=\"https:\/\/portaltela.pt\/noticias\/2026\/03\/30\/kika-cerqueira-gomes-viaja-ao-japao-para-apoiar-gasly-piloto-reage-com-amuleto\/\" \/>\n<meta property=\"og:site_name\" content=\"Portal Tela Portugal\" \/>\n<meta property=\"article:published_time\" content=\"2026-03-30T14:02:12+00:00\" \/>\n<meta name=\"author\" content=\"Telinha\" \/>\n<meta name=\"twitter:card\" content=\"summary_large_image\" \/>\n<meta name=\"twitter:label1\" content=\"Escrito por\" \/>\n\t<meta name=\"twitter:data1\" content=\"Telinha\" \/>\n\t<meta name=\"twitter:label2\" content=\"Tempo estimado de leitura\" \/>\n\t<meta name=\"twitter:data2\" content=\"1 minuto\" \/>\n<script type=\"application\/ld+json\" class=\"yoast-schema-graph\">{\"@context\":\"https:\/\/schema.org\",\"@graph\":[{\"@type\":\"Article\",\"@id\":\"https:\/\/portaltela.pt\/noticias\/2026\/03\/30\/kika-cerqueira-gomes-viaja-ao-japao-para-apoiar-gasly-piloto-reage-com-amuleto\/#article\",\"isPartOf\":{\"@id\":\"https:\/\/portaltela.pt\/noticias\/2026\/03\/30\/kika-cerqueira-gomes-viaja-ao-japao-para-apoiar-gasly-piloto-reage-com-amuleto\/\"},\"author\":{\"name\":\"Telinha\",\"@id\":\"https:\/\/portaltela.pt\/#\/schema\/person\/c4278d4a6028830caff9ee44b42d32ed\"},\"headline\":\"Kika Cerqueira Gomes viaja ao Jap\u00e3o para apoiar Gasly; piloto reage com amuleto\",\"datePublished\":\"2026-03-30T14:02:12+00:00\",\"mainEntityOfPage\":{\"@id\":\"https:\/\/portaltela.pt\/noticias\/2026\/03\/30\/kika-cerqueira-gomes-viaja-ao-japao-para-apoiar-gasly-piloto-reage-com-amuleto\/\"},\"wordCount\":131,\"image\":{\"@id\":\"https:\/\/portaltela.pt\/noticias\/2026\/03\/30\/kika-cerqueira-gomes-viaja-ao-japao-para-apoiar-gasly-piloto-reage-com-amuleto\/#primaryimage\"},\"thumbnailUrl\":\"https:\/\/portaltela.pt\/s.01k8rhncp4jt1\/2026\/03\/img_1280x718uu2025-11-09-18-53-12-2247071-im-638983112408478412.jpg\",\"keywords\":[\"desporto internacional\",\"esportes\",\"F1\",\"internacionais\",\"Portugal\"],\"articleSection\":[\"Desporto\",\"Futebol\"],\"inLanguage\":\"pt-PT\"},{\"@type\":\"WebPage\",\"@id\":\"https:\/\/portaltela.pt\/noticias\/2026\/03\/30\/kika-cerqueira-gomes-viaja-ao-japao-para-apoiar-gasly-piloto-reage-com-amuleto\/\",\"url\":\"https:\/\/portaltela.pt\/noticias\/2026\/03\/30\/kika-cerqueira-gomes-viaja-ao-japao-para-apoiar-gasly-piloto-reage-com-amuleto\/\",\"name\":\"Kika Cerqueira Gomes viaja ao Jap\u00e3o para apoiar Gasly; piloto reage com amuleto - Portal Tela Portugal\",\"isPartOf\":{\"@id\":\"https:\/\/portaltela.pt\/#website\"},\"primaryImageOfPage\":{\"@id\":\"https:\/\/portaltela.pt\/noticias\/2026\/03\/30\/kika-cerqueira-gomes-viaja-ao-japao-para-apoiar-gasly-piloto-reage-com-amuleto\/#primaryimage\"},\"image\":{\"@id\":\"https:\/\/portaltela.pt\/noticias\/2026\/03\/30\/kika-cerqueira-gomes-viaja-ao-japao-para-apoiar-gasly-piloto-reage-com-amuleto\/#primaryimage\"},\"thumbnailUrl\":\"https:\/\/portaltela.pt\/s.01k8rhncp4jt1\/2026\/03\/img_1280x718uu2025-11-09-18-53-12-2247071-im-638983112408478412.jpg\",\"datePublished\":\"2026-03-30T14:02:12+00:00\",\"author\":{\"@id\":\"https:\/\/portaltela.pt\/#\/schema\/person\/c4278d4a6028830caff9ee44b42d32ed\"},\"breadcrumb\":{\"@id\":\"https:\/\/portaltela.pt\/noticias\/2026\/03\/30\/kika-cerqueira-gomes-viaja-ao-japao-para-apoiar-gasly-piloto-reage-com-amuleto\/#breadcrumb\"},\"inLanguage\":\"pt-PT\",\"potentialAction\":[{\"@type\":\"ReadAction\",\"target\":[\"https:\/\/portaltela.pt\/noticias\/2026\/03\/30\/kika-cerqueira-gomes-viaja-ao-japao-para-apoiar-gasly-piloto-reage-com-amuleto\/\"]}]},{\"@type\":\"ImageObject\",\"inLanguage\":\"pt-PT\",\"@id\":\"https:\/\/portaltela.pt\/noticias\/2026\/03\/30\/kika-cerqueira-gomes-viaja-ao-japao-para-apoiar-gasly-piloto-reage-com-amuleto\/#primaryimage\",\"url\":\"https:\/\/portaltela.pt\/s.01k8rhncp4jt1\/2026\/03\/img_1280x718uu2025-11-09-18-53-12-2247071-im-638983112408478412.jpg\",\"contentUrl\":\"https:\/\/portaltela.pt\/s.01k8rhncp4jt1\/2026\/03\/img_1280x718uu2025-11-09-18-53-12-2247071-im-638983112408478412.jpg\",\"width\":1280,\"height\":718,\"caption\":\"Pierre Gasly e Kika Cerqueira Gomes\"},{\"@type\":\"BreadcrumbList\",\"@id\":\"https:\/\/portaltela.pt\/noticias\/2026\/03\/30\/kika-cerqueira-gomes-viaja-ao-japao-para-apoiar-gasly-piloto-reage-com-amuleto\/#breadcrumb\",\"itemListElement\":[{\"@type\":\"ListItem\",\"position\":1,\"name\":\"In\u00edcio\",\"item\":\"https:\/\/portaltela.pt\/\"},{\"@type\":\"ListItem\",\"position\":2,\"name\":\"Kika Cerqueira Gomes viaja ao Jap\u00e3o para apoiar Gasly; piloto reage com amuleto\"}]},{\"@type\":\"WebSite\",\"@id\":\"https:\/\/portaltela.pt\/#website\",\"url\":\"https:\/\/portaltela.pt\/\",\"name\":\"Portal Tela Portugal\",\"description\":\"\",\"potentialAction\":[{\"@type\":\"SearchAction\",\"target\":{\"@type\":\"EntryPoint\",\"urlTemplate\":\"https:\/\/portaltela.pt\/?s={search_term_string}\"},\"query-input\":{\"@type\":\"PropertyValueSpecification\",\"valueRequired\":true,\"valueName\":\"search_term_string\"}}],\"inLanguage\":\"pt-PT\"},{\"@type\":\"Person\",\"@id\":\"https:\/\/portaltela.pt\/#\/schema\/person\/c4278d4a6028830caff9ee44b42d32ed\",\"name\":\"Telinha\",\"image\":{\"@type\":\"ImageObject\",\"inLanguage\":\"pt-PT\",\"@id\":\"https:\/\/portaltela.pt\/s.01k8rhncp4jt1\/2025\/11\/talking-bot-125x125.png\",\"url\":\"https:\/\/portaltela.pt\/s.01k8rhncp4jt1\/2025\/11\/talking-bot-125x125.png\",\"contentUrl\":\"https:\/\/portaltela.pt\/s.01k8rhncp4jt1\/2025\/11\/talking-bot-125x125.png\",\"caption\":\"Telinha\"},\"sameAs\":[\"https:\/\/portaltela.pt\/\"],\"url\":\"https:\/\/portaltela.pt\/por\/367410592786\/\"}]}<\/script>\n<!-- \/ Yoast SEO plugin. -->","yoast_head_json":{"title":"Kika Cerqueira Gomes viaja ao Jap\u00e3o para apoiar Gasly; piloto reage com amuleto - Portal Tela Portugal","robots":{"index":"index","follow":"follow","max-snippet":"max-snippet:-1","max-image-preview":"max-image-preview:large","max-video-preview":"max-video-preview:-1"},"og_locale":"pt_PT","og_type":"article","og_title":"Kika Cerqueira Gomes viaja ao Jap\u00e3o para apoiar Gasly; piloto reage com amuleto - Portal Tela Portugal","og_description":"Kika Cerqueira Gomes viajou at\u00e9 ao Jap\u00e3o para apoiar o namorado, Pierre Gasly, numa etapa da F\u00f3rmula 1. Nas redes sociais, Gasly destacou a import\u00e2ncia da companheira, chamando-a de seu amuleto da sorte. O piloto terminou a corrida na s\u00e9tima posi\u00e7\u00e3o. Gasly ocupa, neste momento, a oitava posi\u00e7\u00e3o no ranking de pilotos.","og_url":"https:\/\/portaltela.pt\/noticias\/2026\/03\/30\/kika-cerqueira-gomes-viaja-ao-japao-para-apoiar-gasly-piloto-reage-com-amuleto\/","og_site_name":"Portal Tela Portugal","article_published_time":"2026-03-30T14:02:12+00:00","author":"Telinha","twitter_card":"summary_large_image","twitter_misc":{"Escrito por":"Telinha","Tempo estimado de leitura":"1 minuto"},"schema":{"@context":"https:\/\/schema.org","@graph":[{"@type":"Article","@id":"https:\/\/portaltela.pt\/noticias\/2026\/03\/30\/kika-cerqueira-gomes-viaja-ao-japao-para-apoiar-gasly-piloto-reage-com-amuleto\/#article","isPartOf":{"@id":"https:\/\/portaltela.pt\/noticias\/2026\/03\/30\/kika-cerqueira-gomes-viaja-ao-japao-para-apoiar-gasly-piloto-reage-com-amuleto\/"},"author":{"name":"Telinha","@id":"https:\/\/portaltela.pt\/#\/schema\/person\/c4278d4a6028830caff9ee44b42d32ed"},"headline":"Kika Cerqueira Gomes viaja ao Jap\u00e3o para apoiar Gasly; piloto reage com amuleto","datePublished":"2026-03-30T14:02:12+00:00","mainEntityOfPage":{"@id":"https:\/\/portaltela.pt\/noticias\/2026\/03\/30\/kika-cerqueira-gomes-viaja-ao-japao-para-apoiar-gasly-piloto-reage-com-amuleto\/"},"wordCount":131,"image":{"@id":"https:\/\/portaltela.pt\/noticias\/2026\/03\/30\/kika-cerqueira-gomes-viaja-ao-japao-para-apoiar-gasly-piloto-reage-com-amuleto\/#primaryimage"},"thumbnailUrl":"https:\/\/portaltela.pt\/s.01k8rhncp4jt1\/2026\/03\/img_1280x718uu2025-11-09-18-53-12-2247071-im-638983112408478412.jpg","keywords":["desporto internacional","esportes","F1","internacionais","Portugal"],"articleSection":["Desporto","Futebol"],"inLanguage":"pt-PT"},{"@type":"WebPage","@id":"https:\/\/portaltela.pt\/noticias\/2026\/03\/30\/kika-cerqueira-gomes-viaja-ao-japao-para-apoiar-gasly-piloto-reage-com-amuleto\/","url":"https:\/\/portaltela.pt\/noticias\/2026\/03\/30\/kika-cerqueira-gomes-viaja-ao-japao-para-apoiar-gasly-piloto-reage-com-amuleto\/","name":"Kika Cerqueira Gomes viaja ao Jap\u00e3o para apoiar Gasly; piloto reage com amuleto - Portal Tela Portugal","isPartOf":{"@id":"https:\/\/portaltela.pt\/#website"},"primaryImageOfPage":{"@id":"https:\/\/portaltela.pt\/noticias\/2026\/03\/30\/kika-cerqueira-gomes-viaja-ao-japao-para-apoiar-gasly-piloto-reage-com-amuleto\/#primaryimage"},"image":{"@id":"https:\/\/portaltela.pt\/noticias\/2026\/03\/30\/kika-cerqueira-gomes-viaja-ao-japao-para-apoiar-gasly-piloto-reage-com-amuleto\/#primaryimage"},"thumbnailUrl":"https:\/\/portaltela.pt\/s.01k8rhncp4jt1\/2026\/03\/img_1280x718uu2025-11-09-18-53-12-2247071-im-638983112408478412.jpg","datePublished":"2026-03-30T14:02:12+00:00","author":{"@id":"https:\/\/portaltela.pt\/#\/schema\/person\/c4278d4a6028830caff9ee44b42d32ed"},"breadcrumb":{"@id":"https:\/\/portaltela.pt\/noticias\/2026\/03\/30\/kika-cerqueira-gomes-viaja-ao-japao-para-apoiar-gasly-piloto-reage-com-amuleto\/#breadcrumb"},"inLanguage":"pt-PT","potentialAction":[{"@type":"ReadAction","target":["https:\/\/portaltela.pt\/noticias\/2026\/03\/30\/kika-cerqueira-gomes-viaja-ao-japao-para-apoiar-gasly-piloto-reage-com-amuleto\/"]}]},{"@type":"ImageObject","inLanguage":"pt-PT","@id":"https:\/\/portaltela.pt\/noticias\/2026\/03\/30\/kika-cerqueira-gomes-viaja-ao-japao-para-apoiar-gasly-piloto-reage-com-amuleto\/#primaryimage","url":"https:\/\/portaltela.pt\/s.01k8rhncp4jt1\/2026\/03\/img_1280x718uu2025-11-09-18-53-12-2247071-im-638983112408478412.jpg","contentUrl":"https:\/\/portaltela.pt\/s.01k8rhncp4jt1\/2026\/03\/img_1280x718uu2025-11-09-18-53-12-2247071-im-638983112408478412.jpg","width":1280,"height":718,"caption":"Pierre Gasly e Kika Cerqueira Gomes"},{"@type":"BreadcrumbList","@id":"https:\/\/portaltela.pt\/noticias\/2026\/03\/30\/kika-cerqueira-gomes-viaja-ao-japao-para-apoiar-gasly-piloto-reage-com-amuleto\/#breadcrumb","itemListElement":[{"@type":"ListItem","position":1,"name":"In\u00edcio","item":"https:\/\/portaltela.pt\/"},{"@type":"ListItem","position":2,"name":"Kika Cerqueira Gomes viaja ao Jap\u00e3o para apoiar Gasly; piloto reage com amuleto"}]},{"@type":"WebSite","@id":"https:\/\/portaltela.pt\/#website","url":"https:\/\/portaltela.pt\/","name":"Portal Tela Portugal","description":"","potentialAction":[{"@type":"SearchAction","target":{"@type":"EntryPoint","urlTemplate":"https:\/\/portaltela.pt\/?s={search_term_string}"},"query-input":{"@type":"PropertyValueSpecification","valueRequired":true,"valueName":"search_term_string"}}],"inLanguage":"pt-PT"},{"@type":"Person","@id":"https:\/\/portaltela.pt\/#\/schema\/person\/c4278d4a6028830caff9ee44b42d32ed","name":"Telinha","image":{"@type":"ImageObject","inLanguage":"pt-PT","@id":"https:\/\/portaltela.pt\/s.01k8rhncp4jt1\/2025\/11\/talking-bot-125x125.png","url":"https:\/\/portaltela.pt\/s.01k8rhncp4jt1\/2025\/11\/talking-bot-125x125.png","contentUrl":"https:\/\/portaltela.pt\/s.01k8rhncp4jt1\/2025\/11\/talking-bot-125x125.png","caption":"Telinha"},"sameAs":["https:\/\/portaltela.pt\/"],"url":"https:\/\/portaltela.pt\/por\/367410592786\/"}]}},"_links":{"self":[{"href":"https:\/\/portaltela.pt\/api\/wp\/v2\/posts\/426984","targetHints":{"allow":["GET"]}}],"collection":[{"href":"https:\/\/portaltela.pt\/api\/wp\/v2\/posts"}],"about":[{"href":"https:\/\/portaltela.pt\/api\/wp\/v2\/types\/post"}],"author":[{"embeddable":true,"href":"https:\/\/portaltela.pt\/api\/wp\/v2\/users\/2"}],"replies":[{"embeddable":true,"href":"https:\/\/portaltela.pt\/api\/wp\/v2\/comments?post=426984"}],"version-history":[{"count":0,"href":"https:\/\/portaltela.pt\/api\/wp\/v2\/posts\/426984\/revisions"}],"wp:featuredmedia":[{"embeddable":true,"href":"https:\/\/portaltela.pt\/api\/wp\/v2\/media\/426986"}],"wp:attachment":[{"href":"https:\/\/portaltela.pt\/api\/wp\/v2\/media?parent=426984"}],"wp:term":[{"taxonomy":"category","embeddable":true,"href":"https:\/\/portaltela.pt\/api\/wp\/v2\/categories?post=426984"},{"taxonomy":"post_tag","embeddable":true,"href":"https:\/\/portaltela.pt\/api\/wp\/v2\/tags?post=426984"}],"curies":[{"name":"wp","href":"https:\/\/api.w.org\/{rel}","templated":true}]}}