{"id":426981,"date":"2026-03-30T11:01:51","date_gmt":"2026-03-30T14:01:51","guid":{"rendered":"https:\/\/portaltela.pt\/noticias\/2026\/03\/30\/explosao-num-carro-em-valongo-causa-queimaduras-graves-a-mulher\/"},"modified":"2026-03-30T11:01:51","modified_gmt":"2026-03-30T14:01:51","slug":"explosao-num-carro-em-valongo-causa-queimaduras-graves-a-mulher","status":"publish","type":"post","link":"https:\/\/portaltela.pt\/acidentes\/2026\/03\/30\/explosao-num-carro-em-valongo-causa-queimaduras-graves-a-mulher\/","title":{"rendered":"Explos\u00e3o num carro em Valongo causa queimaduras graves \u00e0 mulher"},"content":{"rendered":"<p>Uma explos\u00e3o num carro, ocorrida esta manh\u00e3 em Valongo, deixou uma mulher gravemente ferida. O acidente ocorreu na Rua S. Jo\u00e3o de Sobrado, por volta das 11:25. A v\u00edtima pediu ajuda a quem estava pr\u00f3ximo das instala\u00e7\u00f5es da Junta de Freguesia de Sobrado e foi encaminhada para o Hospital de S. Jo\u00e3o, no Porto.<\/p>\n<p>Os Bombeiros de Valongo estiveram no local, assim como a Viatura M\u00e9dia de Emerg\u00eancia e Reanima\u00e7\u00e3o (VMER) do Hospital de S. Jo\u00e3o e a GNR. A v\u00edtima foi transportada de helico ou ambul\u00e2ncia para o hospital com queimaduras graves em cerca de 80% do corpo.<\/p>\n<p>A mulher tem 56 anos e encontra-se sob cuidados m\u00e9dicos para tratamento das queimaduras, sem que haja, at\u00e9 ao momento, confirma\u00e7\u00e3o p\u00fablica das causas da explos\u00e3o. As autoridades continuam a averiguar o incidente para esclarecer o que provocou o fogo no ve\u00edculo.<\/p>\n<h3>Situa\u00e7\u00e3o e informa\u00e7\u00f5es adicionais<\/h3>\n<p>As autoridades n\u00e3o divulgaram yet mais detalhes sobre condutas de investiga\u00e7\u00e3o ou eventual responsabiliza\u00e7\u00e3o, mantendo o foco na avalia\u00e7\u00e3o cl\u00ednica da v\u00edtima e na recolha de evid\u00eancias no local. O caso est\u00e1 a ser acompanhado pela GNR e pelo hospital envolvido.<\/p>\n","protected":false},"excerpt":{"rendered":"<ul>\n<li>Explos\u00e3o num carro ocorreu na Rua S. Jo\u00e3o de Sobrado, Valongo, esta manh\u00e3.<\/li>\n<li>Mulher de 56 anos sofreu queimaduras graves, com 80% do corpo queimado.<\/li>\n<li>Foi transportada pelos bombeiros para o Hospital de S. Jo\u00e3o, no Porto.<\/li>\n<li>O alerta foi dado \u00e0s 11h25, e o local fica perto das instala\u00e7\u00f5es da Junta de Freguesia de Sobrado.<\/li>\n<li>No local estiveram Bombeiros de Valongo, VMER e a GNR.<\/li>\n<\/ul>\n","protected":false},"author":2,"featured_media":426982,"comment_status":"closed","ping_status":"closed","sticky":false,"template":"","format":"standard","meta":{"footnotes":""},"categories":[6849],"tags":[3656,3571,982,2734,1244,6622],"class_list":["post-426981","post","type-post","status-publish","format-standard","has-post-thumbnail","hentry","category-acidentes","tag-ambulancias","tag-explosoes","tag-porto","tag-queimaduras","tag-valongo","tag-veiculos"],"yoast_head":"<!-- This site is optimized with the Yoast SEO plugin v27.2 - https:\/\/yoast.com\/product\/yoast-seo-wordpress\/ -->\n<title>Explos\u00e3o num carro em Valongo causa queimaduras graves \u00e0 mulher - Portal Tela Portugal<\/title>\n<meta name=\"robots\" content=\"index, follow, max-snippet:-1, max-image-preview:large, max-video-preview:-1\" \/>\n<meta property=\"og:locale\" content=\"pt_PT\" \/>\n<meta property=\"og:type\" content=\"article\" \/>\n<meta property=\"og:title\" content=\"Explos\u00e3o num carro em Valongo causa queimaduras graves \u00e0 mulher - Portal Tela Portugal\" \/>\n<meta property=\"og:description\" content=\"Explos\u00e3o num carro ocorreu na Rua S. Jo\u00e3o de Sobrado, Valongo, esta manh\u00e3. Mulher de 56 anos sofreu queimaduras graves, com 80% do corpo queimado. Foi transportada pelos bombeiros para o Hospital de S. Jo\u00e3o, no Porto. O alerta foi dado \u00e0s 11h25, e o local fica perto das instala\u00e7\u00f5es da Junta de Freguesia de Sobrado. No local estiveram Bombeiros de Valongo, VMER e a GNR.\" \/>\n<meta property=\"og:url\" content=\"https:\/\/portaltela.pt\/noticias\/2026\/03\/30\/explosao-num-carro-em-valongo-causa-queimaduras-graves-a-mulher\/\" \/>\n<meta property=\"og:site_name\" content=\"Portal Tela Portugal\" \/>\n<meta property=\"article:published_time\" content=\"2026-03-30T14:01:51+00:00\" \/>\n<meta name=\"author\" content=\"Telinha\" \/>\n<meta name=\"twitter:card\" content=\"summary_large_image\" \/>\n<meta name=\"twitter:label1\" content=\"Escrito por\" \/>\n\t<meta name=\"twitter:data1\" content=\"Telinha\" \/>\n\t<meta name=\"twitter:label2\" content=\"Tempo estimado de leitura\" \/>\n\t<meta name=\"twitter:data2\" content=\"1 minuto\" \/>\n<script type=\"application\/ld+json\" class=\"yoast-schema-graph\">{\"@context\":\"https:\/\/schema.org\",\"@graph\":[{\"@type\":\"Article\",\"@id\":\"https:\/\/portaltela.pt\/noticias\/2026\/03\/30\/explosao-num-carro-em-valongo-causa-queimaduras-graves-a-mulher\/#article\",\"isPartOf\":{\"@id\":\"https:\/\/portaltela.pt\/noticias\/2026\/03\/30\/explosao-num-carro-em-valongo-causa-queimaduras-graves-a-mulher\/\"},\"author\":{\"name\":\"Telinha\",\"@id\":\"https:\/\/portaltela.pt\/#\/schema\/person\/c4278d4a6028830caff9ee44b42d32ed\"},\"headline\":\"Explos\u00e3o num carro em Valongo causa queimaduras graves \u00e0 mulher\",\"datePublished\":\"2026-03-30T14:01:51+00:00\",\"mainEntityOfPage\":{\"@id\":\"https:\/\/portaltela.pt\/noticias\/2026\/03\/30\/explosao-num-carro-em-valongo-causa-queimaduras-graves-a-mulher\/\"},\"wordCount\":219,\"image\":{\"@id\":\"https:\/\/portaltela.pt\/noticias\/2026\/03\/30\/explosao-num-carro-em-valongo-causa-queimaduras-graves-a-mulher\/#primaryimage\"},\"thumbnailUrl\":\"https:\/\/portaltela.pt\/s.01k8rhncp4jt1\/2026\/03\/image-1806.jpg\",\"keywords\":[\"ambul\u00e2ncias\",\"explos\u00f5es\",\"Porto\",\"queimaduras\",\"Valongo\",\"ve\u00edculos\"],\"articleSection\":[\"Acidentes\"],\"inLanguage\":\"pt-PT\"},{\"@type\":\"WebPage\",\"@id\":\"https:\/\/portaltela.pt\/noticias\/2026\/03\/30\/explosao-num-carro-em-valongo-causa-queimaduras-graves-a-mulher\/\",\"url\":\"https:\/\/portaltela.pt\/noticias\/2026\/03\/30\/explosao-num-carro-em-valongo-causa-queimaduras-graves-a-mulher\/\",\"name\":\"Explos\u00e3o num carro em Valongo causa queimaduras graves \u00e0 mulher - Portal Tela Portugal\",\"isPartOf\":{\"@id\":\"https:\/\/portaltela.pt\/#website\"},\"primaryImageOfPage\":{\"@id\":\"https:\/\/portaltela.pt\/noticias\/2026\/03\/30\/explosao-num-carro-em-valongo-causa-queimaduras-graves-a-mulher\/#primaryimage\"},\"image\":{\"@id\":\"https:\/\/portaltela.pt\/noticias\/2026\/03\/30\/explosao-num-carro-em-valongo-causa-queimaduras-graves-a-mulher\/#primaryimage\"},\"thumbnailUrl\":\"https:\/\/portaltela.pt\/s.01k8rhncp4jt1\/2026\/03\/image-1806.jpg\",\"datePublished\":\"2026-03-30T14:01:51+00:00\",\"author\":{\"@id\":\"https:\/\/portaltela.pt\/#\/schema\/person\/c4278d4a6028830caff9ee44b42d32ed\"},\"breadcrumb\":{\"@id\":\"https:\/\/portaltela.pt\/noticias\/2026\/03\/30\/explosao-num-carro-em-valongo-causa-queimaduras-graves-a-mulher\/#breadcrumb\"},\"inLanguage\":\"pt-PT\",\"potentialAction\":[{\"@type\":\"ReadAction\",\"target\":[\"https:\/\/portaltela.pt\/noticias\/2026\/03\/30\/explosao-num-carro-em-valongo-causa-queimaduras-graves-a-mulher\/\"]}]},{\"@type\":\"ImageObject\",\"inLanguage\":\"pt-PT\",\"@id\":\"https:\/\/portaltela.pt\/noticias\/2026\/03\/30\/explosao-num-carro-em-valongo-causa-queimaduras-graves-a-mulher\/#primaryimage\",\"url\":\"https:\/\/portaltela.pt\/s.01k8rhncp4jt1\/2026\/03\/image-1806.jpg\",\"contentUrl\":\"https:\/\/portaltela.pt\/s.01k8rhncp4jt1\/2026\/03\/image-1806.jpg\",\"width\":796,\"height\":448,\"caption\":\"Bombeiros de Valongo transportaram a mulher para o Hospital S. Jo\u00e3o\"},{\"@type\":\"BreadcrumbList\",\"@id\":\"https:\/\/portaltela.pt\/noticias\/2026\/03\/30\/explosao-num-carro-em-valongo-causa-queimaduras-graves-a-mulher\/#breadcrumb\",\"itemListElement\":[{\"@type\":\"ListItem\",\"position\":1,\"name\":\"In\u00edcio\",\"item\":\"https:\/\/portaltela.pt\/\"},{\"@type\":\"ListItem\",\"position\":2,\"name\":\"Explos\u00e3o num carro em Valongo causa queimaduras graves \u00e0 mulher\"}]},{\"@type\":\"WebSite\",\"@id\":\"https:\/\/portaltela.pt\/#website\",\"url\":\"https:\/\/portaltela.pt\/\",\"name\":\"Portal Tela Portugal\",\"description\":\"\",\"potentialAction\":[{\"@type\":\"SearchAction\",\"target\":{\"@type\":\"EntryPoint\",\"urlTemplate\":\"https:\/\/portaltela.pt\/?s={search_term_string}\"},\"query-input\":{\"@type\":\"PropertyValueSpecification\",\"valueRequired\":true,\"valueName\":\"search_term_string\"}}],\"inLanguage\":\"pt-PT\"},{\"@type\":\"Person\",\"@id\":\"https:\/\/portaltela.pt\/#\/schema\/person\/c4278d4a6028830caff9ee44b42d32ed\",\"name\":\"Telinha\",\"image\":{\"@type\":\"ImageObject\",\"inLanguage\":\"pt-PT\",\"@id\":\"https:\/\/portaltela.pt\/s.01k8rhncp4jt1\/2025\/11\/talking-bot-125x125.png\",\"url\":\"https:\/\/portaltela.pt\/s.01k8rhncp4jt1\/2025\/11\/talking-bot-125x125.png\",\"contentUrl\":\"https:\/\/portaltela.pt\/s.01k8rhncp4jt1\/2025\/11\/talking-bot-125x125.png\",\"caption\":\"Telinha\"},\"sameAs\":[\"https:\/\/portaltela.pt\/\"],\"url\":\"https:\/\/portaltela.pt\/por\/367410592786\/\"}]}<\/script>\n<!-- \/ Yoast SEO plugin. -->","yoast_head_json":{"title":"Explos\u00e3o num carro em Valongo causa queimaduras graves \u00e0 mulher - Portal Tela Portugal","robots":{"index":"index","follow":"follow","max-snippet":"max-snippet:-1","max-image-preview":"max-image-preview:large","max-video-preview":"max-video-preview:-1"},"og_locale":"pt_PT","og_type":"article","og_title":"Explos\u00e3o num carro em Valongo causa queimaduras graves \u00e0 mulher - Portal Tela Portugal","og_description":"Explos\u00e3o num carro ocorreu na Rua S. Jo\u00e3o de Sobrado, Valongo, esta manh\u00e3. Mulher de 56 anos sofreu queimaduras graves, com 80% do corpo queimado. Foi transportada pelos bombeiros para o Hospital de S. Jo\u00e3o, no Porto. O alerta foi dado \u00e0s 11h25, e o local fica perto das instala\u00e7\u00f5es da Junta de Freguesia de Sobrado. No local estiveram Bombeiros de Valongo, VMER e a GNR.","og_url":"https:\/\/portaltela.pt\/noticias\/2026\/03\/30\/explosao-num-carro-em-valongo-causa-queimaduras-graves-a-mulher\/","og_site_name":"Portal Tela Portugal","article_published_time":"2026-03-30T14:01:51+00:00","author":"Telinha","twitter_card":"summary_large_image","twitter_misc":{"Escrito por":"Telinha","Tempo estimado de leitura":"1 minuto"},"schema":{"@context":"https:\/\/schema.org","@graph":[{"@type":"Article","@id":"https:\/\/portaltela.pt\/noticias\/2026\/03\/30\/explosao-num-carro-em-valongo-causa-queimaduras-graves-a-mulher\/#article","isPartOf":{"@id":"https:\/\/portaltela.pt\/noticias\/2026\/03\/30\/explosao-num-carro-em-valongo-causa-queimaduras-graves-a-mulher\/"},"author":{"name":"Telinha","@id":"https:\/\/portaltela.pt\/#\/schema\/person\/c4278d4a6028830caff9ee44b42d32ed"},"headline":"Explos\u00e3o num carro em Valongo causa queimaduras graves \u00e0 mulher","datePublished":"2026-03-30T14:01:51+00:00","mainEntityOfPage":{"@id":"https:\/\/portaltela.pt\/noticias\/2026\/03\/30\/explosao-num-carro-em-valongo-causa-queimaduras-graves-a-mulher\/"},"wordCount":219,"image":{"@id":"https:\/\/portaltela.pt\/noticias\/2026\/03\/30\/explosao-num-carro-em-valongo-causa-queimaduras-graves-a-mulher\/#primaryimage"},"thumbnailUrl":"https:\/\/portaltela.pt\/s.01k8rhncp4jt1\/2026\/03\/image-1806.jpg","keywords":["ambul\u00e2ncias","explos\u00f5es","Porto","queimaduras","Valongo","ve\u00edculos"],"articleSection":["Acidentes"],"inLanguage":"pt-PT"},{"@type":"WebPage","@id":"https:\/\/portaltela.pt\/noticias\/2026\/03\/30\/explosao-num-carro-em-valongo-causa-queimaduras-graves-a-mulher\/","url":"https:\/\/portaltela.pt\/noticias\/2026\/03\/30\/explosao-num-carro-em-valongo-causa-queimaduras-graves-a-mulher\/","name":"Explos\u00e3o num carro em Valongo causa queimaduras graves \u00e0 mulher - Portal Tela Portugal","isPartOf":{"@id":"https:\/\/portaltela.pt\/#website"},"primaryImageOfPage":{"@id":"https:\/\/portaltela.pt\/noticias\/2026\/03\/30\/explosao-num-carro-em-valongo-causa-queimaduras-graves-a-mulher\/#primaryimage"},"image":{"@id":"https:\/\/portaltela.pt\/noticias\/2026\/03\/30\/explosao-num-carro-em-valongo-causa-queimaduras-graves-a-mulher\/#primaryimage"},"thumbnailUrl":"https:\/\/portaltela.pt\/s.01k8rhncp4jt1\/2026\/03\/image-1806.jpg","datePublished":"2026-03-30T14:01:51+00:00","author":{"@id":"https:\/\/portaltela.pt\/#\/schema\/person\/c4278d4a6028830caff9ee44b42d32ed"},"breadcrumb":{"@id":"https:\/\/portaltela.pt\/noticias\/2026\/03\/30\/explosao-num-carro-em-valongo-causa-queimaduras-graves-a-mulher\/#breadcrumb"},"inLanguage":"pt-PT","potentialAction":[{"@type":"ReadAction","target":["https:\/\/portaltela.pt\/noticias\/2026\/03\/30\/explosao-num-carro-em-valongo-causa-queimaduras-graves-a-mulher\/"]}]},{"@type":"ImageObject","inLanguage":"pt-PT","@id":"https:\/\/portaltela.pt\/noticias\/2026\/03\/30\/explosao-num-carro-em-valongo-causa-queimaduras-graves-a-mulher\/#primaryimage","url":"https:\/\/portaltela.pt\/s.01k8rhncp4jt1\/2026\/03\/image-1806.jpg","contentUrl":"https:\/\/portaltela.pt\/s.01k8rhncp4jt1\/2026\/03\/image-1806.jpg","width":796,"height":448,"caption":"Bombeiros de Valongo transportaram a mulher para o Hospital S. Jo\u00e3o"},{"@type":"BreadcrumbList","@id":"https:\/\/portaltela.pt\/noticias\/2026\/03\/30\/explosao-num-carro-em-valongo-causa-queimaduras-graves-a-mulher\/#breadcrumb","itemListElement":[{"@type":"ListItem","position":1,"name":"In\u00edcio","item":"https:\/\/portaltela.pt\/"},{"@type":"ListItem","position":2,"name":"Explos\u00e3o num carro em Valongo causa queimaduras graves \u00e0 mulher"}]},{"@type":"WebSite","@id":"https:\/\/portaltela.pt\/#website","url":"https:\/\/portaltela.pt\/","name":"Portal Tela Portugal","description":"","potentialAction":[{"@type":"SearchAction","target":{"@type":"EntryPoint","urlTemplate":"https:\/\/portaltela.pt\/?s={search_term_string}"},"query-input":{"@type":"PropertyValueSpecification","valueRequired":true,"valueName":"search_term_string"}}],"inLanguage":"pt-PT"},{"@type":"Person","@id":"https:\/\/portaltela.pt\/#\/schema\/person\/c4278d4a6028830caff9ee44b42d32ed","name":"Telinha","image":{"@type":"ImageObject","inLanguage":"pt-PT","@id":"https:\/\/portaltela.pt\/s.01k8rhncp4jt1\/2025\/11\/talking-bot-125x125.png","url":"https:\/\/portaltela.pt\/s.01k8rhncp4jt1\/2025\/11\/talking-bot-125x125.png","contentUrl":"https:\/\/portaltela.pt\/s.01k8rhncp4jt1\/2025\/11\/talking-bot-125x125.png","caption":"Telinha"},"sameAs":["https:\/\/portaltela.pt\/"],"url":"https:\/\/portaltela.pt\/por\/367410592786\/"}]}},"_links":{"self":[{"href":"https:\/\/portaltela.pt\/api\/wp\/v2\/posts\/426981","targetHints":{"allow":["GET"]}}],"collection":[{"href":"https:\/\/portaltela.pt\/api\/wp\/v2\/posts"}],"about":[{"href":"https:\/\/portaltela.pt\/api\/wp\/v2\/types\/post"}],"author":[{"embeddable":true,"href":"https:\/\/portaltela.pt\/api\/wp\/v2\/users\/2"}],"replies":[{"embeddable":true,"href":"https:\/\/portaltela.pt\/api\/wp\/v2\/comments?post=426981"}],"version-history":[{"count":0,"href":"https:\/\/portaltela.pt\/api\/wp\/v2\/posts\/426981\/revisions"}],"wp:featuredmedia":[{"embeddable":true,"href":"https:\/\/portaltela.pt\/api\/wp\/v2\/media\/426982"}],"wp:attachment":[{"href":"https:\/\/portaltela.pt\/api\/wp\/v2\/media?parent=426981"}],"wp:term":[{"taxonomy":"category","embeddable":true,"href":"https:\/\/portaltela.pt\/api\/wp\/v2\/categories?post=426981"},{"taxonomy":"post_tag","embeddable":true,"href":"https:\/\/portaltela.pt\/api\/wp\/v2\/tags?post=426981"}],"curies":[{"name":"wp","href":"https:\/\/api.w.org\/{rel}","templated":true}]}}