{"id":426977,"date":"2026-03-30T10:47:15","date_gmt":"2026-03-30T13:47:15","guid":{"rendered":"https:\/\/portaltela.pt\/noticias\/2026\/03\/30\/russia-prolonga-por-tres-meses-fornecimento-de-gas-a-servia-pela-metade-do-preco\/"},"modified":"2026-03-30T10:47:15","modified_gmt":"2026-03-30T13:47:15","slug":"russia-prolonga-por-tres-meses-fornecimento-de-gas-a-servia-pela-metade-do-preco","status":"publish","type":"post","link":"https:\/\/portaltela.pt\/geopolitica\/2026\/03\/30\/russia-prolonga-por-tres-meses-fornecimento-de-gas-a-servia-pela-metade-do-preco\/","title":{"rendered":"R\u00fassia prolonga por tr\u00eas meses fornecimento de g\u00e1s \u00e0 S\u00e9rvia pela metade do pre\u00e7o"},"content":{"rendered":"<p>A R\u00fassia vai manter o fornecimento de g\u00e1s \u00e0 S\u00e9rvia nos pr\u00f3ximos tr\u00eas meses, a meio do pre\u00e7o praticado no mercado europeu. O acordo foi anunciado pelo Presidente s\u00e9rvio, Aleksandar Vucic, e refere-se a um abastecimento de seis milh\u00f5es de metros c\u00fabicos por dia, com possibilidade de aumento se houver necessidade.<\/p>\n<p>Vucic explicou que o pre\u00e7o acordado fica entre 320 e 330 d\u00f3lares por mil metros c\u00fabicos, em compara\u00e7\u00e3o com cerca de 690 d\u00f3lares no regime atual. O an\u00fancio foi feito ap\u00f3s uma conversa de cerca de 50 minutos com o presidente russo, Vladimir Putin, considerada boa e construtiva.<\/p>\n<p>O contrato com a Gazprom expira a 31 de mar\u00e7o. O governante s\u00e9rvio destacou que o acordo mant\u00e9m a S\u00e9rvia com um dos pre\u00e7os mais competitivos da Europa, depois da Bielorr\u00fassia, e que o volume pode subir caso o frio seja invulgar ou ocorram evolu\u00e7\u00f5es imprevistas.<\/p>\n<p>A decis\u00e3o ocorre num contexto de controlo energ\u00e9tico: Belgrado tem vindo a negociar a poss\u00edvel venda da NIS \u00e0 MOL, sob press\u00e3o internacional ap\u00f3s san\u00e7\u00f5es a empresas russas. A S\u00e9rvia continua a manter rela\u00e7\u00f5es estreitas com a R\u00fassia, apesar de ser candidata \u00e0 UE.<\/p>\n<p>Dados de consumo revelam que, em 2024, aproximadamente 80% do g\u00e1s utilizado pela S\u00e9rvia veio da R\u00fassia, com 13% vindo do Azerbaij\u00e3o e cerca de 7% produzido internamente. A volatilidade dos pre\u00e7os tamb\u00e9m reflete impactos da crise regional no M\u00e9dio Oriente.<\/p>\n","protected":false},"excerpt":{"rendered":"<ul>\n<li>A R\u00fassia vai continuar a fornecer g\u00e1s \u00e0 S\u00e9rvia por tr\u00eas meses, a metade do pre\u00e7o praticado no mercado europeu.<\/li>\n<li>O pre\u00e7o acordado fica entre 320 e 330 d\u00f3lares por mil metros c\u00fabicos, contra 690 d\u00f3lares anteriormente.<\/li>\n<li>O volume estabelecido \u00e9 de seis milh\u00f5es de metros c\u00fabicos por dia, com possibilidade de aumentar em caso de necessidade.<\/li>\n<li>O acordo foi anunciado pelo Presidente s\u00e9rvio, Aleksandar Vucic, em encontro com o Presidente russo, Vladimir Putin, e decorre enquanto o contrato atual expira a 31 de mar\u00e7o.<\/li>\n<li>A S\u00e9rvia mant\u00e9m rela\u00e7\u00f5es pr\u00f3ximas com a R\u00fassia, tendo renovado o fornecimento em dezembro de 2025 e, recentemente, adoptado medidas para facilitar a venda da NIS \u00e0 MOL.<\/li>\n<\/ul>\n","protected":false},"author":2,"featured_media":426980,"comment_status":"closed","ping_status":"closed","sticky":false,"template":"","format":"standard","meta":{"footnotes":""},"categories":[6806,6814],"tags":[4729,28,3110,1840,6594],"class_list":["post-426977","post","type-post","status-publish","format-standard","has-post-thumbnail","hentry","category-energia","category-geopolitica","tag-abastecimento-de-energia","tag-economia","tag-russia","tag-sancoes-internacionais","tag-servia"],"yoast_head":"<!-- This site is optimized with the Yoast SEO plugin v27.2 - https:\/\/yoast.com\/product\/yoast-seo-wordpress\/ -->\n<title>R\u00fassia prolonga por tr\u00eas meses fornecimento de g\u00e1s \u00e0 S\u00e9rvia pela metade do pre\u00e7o - Portal Tela Portugal<\/title>\n<meta name=\"robots\" content=\"index, follow, max-snippet:-1, max-image-preview:large, max-video-preview:-1\" \/>\n<meta property=\"og:locale\" content=\"pt_PT\" \/>\n<meta property=\"og:type\" content=\"article\" \/>\n<meta property=\"og:title\" content=\"R\u00fassia prolonga por tr\u00eas meses fornecimento de g\u00e1s \u00e0 S\u00e9rvia pela metade do pre\u00e7o - Portal Tela Portugal\" \/>\n<meta property=\"og:description\" content=\"A R\u00fassia vai continuar a fornecer g\u00e1s \u00e0 S\u00e9rvia por tr\u00eas meses, a metade do pre\u00e7o praticado no mercado europeu. O pre\u00e7o acordado fica entre 320 e 330 d\u00f3lares por mil metros c\u00fabicos, contra 690 d\u00f3lares anteriormente. O volume estabelecido \u00e9 de seis milh\u00f5es de metros c\u00fabicos por dia, com possibilidade de aumentar em caso de necessidade. O acordo foi anunciado pelo Presidente s\u00e9rvio, Aleksandar Vucic, em encontro com o Presidente russo, Vladimir Putin, e decorre enquanto o contrato atual expira a 31 de mar\u00e7o. A S\u00e9rvia mant\u00e9m rela\u00e7\u00f5es pr\u00f3ximas com a R\u00fassia, tendo renovado o fornecimento em dezembro de 2025 e, recentemente, adoptado medidas para facilitar a venda da NIS \u00e0 MOL.\" \/>\n<meta property=\"og:url\" content=\"https:\/\/portaltela.pt\/noticias\/2026\/03\/30\/russia-prolonga-por-tres-meses-fornecimento-de-gas-a-servia-pela-metade-do-preco\/\" \/>\n<meta property=\"og:site_name\" content=\"Portal Tela Portugal\" \/>\n<meta property=\"article:published_time\" content=\"2026-03-30T13:47:15+00:00\" \/>\n<meta name=\"author\" content=\"Telinha\" \/>\n<meta name=\"twitter:card\" content=\"summary_large_image\" \/>\n<meta name=\"twitter:label1\" content=\"Escrito por\" \/>\n\t<meta name=\"twitter:data1\" content=\"Telinha\" \/>\n\t<meta name=\"twitter:label2\" content=\"Tempo estimado de leitura\" \/>\n\t<meta name=\"twitter:data2\" content=\"1 minuto\" \/>\n<script type=\"application\/ld+json\" class=\"yoast-schema-graph\">{\"@context\":\"https:\/\/schema.org\",\"@graph\":[{\"@type\":\"Article\",\"@id\":\"https:\/\/portaltela.pt\/noticias\/2026\/03\/30\/russia-prolonga-por-tres-meses-fornecimento-de-gas-a-servia-pela-metade-do-preco\/#article\",\"isPartOf\":{\"@id\":\"https:\/\/portaltela.pt\/noticias\/2026\/03\/30\/russia-prolonga-por-tres-meses-fornecimento-de-gas-a-servia-pela-metade-do-preco\/\"},\"author\":{\"name\":\"Telinha\",\"@id\":\"https:\/\/portaltela.pt\/#\/schema\/person\/c4278d4a6028830caff9ee44b42d32ed\"},\"headline\":\"R\u00fassia prolonga por tr\u00eas meses fornecimento de g\u00e1s \u00e0 S\u00e9rvia pela metade do pre\u00e7o\",\"datePublished\":\"2026-03-30T13:47:15+00:00\",\"mainEntityOfPage\":{\"@id\":\"https:\/\/portaltela.pt\/noticias\/2026\/03\/30\/russia-prolonga-por-tres-meses-fornecimento-de-gas-a-servia-pela-metade-do-preco\/\"},\"wordCount\":275,\"image\":{\"@id\":\"https:\/\/portaltela.pt\/noticias\/2026\/03\/30\/russia-prolonga-por-tres-meses-fornecimento-de-gas-a-servia-pela-metade-do-preco\/#primaryimage\"},\"thumbnailUrl\":\"https:\/\/portaltela.pt\/s.01k8rhncp4jt1\/2026\/03\/img_1500x1000uu2015-07-11-11-06-00-472011.jpg\",\"keywords\":[\"abastecimento de energia\",\"economia\",\"R\u00fassia\",\"san\u00e7\u00f5es internacionais\",\"S\u00e9rvia\"],\"articleSection\":[\"Energia\",\"Geopol\u00edtica\"],\"inLanguage\":\"pt-PT\"},{\"@type\":\"WebPage\",\"@id\":\"https:\/\/portaltela.pt\/noticias\/2026\/03\/30\/russia-prolonga-por-tres-meses-fornecimento-de-gas-a-servia-pela-metade-do-preco\/\",\"url\":\"https:\/\/portaltela.pt\/noticias\/2026\/03\/30\/russia-prolonga-por-tres-meses-fornecimento-de-gas-a-servia-pela-metade-do-preco\/\",\"name\":\"R\u00fassia prolonga por tr\u00eas meses fornecimento de g\u00e1s \u00e0 S\u00e9rvia pela metade do pre\u00e7o - Portal Tela Portugal\",\"isPartOf\":{\"@id\":\"https:\/\/portaltela.pt\/#website\"},\"primaryImageOfPage\":{\"@id\":\"https:\/\/portaltela.pt\/noticias\/2026\/03\/30\/russia-prolonga-por-tres-meses-fornecimento-de-gas-a-servia-pela-metade-do-preco\/#primaryimage\"},\"image\":{\"@id\":\"https:\/\/portaltela.pt\/noticias\/2026\/03\/30\/russia-prolonga-por-tres-meses-fornecimento-de-gas-a-servia-pela-metade-do-preco\/#primaryimage\"},\"thumbnailUrl\":\"https:\/\/portaltela.pt\/s.01k8rhncp4jt1\/2026\/03\/img_1500x1000uu2015-07-11-11-06-00-472011.jpg\",\"datePublished\":\"2026-03-30T13:47:15+00:00\",\"author\":{\"@id\":\"https:\/\/portaltela.pt\/#\/schema\/person\/c4278d4a6028830caff9ee44b42d32ed\"},\"breadcrumb\":{\"@id\":\"https:\/\/portaltela.pt\/noticias\/2026\/03\/30\/russia-prolonga-por-tres-meses-fornecimento-de-gas-a-servia-pela-metade-do-preco\/#breadcrumb\"},\"inLanguage\":\"pt-PT\",\"potentialAction\":[{\"@type\":\"ReadAction\",\"target\":[\"https:\/\/portaltela.pt\/noticias\/2026\/03\/30\/russia-prolonga-por-tres-meses-fornecimento-de-gas-a-servia-pela-metade-do-preco\/\"]}]},{\"@type\":\"ImageObject\",\"inLanguage\":\"pt-PT\",\"@id\":\"https:\/\/portaltela.pt\/noticias\/2026\/03\/30\/russia-prolonga-por-tres-meses-fornecimento-de-gas-a-servia-pela-metade-do-preco\/#primaryimage\",\"url\":\"https:\/\/portaltela.pt\/s.01k8rhncp4jt1\/2026\/03\/img_1500x1000uu2015-07-11-11-06-00-472011.jpg\",\"contentUrl\":\"https:\/\/portaltela.pt\/s.01k8rhncp4jt1\/2026\/03\/img_1500x1000uu2015-07-11-11-06-00-472011.jpg\",\"width\":796,\"height\":448,\"caption\":\"Aleksandar Vucic, S\u00e9rvia\"},{\"@type\":\"BreadcrumbList\",\"@id\":\"https:\/\/portaltela.pt\/noticias\/2026\/03\/30\/russia-prolonga-por-tres-meses-fornecimento-de-gas-a-servia-pela-metade-do-preco\/#breadcrumb\",\"itemListElement\":[{\"@type\":\"ListItem\",\"position\":1,\"name\":\"In\u00edcio\",\"item\":\"https:\/\/portaltela.pt\/\"},{\"@type\":\"ListItem\",\"position\":2,\"name\":\"R\u00fassia prolonga por tr\u00eas meses fornecimento de g\u00e1s \u00e0 S\u00e9rvia pela metade do pre\u00e7o\"}]},{\"@type\":\"WebSite\",\"@id\":\"https:\/\/portaltela.pt\/#website\",\"url\":\"https:\/\/portaltela.pt\/\",\"name\":\"Portal Tela Portugal\",\"description\":\"\",\"potentialAction\":[{\"@type\":\"SearchAction\",\"target\":{\"@type\":\"EntryPoint\",\"urlTemplate\":\"https:\/\/portaltela.pt\/?s={search_term_string}\"},\"query-input\":{\"@type\":\"PropertyValueSpecification\",\"valueRequired\":true,\"valueName\":\"search_term_string\"}}],\"inLanguage\":\"pt-PT\"},{\"@type\":\"Person\",\"@id\":\"https:\/\/portaltela.pt\/#\/schema\/person\/c4278d4a6028830caff9ee44b42d32ed\",\"name\":\"Telinha\",\"image\":{\"@type\":\"ImageObject\",\"inLanguage\":\"pt-PT\",\"@id\":\"https:\/\/portaltela.pt\/s.01k8rhncp4jt1\/2025\/11\/talking-bot-125x125.png\",\"url\":\"https:\/\/portaltela.pt\/s.01k8rhncp4jt1\/2025\/11\/talking-bot-125x125.png\",\"contentUrl\":\"https:\/\/portaltela.pt\/s.01k8rhncp4jt1\/2025\/11\/talking-bot-125x125.png\",\"caption\":\"Telinha\"},\"sameAs\":[\"https:\/\/portaltela.pt\/\"],\"url\":\"https:\/\/portaltela.pt\/por\/367410592786\/\"}]}<\/script>\n<!-- \/ Yoast SEO plugin. -->","yoast_head_json":{"title":"R\u00fassia prolonga por tr\u00eas meses fornecimento de g\u00e1s \u00e0 S\u00e9rvia pela metade do pre\u00e7o - Portal Tela Portugal","robots":{"index":"index","follow":"follow","max-snippet":"max-snippet:-1","max-image-preview":"max-image-preview:large","max-video-preview":"max-video-preview:-1"},"og_locale":"pt_PT","og_type":"article","og_title":"R\u00fassia prolonga por tr\u00eas meses fornecimento de g\u00e1s \u00e0 S\u00e9rvia pela metade do pre\u00e7o - Portal Tela Portugal","og_description":"A R\u00fassia vai continuar a fornecer g\u00e1s \u00e0 S\u00e9rvia por tr\u00eas meses, a metade do pre\u00e7o praticado no mercado europeu. O pre\u00e7o acordado fica entre 320 e 330 d\u00f3lares por mil metros c\u00fabicos, contra 690 d\u00f3lares anteriormente. O volume estabelecido \u00e9 de seis milh\u00f5es de metros c\u00fabicos por dia, com possibilidade de aumentar em caso de necessidade. O acordo foi anunciado pelo Presidente s\u00e9rvio, Aleksandar Vucic, em encontro com o Presidente russo, Vladimir Putin, e decorre enquanto o contrato atual expira a 31 de mar\u00e7o. A S\u00e9rvia mant\u00e9m rela\u00e7\u00f5es pr\u00f3ximas com a R\u00fassia, tendo renovado o fornecimento em dezembro de 2025 e, recentemente, adoptado medidas para facilitar a venda da NIS \u00e0 MOL.","og_url":"https:\/\/portaltela.pt\/noticias\/2026\/03\/30\/russia-prolonga-por-tres-meses-fornecimento-de-gas-a-servia-pela-metade-do-preco\/","og_site_name":"Portal Tela Portugal","article_published_time":"2026-03-30T13:47:15+00:00","author":"Telinha","twitter_card":"summary_large_image","twitter_misc":{"Escrito por":"Telinha","Tempo estimado de leitura":"1 minuto"},"schema":{"@context":"https:\/\/schema.org","@graph":[{"@type":"Article","@id":"https:\/\/portaltela.pt\/noticias\/2026\/03\/30\/russia-prolonga-por-tres-meses-fornecimento-de-gas-a-servia-pela-metade-do-preco\/#article","isPartOf":{"@id":"https:\/\/portaltela.pt\/noticias\/2026\/03\/30\/russia-prolonga-por-tres-meses-fornecimento-de-gas-a-servia-pela-metade-do-preco\/"},"author":{"name":"Telinha","@id":"https:\/\/portaltela.pt\/#\/schema\/person\/c4278d4a6028830caff9ee44b42d32ed"},"headline":"R\u00fassia prolonga por tr\u00eas meses fornecimento de g\u00e1s \u00e0 S\u00e9rvia pela metade do pre\u00e7o","datePublished":"2026-03-30T13:47:15+00:00","mainEntityOfPage":{"@id":"https:\/\/portaltela.pt\/noticias\/2026\/03\/30\/russia-prolonga-por-tres-meses-fornecimento-de-gas-a-servia-pela-metade-do-preco\/"},"wordCount":275,"image":{"@id":"https:\/\/portaltela.pt\/noticias\/2026\/03\/30\/russia-prolonga-por-tres-meses-fornecimento-de-gas-a-servia-pela-metade-do-preco\/#primaryimage"},"thumbnailUrl":"https:\/\/portaltela.pt\/s.01k8rhncp4jt1\/2026\/03\/img_1500x1000uu2015-07-11-11-06-00-472011.jpg","keywords":["abastecimento de energia","economia","R\u00fassia","san\u00e7\u00f5es internacionais","S\u00e9rvia"],"articleSection":["Energia","Geopol\u00edtica"],"inLanguage":"pt-PT"},{"@type":"WebPage","@id":"https:\/\/portaltela.pt\/noticias\/2026\/03\/30\/russia-prolonga-por-tres-meses-fornecimento-de-gas-a-servia-pela-metade-do-preco\/","url":"https:\/\/portaltela.pt\/noticias\/2026\/03\/30\/russia-prolonga-por-tres-meses-fornecimento-de-gas-a-servia-pela-metade-do-preco\/","name":"R\u00fassia prolonga por tr\u00eas meses fornecimento de g\u00e1s \u00e0 S\u00e9rvia pela metade do pre\u00e7o - Portal Tela Portugal","isPartOf":{"@id":"https:\/\/portaltela.pt\/#website"},"primaryImageOfPage":{"@id":"https:\/\/portaltela.pt\/noticias\/2026\/03\/30\/russia-prolonga-por-tres-meses-fornecimento-de-gas-a-servia-pela-metade-do-preco\/#primaryimage"},"image":{"@id":"https:\/\/portaltela.pt\/noticias\/2026\/03\/30\/russia-prolonga-por-tres-meses-fornecimento-de-gas-a-servia-pela-metade-do-preco\/#primaryimage"},"thumbnailUrl":"https:\/\/portaltela.pt\/s.01k8rhncp4jt1\/2026\/03\/img_1500x1000uu2015-07-11-11-06-00-472011.jpg","datePublished":"2026-03-30T13:47:15+00:00","author":{"@id":"https:\/\/portaltela.pt\/#\/schema\/person\/c4278d4a6028830caff9ee44b42d32ed"},"breadcrumb":{"@id":"https:\/\/portaltela.pt\/noticias\/2026\/03\/30\/russia-prolonga-por-tres-meses-fornecimento-de-gas-a-servia-pela-metade-do-preco\/#breadcrumb"},"inLanguage":"pt-PT","potentialAction":[{"@type":"ReadAction","target":["https:\/\/portaltela.pt\/noticias\/2026\/03\/30\/russia-prolonga-por-tres-meses-fornecimento-de-gas-a-servia-pela-metade-do-preco\/"]}]},{"@type":"ImageObject","inLanguage":"pt-PT","@id":"https:\/\/portaltela.pt\/noticias\/2026\/03\/30\/russia-prolonga-por-tres-meses-fornecimento-de-gas-a-servia-pela-metade-do-preco\/#primaryimage","url":"https:\/\/portaltela.pt\/s.01k8rhncp4jt1\/2026\/03\/img_1500x1000uu2015-07-11-11-06-00-472011.jpg","contentUrl":"https:\/\/portaltela.pt\/s.01k8rhncp4jt1\/2026\/03\/img_1500x1000uu2015-07-11-11-06-00-472011.jpg","width":796,"height":448,"caption":"Aleksandar Vucic, S\u00e9rvia"},{"@type":"BreadcrumbList","@id":"https:\/\/portaltela.pt\/noticias\/2026\/03\/30\/russia-prolonga-por-tres-meses-fornecimento-de-gas-a-servia-pela-metade-do-preco\/#breadcrumb","itemListElement":[{"@type":"ListItem","position":1,"name":"In\u00edcio","item":"https:\/\/portaltela.pt\/"},{"@type":"ListItem","position":2,"name":"R\u00fassia prolonga por tr\u00eas meses fornecimento de g\u00e1s \u00e0 S\u00e9rvia pela metade do pre\u00e7o"}]},{"@type":"WebSite","@id":"https:\/\/portaltela.pt\/#website","url":"https:\/\/portaltela.pt\/","name":"Portal Tela Portugal","description":"","potentialAction":[{"@type":"SearchAction","target":{"@type":"EntryPoint","urlTemplate":"https:\/\/portaltela.pt\/?s={search_term_string}"},"query-input":{"@type":"PropertyValueSpecification","valueRequired":true,"valueName":"search_term_string"}}],"inLanguage":"pt-PT"},{"@type":"Person","@id":"https:\/\/portaltela.pt\/#\/schema\/person\/c4278d4a6028830caff9ee44b42d32ed","name":"Telinha","image":{"@type":"ImageObject","inLanguage":"pt-PT","@id":"https:\/\/portaltela.pt\/s.01k8rhncp4jt1\/2025\/11\/talking-bot-125x125.png","url":"https:\/\/portaltela.pt\/s.01k8rhncp4jt1\/2025\/11\/talking-bot-125x125.png","contentUrl":"https:\/\/portaltela.pt\/s.01k8rhncp4jt1\/2025\/11\/talking-bot-125x125.png","caption":"Telinha"},"sameAs":["https:\/\/portaltela.pt\/"],"url":"https:\/\/portaltela.pt\/por\/367410592786\/"}]}},"_links":{"self":[{"href":"https:\/\/portaltela.pt\/api\/wp\/v2\/posts\/426977","targetHints":{"allow":["GET"]}}],"collection":[{"href":"https:\/\/portaltela.pt\/api\/wp\/v2\/posts"}],"about":[{"href":"https:\/\/portaltela.pt\/api\/wp\/v2\/types\/post"}],"author":[{"embeddable":true,"href":"https:\/\/portaltela.pt\/api\/wp\/v2\/users\/2"}],"replies":[{"embeddable":true,"href":"https:\/\/portaltela.pt\/api\/wp\/v2\/comments?post=426977"}],"version-history":[{"count":0,"href":"https:\/\/portaltela.pt\/api\/wp\/v2\/posts\/426977\/revisions"}],"wp:featuredmedia":[{"embeddable":true,"href":"https:\/\/portaltela.pt\/api\/wp\/v2\/media\/426980"}],"wp:attachment":[{"href":"https:\/\/portaltela.pt\/api\/wp\/v2\/media?parent=426977"}],"wp:term":[{"taxonomy":"category","embeddable":true,"href":"https:\/\/portaltela.pt\/api\/wp\/v2\/categories?post=426977"},{"taxonomy":"post_tag","embeddable":true,"href":"https:\/\/portaltela.pt\/api\/wp\/v2\/tags?post=426977"}],"curies":[{"name":"wp","href":"https:\/\/api.w.org\/{rel}","templated":true}]}}