{"id":426970,"date":"2026-03-30T10:47:06","date_gmt":"2026-03-30T13:47:06","guid":{"rendered":"https:\/\/portaltela.pt\/noticias\/2026\/03\/30\/cinco-candidatos-admitidos-a-eleicao-de-reitor-na-universidade-do-porto\/"},"modified":"2026-03-30T10:47:06","modified_gmt":"2026-03-30T13:47:06","slug":"cinco-candidatos-admitidos-a-eleicao-de-reitor-na-universidade-do-porto","status":"publish","type":"post","link":"https:\/\/portaltela.pt\/noticias\/politica\/2026\/03\/30\/cinco-candidatos-admitidos-a-eleicao-de-reitor-na-universidade-do-porto\/","title":{"rendered":"Cinco candidatos admitidos \u00e0 elei\u00e7\u00e3o de reitor na Universidade do Porto"},"content":{"rendered":"<p>A Universidade do Porto (U.Porto) abriu o processo de elei\u00e7\u00e3o do reitor para o mandato 2026-2030, com cinco candidaturas admitidas. A divulga\u00e7\u00e3o oficial confirma Salvatore Cuzzocrea, Lasisi Salami Lawal, Altamiro Costa Pereira, Pedro Nuno Teixeira e Lu\u00eds Filipe Antunes como candidatos selecionados pela Comiss\u00e3o Eleitoral.<\/p>\n<p>Entre os concorrentes, destaca-se Salvatore Cuzzocrea, italiano, ex-reitor da Universidade de Messina (2018-2023) e presidente do Conselho de Reitores italiano em 2023. Lawal \u00e9 professor e investigador na Universidade Federal de Tecnologia de Minna, num cargo no Botsuana. Altamiro Costa Pereira j\u00e1 dirigiu a Faculdade de Medicina da U.Porto. Pedro Nuno Teixeira foi secret\u00e1rio de Estado do Ensino Superior entre 2022 e 2024. Lu\u00eds Antunes dirige o Centro de Compet\u00eancias em Ciberseguran\u00e7a e Privacidade da U.Porto.<\/p>\n<p>Salvatore Cuzzocrea indicou que a candidatura surgiu ap\u00f3s terminar o mandato anterior e ap\u00f3s terminar o papel na confer\u00eancia de reitores italianos. O programa dele enfatiza refor\u00e7ar a U.Porto como centro de investiga\u00e7\u00e3o, com gest\u00e3o s\u00f3lida de recursos e um ambiente de trabalho positivo.<\/p>\n<h3>Candidatos e propostas relevantes<\/h3>\n<p>Lasisi Salami Lawal defende excel\u00eancia acad\u00e9mica, investiga\u00e7\u00e3o e internacionaliza\u00e7\u00e3o, com foco em reten\u00e7\u00e3o de estudantes, apoio \u00e0 aprendizagem mista e bolsas ampliadas. Prop\u00f5e educa\u00e7\u00e3o cont\u00ednua para profissionais e cursos de curta dura\u00e7\u00e3o criados em parceria com a ind\u00fastria.<\/p>\n<p>Altamiro Costa Pereira apresenta-se pela terceira vez e defende simplifica\u00e7\u00e3o administrativa, renova\u00e7\u00e3o dos quadros e maior autonomia das unidades na gest\u00e3o de recursos. Prop\u00f5e ainda planeamento de um novo campus para a \u00c1rea Metropolitana do Porto.<\/p>\n<p>Lu\u00eds Antunes prop\u00f5e uma nova organiza\u00e7\u00e3o em quatro agrupamentos, mantendo identidades mas com gest\u00e3o financeira e de recursos mais coordenada. O objetivo \u00e9 reduzir duplica\u00e7\u00f5es administrativas e refor\u00e7ar a autonomia das unidades.<\/p>\n<p>Pedro Nuno Teixeira defende governa\u00e7\u00e3o partilhada, com envolvimento de toda a comunidade acad\u00e9mica. Aposta em respostas diferenciadas para cada faculdade, sem centraliza\u00e7\u00e3o excessiva.<\/p>\n<h3>Cronograma e pr\u00f3ximos passos<\/h3>\n<p>Ap\u00f3s analisarem 14 candidaturas (3 nacionais e 11 internacionais), a Comiss\u00e3o Eleitoral confirmou as cinco candidaturas admitidas. Audi\u00e7\u00f5es p\u00fablicas decorrem nos dias 23 e 24 de abril, no Sal\u00e3o Nobre da Reitoria, com observa\u00e7\u00e3o individual de cada candidato.<\/p>\n<p>O Conselho Geral da U.Porto re\u00fane-se no dia 24 de abril, \u00e0s 16h30, na Sala do Conselho da Reitoria, para eleger o reitor que ir\u00e1 suceder a Ant\u00f3nio Sousa Pereira. A decis\u00e3o final caber\u00e1 aos membros presentes.<\/p>\n","protected":false},"excerpt":{"rendered":"<ul>\n<li>Salvatore Cuzzocrea \u2014 italiano, ex-reitor da Universidade de Messina (2018-2023) e presidente do Conselho de Reitores italiano; admitido para o mandato 2026-2030 e defende fortalecer a U. Porto como universidade de investiga\u00e7\u00e3o, com gest\u00e3o s\u00f3lida de recursos e ambiente de trabalho positivo.<\/li>\n<\/ul>\n<p>\u2022<\/p>\n<ul>\n<li>Lasisi Salami Lawal \u2014 nigeriano, professor e investigador na Universidade Federal de Tecnologia de Minna; admitido para o mandato 2026-2030 e prop\u00f5e excel\u00eancia acad\u00e9mica, investiga\u00e7\u00e3o, internacionaliza\u00e7\u00e3o, parceria social e educa\u00e7\u00e3o ao longo da vida, com programa de ensino e reten\u00e7\u00e3o de estudantes, bolsas, sa\u00fade mental e acessibilidade.<\/li>\n<\/ul>\n<p>\u2022<\/p>\n<ul>\n<li>Altamiro Costa Pereira \u2014 atual diretor da Faculdade de Medicina da U. Porto; admitido para o mandato 2026-2030 e volta pela terceira vez ao cargo, defendendo valoriza\u00e7\u00e3o de recursos humanos, simplifica\u00e7\u00e3o administrativa, autonomia das unidades e planeamento de um novo campus na \u00c1rea Metropolitana do Porto.<\/li>\n<\/ul>\n<p>\u2022<\/p>\n<ul>\n<li>Pedro Nuno Teixeira \u2014 ex-secret\u00e1rio de Estado do Ensino Superior (2022-2024), antigo vice-reitor da U. Porto e antigo diretor do Centro de Investiga\u00e7\u00e3o de Pol\u00edticas do Ensino Superior; admitido para o mandato 2026-2030 e defende governa\u00e7\u00e3o partilhada, resist\u00eancia \u00e0 centraliza\u00e7\u00e3o e respostas diferenciadas para cada faculdade.<\/li>\n<\/ul>\n<p>\u2022<\/p>\n<ul>\n<li>Lu\u00eds Filipe Antunes \u2014 diretor do Centro de Compet\u00eancias em Ciberseguran\u00e7a e Privacidade da U. Porto; admitido para o mandato 2026-2030 e prop\u00f5e reorganizar a universidade em quatro agrupamentos para criar uma nova U. Porto, mantendo identidades, com governan\u00e7a clara e prioridades definidas pela reitoria.<\/li>\n<\/ul>\n","protected":false},"author":2,"featured_media":426972,"comment_status":"closed","ping_status":"closed","sticky":false,"template":"","format":"standard","meta":{"footnotes":""},"categories":[1,5],"tags":[6542,163,6623,81,215,58],"class_list":["post-426970","post","type-post","status-publish","format-standard","has-post-thumbnail","hentry","category-noticias","category-politica","tag-candidaturas-internacionais","tag-educacao","tag-ensino-superior","tag-internacionais","tag-investigacao","tag-universidades"],"yoast_head":"<!-- This site is optimized with the Yoast SEO plugin v27.2 - https:\/\/yoast.com\/product\/yoast-seo-wordpress\/ -->\n<title>Cinco candidatos admitidos \u00e0 elei\u00e7\u00e3o de reitor na Universidade do Porto - Portal Tela Portugal<\/title>\n<meta name=\"robots\" content=\"index, follow, max-snippet:-1, max-image-preview:large, max-video-preview:-1\" \/>\n<meta property=\"og:locale\" content=\"pt_PT\" \/>\n<meta property=\"og:type\" content=\"article\" \/>\n<meta property=\"og:title\" content=\"Cinco candidatos admitidos \u00e0 elei\u00e7\u00e3o de reitor na Universidade do Porto - Portal Tela Portugal\" \/>\n<meta property=\"og:description\" content=\"Salvatore Cuzzocrea \u2014 italiano, ex-reitor da Universidade de Messina (2018-2023) e presidente do Conselho de Reitores italiano; admitido para o mandato 2026-2030 e defende fortalecer a U. Porto como universidade de investiga\u00e7\u00e3o, com gest\u00e3o s\u00f3lida de recursos e ambiente de trabalho positivo. \u2022 Lasisi Salami Lawal \u2014 nigeriano, professor e investigador na Universidade Federal de Tecnologia de Minna; admitido para o mandato 2026-2030 e prop\u00f5e excel\u00eancia acad\u00e9mica, investiga\u00e7\u00e3o, internacionaliza\u00e7\u00e3o, parceria social e educa\u00e7\u00e3o ao longo da vida, com programa de ensino e reten\u00e7\u00e3o de estudantes, bolsas, sa\u00fade mental e acessibilidade. \u2022 Altamiro Costa Pereira \u2014 atual diretor da Faculdade de Medicina da U. Porto; admitido para o mandato 2026-2030 e volta pela terceira vez ao cargo, defendendo valoriza\u00e7\u00e3o de recursos humanos, simplifica\u00e7\u00e3o administrativa, autonomia das unidades e planeamento de um novo campus na \u00c1rea Metropolitana do Porto. \u2022 Pedro Nuno Teixeira \u2014 ex-secret\u00e1rio de Estado do Ensino Superior (2022-2024), antigo vice-reitor da U. Porto e antigo diretor do Centro de Investiga\u00e7\u00e3o de Pol\u00edticas do Ensino Superior; admitido para o mandato 2026-2030 e defende governa\u00e7\u00e3o partilhada, resist\u00eancia \u00e0 centraliza\u00e7\u00e3o e respostas diferenciadas para cada faculdade. \u2022 Lu\u00eds Filipe Antunes \u2014 diretor do Centro de Compet\u00eancias em Ciberseguran\u00e7a e Privacidade da U. Porto; admitido para o mandato 2026-2030 e prop\u00f5e reorganizar a universidade em quatro agrupamentos para criar uma nova U. Porto, mantendo identidades, com governan\u00e7a clara e prioridades definidas pela reitoria.\" \/>\n<meta property=\"og:url\" content=\"https:\/\/portaltela.pt\/noticias\/2026\/03\/30\/cinco-candidatos-admitidos-a-eleicao-de-reitor-na-universidade-do-porto\/\" \/>\n<meta property=\"og:site_name\" content=\"Portal Tela Portugal\" \/>\n<meta property=\"article:published_time\" content=\"2026-03-30T13:47:06+00:00\" \/>\n<meta name=\"author\" content=\"Telinha\" \/>\n<meta name=\"twitter:card\" content=\"summary_large_image\" \/>\n<meta name=\"twitter:label1\" content=\"Escrito por\" \/>\n\t<meta name=\"twitter:data1\" content=\"Telinha\" \/>\n\t<meta name=\"twitter:label2\" content=\"Tempo estimado de leitura\" \/>\n\t<meta name=\"twitter:data2\" content=\"2 minutos\" \/>\n<script type=\"application\/ld+json\" class=\"yoast-schema-graph\">{\"@context\":\"https:\/\/schema.org\",\"@graph\":[{\"@type\":\"Article\",\"@id\":\"https:\/\/portaltela.pt\/noticias\/2026\/03\/30\/cinco-candidatos-admitidos-a-eleicao-de-reitor-na-universidade-do-porto\/#article\",\"isPartOf\":{\"@id\":\"https:\/\/portaltela.pt\/noticias\/2026\/03\/30\/cinco-candidatos-admitidos-a-eleicao-de-reitor-na-universidade-do-porto\/\"},\"author\":{\"name\":\"Telinha\",\"@id\":\"https:\/\/portaltela.pt\/#\/schema\/person\/c4278d4a6028830caff9ee44b42d32ed\"},\"headline\":\"Cinco candidatos admitidos \u00e0 elei\u00e7\u00e3o de reitor na Universidade do Porto\",\"datePublished\":\"2026-03-30T13:47:06+00:00\",\"mainEntityOfPage\":{\"@id\":\"https:\/\/portaltela.pt\/noticias\/2026\/03\/30\/cinco-candidatos-admitidos-a-eleicao-de-reitor-na-universidade-do-porto\/\"},\"wordCount\":429,\"image\":{\"@id\":\"https:\/\/portaltela.pt\/noticias\/2026\/03\/30\/cinco-candidatos-admitidos-a-eleicao-de-reitor-na-universidade-do-porto\/#primaryimage\"},\"thumbnailUrl\":\"https:\/\/portaltela.pt\/s.01k8rhncp4jt1\/2026\/03\/image-1803.jpg\",\"keywords\":[\"candidaturas internacionais\",\"educa\u00e7\u00e3o\",\"Ensino Superior\",\"internacionais\",\"investiga\u00e7\u00e3o\",\"universidades\"],\"articleSection\":[\"Not\u00edcias\",\"Pol\u00edtica\"],\"inLanguage\":\"pt-PT\"},{\"@type\":\"WebPage\",\"@id\":\"https:\/\/portaltela.pt\/noticias\/2026\/03\/30\/cinco-candidatos-admitidos-a-eleicao-de-reitor-na-universidade-do-porto\/\",\"url\":\"https:\/\/portaltela.pt\/noticias\/2026\/03\/30\/cinco-candidatos-admitidos-a-eleicao-de-reitor-na-universidade-do-porto\/\",\"name\":\"Cinco candidatos admitidos \u00e0 elei\u00e7\u00e3o de reitor na Universidade do Porto - Portal Tela Portugal\",\"isPartOf\":{\"@id\":\"https:\/\/portaltela.pt\/#website\"},\"primaryImageOfPage\":{\"@id\":\"https:\/\/portaltela.pt\/noticias\/2026\/03\/30\/cinco-candidatos-admitidos-a-eleicao-de-reitor-na-universidade-do-porto\/#primaryimage\"},\"image\":{\"@id\":\"https:\/\/portaltela.pt\/noticias\/2026\/03\/30\/cinco-candidatos-admitidos-a-eleicao-de-reitor-na-universidade-do-porto\/#primaryimage\"},\"thumbnailUrl\":\"https:\/\/portaltela.pt\/s.01k8rhncp4jt1\/2026\/03\/image-1803.jpg\",\"datePublished\":\"2026-03-30T13:47:06+00:00\",\"author\":{\"@id\":\"https:\/\/portaltela.pt\/#\/schema\/person\/c4278d4a6028830caff9ee44b42d32ed\"},\"breadcrumb\":{\"@id\":\"https:\/\/portaltela.pt\/noticias\/2026\/03\/30\/cinco-candidatos-admitidos-a-eleicao-de-reitor-na-universidade-do-porto\/#breadcrumb\"},\"inLanguage\":\"pt-PT\",\"potentialAction\":[{\"@type\":\"ReadAction\",\"target\":[\"https:\/\/portaltela.pt\/noticias\/2026\/03\/30\/cinco-candidatos-admitidos-a-eleicao-de-reitor-na-universidade-do-porto\/\"]}]},{\"@type\":\"ImageObject\",\"inLanguage\":\"pt-PT\",\"@id\":\"https:\/\/portaltela.pt\/noticias\/2026\/03\/30\/cinco-candidatos-admitidos-a-eleicao-de-reitor-na-universidade-do-porto\/#primaryimage\",\"url\":\"https:\/\/portaltela.pt\/s.01k8rhncp4jt1\/2026\/03\/image-1803.jpg\",\"contentUrl\":\"https:\/\/portaltela.pt\/s.01k8rhncp4jt1\/2026\/03\/image-1803.jpg\",\"width\":796,\"height\":448,\"caption\":\"Universidade do Porto admitiu cinco candidaturas para o cargo de reitor para o mandato 2026-2030\"},{\"@type\":\"BreadcrumbList\",\"@id\":\"https:\/\/portaltela.pt\/noticias\/2026\/03\/30\/cinco-candidatos-admitidos-a-eleicao-de-reitor-na-universidade-do-porto\/#breadcrumb\",\"itemListElement\":[{\"@type\":\"ListItem\",\"position\":1,\"name\":\"In\u00edcio\",\"item\":\"https:\/\/portaltela.pt\/\"},{\"@type\":\"ListItem\",\"position\":2,\"name\":\"Cinco candidatos admitidos \u00e0 elei\u00e7\u00e3o de reitor na Universidade do Porto\"}]},{\"@type\":\"WebSite\",\"@id\":\"https:\/\/portaltela.pt\/#website\",\"url\":\"https:\/\/portaltela.pt\/\",\"name\":\"Portal Tela Portugal\",\"description\":\"\",\"potentialAction\":[{\"@type\":\"SearchAction\",\"target\":{\"@type\":\"EntryPoint\",\"urlTemplate\":\"https:\/\/portaltela.pt\/?s={search_term_string}\"},\"query-input\":{\"@type\":\"PropertyValueSpecification\",\"valueRequired\":true,\"valueName\":\"search_term_string\"}}],\"inLanguage\":\"pt-PT\"},{\"@type\":\"Person\",\"@id\":\"https:\/\/portaltela.pt\/#\/schema\/person\/c4278d4a6028830caff9ee44b42d32ed\",\"name\":\"Telinha\",\"image\":{\"@type\":\"ImageObject\",\"inLanguage\":\"pt-PT\",\"@id\":\"https:\/\/portaltela.pt\/s.01k8rhncp4jt1\/2025\/11\/talking-bot-125x125.png\",\"url\":\"https:\/\/portaltela.pt\/s.01k8rhncp4jt1\/2025\/11\/talking-bot-125x125.png\",\"contentUrl\":\"https:\/\/portaltela.pt\/s.01k8rhncp4jt1\/2025\/11\/talking-bot-125x125.png\",\"caption\":\"Telinha\"},\"sameAs\":[\"https:\/\/portaltela.pt\/\"],\"url\":\"https:\/\/portaltela.pt\/por\/367410592786\/\"}]}<\/script>\n<!-- \/ Yoast SEO plugin. -->","yoast_head_json":{"title":"Cinco candidatos admitidos \u00e0 elei\u00e7\u00e3o de reitor na Universidade do Porto - Portal Tela Portugal","robots":{"index":"index","follow":"follow","max-snippet":"max-snippet:-1","max-image-preview":"max-image-preview:large","max-video-preview":"max-video-preview:-1"},"og_locale":"pt_PT","og_type":"article","og_title":"Cinco candidatos admitidos \u00e0 elei\u00e7\u00e3o de reitor na Universidade do Porto - Portal Tela Portugal","og_description":"Salvatore Cuzzocrea \u2014 italiano, ex-reitor da Universidade de Messina (2018-2023) e presidente do Conselho de Reitores italiano; admitido para o mandato 2026-2030 e defende fortalecer a U. Porto como universidade de investiga\u00e7\u00e3o, com gest\u00e3o s\u00f3lida de recursos e ambiente de trabalho positivo. \u2022 Lasisi Salami Lawal \u2014 nigeriano, professor e investigador na Universidade Federal de Tecnologia de Minna; admitido para o mandato 2026-2030 e prop\u00f5e excel\u00eancia acad\u00e9mica, investiga\u00e7\u00e3o, internacionaliza\u00e7\u00e3o, parceria social e educa\u00e7\u00e3o ao longo da vida, com programa de ensino e reten\u00e7\u00e3o de estudantes, bolsas, sa\u00fade mental e acessibilidade. \u2022 Altamiro Costa Pereira \u2014 atual diretor da Faculdade de Medicina da U. Porto; admitido para o mandato 2026-2030 e volta pela terceira vez ao cargo, defendendo valoriza\u00e7\u00e3o de recursos humanos, simplifica\u00e7\u00e3o administrativa, autonomia das unidades e planeamento de um novo campus na \u00c1rea Metropolitana do Porto. \u2022 Pedro Nuno Teixeira \u2014 ex-secret\u00e1rio de Estado do Ensino Superior (2022-2024), antigo vice-reitor da U. Porto e antigo diretor do Centro de Investiga\u00e7\u00e3o de Pol\u00edticas do Ensino Superior; admitido para o mandato 2026-2030 e defende governa\u00e7\u00e3o partilhada, resist\u00eancia \u00e0 centraliza\u00e7\u00e3o e respostas diferenciadas para cada faculdade. \u2022 Lu\u00eds Filipe Antunes \u2014 diretor do Centro de Compet\u00eancias em Ciberseguran\u00e7a e Privacidade da U. Porto; admitido para o mandato 2026-2030 e prop\u00f5e reorganizar a universidade em quatro agrupamentos para criar uma nova U. Porto, mantendo identidades, com governan\u00e7a clara e prioridades definidas pela reitoria.","og_url":"https:\/\/portaltela.pt\/noticias\/2026\/03\/30\/cinco-candidatos-admitidos-a-eleicao-de-reitor-na-universidade-do-porto\/","og_site_name":"Portal Tela Portugal","article_published_time":"2026-03-30T13:47:06+00:00","author":"Telinha","twitter_card":"summary_large_image","twitter_misc":{"Escrito por":"Telinha","Tempo estimado de leitura":"2 minutos"},"schema":{"@context":"https:\/\/schema.org","@graph":[{"@type":"Article","@id":"https:\/\/portaltela.pt\/noticias\/2026\/03\/30\/cinco-candidatos-admitidos-a-eleicao-de-reitor-na-universidade-do-porto\/#article","isPartOf":{"@id":"https:\/\/portaltela.pt\/noticias\/2026\/03\/30\/cinco-candidatos-admitidos-a-eleicao-de-reitor-na-universidade-do-porto\/"},"author":{"name":"Telinha","@id":"https:\/\/portaltela.pt\/#\/schema\/person\/c4278d4a6028830caff9ee44b42d32ed"},"headline":"Cinco candidatos admitidos \u00e0 elei\u00e7\u00e3o de reitor na Universidade do Porto","datePublished":"2026-03-30T13:47:06+00:00","mainEntityOfPage":{"@id":"https:\/\/portaltela.pt\/noticias\/2026\/03\/30\/cinco-candidatos-admitidos-a-eleicao-de-reitor-na-universidade-do-porto\/"},"wordCount":429,"image":{"@id":"https:\/\/portaltela.pt\/noticias\/2026\/03\/30\/cinco-candidatos-admitidos-a-eleicao-de-reitor-na-universidade-do-porto\/#primaryimage"},"thumbnailUrl":"https:\/\/portaltela.pt\/s.01k8rhncp4jt1\/2026\/03\/image-1803.jpg","keywords":["candidaturas internacionais","educa\u00e7\u00e3o","Ensino Superior","internacionais","investiga\u00e7\u00e3o","universidades"],"articleSection":["Not\u00edcias","Pol\u00edtica"],"inLanguage":"pt-PT"},{"@type":"WebPage","@id":"https:\/\/portaltela.pt\/noticias\/2026\/03\/30\/cinco-candidatos-admitidos-a-eleicao-de-reitor-na-universidade-do-porto\/","url":"https:\/\/portaltela.pt\/noticias\/2026\/03\/30\/cinco-candidatos-admitidos-a-eleicao-de-reitor-na-universidade-do-porto\/","name":"Cinco candidatos admitidos \u00e0 elei\u00e7\u00e3o de reitor na Universidade do Porto - Portal Tela Portugal","isPartOf":{"@id":"https:\/\/portaltela.pt\/#website"},"primaryImageOfPage":{"@id":"https:\/\/portaltela.pt\/noticias\/2026\/03\/30\/cinco-candidatos-admitidos-a-eleicao-de-reitor-na-universidade-do-porto\/#primaryimage"},"image":{"@id":"https:\/\/portaltela.pt\/noticias\/2026\/03\/30\/cinco-candidatos-admitidos-a-eleicao-de-reitor-na-universidade-do-porto\/#primaryimage"},"thumbnailUrl":"https:\/\/portaltela.pt\/s.01k8rhncp4jt1\/2026\/03\/image-1803.jpg","datePublished":"2026-03-30T13:47:06+00:00","author":{"@id":"https:\/\/portaltela.pt\/#\/schema\/person\/c4278d4a6028830caff9ee44b42d32ed"},"breadcrumb":{"@id":"https:\/\/portaltela.pt\/noticias\/2026\/03\/30\/cinco-candidatos-admitidos-a-eleicao-de-reitor-na-universidade-do-porto\/#breadcrumb"},"inLanguage":"pt-PT","potentialAction":[{"@type":"ReadAction","target":["https:\/\/portaltela.pt\/noticias\/2026\/03\/30\/cinco-candidatos-admitidos-a-eleicao-de-reitor-na-universidade-do-porto\/"]}]},{"@type":"ImageObject","inLanguage":"pt-PT","@id":"https:\/\/portaltela.pt\/noticias\/2026\/03\/30\/cinco-candidatos-admitidos-a-eleicao-de-reitor-na-universidade-do-porto\/#primaryimage","url":"https:\/\/portaltela.pt\/s.01k8rhncp4jt1\/2026\/03\/image-1803.jpg","contentUrl":"https:\/\/portaltela.pt\/s.01k8rhncp4jt1\/2026\/03\/image-1803.jpg","width":796,"height":448,"caption":"Universidade do Porto admitiu cinco candidaturas para o cargo de reitor para o mandato 2026-2030"},{"@type":"BreadcrumbList","@id":"https:\/\/portaltela.pt\/noticias\/2026\/03\/30\/cinco-candidatos-admitidos-a-eleicao-de-reitor-na-universidade-do-porto\/#breadcrumb","itemListElement":[{"@type":"ListItem","position":1,"name":"In\u00edcio","item":"https:\/\/portaltela.pt\/"},{"@type":"ListItem","position":2,"name":"Cinco candidatos admitidos \u00e0 elei\u00e7\u00e3o de reitor na Universidade do Porto"}]},{"@type":"WebSite","@id":"https:\/\/portaltela.pt\/#website","url":"https:\/\/portaltela.pt\/","name":"Portal Tela Portugal","description":"","potentialAction":[{"@type":"SearchAction","target":{"@type":"EntryPoint","urlTemplate":"https:\/\/portaltela.pt\/?s={search_term_string}"},"query-input":{"@type":"PropertyValueSpecification","valueRequired":true,"valueName":"search_term_string"}}],"inLanguage":"pt-PT"},{"@type":"Person","@id":"https:\/\/portaltela.pt\/#\/schema\/person\/c4278d4a6028830caff9ee44b42d32ed","name":"Telinha","image":{"@type":"ImageObject","inLanguage":"pt-PT","@id":"https:\/\/portaltela.pt\/s.01k8rhncp4jt1\/2025\/11\/talking-bot-125x125.png","url":"https:\/\/portaltela.pt\/s.01k8rhncp4jt1\/2025\/11\/talking-bot-125x125.png","contentUrl":"https:\/\/portaltela.pt\/s.01k8rhncp4jt1\/2025\/11\/talking-bot-125x125.png","caption":"Telinha"},"sameAs":["https:\/\/portaltela.pt\/"],"url":"https:\/\/portaltela.pt\/por\/367410592786\/"}]}},"_links":{"self":[{"href":"https:\/\/portaltela.pt\/api\/wp\/v2\/posts\/426970","targetHints":{"allow":["GET"]}}],"collection":[{"href":"https:\/\/portaltela.pt\/api\/wp\/v2\/posts"}],"about":[{"href":"https:\/\/portaltela.pt\/api\/wp\/v2\/types\/post"}],"author":[{"embeddable":true,"href":"https:\/\/portaltela.pt\/api\/wp\/v2\/users\/2"}],"replies":[{"embeddable":true,"href":"https:\/\/portaltela.pt\/api\/wp\/v2\/comments?post=426970"}],"version-history":[{"count":0,"href":"https:\/\/portaltela.pt\/api\/wp\/v2\/posts\/426970\/revisions"}],"wp:featuredmedia":[{"embeddable":true,"href":"https:\/\/portaltela.pt\/api\/wp\/v2\/media\/426972"}],"wp:attachment":[{"href":"https:\/\/portaltela.pt\/api\/wp\/v2\/media?parent=426970"}],"wp:term":[{"taxonomy":"category","embeddable":true,"href":"https:\/\/portaltela.pt\/api\/wp\/v2\/categories?post=426970"},{"taxonomy":"post_tag","embeddable":true,"href":"https:\/\/portaltela.pt\/api\/wp\/v2\/tags?post=426970"}],"curies":[{"name":"wp","href":"https:\/\/api.w.org\/{rel}","templated":true}]}}