{"id":426967,"date":"2026-03-30T10:47:00","date_gmt":"2026-03-30T13:47:00","guid":{"rendered":"https:\/\/portaltela.pt\/noticias\/2026\/03\/30\/jet-lag-da-hora-e-criticas-a-portugueses-sob-analise\/"},"modified":"2026-03-30T10:47:00","modified_gmt":"2026-03-30T13:47:00","slug":"jet-lag-da-hora-e-criticas-a-portugueses-sob-analise","status":"publish","type":"post","link":"https:\/\/portaltela.pt\/sociedade\/2026\/03\/30\/jet-lag-da-hora-e-criticas-a-portugueses-sob-analise\/","title":{"rendered":"Jet lag da hora e cr\u00edticas a portugueses, sob an\u00e1lise"},"content":{"rendered":"<p>O jet lag da hora continua a marcar o dia a dia em Portugal. A mudan\u00e7a de hor\u00e1rio aconteceu durante a noite, provocando confus\u00e3o no dia seguinte e reacendendo o debate sobre a utilidade deste ajuste sazonal. A Comiss\u00e3o Europeia prepara um estudo para avaliar o fim deste esquema.<\/p>\n<p>Segundo dados, os pre\u00e7os das casas mant\u00eam a trajet\u00f3ria de subida em 2025, batendo novos recordes. O governo tem vindo a manter foco em v\u00e1rias \u00e1reas, sem sinal claro de prioridade para o mercado imobili\u00e1rio.<\/p>\n<p>Cerca de 60% dos inquiridos num estudo de opini\u00e3o consideram que Portugal segue na dire\u00e7\u00e3o errada. A sondagem reflete descontentamento p\u00fablico, sem implicar valora\u00e7\u00f5es sobre pol\u00edticas espec\u00edficas.<\/p>\n<p>A semana ficou tamb\u00e9m marcada por uma greve na Fun\u00e7\u00e3o P\u00fablica, com ades\u00e3o pr\u00f3xima de 80%. O Executivo continuou a funcionar, mas houve cr\u00edticas \u00e0 resposta institucional durante a paralisa\u00e7\u00e3o.<\/p>\n<p>Lisboa testou o sistema de alerta de tsunami com quatro sirenes junto \u00e0 beira-rio, em opera\u00e7\u00f5es de rotina. O munic\u00edpio indica que o equipamento pode ser acionado em v\u00e1rias situa\u00e7\u00f5es de risco.<\/p>\n<p>Os Estados Unidos apresentaram um plano de paz de 15 pontos ao Ir\u00e3o, incluindo a ideia de tornar Ormuz uma Zona Mar\u00edtima Livre. Analistas divergem sobre a efic\u00e1cia de propostas neste contexto regional.<\/p>\n<p>A Uni\u00e3o Europeia e a Austr\u00e1lia assinaram um acordo que abrange com\u00e9rcio e defesa. O entendimento visa diversificar rela\u00e7\u00f5es internacionais da UE, num momento de busca por parceiros alternativos aos EUA.<\/p>\n","protected":false},"excerpt":{"rendered":"<ul>\n<li>A Comiss\u00e3o Europeia quer acabar com o hor\u00e1rio sazonal e vai apresentar um estudo sobre o tema.<\/li>\n<li>Os pre\u00e7os das casas aceleraram em 2025 e atingiram um novo recorde.<\/li>\n<li>60% dos inquiridos consideram que Portugal segue na dire\u00e7\u00e3o errada.<\/li>\n<li>houve uma greve na Fun\u00e7\u00e3o P\u00fablica com ades\u00e3o de cerca de 80%.<\/li>\n<li>Lisboa testou o sistema de alerta de tsunami, ativando quatro sirenes junto \u00e0 beira-rio.<\/li>\n<\/ul>\n","protected":false},"author":2,"featured_media":426975,"comment_status":"closed","ping_status":"closed","sticky":false,"template":"","format":"standard","meta":{"footnotes":""},"categories":[6871],"tags":[3368,6703,1920,1014,2201,2055],"class_list":["post-426967","post","type-post","status-publish","format-standard","has-post-thumbnail","hentry","category-sociedade","tag-comercio-internacional","tag-diplomacia-internacional","tag-mudanca-de-hora","tag-portugal","tag-trabalho","tag-uniao-europeia"],"yoast_head":"<!-- This site is optimized with the Yoast SEO plugin v27.2 - https:\/\/yoast.com\/product\/yoast-seo-wordpress\/ -->\n<title>Jet lag da hora e cr\u00edticas a portugueses, sob an\u00e1lise - Portal Tela Portugal<\/title>\n<meta name=\"robots\" content=\"index, follow, max-snippet:-1, max-image-preview:large, max-video-preview:-1\" \/>\n<meta property=\"og:locale\" content=\"pt_PT\" \/>\n<meta property=\"og:type\" content=\"article\" \/>\n<meta property=\"og:title\" content=\"Jet lag da hora e cr\u00edticas a portugueses, sob an\u00e1lise - Portal Tela Portugal\" \/>\n<meta property=\"og:description\" content=\"A Comiss\u00e3o Europeia quer acabar com o hor\u00e1rio sazonal e vai apresentar um estudo sobre o tema. Os pre\u00e7os das casas aceleraram em 2025 e atingiram um novo recorde. 60% dos inquiridos consideram que Portugal segue na dire\u00e7\u00e3o errada. houve uma greve na Fun\u00e7\u00e3o P\u00fablica com ades\u00e3o de cerca de 80%. Lisboa testou o sistema de alerta de tsunami, ativando quatro sirenes junto \u00e0 beira-rio.\" \/>\n<meta property=\"og:url\" content=\"https:\/\/portaltela.pt\/noticias\/2026\/03\/30\/jet-lag-da-hora-e-criticas-a-portugueses-sob-analise\/\" \/>\n<meta property=\"og:site_name\" content=\"Portal Tela Portugal\" \/>\n<meta property=\"article:published_time\" content=\"2026-03-30T13:47:00+00:00\" \/>\n<meta name=\"author\" content=\"Telinha\" \/>\n<meta name=\"twitter:card\" content=\"summary_large_image\" \/>\n<meta name=\"twitter:label1\" content=\"Escrito por\" \/>\n\t<meta name=\"twitter:data1\" content=\"Telinha\" \/>\n\t<meta name=\"twitter:label2\" content=\"Tempo estimado de leitura\" \/>\n\t<meta name=\"twitter:data2\" content=\"1 minuto\" \/>\n<script type=\"application\/ld+json\" class=\"yoast-schema-graph\">{\"@context\":\"https:\/\/schema.org\",\"@graph\":[{\"@type\":\"Article\",\"@id\":\"https:\/\/portaltela.pt\/noticias\/2026\/03\/30\/jet-lag-da-hora-e-criticas-a-portugueses-sob-analise\/#article\",\"isPartOf\":{\"@id\":\"https:\/\/portaltela.pt\/noticias\/2026\/03\/30\/jet-lag-da-hora-e-criticas-a-portugueses-sob-analise\/\"},\"author\":{\"name\":\"Telinha\",\"@id\":\"https:\/\/portaltela.pt\/#\/schema\/person\/c4278d4a6028830caff9ee44b42d32ed\"},\"headline\":\"Jet lag da hora e cr\u00edticas a portugueses, sob an\u00e1lise\",\"datePublished\":\"2026-03-30T13:47:00+00:00\",\"mainEntityOfPage\":{\"@id\":\"https:\/\/portaltela.pt\/noticias\/2026\/03\/30\/jet-lag-da-hora-e-criticas-a-portugueses-sob-analise\/\"},\"wordCount\":276,\"image\":{\"@id\":\"https:\/\/portaltela.pt\/noticias\/2026\/03\/30\/jet-lag-da-hora-e-criticas-a-portugueses-sob-analise\/#primaryimage\"},\"thumbnailUrl\":\"https:\/\/portaltela.pt\/s.01k8rhncp4jt1\/2026\/03\/image-1804.jpg\",\"keywords\":[\"com\u00e9rcio internacional\",\"diplomacia internacional\",\"Mudan\u00e7a de hora\",\"Portugal\",\"trabalho\",\"Uni\u00e3o Europeia\"],\"articleSection\":[\"Sociedade\"],\"inLanguage\":\"pt-PT\"},{\"@type\":\"WebPage\",\"@id\":\"https:\/\/portaltela.pt\/noticias\/2026\/03\/30\/jet-lag-da-hora-e-criticas-a-portugueses-sob-analise\/\",\"url\":\"https:\/\/portaltela.pt\/noticias\/2026\/03\/30\/jet-lag-da-hora-e-criticas-a-portugueses-sob-analise\/\",\"name\":\"Jet lag da hora e cr\u00edticas a portugueses, sob an\u00e1lise - Portal Tela Portugal\",\"isPartOf\":{\"@id\":\"https:\/\/portaltela.pt\/#website\"},\"primaryImageOfPage\":{\"@id\":\"https:\/\/portaltela.pt\/noticias\/2026\/03\/30\/jet-lag-da-hora-e-criticas-a-portugueses-sob-analise\/#primaryimage\"},\"image\":{\"@id\":\"https:\/\/portaltela.pt\/noticias\/2026\/03\/30\/jet-lag-da-hora-e-criticas-a-portugueses-sob-analise\/#primaryimage\"},\"thumbnailUrl\":\"https:\/\/portaltela.pt\/s.01k8rhncp4jt1\/2026\/03\/image-1804.jpg\",\"datePublished\":\"2026-03-30T13:47:00+00:00\",\"author\":{\"@id\":\"https:\/\/portaltela.pt\/#\/schema\/person\/c4278d4a6028830caff9ee44b42d32ed\"},\"breadcrumb\":{\"@id\":\"https:\/\/portaltela.pt\/noticias\/2026\/03\/30\/jet-lag-da-hora-e-criticas-a-portugueses-sob-analise\/#breadcrumb\"},\"inLanguage\":\"pt-PT\",\"potentialAction\":[{\"@type\":\"ReadAction\",\"target\":[\"https:\/\/portaltela.pt\/noticias\/2026\/03\/30\/jet-lag-da-hora-e-criticas-a-portugueses-sob-analise\/\"]}]},{\"@type\":\"ImageObject\",\"inLanguage\":\"pt-PT\",\"@id\":\"https:\/\/portaltela.pt\/noticias\/2026\/03\/30\/jet-lag-da-hora-e-criticas-a-portugueses-sob-analise\/#primaryimage\",\"url\":\"https:\/\/portaltela.pt\/s.01k8rhncp4jt1\/2026\/03\/image-1804.jpg\",\"contentUrl\":\"https:\/\/portaltela.pt\/s.01k8rhncp4jt1\/2026\/03\/image-1804.jpg\",\"width\":796,\"height\":448,\"caption\":\"Imagem de contexto do artigo O jet lag da hora e os ingratos dos portugueses\"},{\"@type\":\"BreadcrumbList\",\"@id\":\"https:\/\/portaltela.pt\/noticias\/2026\/03\/30\/jet-lag-da-hora-e-criticas-a-portugueses-sob-analise\/#breadcrumb\",\"itemListElement\":[{\"@type\":\"ListItem\",\"position\":1,\"name\":\"In\u00edcio\",\"item\":\"https:\/\/portaltela.pt\/\"},{\"@type\":\"ListItem\",\"position\":2,\"name\":\"Jet lag da hora e cr\u00edticas a portugueses, sob an\u00e1lise\"}]},{\"@type\":\"WebSite\",\"@id\":\"https:\/\/portaltela.pt\/#website\",\"url\":\"https:\/\/portaltela.pt\/\",\"name\":\"Portal Tela Portugal\",\"description\":\"\",\"potentialAction\":[{\"@type\":\"SearchAction\",\"target\":{\"@type\":\"EntryPoint\",\"urlTemplate\":\"https:\/\/portaltela.pt\/?s={search_term_string}\"},\"query-input\":{\"@type\":\"PropertyValueSpecification\",\"valueRequired\":true,\"valueName\":\"search_term_string\"}}],\"inLanguage\":\"pt-PT\"},{\"@type\":\"Person\",\"@id\":\"https:\/\/portaltela.pt\/#\/schema\/person\/c4278d4a6028830caff9ee44b42d32ed\",\"name\":\"Telinha\",\"image\":{\"@type\":\"ImageObject\",\"inLanguage\":\"pt-PT\",\"@id\":\"https:\/\/portaltela.pt\/s.01k8rhncp4jt1\/2025\/11\/talking-bot-125x125.png\",\"url\":\"https:\/\/portaltela.pt\/s.01k8rhncp4jt1\/2025\/11\/talking-bot-125x125.png\",\"contentUrl\":\"https:\/\/portaltela.pt\/s.01k8rhncp4jt1\/2025\/11\/talking-bot-125x125.png\",\"caption\":\"Telinha\"},\"sameAs\":[\"https:\/\/portaltela.pt\/\"],\"url\":\"https:\/\/portaltela.pt\/por\/367410592786\/\"}]}<\/script>\n<!-- \/ Yoast SEO plugin. -->","yoast_head_json":{"title":"Jet lag da hora e cr\u00edticas a portugueses, sob an\u00e1lise - Portal Tela Portugal","robots":{"index":"index","follow":"follow","max-snippet":"max-snippet:-1","max-image-preview":"max-image-preview:large","max-video-preview":"max-video-preview:-1"},"og_locale":"pt_PT","og_type":"article","og_title":"Jet lag da hora e cr\u00edticas a portugueses, sob an\u00e1lise - Portal Tela Portugal","og_description":"A Comiss\u00e3o Europeia quer acabar com o hor\u00e1rio sazonal e vai apresentar um estudo sobre o tema. Os pre\u00e7os das casas aceleraram em 2025 e atingiram um novo recorde. 60% dos inquiridos consideram que Portugal segue na dire\u00e7\u00e3o errada. houve uma greve na Fun\u00e7\u00e3o P\u00fablica com ades\u00e3o de cerca de 80%. Lisboa testou o sistema de alerta de tsunami, ativando quatro sirenes junto \u00e0 beira-rio.","og_url":"https:\/\/portaltela.pt\/noticias\/2026\/03\/30\/jet-lag-da-hora-e-criticas-a-portugueses-sob-analise\/","og_site_name":"Portal Tela Portugal","article_published_time":"2026-03-30T13:47:00+00:00","author":"Telinha","twitter_card":"summary_large_image","twitter_misc":{"Escrito por":"Telinha","Tempo estimado de leitura":"1 minuto"},"schema":{"@context":"https:\/\/schema.org","@graph":[{"@type":"Article","@id":"https:\/\/portaltela.pt\/noticias\/2026\/03\/30\/jet-lag-da-hora-e-criticas-a-portugueses-sob-analise\/#article","isPartOf":{"@id":"https:\/\/portaltela.pt\/noticias\/2026\/03\/30\/jet-lag-da-hora-e-criticas-a-portugueses-sob-analise\/"},"author":{"name":"Telinha","@id":"https:\/\/portaltela.pt\/#\/schema\/person\/c4278d4a6028830caff9ee44b42d32ed"},"headline":"Jet lag da hora e cr\u00edticas a portugueses, sob an\u00e1lise","datePublished":"2026-03-30T13:47:00+00:00","mainEntityOfPage":{"@id":"https:\/\/portaltela.pt\/noticias\/2026\/03\/30\/jet-lag-da-hora-e-criticas-a-portugueses-sob-analise\/"},"wordCount":276,"image":{"@id":"https:\/\/portaltela.pt\/noticias\/2026\/03\/30\/jet-lag-da-hora-e-criticas-a-portugueses-sob-analise\/#primaryimage"},"thumbnailUrl":"https:\/\/portaltela.pt\/s.01k8rhncp4jt1\/2026\/03\/image-1804.jpg","keywords":["com\u00e9rcio internacional","diplomacia internacional","Mudan\u00e7a de hora","Portugal","trabalho","Uni\u00e3o Europeia"],"articleSection":["Sociedade"],"inLanguage":"pt-PT"},{"@type":"WebPage","@id":"https:\/\/portaltela.pt\/noticias\/2026\/03\/30\/jet-lag-da-hora-e-criticas-a-portugueses-sob-analise\/","url":"https:\/\/portaltela.pt\/noticias\/2026\/03\/30\/jet-lag-da-hora-e-criticas-a-portugueses-sob-analise\/","name":"Jet lag da hora e cr\u00edticas a portugueses, sob an\u00e1lise - Portal Tela Portugal","isPartOf":{"@id":"https:\/\/portaltela.pt\/#website"},"primaryImageOfPage":{"@id":"https:\/\/portaltela.pt\/noticias\/2026\/03\/30\/jet-lag-da-hora-e-criticas-a-portugueses-sob-analise\/#primaryimage"},"image":{"@id":"https:\/\/portaltela.pt\/noticias\/2026\/03\/30\/jet-lag-da-hora-e-criticas-a-portugueses-sob-analise\/#primaryimage"},"thumbnailUrl":"https:\/\/portaltela.pt\/s.01k8rhncp4jt1\/2026\/03\/image-1804.jpg","datePublished":"2026-03-30T13:47:00+00:00","author":{"@id":"https:\/\/portaltela.pt\/#\/schema\/person\/c4278d4a6028830caff9ee44b42d32ed"},"breadcrumb":{"@id":"https:\/\/portaltela.pt\/noticias\/2026\/03\/30\/jet-lag-da-hora-e-criticas-a-portugueses-sob-analise\/#breadcrumb"},"inLanguage":"pt-PT","potentialAction":[{"@type":"ReadAction","target":["https:\/\/portaltela.pt\/noticias\/2026\/03\/30\/jet-lag-da-hora-e-criticas-a-portugueses-sob-analise\/"]}]},{"@type":"ImageObject","inLanguage":"pt-PT","@id":"https:\/\/portaltela.pt\/noticias\/2026\/03\/30\/jet-lag-da-hora-e-criticas-a-portugueses-sob-analise\/#primaryimage","url":"https:\/\/portaltela.pt\/s.01k8rhncp4jt1\/2026\/03\/image-1804.jpg","contentUrl":"https:\/\/portaltela.pt\/s.01k8rhncp4jt1\/2026\/03\/image-1804.jpg","width":796,"height":448,"caption":"Imagem de contexto do artigo O jet lag da hora e os ingratos dos portugueses"},{"@type":"BreadcrumbList","@id":"https:\/\/portaltela.pt\/noticias\/2026\/03\/30\/jet-lag-da-hora-e-criticas-a-portugueses-sob-analise\/#breadcrumb","itemListElement":[{"@type":"ListItem","position":1,"name":"In\u00edcio","item":"https:\/\/portaltela.pt\/"},{"@type":"ListItem","position":2,"name":"Jet lag da hora e cr\u00edticas a portugueses, sob an\u00e1lise"}]},{"@type":"WebSite","@id":"https:\/\/portaltela.pt\/#website","url":"https:\/\/portaltela.pt\/","name":"Portal Tela Portugal","description":"","potentialAction":[{"@type":"SearchAction","target":{"@type":"EntryPoint","urlTemplate":"https:\/\/portaltela.pt\/?s={search_term_string}"},"query-input":{"@type":"PropertyValueSpecification","valueRequired":true,"valueName":"search_term_string"}}],"inLanguage":"pt-PT"},{"@type":"Person","@id":"https:\/\/portaltela.pt\/#\/schema\/person\/c4278d4a6028830caff9ee44b42d32ed","name":"Telinha","image":{"@type":"ImageObject","inLanguage":"pt-PT","@id":"https:\/\/portaltela.pt\/s.01k8rhncp4jt1\/2025\/11\/talking-bot-125x125.png","url":"https:\/\/portaltela.pt\/s.01k8rhncp4jt1\/2025\/11\/talking-bot-125x125.png","contentUrl":"https:\/\/portaltela.pt\/s.01k8rhncp4jt1\/2025\/11\/talking-bot-125x125.png","caption":"Telinha"},"sameAs":["https:\/\/portaltela.pt\/"],"url":"https:\/\/portaltela.pt\/por\/367410592786\/"}]}},"_links":{"self":[{"href":"https:\/\/portaltela.pt\/api\/wp\/v2\/posts\/426967","targetHints":{"allow":["GET"]}}],"collection":[{"href":"https:\/\/portaltela.pt\/api\/wp\/v2\/posts"}],"about":[{"href":"https:\/\/portaltela.pt\/api\/wp\/v2\/types\/post"}],"author":[{"embeddable":true,"href":"https:\/\/portaltela.pt\/api\/wp\/v2\/users\/2"}],"replies":[{"embeddable":true,"href":"https:\/\/portaltela.pt\/api\/wp\/v2\/comments?post=426967"}],"version-history":[{"count":0,"href":"https:\/\/portaltela.pt\/api\/wp\/v2\/posts\/426967\/revisions"}],"wp:featuredmedia":[{"embeddable":true,"href":"https:\/\/portaltela.pt\/api\/wp\/v2\/media\/426975"}],"wp:attachment":[{"href":"https:\/\/portaltela.pt\/api\/wp\/v2\/media?parent=426967"}],"wp:term":[{"taxonomy":"category","embeddable":true,"href":"https:\/\/portaltela.pt\/api\/wp\/v2\/categories?post=426967"},{"taxonomy":"post_tag","embeddable":true,"href":"https:\/\/portaltela.pt\/api\/wp\/v2\/tags?post=426967"}],"curies":[{"name":"wp","href":"https:\/\/api.w.org\/{rel}","templated":true}]}}