{"id":426951,"date":"2026-03-30T10:17:06","date_gmt":"2026-03-30T13:17:06","guid":{"rendered":"https:\/\/portaltela.pt\/noticias\/2026\/03\/30\/federacao-dos-medicos-critica-modelo-de-avaliacao-e-propoe-contraproposta\/"},"modified":"2026-03-30T10:17:06","modified_gmt":"2026-03-30T13:17:06","slug":"federacao-dos-medicos-critica-modelo-de-avaliacao-e-propoe-contraproposta","status":"publish","type":"post","link":"https:\/\/portaltela.pt\/saude\/2026\/03\/30\/federacao-dos-medicos-critica-modelo-de-avaliacao-e-propoe-contraproposta\/","title":{"rendered":"Federa\u00e7\u00e3o dos M\u00e9dicos critica modelo de avalia\u00e7\u00e3o e prop\u00f5e contraproposta"},"content":{"rendered":"<p>A Federa\u00e7\u00e3o Nacional dos M\u00e9dicos (Fnam) criticou o modelo de avalia\u00e7\u00e3o proposto pelo Minist\u00e9rio da Sa\u00fade (MS), argumentando que perpetua injusti\u00e7as e trava a progress\u00e3o na carreira. A Fnam apresentou uma contraproposta com medidas para melhorar condi\u00e7\u00f5es laborais e parentais.<\/p>\n<p>A den\u00fancia foi feita ap\u00f3s uma reuni\u00e3o realizada na sexta-feira com o MS, no \u00e2mbito dos acordos coletivos de trabalho e da adapta\u00e7\u00e3o do Siadap \u00e0 carreira m\u00e9dica. A federa\u00e7\u00e3o diz ter reiterado a sua posi\u00e7\u00e3o de forma inequ\u00edvoca.<\/p>\n<p>A Fnam sustenta que o MS recusou introduzir mecanismos de transpar\u00eancia e equidade, mantendo o avaliador direto como refer\u00eancia e tornando a avalia\u00e7\u00e3o colegial apenas facultativa. O grupo classifica a solu\u00e7\u00e3o como geradora de desigualdades.<\/p>\n<p>O modelo de pondera\u00e7\u00e3o curricular, segundo a federa\u00e7\u00e3o, desvaloriza a experi\u00eancia e o percurso profissional, ignorando fun\u00e7\u00f5es, contextos assistenciais e n\u00edveis de responsabilidade no SNS. A consequ\u00eancia seria o agravamento da situa\u00e7\u00e3o dos m\u00e9dicos.<\/p>\n<p>A contraproposta da Fnam \u00e0 proposta do governo inclui a reposi\u00e7\u00e3o das 35 horas presenciais semanais, a recupera\u00e7\u00e3o de dias de f\u00e9rias e a harmoniza\u00e7\u00e3o entre forma\u00e7\u00e3o acad\u00e9mica e atividade m\u00e9dica.<\/p>\n<p>Prop\u00f5e ainda melhorias nas condi\u00e7\u00f5es de parentalidade, o fim de mecanismos considerados retrocessos, como o banco de horas e o trabalho por turnos, e a garantia do descanso dominical, com complemento ao s\u00e1bado.<\/p>\n<p>A federa\u00e7\u00e3o defende a reintegra\u00e7\u00e3o do internato m\u00e9dico na carreira e a cria\u00e7\u00e3o do grau de consultor principal. Objetivo \u00e9 assegurar o acesso \u00e0 categoria de assistente graduado s\u00e9nior e solu\u00e7\u00f5es justas no processo negocial.<\/p>\n<h3>Subt\u00edtulo<\/h3>\n<p>A Fnam insiste na negocia\u00e7\u00e3o transparente e na valoriza\u00e7\u00e3o efetiva da carreira m\u00e9dica no SNS, destacando a necessidade de solu\u00e7\u00f5es que n\u00e3o discriminem profissionais com diferentes fun\u00e7\u00f5es ou contextos de atua\u00e7\u00e3o.<\/p>\n","protected":false},"excerpt":{"rendered":"<ul>\n<li>A Federa\u00e7\u00e3o Nacional dos M\u00e9dicos (Fnam) criticou o modelo de avalia\u00e7\u00e3o proposto pelo Minist\u00e9rio da Sa\u00fade, dizendo que \u00e9 injusto e bloqueia a progress\u00e3o no Servi\u00e7o Nacional de Sa\u00fade (SNS), e apresentou uma contraproposta.<\/li>\n<li>A posi\u00e7\u00e3o foi reafirmada numa reuni\u00e3o com o Minist\u00e9rio da Sa\u00fade, na sexta-feira, no \u00e2mbito de negocia\u00e7\u00f5es sobre acordos coletivos de trabalho e a adapta\u00e7\u00e3o do Sistema Integrado de Gest\u00e3o e Avalia\u00e7\u00e3o do Desempenho na Administra\u00e7\u00e3o P\u00fablica (Siadap) \u00e0 carreira m\u00e9dica.<\/li>\n<li>A Fnam denuncia que o MS e a Secretaria de Estado da Administra\u00e7\u00e3o P\u00fablica recusaram mecanismos de transpar\u00eancia e equidade, mantendo o avaliador direto como regra e tornando a avalia\u00e7\u00e3o colegial apenas opcional, o que considera discriminat\u00f3rio e gerador de favorecimentos.<\/li>\n<li>Defende a progress\u00e3o autom\u00e1tica nas posi\u00e7\u00f5es remunerat\u00f3rias de tr\u00eas em tr\u00eas anos, com reposi\u00e7\u00e3o do regime previsto no Decreto-Lei n.\u00ba 73\/90 e sem quotas na avalia\u00e7\u00e3o horizontal, j\u00e1 que os m\u00e9dicos j\u00e1 s\u00e3o avaliados na progress\u00e3o vertical entre categorias.<\/li>\n<li>A contraproposta inclui reposi\u00e7\u00e3o das 35 horas semanais, recupera\u00e7\u00e3o de dias de f\u00e9rias perdidos, harmoniza\u00e7\u00e3o entre forma\u00e7\u00e3o acad\u00e9mica e atividade m\u00e9dica, melhoria das condi\u00e7\u00f5es de parentalidade, elimina\u00e7\u00e3o de retrocessos laborais como banco de horas, e refor\u00e7a a reintegra\u00e7\u00e3o do internato m\u00e9dico e a cria\u00e7\u00e3o do grau de consultor principal.<\/li>\n<\/ul>\n","protected":false},"author":2,"featured_media":426952,"comment_status":"closed","ping_status":"closed","sticky":false,"template":"","format":"standard","meta":{"footnotes":""},"categories":[7371,6745],"tags":[235,6331,7211,1140,172,3740],"class_list":["post-426951","post","type-post","status-publish","format-standard","has-post-thumbnail","hentry","category-medicina","category-saude","tag-carreira","tag-condicoes-de-trabalho","tag-medicina","tag-parentalidade","tag-saude","tag-siadap"],"yoast_head":"<!-- This site is optimized with the Yoast SEO plugin v27.2 - https:\/\/yoast.com\/product\/yoast-seo-wordpress\/ -->\n<title>Federa\u00e7\u00e3o dos M\u00e9dicos critica modelo de avalia\u00e7\u00e3o e prop\u00f5e contraproposta - Portal Tela Portugal<\/title>\n<meta name=\"robots\" content=\"index, follow, max-snippet:-1, max-image-preview:large, max-video-preview:-1\" \/>\n<meta property=\"og:locale\" content=\"pt_PT\" \/>\n<meta property=\"og:type\" content=\"article\" \/>\n<meta property=\"og:title\" content=\"Federa\u00e7\u00e3o dos M\u00e9dicos critica modelo de avalia\u00e7\u00e3o e prop\u00f5e contraproposta - Portal Tela Portugal\" \/>\n<meta property=\"og:description\" content=\"A Federa\u00e7\u00e3o Nacional dos M\u00e9dicos (Fnam) criticou o modelo de avalia\u00e7\u00e3o proposto pelo Minist\u00e9rio da Sa\u00fade, dizendo que \u00e9 injusto e bloqueia a progress\u00e3o no Servi\u00e7o Nacional de Sa\u00fade (SNS), e apresentou uma contraproposta. A posi\u00e7\u00e3o foi reafirmada numa reuni\u00e3o com o Minist\u00e9rio da Sa\u00fade, na sexta-feira, no \u00e2mbito de negocia\u00e7\u00f5es sobre acordos coletivos de trabalho e a adapta\u00e7\u00e3o do Sistema Integrado de Gest\u00e3o e Avalia\u00e7\u00e3o do Desempenho na Administra\u00e7\u00e3o P\u00fablica (Siadap) \u00e0 carreira m\u00e9dica. A Fnam denuncia que o MS e a Secretaria de Estado da Administra\u00e7\u00e3o P\u00fablica recusaram mecanismos de transpar\u00eancia e equidade, mantendo o avaliador direto como regra e tornando a avalia\u00e7\u00e3o colegial apenas opcional, o que considera discriminat\u00f3rio e gerador de favorecimentos. Defende a progress\u00e3o autom\u00e1tica nas posi\u00e7\u00f5es remunerat\u00f3rias de tr\u00eas em tr\u00eas anos, com reposi\u00e7\u00e3o do regime previsto no Decreto-Lei n.\u00ba 73\/90 e sem quotas na avalia\u00e7\u00e3o horizontal, j\u00e1 que os m\u00e9dicos j\u00e1 s\u00e3o avaliados na progress\u00e3o vertical entre categorias. A contraproposta inclui reposi\u00e7\u00e3o das 35 horas semanais, recupera\u00e7\u00e3o de dias de f\u00e9rias perdidos, harmoniza\u00e7\u00e3o entre forma\u00e7\u00e3o acad\u00e9mica e atividade m\u00e9dica, melhoria das condi\u00e7\u00f5es de parentalidade, elimina\u00e7\u00e3o de retrocessos laborais como banco de horas, e refor\u00e7a a reintegra\u00e7\u00e3o do internato m\u00e9dico e a cria\u00e7\u00e3o do grau de consultor principal.\" \/>\n<meta property=\"og:url\" content=\"https:\/\/portaltela.pt\/noticias\/2026\/03\/30\/federacao-dos-medicos-critica-modelo-de-avaliacao-e-propoe-contraproposta\/\" \/>\n<meta property=\"og:site_name\" content=\"Portal Tela Portugal\" \/>\n<meta property=\"article:published_time\" content=\"2026-03-30T13:17:06+00:00\" \/>\n<meta name=\"author\" content=\"Telinha\" \/>\n<meta name=\"twitter:card\" content=\"summary_large_image\" \/>\n<meta name=\"twitter:label1\" content=\"Escrito por\" \/>\n\t<meta name=\"twitter:data1\" content=\"Telinha\" \/>\n\t<meta name=\"twitter:label2\" content=\"Tempo estimado de leitura\" \/>\n\t<meta name=\"twitter:data2\" content=\"2 minutos\" \/>\n<script type=\"application\/ld+json\" class=\"yoast-schema-graph\">{\"@context\":\"https:\/\/schema.org\",\"@graph\":[{\"@type\":\"Article\",\"@id\":\"https:\/\/portaltela.pt\/noticias\/2026\/03\/30\/federacao-dos-medicos-critica-modelo-de-avaliacao-e-propoe-contraproposta\/#article\",\"isPartOf\":{\"@id\":\"https:\/\/portaltela.pt\/noticias\/2026\/03\/30\/federacao-dos-medicos-critica-modelo-de-avaliacao-e-propoe-contraproposta\/\"},\"author\":{\"name\":\"Telinha\",\"@id\":\"https:\/\/portaltela.pt\/#\/schema\/person\/c4278d4a6028830caff9ee44b42d32ed\"},\"headline\":\"Federa\u00e7\u00e3o dos M\u00e9dicos critica modelo de avalia\u00e7\u00e3o e prop\u00f5e contraproposta\",\"datePublished\":\"2026-03-30T13:17:06+00:00\",\"mainEntityOfPage\":{\"@id\":\"https:\/\/portaltela.pt\/noticias\/2026\/03\/30\/federacao-dos-medicos-critica-modelo-de-avaliacao-e-propoe-contraproposta\/\"},\"wordCount\":340,\"image\":{\"@id\":\"https:\/\/portaltela.pt\/noticias\/2026\/03\/30\/federacao-dos-medicos-critica-modelo-de-avaliacao-e-propoe-contraproposta\/#primaryimage\"},\"thumbnailUrl\":\"https:\/\/portaltela.pt\/s.01k8rhncp4jt1\/2026\/03\/img_1500x1000uu2024-12-30-22-55-28-2185242.jpg\",\"keywords\":[\"Carreira\",\"condi\u00e7\u00f5es de trabalho\",\"medicina\",\"parentalidade\",\"sa\u00fade\",\"SIADAP\"],\"articleSection\":[\"Medicina\",\"Sa\u00fade\"],\"inLanguage\":\"pt-PT\"},{\"@type\":\"WebPage\",\"@id\":\"https:\/\/portaltela.pt\/noticias\/2026\/03\/30\/federacao-dos-medicos-critica-modelo-de-avaliacao-e-propoe-contraproposta\/\",\"url\":\"https:\/\/portaltela.pt\/noticias\/2026\/03\/30\/federacao-dos-medicos-critica-modelo-de-avaliacao-e-propoe-contraproposta\/\",\"name\":\"Federa\u00e7\u00e3o dos M\u00e9dicos critica modelo de avalia\u00e7\u00e3o e prop\u00f5e contraproposta - Portal Tela Portugal\",\"isPartOf\":{\"@id\":\"https:\/\/portaltela.pt\/#website\"},\"primaryImageOfPage\":{\"@id\":\"https:\/\/portaltela.pt\/noticias\/2026\/03\/30\/federacao-dos-medicos-critica-modelo-de-avaliacao-e-propoe-contraproposta\/#primaryimage\"},\"image\":{\"@id\":\"https:\/\/portaltela.pt\/noticias\/2026\/03\/30\/federacao-dos-medicos-critica-modelo-de-avaliacao-e-propoe-contraproposta\/#primaryimage\"},\"thumbnailUrl\":\"https:\/\/portaltela.pt\/s.01k8rhncp4jt1\/2026\/03\/img_1500x1000uu2024-12-30-22-55-28-2185242.jpg\",\"datePublished\":\"2026-03-30T13:17:06+00:00\",\"author\":{\"@id\":\"https:\/\/portaltela.pt\/#\/schema\/person\/c4278d4a6028830caff9ee44b42d32ed\"},\"breadcrumb\":{\"@id\":\"https:\/\/portaltela.pt\/noticias\/2026\/03\/30\/federacao-dos-medicos-critica-modelo-de-avaliacao-e-propoe-contraproposta\/#breadcrumb\"},\"inLanguage\":\"pt-PT\",\"potentialAction\":[{\"@type\":\"ReadAction\",\"target\":[\"https:\/\/portaltela.pt\/noticias\/2026\/03\/30\/federacao-dos-medicos-critica-modelo-de-avaliacao-e-propoe-contraproposta\/\"]}]},{\"@type\":\"ImageObject\",\"inLanguage\":\"pt-PT\",\"@id\":\"https:\/\/portaltela.pt\/noticias\/2026\/03\/30\/federacao-dos-medicos-critica-modelo-de-avaliacao-e-propoe-contraproposta\/#primaryimage\",\"url\":\"https:\/\/portaltela.pt\/s.01k8rhncp4jt1\/2026\/03\/img_1500x1000uu2024-12-30-22-55-28-2185242.jpg\",\"contentUrl\":\"https:\/\/portaltela.pt\/s.01k8rhncp4jt1\/2026\/03\/img_1500x1000uu2024-12-30-22-55-28-2185242.jpg\",\"width\":796,\"height\":448,\"caption\":\"Fnam critica modelo de avali\u00e7\u00e3o e apresenta contraproposta\"},{\"@type\":\"BreadcrumbList\",\"@id\":\"https:\/\/portaltela.pt\/noticias\/2026\/03\/30\/federacao-dos-medicos-critica-modelo-de-avaliacao-e-propoe-contraproposta\/#breadcrumb\",\"itemListElement\":[{\"@type\":\"ListItem\",\"position\":1,\"name\":\"In\u00edcio\",\"item\":\"https:\/\/portaltela.pt\/\"},{\"@type\":\"ListItem\",\"position\":2,\"name\":\"Federa\u00e7\u00e3o dos M\u00e9dicos critica modelo de avalia\u00e7\u00e3o e prop\u00f5e contraproposta\"}]},{\"@type\":\"WebSite\",\"@id\":\"https:\/\/portaltela.pt\/#website\",\"url\":\"https:\/\/portaltela.pt\/\",\"name\":\"Portal Tela Portugal\",\"description\":\"\",\"potentialAction\":[{\"@type\":\"SearchAction\",\"target\":{\"@type\":\"EntryPoint\",\"urlTemplate\":\"https:\/\/portaltela.pt\/?s={search_term_string}\"},\"query-input\":{\"@type\":\"PropertyValueSpecification\",\"valueRequired\":true,\"valueName\":\"search_term_string\"}}],\"inLanguage\":\"pt-PT\"},{\"@type\":\"Person\",\"@id\":\"https:\/\/portaltela.pt\/#\/schema\/person\/c4278d4a6028830caff9ee44b42d32ed\",\"name\":\"Telinha\",\"image\":{\"@type\":\"ImageObject\",\"inLanguage\":\"pt-PT\",\"@id\":\"https:\/\/portaltela.pt\/s.01k8rhncp4jt1\/2025\/11\/talking-bot-125x125.png\",\"url\":\"https:\/\/portaltela.pt\/s.01k8rhncp4jt1\/2025\/11\/talking-bot-125x125.png\",\"contentUrl\":\"https:\/\/portaltela.pt\/s.01k8rhncp4jt1\/2025\/11\/talking-bot-125x125.png\",\"caption\":\"Telinha\"},\"sameAs\":[\"https:\/\/portaltela.pt\/\"],\"url\":\"https:\/\/portaltela.pt\/por\/367410592786\/\"}]}<\/script>\n<!-- \/ Yoast SEO plugin. -->","yoast_head_json":{"title":"Federa\u00e7\u00e3o dos M\u00e9dicos critica modelo de avalia\u00e7\u00e3o e prop\u00f5e contraproposta - Portal Tela Portugal","robots":{"index":"index","follow":"follow","max-snippet":"max-snippet:-1","max-image-preview":"max-image-preview:large","max-video-preview":"max-video-preview:-1"},"og_locale":"pt_PT","og_type":"article","og_title":"Federa\u00e7\u00e3o dos M\u00e9dicos critica modelo de avalia\u00e7\u00e3o e prop\u00f5e contraproposta - Portal Tela Portugal","og_description":"A Federa\u00e7\u00e3o Nacional dos M\u00e9dicos (Fnam) criticou o modelo de avalia\u00e7\u00e3o proposto pelo Minist\u00e9rio da Sa\u00fade, dizendo que \u00e9 injusto e bloqueia a progress\u00e3o no Servi\u00e7o Nacional de Sa\u00fade (SNS), e apresentou uma contraproposta. A posi\u00e7\u00e3o foi reafirmada numa reuni\u00e3o com o Minist\u00e9rio da Sa\u00fade, na sexta-feira, no \u00e2mbito de negocia\u00e7\u00f5es sobre acordos coletivos de trabalho e a adapta\u00e7\u00e3o do Sistema Integrado de Gest\u00e3o e Avalia\u00e7\u00e3o do Desempenho na Administra\u00e7\u00e3o P\u00fablica (Siadap) \u00e0 carreira m\u00e9dica. A Fnam denuncia que o MS e a Secretaria de Estado da Administra\u00e7\u00e3o P\u00fablica recusaram mecanismos de transpar\u00eancia e equidade, mantendo o avaliador direto como regra e tornando a avalia\u00e7\u00e3o colegial apenas opcional, o que considera discriminat\u00f3rio e gerador de favorecimentos. Defende a progress\u00e3o autom\u00e1tica nas posi\u00e7\u00f5es remunerat\u00f3rias de tr\u00eas em tr\u00eas anos, com reposi\u00e7\u00e3o do regime previsto no Decreto-Lei n.\u00ba 73\/90 e sem quotas na avalia\u00e7\u00e3o horizontal, j\u00e1 que os m\u00e9dicos j\u00e1 s\u00e3o avaliados na progress\u00e3o vertical entre categorias. A contraproposta inclui reposi\u00e7\u00e3o das 35 horas semanais, recupera\u00e7\u00e3o de dias de f\u00e9rias perdidos, harmoniza\u00e7\u00e3o entre forma\u00e7\u00e3o acad\u00e9mica e atividade m\u00e9dica, melhoria das condi\u00e7\u00f5es de parentalidade, elimina\u00e7\u00e3o de retrocessos laborais como banco de horas, e refor\u00e7a a reintegra\u00e7\u00e3o do internato m\u00e9dico e a cria\u00e7\u00e3o do grau de consultor principal.","og_url":"https:\/\/portaltela.pt\/noticias\/2026\/03\/30\/federacao-dos-medicos-critica-modelo-de-avaliacao-e-propoe-contraproposta\/","og_site_name":"Portal Tela Portugal","article_published_time":"2026-03-30T13:17:06+00:00","author":"Telinha","twitter_card":"summary_large_image","twitter_misc":{"Escrito por":"Telinha","Tempo estimado de leitura":"2 minutos"},"schema":{"@context":"https:\/\/schema.org","@graph":[{"@type":"Article","@id":"https:\/\/portaltela.pt\/noticias\/2026\/03\/30\/federacao-dos-medicos-critica-modelo-de-avaliacao-e-propoe-contraproposta\/#article","isPartOf":{"@id":"https:\/\/portaltela.pt\/noticias\/2026\/03\/30\/federacao-dos-medicos-critica-modelo-de-avaliacao-e-propoe-contraproposta\/"},"author":{"name":"Telinha","@id":"https:\/\/portaltela.pt\/#\/schema\/person\/c4278d4a6028830caff9ee44b42d32ed"},"headline":"Federa\u00e7\u00e3o dos M\u00e9dicos critica modelo de avalia\u00e7\u00e3o e prop\u00f5e contraproposta","datePublished":"2026-03-30T13:17:06+00:00","mainEntityOfPage":{"@id":"https:\/\/portaltela.pt\/noticias\/2026\/03\/30\/federacao-dos-medicos-critica-modelo-de-avaliacao-e-propoe-contraproposta\/"},"wordCount":340,"image":{"@id":"https:\/\/portaltela.pt\/noticias\/2026\/03\/30\/federacao-dos-medicos-critica-modelo-de-avaliacao-e-propoe-contraproposta\/#primaryimage"},"thumbnailUrl":"https:\/\/portaltela.pt\/s.01k8rhncp4jt1\/2026\/03\/img_1500x1000uu2024-12-30-22-55-28-2185242.jpg","keywords":["Carreira","condi\u00e7\u00f5es de trabalho","medicina","parentalidade","sa\u00fade","SIADAP"],"articleSection":["Medicina","Sa\u00fade"],"inLanguage":"pt-PT"},{"@type":"WebPage","@id":"https:\/\/portaltela.pt\/noticias\/2026\/03\/30\/federacao-dos-medicos-critica-modelo-de-avaliacao-e-propoe-contraproposta\/","url":"https:\/\/portaltela.pt\/noticias\/2026\/03\/30\/federacao-dos-medicos-critica-modelo-de-avaliacao-e-propoe-contraproposta\/","name":"Federa\u00e7\u00e3o dos M\u00e9dicos critica modelo de avalia\u00e7\u00e3o e prop\u00f5e contraproposta - Portal Tela Portugal","isPartOf":{"@id":"https:\/\/portaltela.pt\/#website"},"primaryImageOfPage":{"@id":"https:\/\/portaltela.pt\/noticias\/2026\/03\/30\/federacao-dos-medicos-critica-modelo-de-avaliacao-e-propoe-contraproposta\/#primaryimage"},"image":{"@id":"https:\/\/portaltela.pt\/noticias\/2026\/03\/30\/federacao-dos-medicos-critica-modelo-de-avaliacao-e-propoe-contraproposta\/#primaryimage"},"thumbnailUrl":"https:\/\/portaltela.pt\/s.01k8rhncp4jt1\/2026\/03\/img_1500x1000uu2024-12-30-22-55-28-2185242.jpg","datePublished":"2026-03-30T13:17:06+00:00","author":{"@id":"https:\/\/portaltela.pt\/#\/schema\/person\/c4278d4a6028830caff9ee44b42d32ed"},"breadcrumb":{"@id":"https:\/\/portaltela.pt\/noticias\/2026\/03\/30\/federacao-dos-medicos-critica-modelo-de-avaliacao-e-propoe-contraproposta\/#breadcrumb"},"inLanguage":"pt-PT","potentialAction":[{"@type":"ReadAction","target":["https:\/\/portaltela.pt\/noticias\/2026\/03\/30\/federacao-dos-medicos-critica-modelo-de-avaliacao-e-propoe-contraproposta\/"]}]},{"@type":"ImageObject","inLanguage":"pt-PT","@id":"https:\/\/portaltela.pt\/noticias\/2026\/03\/30\/federacao-dos-medicos-critica-modelo-de-avaliacao-e-propoe-contraproposta\/#primaryimage","url":"https:\/\/portaltela.pt\/s.01k8rhncp4jt1\/2026\/03\/img_1500x1000uu2024-12-30-22-55-28-2185242.jpg","contentUrl":"https:\/\/portaltela.pt\/s.01k8rhncp4jt1\/2026\/03\/img_1500x1000uu2024-12-30-22-55-28-2185242.jpg","width":796,"height":448,"caption":"Fnam critica modelo de avali\u00e7\u00e3o e apresenta contraproposta"},{"@type":"BreadcrumbList","@id":"https:\/\/portaltela.pt\/noticias\/2026\/03\/30\/federacao-dos-medicos-critica-modelo-de-avaliacao-e-propoe-contraproposta\/#breadcrumb","itemListElement":[{"@type":"ListItem","position":1,"name":"In\u00edcio","item":"https:\/\/portaltela.pt\/"},{"@type":"ListItem","position":2,"name":"Federa\u00e7\u00e3o dos M\u00e9dicos critica modelo de avalia\u00e7\u00e3o e prop\u00f5e contraproposta"}]},{"@type":"WebSite","@id":"https:\/\/portaltela.pt\/#website","url":"https:\/\/portaltela.pt\/","name":"Portal Tela Portugal","description":"","potentialAction":[{"@type":"SearchAction","target":{"@type":"EntryPoint","urlTemplate":"https:\/\/portaltela.pt\/?s={search_term_string}"},"query-input":{"@type":"PropertyValueSpecification","valueRequired":true,"valueName":"search_term_string"}}],"inLanguage":"pt-PT"},{"@type":"Person","@id":"https:\/\/portaltela.pt\/#\/schema\/person\/c4278d4a6028830caff9ee44b42d32ed","name":"Telinha","image":{"@type":"ImageObject","inLanguage":"pt-PT","@id":"https:\/\/portaltela.pt\/s.01k8rhncp4jt1\/2025\/11\/talking-bot-125x125.png","url":"https:\/\/portaltela.pt\/s.01k8rhncp4jt1\/2025\/11\/talking-bot-125x125.png","contentUrl":"https:\/\/portaltela.pt\/s.01k8rhncp4jt1\/2025\/11\/talking-bot-125x125.png","caption":"Telinha"},"sameAs":["https:\/\/portaltela.pt\/"],"url":"https:\/\/portaltela.pt\/por\/367410592786\/"}]}},"_links":{"self":[{"href":"https:\/\/portaltela.pt\/api\/wp\/v2\/posts\/426951","targetHints":{"allow":["GET"]}}],"collection":[{"href":"https:\/\/portaltela.pt\/api\/wp\/v2\/posts"}],"about":[{"href":"https:\/\/portaltela.pt\/api\/wp\/v2\/types\/post"}],"author":[{"embeddable":true,"href":"https:\/\/portaltela.pt\/api\/wp\/v2\/users\/2"}],"replies":[{"embeddable":true,"href":"https:\/\/portaltela.pt\/api\/wp\/v2\/comments?post=426951"}],"version-history":[{"count":0,"href":"https:\/\/portaltela.pt\/api\/wp\/v2\/posts\/426951\/revisions"}],"wp:featuredmedia":[{"embeddable":true,"href":"https:\/\/portaltela.pt\/api\/wp\/v2\/media\/426952"}],"wp:attachment":[{"href":"https:\/\/portaltela.pt\/api\/wp\/v2\/media?parent=426951"}],"wp:term":[{"taxonomy":"category","embeddable":true,"href":"https:\/\/portaltela.pt\/api\/wp\/v2\/categories?post=426951"},{"taxonomy":"post_tag","embeddable":true,"href":"https:\/\/portaltela.pt\/api\/wp\/v2\/tags?post=426951"}],"curies":[{"name":"wp","href":"https:\/\/api.w.org\/{rel}","templated":true}]}}