{"id":426942,"date":"2026-03-30T10:02:36","date_gmt":"2026-03-30T13:02:36","guid":{"rendered":"https:\/\/portaltela.pt\/noticias\/2026\/03\/30\/gestao-do-benfica-criticada-por-nao-apresentar-renovacao-a-antonio-silva\/"},"modified":"2026-03-30T10:02:36","modified_gmt":"2026-03-30T13:02:36","slug":"gestao-do-benfica-criticada-por-nao-apresentar-renovacao-a-antonio-silva","status":"publish","type":"post","link":"https:\/\/portaltela.pt\/desporto\/futebol\/2026\/03\/30\/gestao-do-benfica-criticada-por-nao-apresentar-renovacao-a-antonio-silva\/","title":{"rendered":"Gest\u00e3o do Benfica criticada por n\u00e3o apresentar renova\u00e7\u00e3o a Ant\u00f3nio Silva"},"content":{"rendered":"<p>O jornal Record sustenta que \u00e9 um ato de gest\u00e3o danosa o Benfica n\u00e3o ter apresentado uma proposta de renova\u00e7\u00e3o a Ant\u00f3nio Silva. O tema \u00e9 tratado como central na an\u00e1lise da dire\u00e7\u00e3o do clube.<\/p>\n<p>Valter Marques afirma que Rui Costa pode perder dinheiro quando o central sair, apontando para impactos financeiros e desvaloriza\u00e7\u00e3o do ativo. A not\u00edcia destaca a import\u00e2ncia futura de Ant\u00f3nio Silva para o clube.<\/p>\n<p>O documento tamb\u00e9m indica que Schjelderup \u00e9 o jogador em que Rui Costa deposita maiores expectativas para uma venda. O foco seguinte aponta para o perfil de refor\u00e7os desejados por Mourinho, com a ideia de menos Schjelderups e mais jogadores com caracter\u00edsticas espec\u00edficas.<\/p>\n<h3>Mercado e planeamento<\/h3>\n<p>Tudo indica que Otamendi vai terminar a liga\u00e7\u00e3o ao Benfica neste ver\u00e3o, conforme o leque de informa\u00e7\u00f5es divulgado. Surge ainda a interroga\u00e7\u00e3o sobre o papel de Banjaqui, Jos\u00e9 Neto e An\u00edsio Cabral na equipa da pr\u00f3xima \u00e9poca.<\/p>\n<p>A sa\u00edda de Otamendi \u00e9 apresentada como um processo com atraso de um ano, refletindo o fechar de ciclos no plantel. O mercado aponta para menos aposta em jovens e para a continuidade do ajustamento de compet\u00eancias do grupo.<\/p>\n<p>Ainda neste conjunto de an\u00e1lises, o texto compara o duo de acordos entre Benfica e outros clubes, destacando diferen\u00e7as de posicionamento e estrat\u00e9gias de refor\u00e7o.<\/p>\n","protected":false},"excerpt":{"rendered":"<ul>\n<li>Valter Marques afirma que \u00e9 um ato de gest\u00e3o danosa n\u00e3o ter apresentado uma proposta de renova\u00e7\u00e3o a Ant\u00f3nio Silva.<\/li>\n<li>Valter Marques sustenta que Rui Costa vai perder muito dinheiro com a sa\u00edda do central Ant\u00f3nio Silva.<\/li>\n<li>Schjelderup \u00e9 o jogador em que Rui Costa deposita mais expectativas numa venda.<\/li>\n<li>Tudo indica que Otamendi vai terminar a liga\u00e7\u00e3o ao Benfica este ver\u00e3o.<\/li>\n<li>Mourinho pretende menos Schjelderups e mais jovens, com foco em refor\u00e7os de perfil jovem e um novo Otamendi.<\/li>\n<\/ul>\n","protected":false},"author":2,"featured_media":426945,"comment_status":"closed","ping_status":"closed","sticky":false,"template":"","format":"standard","meta":{"footnotes":""},"categories":[21,24],"tags":[1946,2219,32,4117,2139,5654],"class_list":["post-426942","post","type-post","status-publish","format-standard","has-post-thumbnail","hentry","category-desporto","category-futebol","tag-benfica","tag-contratacoes","tag-futebol","tag-otamendi","tag-rui-costa","tag-schjelderup"],"yoast_head":"<!-- This site is optimized with the Yoast SEO plugin v27.2 - https:\/\/yoast.com\/product\/yoast-seo-wordpress\/ -->\n<title>Gest\u00e3o do Benfica criticada por n\u00e3o apresentar renova\u00e7\u00e3o a Ant\u00f3nio Silva - Portal Tela Portugal<\/title>\n<meta name=\"robots\" content=\"index, follow, max-snippet:-1, max-image-preview:large, max-video-preview:-1\" \/>\n<meta property=\"og:locale\" content=\"pt_PT\" \/>\n<meta property=\"og:type\" content=\"article\" \/>\n<meta property=\"og:title\" content=\"Gest\u00e3o do Benfica criticada por n\u00e3o apresentar renova\u00e7\u00e3o a Ant\u00f3nio Silva - Portal Tela Portugal\" \/>\n<meta property=\"og:description\" content=\"Valter Marques afirma que \u00e9 um ato de gest\u00e3o danosa n\u00e3o ter apresentado uma proposta de renova\u00e7\u00e3o a Ant\u00f3nio Silva. Valter Marques sustenta que Rui Costa vai perder muito dinheiro com a sa\u00edda do central Ant\u00f3nio Silva. Schjelderup \u00e9 o jogador em que Rui Costa deposita mais expectativas numa venda. Tudo indica que Otamendi vai terminar a liga\u00e7\u00e3o ao Benfica este ver\u00e3o. Mourinho pretende menos Schjelderups e mais jovens, com foco em refor\u00e7os de perfil jovem e um novo Otamendi.\" \/>\n<meta property=\"og:url\" content=\"https:\/\/portaltela.pt\/noticias\/2026\/03\/30\/gestao-do-benfica-criticada-por-nao-apresentar-renovacao-a-antonio-silva\/\" \/>\n<meta property=\"og:site_name\" content=\"Portal Tela Portugal\" \/>\n<meta property=\"article:published_time\" content=\"2026-03-30T13:02:36+00:00\" \/>\n<meta name=\"author\" content=\"Telinha\" \/>\n<meta name=\"twitter:card\" content=\"summary_large_image\" \/>\n<meta name=\"twitter:label1\" content=\"Escrito por\" \/>\n\t<meta name=\"twitter:data1\" content=\"Telinha\" \/>\n\t<meta name=\"twitter:label2\" content=\"Tempo estimado de leitura\" \/>\n\t<meta name=\"twitter:data2\" content=\"1 minuto\" \/>\n<script type=\"application\/ld+json\" class=\"yoast-schema-graph\">{\"@context\":\"https:\/\/schema.org\",\"@graph\":[{\"@type\":\"Article\",\"@id\":\"https:\/\/portaltela.pt\/noticias\/2026\/03\/30\/gestao-do-benfica-criticada-por-nao-apresentar-renovacao-a-antonio-silva\/#article\",\"isPartOf\":{\"@id\":\"https:\/\/portaltela.pt\/noticias\/2026\/03\/30\/gestao-do-benfica-criticada-por-nao-apresentar-renovacao-a-antonio-silva\/\"},\"author\":{\"name\":\"Telinha\",\"@id\":\"https:\/\/portaltela.pt\/#\/schema\/person\/c4278d4a6028830caff9ee44b42d32ed\"},\"headline\":\"Gest\u00e3o do Benfica criticada por n\u00e3o apresentar renova\u00e7\u00e3o a Ant\u00f3nio Silva\",\"datePublished\":\"2026-03-30T13:02:36+00:00\",\"mainEntityOfPage\":{\"@id\":\"https:\/\/portaltela.pt\/noticias\/2026\/03\/30\/gestao-do-benfica-criticada-por-nao-apresentar-renovacao-a-antonio-silva\/\"},\"wordCount\":252,\"image\":{\"@id\":\"https:\/\/portaltela.pt\/noticias\/2026\/03\/30\/gestao-do-benfica-criticada-por-nao-apresentar-renovacao-a-antonio-silva\/#primaryimage\"},\"thumbnailUrl\":\"https:\/\/portaltela.pt\/s.01k8rhncp4jt1\/2026\/03\/img_1200x721uu2026-03-28-14-04-32-2429836.jpg\",\"keywords\":[\"Benfica\",\"contrata\u00e7\u00f5es\",\"futebol\",\"Otamendi\",\"Rui Costa\",\"Schjelderup\"],\"articleSection\":[\"Desporto\",\"Futebol\"],\"inLanguage\":\"pt-PT\"},{\"@type\":\"WebPage\",\"@id\":\"https:\/\/portaltela.pt\/noticias\/2026\/03\/30\/gestao-do-benfica-criticada-por-nao-apresentar-renovacao-a-antonio-silva\/\",\"url\":\"https:\/\/portaltela.pt\/noticias\/2026\/03\/30\/gestao-do-benfica-criticada-por-nao-apresentar-renovacao-a-antonio-silva\/\",\"name\":\"Gest\u00e3o do Benfica criticada por n\u00e3o apresentar renova\u00e7\u00e3o a Ant\u00f3nio Silva - Portal Tela Portugal\",\"isPartOf\":{\"@id\":\"https:\/\/portaltela.pt\/#website\"},\"primaryImageOfPage\":{\"@id\":\"https:\/\/portaltela.pt\/noticias\/2026\/03\/30\/gestao-do-benfica-criticada-por-nao-apresentar-renovacao-a-antonio-silva\/#primaryimage\"},\"image\":{\"@id\":\"https:\/\/portaltela.pt\/noticias\/2026\/03\/30\/gestao-do-benfica-criticada-por-nao-apresentar-renovacao-a-antonio-silva\/#primaryimage\"},\"thumbnailUrl\":\"https:\/\/portaltela.pt\/s.01k8rhncp4jt1\/2026\/03\/img_1200x721uu2026-03-28-14-04-32-2429836.jpg\",\"datePublished\":\"2026-03-30T13:02:36+00:00\",\"author\":{\"@id\":\"https:\/\/portaltela.pt\/#\/schema\/person\/c4278d4a6028830caff9ee44b42d32ed\"},\"breadcrumb\":{\"@id\":\"https:\/\/portaltela.pt\/noticias\/2026\/03\/30\/gestao-do-benfica-criticada-por-nao-apresentar-renovacao-a-antonio-silva\/#breadcrumb\"},\"inLanguage\":\"pt-PT\",\"potentialAction\":[{\"@type\":\"ReadAction\",\"target\":[\"https:\/\/portaltela.pt\/noticias\/2026\/03\/30\/gestao-do-benfica-criticada-por-nao-apresentar-renovacao-a-antonio-silva\/\"]}]},{\"@type\":\"ImageObject\",\"inLanguage\":\"pt-PT\",\"@id\":\"https:\/\/portaltela.pt\/noticias\/2026\/03\/30\/gestao-do-benfica-criticada-por-nao-apresentar-renovacao-a-antonio-silva\/#primaryimage\",\"url\":\"https:\/\/portaltela.pt\/s.01k8rhncp4jt1\/2026\/03\/img_1200x721uu2026-03-28-14-04-32-2429836.jpg\",\"contentUrl\":\"https:\/\/portaltela.pt\/s.01k8rhncp4jt1\/2026\/03\/img_1200x721uu2026-03-28-14-04-32-2429836.jpg\",\"width\":796,\"height\":448,\"caption\":\"\u00ab\u00c9 um ato de gest\u00e3o danosa do Benfica n\u00e3o ter apresentado uma proposta de renova\u00e7\u00e3o a Ant\u00f3nio Silva\u00bb\"},{\"@type\":\"BreadcrumbList\",\"@id\":\"https:\/\/portaltela.pt\/noticias\/2026\/03\/30\/gestao-do-benfica-criticada-por-nao-apresentar-renovacao-a-antonio-silva\/#breadcrumb\",\"itemListElement\":[{\"@type\":\"ListItem\",\"position\":1,\"name\":\"In\u00edcio\",\"item\":\"https:\/\/portaltela.pt\/\"},{\"@type\":\"ListItem\",\"position\":2,\"name\":\"Gest\u00e3o do Benfica criticada por n\u00e3o apresentar renova\u00e7\u00e3o a Ant\u00f3nio Silva\"}]},{\"@type\":\"WebSite\",\"@id\":\"https:\/\/portaltela.pt\/#website\",\"url\":\"https:\/\/portaltela.pt\/\",\"name\":\"Portal Tela Portugal\",\"description\":\"\",\"potentialAction\":[{\"@type\":\"SearchAction\",\"target\":{\"@type\":\"EntryPoint\",\"urlTemplate\":\"https:\/\/portaltela.pt\/?s={search_term_string}\"},\"query-input\":{\"@type\":\"PropertyValueSpecification\",\"valueRequired\":true,\"valueName\":\"search_term_string\"}}],\"inLanguage\":\"pt-PT\"},{\"@type\":\"Person\",\"@id\":\"https:\/\/portaltela.pt\/#\/schema\/person\/c4278d4a6028830caff9ee44b42d32ed\",\"name\":\"Telinha\",\"image\":{\"@type\":\"ImageObject\",\"inLanguage\":\"pt-PT\",\"@id\":\"https:\/\/portaltela.pt\/s.01k8rhncp4jt1\/2025\/11\/talking-bot-125x125.png\",\"url\":\"https:\/\/portaltela.pt\/s.01k8rhncp4jt1\/2025\/11\/talking-bot-125x125.png\",\"contentUrl\":\"https:\/\/portaltela.pt\/s.01k8rhncp4jt1\/2025\/11\/talking-bot-125x125.png\",\"caption\":\"Telinha\"},\"sameAs\":[\"https:\/\/portaltela.pt\/\"],\"url\":\"https:\/\/portaltela.pt\/por\/367410592786\/\"}]}<\/script>\n<!-- \/ Yoast SEO plugin. -->","yoast_head_json":{"title":"Gest\u00e3o do Benfica criticada por n\u00e3o apresentar renova\u00e7\u00e3o a Ant\u00f3nio Silva - Portal Tela Portugal","robots":{"index":"index","follow":"follow","max-snippet":"max-snippet:-1","max-image-preview":"max-image-preview:large","max-video-preview":"max-video-preview:-1"},"og_locale":"pt_PT","og_type":"article","og_title":"Gest\u00e3o do Benfica criticada por n\u00e3o apresentar renova\u00e7\u00e3o a Ant\u00f3nio Silva - Portal Tela Portugal","og_description":"Valter Marques afirma que \u00e9 um ato de gest\u00e3o danosa n\u00e3o ter apresentado uma proposta de renova\u00e7\u00e3o a Ant\u00f3nio Silva. Valter Marques sustenta que Rui Costa vai perder muito dinheiro com a sa\u00edda do central Ant\u00f3nio Silva. Schjelderup \u00e9 o jogador em que Rui Costa deposita mais expectativas numa venda. Tudo indica que Otamendi vai terminar a liga\u00e7\u00e3o ao Benfica este ver\u00e3o. Mourinho pretende menos Schjelderups e mais jovens, com foco em refor\u00e7os de perfil jovem e um novo Otamendi.","og_url":"https:\/\/portaltela.pt\/noticias\/2026\/03\/30\/gestao-do-benfica-criticada-por-nao-apresentar-renovacao-a-antonio-silva\/","og_site_name":"Portal Tela Portugal","article_published_time":"2026-03-30T13:02:36+00:00","author":"Telinha","twitter_card":"summary_large_image","twitter_misc":{"Escrito por":"Telinha","Tempo estimado de leitura":"1 minuto"},"schema":{"@context":"https:\/\/schema.org","@graph":[{"@type":"Article","@id":"https:\/\/portaltela.pt\/noticias\/2026\/03\/30\/gestao-do-benfica-criticada-por-nao-apresentar-renovacao-a-antonio-silva\/#article","isPartOf":{"@id":"https:\/\/portaltela.pt\/noticias\/2026\/03\/30\/gestao-do-benfica-criticada-por-nao-apresentar-renovacao-a-antonio-silva\/"},"author":{"name":"Telinha","@id":"https:\/\/portaltela.pt\/#\/schema\/person\/c4278d4a6028830caff9ee44b42d32ed"},"headline":"Gest\u00e3o do Benfica criticada por n\u00e3o apresentar renova\u00e7\u00e3o a Ant\u00f3nio Silva","datePublished":"2026-03-30T13:02:36+00:00","mainEntityOfPage":{"@id":"https:\/\/portaltela.pt\/noticias\/2026\/03\/30\/gestao-do-benfica-criticada-por-nao-apresentar-renovacao-a-antonio-silva\/"},"wordCount":252,"image":{"@id":"https:\/\/portaltela.pt\/noticias\/2026\/03\/30\/gestao-do-benfica-criticada-por-nao-apresentar-renovacao-a-antonio-silva\/#primaryimage"},"thumbnailUrl":"https:\/\/portaltela.pt\/s.01k8rhncp4jt1\/2026\/03\/img_1200x721uu2026-03-28-14-04-32-2429836.jpg","keywords":["Benfica","contrata\u00e7\u00f5es","futebol","Otamendi","Rui Costa","Schjelderup"],"articleSection":["Desporto","Futebol"],"inLanguage":"pt-PT"},{"@type":"WebPage","@id":"https:\/\/portaltela.pt\/noticias\/2026\/03\/30\/gestao-do-benfica-criticada-por-nao-apresentar-renovacao-a-antonio-silva\/","url":"https:\/\/portaltela.pt\/noticias\/2026\/03\/30\/gestao-do-benfica-criticada-por-nao-apresentar-renovacao-a-antonio-silva\/","name":"Gest\u00e3o do Benfica criticada por n\u00e3o apresentar renova\u00e7\u00e3o a Ant\u00f3nio Silva - Portal Tela Portugal","isPartOf":{"@id":"https:\/\/portaltela.pt\/#website"},"primaryImageOfPage":{"@id":"https:\/\/portaltela.pt\/noticias\/2026\/03\/30\/gestao-do-benfica-criticada-por-nao-apresentar-renovacao-a-antonio-silva\/#primaryimage"},"image":{"@id":"https:\/\/portaltela.pt\/noticias\/2026\/03\/30\/gestao-do-benfica-criticada-por-nao-apresentar-renovacao-a-antonio-silva\/#primaryimage"},"thumbnailUrl":"https:\/\/portaltela.pt\/s.01k8rhncp4jt1\/2026\/03\/img_1200x721uu2026-03-28-14-04-32-2429836.jpg","datePublished":"2026-03-30T13:02:36+00:00","author":{"@id":"https:\/\/portaltela.pt\/#\/schema\/person\/c4278d4a6028830caff9ee44b42d32ed"},"breadcrumb":{"@id":"https:\/\/portaltela.pt\/noticias\/2026\/03\/30\/gestao-do-benfica-criticada-por-nao-apresentar-renovacao-a-antonio-silva\/#breadcrumb"},"inLanguage":"pt-PT","potentialAction":[{"@type":"ReadAction","target":["https:\/\/portaltela.pt\/noticias\/2026\/03\/30\/gestao-do-benfica-criticada-por-nao-apresentar-renovacao-a-antonio-silva\/"]}]},{"@type":"ImageObject","inLanguage":"pt-PT","@id":"https:\/\/portaltela.pt\/noticias\/2026\/03\/30\/gestao-do-benfica-criticada-por-nao-apresentar-renovacao-a-antonio-silva\/#primaryimage","url":"https:\/\/portaltela.pt\/s.01k8rhncp4jt1\/2026\/03\/img_1200x721uu2026-03-28-14-04-32-2429836.jpg","contentUrl":"https:\/\/portaltela.pt\/s.01k8rhncp4jt1\/2026\/03\/img_1200x721uu2026-03-28-14-04-32-2429836.jpg","width":796,"height":448,"caption":"\u00ab\u00c9 um ato de gest\u00e3o danosa do Benfica n\u00e3o ter apresentado uma proposta de renova\u00e7\u00e3o a Ant\u00f3nio Silva\u00bb"},{"@type":"BreadcrumbList","@id":"https:\/\/portaltela.pt\/noticias\/2026\/03\/30\/gestao-do-benfica-criticada-por-nao-apresentar-renovacao-a-antonio-silva\/#breadcrumb","itemListElement":[{"@type":"ListItem","position":1,"name":"In\u00edcio","item":"https:\/\/portaltela.pt\/"},{"@type":"ListItem","position":2,"name":"Gest\u00e3o do Benfica criticada por n\u00e3o apresentar renova\u00e7\u00e3o a Ant\u00f3nio Silva"}]},{"@type":"WebSite","@id":"https:\/\/portaltela.pt\/#website","url":"https:\/\/portaltela.pt\/","name":"Portal Tela Portugal","description":"","potentialAction":[{"@type":"SearchAction","target":{"@type":"EntryPoint","urlTemplate":"https:\/\/portaltela.pt\/?s={search_term_string}"},"query-input":{"@type":"PropertyValueSpecification","valueRequired":true,"valueName":"search_term_string"}}],"inLanguage":"pt-PT"},{"@type":"Person","@id":"https:\/\/portaltela.pt\/#\/schema\/person\/c4278d4a6028830caff9ee44b42d32ed","name":"Telinha","image":{"@type":"ImageObject","inLanguage":"pt-PT","@id":"https:\/\/portaltela.pt\/s.01k8rhncp4jt1\/2025\/11\/talking-bot-125x125.png","url":"https:\/\/portaltela.pt\/s.01k8rhncp4jt1\/2025\/11\/talking-bot-125x125.png","contentUrl":"https:\/\/portaltela.pt\/s.01k8rhncp4jt1\/2025\/11\/talking-bot-125x125.png","caption":"Telinha"},"sameAs":["https:\/\/portaltela.pt\/"],"url":"https:\/\/portaltela.pt\/por\/367410592786\/"}]}},"_links":{"self":[{"href":"https:\/\/portaltela.pt\/api\/wp\/v2\/posts\/426942","targetHints":{"allow":["GET"]}}],"collection":[{"href":"https:\/\/portaltela.pt\/api\/wp\/v2\/posts"}],"about":[{"href":"https:\/\/portaltela.pt\/api\/wp\/v2\/types\/post"}],"author":[{"embeddable":true,"href":"https:\/\/portaltela.pt\/api\/wp\/v2\/users\/2"}],"replies":[{"embeddable":true,"href":"https:\/\/portaltela.pt\/api\/wp\/v2\/comments?post=426942"}],"version-history":[{"count":0,"href":"https:\/\/portaltela.pt\/api\/wp\/v2\/posts\/426942\/revisions"}],"wp:featuredmedia":[{"embeddable":true,"href":"https:\/\/portaltela.pt\/api\/wp\/v2\/media\/426945"}],"wp:attachment":[{"href":"https:\/\/portaltela.pt\/api\/wp\/v2\/media?parent=426942"}],"wp:term":[{"taxonomy":"category","embeddable":true,"href":"https:\/\/portaltela.pt\/api\/wp\/v2\/categories?post=426942"},{"taxonomy":"post_tag","embeddable":true,"href":"https:\/\/portaltela.pt\/api\/wp\/v2\/tags?post=426942"}],"curies":[{"name":"wp","href":"https:\/\/api.w.org\/{rel}","templated":true}]}}