{"id":426931,"date":"2026-03-30T10:02:23","date_gmt":"2026-03-30T13:02:23","guid":{"rendered":"https:\/\/portaltela.pt\/noticias\/2026\/03\/30\/governo-antecipa-ano-dificil-em-incendios-e-promete-novidades-sobre-a-siresp\/"},"modified":"2026-03-30T10:02:23","modified_gmt":"2026-03-30T13:02:23","slug":"governo-antecipa-ano-dificil-em-incendios-e-promete-novidades-sobre-a-siresp","status":"publish","type":"post","link":"https:\/\/portaltela.pt\/seguranca\/2026\/03\/30\/governo-antecipa-ano-dificil-em-incendios-e-promete-novidades-sobre-a-siresp\/","title":{"rendered":"Governo antecipa ano dif\u00edcil em inc\u00eandios e promete novidades sobre a SIRESP"},"content":{"rendered":"<p>O ministro da Administra\u00e7\u00e3o Interna, Lu\u00eds Neves, afirmou que este ano ser\u00e1 complicado no que diz respeito aos inc\u00eandios florestais. Falou aos jornalistas em Portalegre, \u00e0 margem de uma reuni\u00e3o do Roteiro de Proximidade com os Bombeiros, prometendo uma comunica\u00e7\u00e3o muito espec\u00edfica sobre o SIRESP dentro de poucos dias.<\/p>\n<p>O titular respondeu a perguntas sobre os impactos das intemp\u00e9ries no in\u00edcio do ano, que deixaram muito combust\u00edvel lenhoso nos terrenos. Reconheceu que o material acumulado aumenta o risco de propaga\u00e7\u00e3o dos inc\u00eandios, devido \u00e0s condi\u00e7\u00f5es clim\u00e1ticas adversas que se prev\u00eaem.<\/p>\n<h3>SIRESP: comunica\u00e7\u00e3o pr\u00f3xima do Governo<\/h3>\n<p>O Governo vai divulgar, em breve, detalhes sobre o SIRESP, assegurou o ministro. Acrescentou que confia numa resposta distinta daquela que houve no passado e que o momento de falar sobre o tema est\u00e1 pr\u00f3ximo.<\/p>\n<p>O ministro sublinhou que a prote\u00e7\u00e3o civil e a seguran\u00e7a interna dependem de comunica\u00e7\u00f5es confi\u00e1veis a que todos possam aceder. Desde fevereiro, o Executivo tem em m\u00e3os o relat\u00f3rio de um grupo de trabalho que procura uma alternativa ao SIRESP, criado ap\u00f3s o apag\u00e3o de abril do ano anterior.<\/p>\n<h3>Reconhecimento do papel dos bombeiros e financiamento<\/h3>\n<p>Durante o encontro reservado no Centro de Congressos de Portalegre, foram ouvidas preocupa\u00e7\u00f5es sobre falta de comandos, recrutamento e pagamento de funcion\u00e1rios. O Governo tem vindo a priorizar o recupere de d\u00edvidas antigas junto \u00e0s associa\u00e7\u00f5es bombeiro, com o financiamento a permanecer em discuss\u00e3o.<\/p>\n","protected":false},"excerpt":{"rendered":"<ul>\n<li>O Governo antecipa \u201cum ano complicado\u201d em inc\u00eandios florestais e promete uma comunica\u00e7\u00e3o \u201cmuito espec\u00edfica\u201d sobre o SIRESP dentro de poucos dias.<\/li>\n<li>O ministro Lu\u00eds Neves aponta para o aumento do risco devido \u00e0s intemp\u00e9ries ocorridas no in\u00edcio do ano e ao excesso de material lenhoso no terreno.<\/li>\n<li>Desde fevereiro, existe um relat\u00f3rio de um grupo de trabalho que procura uma alternativa ao SIRESP, criado ap\u00f3s a falha no apag\u00e3o de abril do ano anterior.<\/li>\n<li>O Roteiro de Proximidade com os Bombeiros tem passagem por o pa\u00eds com o objetivo de fortalecer o di\u00e1logo com as federa\u00e7\u00f5es e os corpos de bombeiros.<\/li>\n<li>Na reuni\u00e3o de Portalegre foram destacadas preocupa\u00e7\u00f5es sobre falta de comando, recrutamento e pagamentos; o Governo tem feito esfor\u00e7os para reconquistar d\u00edvidas junto das associa\u00e7\u00f5es.<\/li>\n<\/ul>\n","protected":false},"author":2,"featured_media":426937,"comment_status":"closed","ping_status":"closed","sticky":false,"template":"","format":"standard","meta":{"footnotes":""},"categories":[1,6779],"tags":[5798,34,2617,1075,320,5432],"class_list":["post-426931","post","type-post","status-publish","format-standard","has-post-thumbnail","hentry","category-noticias","category-seguranca","tag-administracao-interna","tag-governo","tag-incendios","tag-portalegre","tag-protecao-civil","tag-siresp"],"yoast_head":"<!-- This site is optimized with the Yoast SEO plugin v27.2 - https:\/\/yoast.com\/product\/yoast-seo-wordpress\/ -->\n<title>Governo antecipa ano dif\u00edcil em inc\u00eandios e promete novidades sobre a SIRESP - Portal Tela Portugal<\/title>\n<meta name=\"robots\" content=\"index, follow, max-snippet:-1, max-image-preview:large, max-video-preview:-1\" \/>\n<meta property=\"og:locale\" content=\"pt_PT\" \/>\n<meta property=\"og:type\" content=\"article\" \/>\n<meta property=\"og:title\" content=\"Governo antecipa ano dif\u00edcil em inc\u00eandios e promete novidades sobre a SIRESP - Portal Tela Portugal\" \/>\n<meta property=\"og:description\" content=\"O Governo antecipa \u201cum ano complicado\u201d em inc\u00eandios florestais e promete uma comunica\u00e7\u00e3o \u201cmuito espec\u00edfica\u201d sobre o SIRESP dentro de poucos dias. O ministro Lu\u00eds Neves aponta para o aumento do risco devido \u00e0s intemp\u00e9ries ocorridas no in\u00edcio do ano e ao excesso de material lenhoso no terreno. Desde fevereiro, existe um relat\u00f3rio de um grupo de trabalho que procura uma alternativa ao SIRESP, criado ap\u00f3s a falha no apag\u00e3o de abril do ano anterior. O Roteiro de Proximidade com os Bombeiros tem passagem por o pa\u00eds com o objetivo de fortalecer o di\u00e1logo com as federa\u00e7\u00f5es e os corpos de bombeiros. Na reuni\u00e3o de Portalegre foram destacadas preocupa\u00e7\u00f5es sobre falta de comando, recrutamento e pagamentos; o Governo tem feito esfor\u00e7os para reconquistar d\u00edvidas junto das associa\u00e7\u00f5es.\" \/>\n<meta property=\"og:url\" content=\"https:\/\/portaltela.pt\/noticias\/2026\/03\/30\/governo-antecipa-ano-dificil-em-incendios-e-promete-novidades-sobre-a-siresp\/\" \/>\n<meta property=\"og:site_name\" content=\"Portal Tela Portugal\" \/>\n<meta property=\"article:published_time\" content=\"2026-03-30T13:02:23+00:00\" \/>\n<meta name=\"author\" content=\"Telinha\" \/>\n<meta name=\"twitter:card\" content=\"summary_large_image\" \/>\n<meta name=\"twitter:label1\" content=\"Escrito por\" \/>\n\t<meta name=\"twitter:data1\" content=\"Telinha\" \/>\n\t<meta name=\"twitter:label2\" content=\"Tempo estimado de leitura\" \/>\n\t<meta name=\"twitter:data2\" content=\"1 minuto\" \/>\n<script type=\"application\/ld+json\" class=\"yoast-schema-graph\">{\"@context\":\"https:\/\/schema.org\",\"@graph\":[{\"@type\":\"Article\",\"@id\":\"https:\/\/portaltela.pt\/noticias\/2026\/03\/30\/governo-antecipa-ano-dificil-em-incendios-e-promete-novidades-sobre-a-siresp\/#article\",\"isPartOf\":{\"@id\":\"https:\/\/portaltela.pt\/noticias\/2026\/03\/30\/governo-antecipa-ano-dificil-em-incendios-e-promete-novidades-sobre-a-siresp\/\"},\"author\":{\"name\":\"Telinha\",\"@id\":\"https:\/\/portaltela.pt\/#\/schema\/person\/c4278d4a6028830caff9ee44b42d32ed\"},\"headline\":\"Governo antecipa ano dif\u00edcil em inc\u00eandios e promete novidades sobre a SIRESP\",\"datePublished\":\"2026-03-30T13:02:23+00:00\",\"mainEntityOfPage\":{\"@id\":\"https:\/\/portaltela.pt\/noticias\/2026\/03\/30\/governo-antecipa-ano-dificil-em-incendios-e-promete-novidades-sobre-a-siresp\/\"},\"wordCount\":273,\"image\":{\"@id\":\"https:\/\/portaltela.pt\/noticias\/2026\/03\/30\/governo-antecipa-ano-dificil-em-incendios-e-promete-novidades-sobre-a-siresp\/#primaryimage\"},\"thumbnailUrl\":\"https:\/\/portaltela.pt\/s.01k8rhncp4jt1\/2026\/03\/image-1801.jpg\",\"keywords\":[\"Administra\u00e7\u00e3o Interna\",\"governo\",\"inc\u00eandios\",\"Portalegre\",\"prote\u00e7\u00e3o civil\",\"SIRESP\"],\"articleSection\":[\"Not\u00edcias\",\"Seguran\u00e7a\"],\"inLanguage\":\"pt-PT\"},{\"@type\":\"WebPage\",\"@id\":\"https:\/\/portaltela.pt\/noticias\/2026\/03\/30\/governo-antecipa-ano-dificil-em-incendios-e-promete-novidades-sobre-a-siresp\/\",\"url\":\"https:\/\/portaltela.pt\/noticias\/2026\/03\/30\/governo-antecipa-ano-dificil-em-incendios-e-promete-novidades-sobre-a-siresp\/\",\"name\":\"Governo antecipa ano dif\u00edcil em inc\u00eandios e promete novidades sobre a SIRESP - Portal Tela Portugal\",\"isPartOf\":{\"@id\":\"https:\/\/portaltela.pt\/#website\"},\"primaryImageOfPage\":{\"@id\":\"https:\/\/portaltela.pt\/noticias\/2026\/03\/30\/governo-antecipa-ano-dificil-em-incendios-e-promete-novidades-sobre-a-siresp\/#primaryimage\"},\"image\":{\"@id\":\"https:\/\/portaltela.pt\/noticias\/2026\/03\/30\/governo-antecipa-ano-dificil-em-incendios-e-promete-novidades-sobre-a-siresp\/#primaryimage\"},\"thumbnailUrl\":\"https:\/\/portaltela.pt\/s.01k8rhncp4jt1\/2026\/03\/image-1801.jpg\",\"datePublished\":\"2026-03-30T13:02:23+00:00\",\"author\":{\"@id\":\"https:\/\/portaltela.pt\/#\/schema\/person\/c4278d4a6028830caff9ee44b42d32ed\"},\"breadcrumb\":{\"@id\":\"https:\/\/portaltela.pt\/noticias\/2026\/03\/30\/governo-antecipa-ano-dificil-em-incendios-e-promete-novidades-sobre-a-siresp\/#breadcrumb\"},\"inLanguage\":\"pt-PT\",\"potentialAction\":[{\"@type\":\"ReadAction\",\"target\":[\"https:\/\/portaltela.pt\/noticias\/2026\/03\/30\/governo-antecipa-ano-dificil-em-incendios-e-promete-novidades-sobre-a-siresp\/\"]}]},{\"@type\":\"ImageObject\",\"inLanguage\":\"pt-PT\",\"@id\":\"https:\/\/portaltela.pt\/noticias\/2026\/03\/30\/governo-antecipa-ano-dificil-em-incendios-e-promete-novidades-sobre-a-siresp\/#primaryimage\",\"url\":\"https:\/\/portaltela.pt\/s.01k8rhncp4jt1\/2026\/03\/image-1801.jpg\",\"contentUrl\":\"https:\/\/portaltela.pt\/s.01k8rhncp4jt1\/2026\/03\/image-1801.jpg\",\"width\":796,\"height\":448,\"caption\":\"O ministro da Administra\u00e7\u00e3o Interna, Lu\u00eds Neves, revelou que, \\\"dentro de poucos dias\\\", o Governo vai efetuar uma comunica\u00e7\u00e3o \\\"muito espec\u00edfica\\\" sobre o SIRESP\"},{\"@type\":\"BreadcrumbList\",\"@id\":\"https:\/\/portaltela.pt\/noticias\/2026\/03\/30\/governo-antecipa-ano-dificil-em-incendios-e-promete-novidades-sobre-a-siresp\/#breadcrumb\",\"itemListElement\":[{\"@type\":\"ListItem\",\"position\":1,\"name\":\"In\u00edcio\",\"item\":\"https:\/\/portaltela.pt\/\"},{\"@type\":\"ListItem\",\"position\":2,\"name\":\"Governo antecipa ano dif\u00edcil em inc\u00eandios e promete novidades sobre a SIRESP\"}]},{\"@type\":\"WebSite\",\"@id\":\"https:\/\/portaltela.pt\/#website\",\"url\":\"https:\/\/portaltela.pt\/\",\"name\":\"Portal Tela Portugal\",\"description\":\"\",\"potentialAction\":[{\"@type\":\"SearchAction\",\"target\":{\"@type\":\"EntryPoint\",\"urlTemplate\":\"https:\/\/portaltela.pt\/?s={search_term_string}\"},\"query-input\":{\"@type\":\"PropertyValueSpecification\",\"valueRequired\":true,\"valueName\":\"search_term_string\"}}],\"inLanguage\":\"pt-PT\"},{\"@type\":\"Person\",\"@id\":\"https:\/\/portaltela.pt\/#\/schema\/person\/c4278d4a6028830caff9ee44b42d32ed\",\"name\":\"Telinha\",\"image\":{\"@type\":\"ImageObject\",\"inLanguage\":\"pt-PT\",\"@id\":\"https:\/\/portaltela.pt\/s.01k8rhncp4jt1\/2025\/11\/talking-bot-125x125.png\",\"url\":\"https:\/\/portaltela.pt\/s.01k8rhncp4jt1\/2025\/11\/talking-bot-125x125.png\",\"contentUrl\":\"https:\/\/portaltela.pt\/s.01k8rhncp4jt1\/2025\/11\/talking-bot-125x125.png\",\"caption\":\"Telinha\"},\"sameAs\":[\"https:\/\/portaltela.pt\/\"],\"url\":\"https:\/\/portaltela.pt\/por\/367410592786\/\"}]}<\/script>\n<!-- \/ Yoast SEO plugin. -->","yoast_head_json":{"title":"Governo antecipa ano dif\u00edcil em inc\u00eandios e promete novidades sobre a SIRESP - Portal Tela Portugal","robots":{"index":"index","follow":"follow","max-snippet":"max-snippet:-1","max-image-preview":"max-image-preview:large","max-video-preview":"max-video-preview:-1"},"og_locale":"pt_PT","og_type":"article","og_title":"Governo antecipa ano dif\u00edcil em inc\u00eandios e promete novidades sobre a SIRESP - Portal Tela Portugal","og_description":"O Governo antecipa \u201cum ano complicado\u201d em inc\u00eandios florestais e promete uma comunica\u00e7\u00e3o \u201cmuito espec\u00edfica\u201d sobre o SIRESP dentro de poucos dias. O ministro Lu\u00eds Neves aponta para o aumento do risco devido \u00e0s intemp\u00e9ries ocorridas no in\u00edcio do ano e ao excesso de material lenhoso no terreno. Desde fevereiro, existe um relat\u00f3rio de um grupo de trabalho que procura uma alternativa ao SIRESP, criado ap\u00f3s a falha no apag\u00e3o de abril do ano anterior. O Roteiro de Proximidade com os Bombeiros tem passagem por o pa\u00eds com o objetivo de fortalecer o di\u00e1logo com as federa\u00e7\u00f5es e os corpos de bombeiros. Na reuni\u00e3o de Portalegre foram destacadas preocupa\u00e7\u00f5es sobre falta de comando, recrutamento e pagamentos; o Governo tem feito esfor\u00e7os para reconquistar d\u00edvidas junto das associa\u00e7\u00f5es.","og_url":"https:\/\/portaltela.pt\/noticias\/2026\/03\/30\/governo-antecipa-ano-dificil-em-incendios-e-promete-novidades-sobre-a-siresp\/","og_site_name":"Portal Tela Portugal","article_published_time":"2026-03-30T13:02:23+00:00","author":"Telinha","twitter_card":"summary_large_image","twitter_misc":{"Escrito por":"Telinha","Tempo estimado de leitura":"1 minuto"},"schema":{"@context":"https:\/\/schema.org","@graph":[{"@type":"Article","@id":"https:\/\/portaltela.pt\/noticias\/2026\/03\/30\/governo-antecipa-ano-dificil-em-incendios-e-promete-novidades-sobre-a-siresp\/#article","isPartOf":{"@id":"https:\/\/portaltela.pt\/noticias\/2026\/03\/30\/governo-antecipa-ano-dificil-em-incendios-e-promete-novidades-sobre-a-siresp\/"},"author":{"name":"Telinha","@id":"https:\/\/portaltela.pt\/#\/schema\/person\/c4278d4a6028830caff9ee44b42d32ed"},"headline":"Governo antecipa ano dif\u00edcil em inc\u00eandios e promete novidades sobre a SIRESP","datePublished":"2026-03-30T13:02:23+00:00","mainEntityOfPage":{"@id":"https:\/\/portaltela.pt\/noticias\/2026\/03\/30\/governo-antecipa-ano-dificil-em-incendios-e-promete-novidades-sobre-a-siresp\/"},"wordCount":273,"image":{"@id":"https:\/\/portaltela.pt\/noticias\/2026\/03\/30\/governo-antecipa-ano-dificil-em-incendios-e-promete-novidades-sobre-a-siresp\/#primaryimage"},"thumbnailUrl":"https:\/\/portaltela.pt\/s.01k8rhncp4jt1\/2026\/03\/image-1801.jpg","keywords":["Administra\u00e7\u00e3o Interna","governo","inc\u00eandios","Portalegre","prote\u00e7\u00e3o civil","SIRESP"],"articleSection":["Not\u00edcias","Seguran\u00e7a"],"inLanguage":"pt-PT"},{"@type":"WebPage","@id":"https:\/\/portaltela.pt\/noticias\/2026\/03\/30\/governo-antecipa-ano-dificil-em-incendios-e-promete-novidades-sobre-a-siresp\/","url":"https:\/\/portaltela.pt\/noticias\/2026\/03\/30\/governo-antecipa-ano-dificil-em-incendios-e-promete-novidades-sobre-a-siresp\/","name":"Governo antecipa ano dif\u00edcil em inc\u00eandios e promete novidades sobre a SIRESP - Portal Tela Portugal","isPartOf":{"@id":"https:\/\/portaltela.pt\/#website"},"primaryImageOfPage":{"@id":"https:\/\/portaltela.pt\/noticias\/2026\/03\/30\/governo-antecipa-ano-dificil-em-incendios-e-promete-novidades-sobre-a-siresp\/#primaryimage"},"image":{"@id":"https:\/\/portaltela.pt\/noticias\/2026\/03\/30\/governo-antecipa-ano-dificil-em-incendios-e-promete-novidades-sobre-a-siresp\/#primaryimage"},"thumbnailUrl":"https:\/\/portaltela.pt\/s.01k8rhncp4jt1\/2026\/03\/image-1801.jpg","datePublished":"2026-03-30T13:02:23+00:00","author":{"@id":"https:\/\/portaltela.pt\/#\/schema\/person\/c4278d4a6028830caff9ee44b42d32ed"},"breadcrumb":{"@id":"https:\/\/portaltela.pt\/noticias\/2026\/03\/30\/governo-antecipa-ano-dificil-em-incendios-e-promete-novidades-sobre-a-siresp\/#breadcrumb"},"inLanguage":"pt-PT","potentialAction":[{"@type":"ReadAction","target":["https:\/\/portaltela.pt\/noticias\/2026\/03\/30\/governo-antecipa-ano-dificil-em-incendios-e-promete-novidades-sobre-a-siresp\/"]}]},{"@type":"ImageObject","inLanguage":"pt-PT","@id":"https:\/\/portaltela.pt\/noticias\/2026\/03\/30\/governo-antecipa-ano-dificil-em-incendios-e-promete-novidades-sobre-a-siresp\/#primaryimage","url":"https:\/\/portaltela.pt\/s.01k8rhncp4jt1\/2026\/03\/image-1801.jpg","contentUrl":"https:\/\/portaltela.pt\/s.01k8rhncp4jt1\/2026\/03\/image-1801.jpg","width":796,"height":448,"caption":"O ministro da Administra\u00e7\u00e3o Interna, Lu\u00eds Neves, revelou que, \"dentro de poucos dias\", o Governo vai efetuar uma comunica\u00e7\u00e3o \"muito espec\u00edfica\" sobre o SIRESP"},{"@type":"BreadcrumbList","@id":"https:\/\/portaltela.pt\/noticias\/2026\/03\/30\/governo-antecipa-ano-dificil-em-incendios-e-promete-novidades-sobre-a-siresp\/#breadcrumb","itemListElement":[{"@type":"ListItem","position":1,"name":"In\u00edcio","item":"https:\/\/portaltela.pt\/"},{"@type":"ListItem","position":2,"name":"Governo antecipa ano dif\u00edcil em inc\u00eandios e promete novidades sobre a SIRESP"}]},{"@type":"WebSite","@id":"https:\/\/portaltela.pt\/#website","url":"https:\/\/portaltela.pt\/","name":"Portal Tela Portugal","description":"","potentialAction":[{"@type":"SearchAction","target":{"@type":"EntryPoint","urlTemplate":"https:\/\/portaltela.pt\/?s={search_term_string}"},"query-input":{"@type":"PropertyValueSpecification","valueRequired":true,"valueName":"search_term_string"}}],"inLanguage":"pt-PT"},{"@type":"Person","@id":"https:\/\/portaltela.pt\/#\/schema\/person\/c4278d4a6028830caff9ee44b42d32ed","name":"Telinha","image":{"@type":"ImageObject","inLanguage":"pt-PT","@id":"https:\/\/portaltela.pt\/s.01k8rhncp4jt1\/2025\/11\/talking-bot-125x125.png","url":"https:\/\/portaltela.pt\/s.01k8rhncp4jt1\/2025\/11\/talking-bot-125x125.png","contentUrl":"https:\/\/portaltela.pt\/s.01k8rhncp4jt1\/2025\/11\/talking-bot-125x125.png","caption":"Telinha"},"sameAs":["https:\/\/portaltela.pt\/"],"url":"https:\/\/portaltela.pt\/por\/367410592786\/"}]}},"_links":{"self":[{"href":"https:\/\/portaltela.pt\/api\/wp\/v2\/posts\/426931","targetHints":{"allow":["GET"]}}],"collection":[{"href":"https:\/\/portaltela.pt\/api\/wp\/v2\/posts"}],"about":[{"href":"https:\/\/portaltela.pt\/api\/wp\/v2\/types\/post"}],"author":[{"embeddable":true,"href":"https:\/\/portaltela.pt\/api\/wp\/v2\/users\/2"}],"replies":[{"embeddable":true,"href":"https:\/\/portaltela.pt\/api\/wp\/v2\/comments?post=426931"}],"version-history":[{"count":0,"href":"https:\/\/portaltela.pt\/api\/wp\/v2\/posts\/426931\/revisions"}],"wp:featuredmedia":[{"embeddable":true,"href":"https:\/\/portaltela.pt\/api\/wp\/v2\/media\/426937"}],"wp:attachment":[{"href":"https:\/\/portaltela.pt\/api\/wp\/v2\/media?parent=426931"}],"wp:term":[{"taxonomy":"category","embeddable":true,"href":"https:\/\/portaltela.pt\/api\/wp\/v2\/categories?post=426931"},{"taxonomy":"post_tag","embeddable":true,"href":"https:\/\/portaltela.pt\/api\/wp\/v2\/tags?post=426931"}],"curies":[{"name":"wp","href":"https:\/\/api.w.org\/{rel}","templated":true}]}}