{"id":426929,"date":"2026-03-30T09:47:25","date_gmt":"2026-03-30T12:47:25","guid":{"rendered":"https:\/\/portaltela.pt\/noticias\/2026\/03\/30\/europarque-recebe-maior-evento-desportivo-de-sempre-com-5-000-atletas\/"},"modified":"2026-03-30T09:47:25","modified_gmt":"2026-03-30T12:47:25","slug":"europarque-recebe-maior-evento-desportivo-de-sempre-com-5-000-atletas","status":"publish","type":"post","link":"https:\/\/portaltela.pt\/desporto\/futebol\/2026\/03\/30\/europarque-recebe-maior-evento-desportivo-de-sempre-com-5-000-atletas\/","title":{"rendered":"Europarque recebe maior evento desportivo de sempre com 5.000 atletas"},"content":{"rendered":"<p>O Europarque, em Santa Maria da Feira, recebe nos dias 11 e 12 de abril o Hybrid Day, considerado o maior evento desportivo j\u00e1 realizado no recinto. Est\u00e3o previstas 5000 atletas, nacionais e internacionais.<\/p>\n<p>O certame \u00e9 uma competi\u00e7\u00e3o internacional de fitness racing que coloca o concelho no centro das grandes din\u00e2micas desportivas. A organiza\u00e7\u00e3o estima a presen\u00e7a de cerca de 15 mil visitantes ao longo dos dois dias.<\/p>\n<p>A iniciativa envolve diversas modalidades de treino de alta intensidade, espa\u00e7os de demonstra\u00e7\u00e3o e \u00e1reas de exposi\u00e7\u00e3o, contribuindo para a visibilidade do munic\u00edpio como destino de eventos desportivos.<\/p>\n<h3>Organiza\u00e7\u00e3o e impacto econ\u00f3mico<\/h3>\n<p>A organiza\u00e7\u00e3o do Hybrid Day mant\u00e9m parcerias com entidades locais e nacionais. O evento envolve servi\u00e7os de apoio, log\u00edstica e seguran\u00e7a para assegurar a realiza\u00e7\u00e3o das provas.<\/p>\n<p>Espera-se dinamizar a atividade tur\u00edstica e econ\u00f3mica local, com potenciac\u00e3o do com\u00e9rcio, restaura\u00e7\u00e3o e alojamento durante o fim de semana da iniciativa. Desloca\u00e7\u00f5es devem ser planeadas para quem vem de fora.<\/p>\n","protected":false},"excerpt":{"rendered":"<ul>\n<li>O Europarque, em Santa Maria da Feira, recebe nos dias 11 e 12 de abril o Hybrid Day.<\/li>\n<li>O evento \u00e9 considerado o maior j\u00e1 realizado naquele equipamento, reunindo cerca de cinco mil atletas de Portugal e do estrangeiro.<\/li>\n<li>Espera-se um p\u00fablico de cerca de 15 mil pessoas.<\/li>\n<li>A competi\u00e7\u00e3o \u00e9 internacional e coloca o concelho no centro das din\u00e2micas do fitness racing.<\/li>\n<li>O Hybrid Day promove uma s\u00e9rie de atividades desportivas e competi\u00e7\u00f5es ao longo de um fim de semana.<\/li>\n<\/ul>\n","protected":false},"author":2,"featured_media":426930,"comment_status":"closed","ping_status":"closed","sticky":false,"template":"","format":"standard","meta":{"footnotes":""},"categories":[21,24],"tags":[152,28,6135,81,1308,169],"class_list":["post-426929","post","type-post","status-publish","format-standard","has-post-thumbnail","hentry","category-desporto","category-futebol","tag-desporto","tag-economia","tag-fitness","tag-internacionais","tag-santa-maria-da-feira","tag-turismo"],"yoast_head":"<!-- This site is optimized with the Yoast SEO plugin v27.2 - https:\/\/yoast.com\/product\/yoast-seo-wordpress\/ -->\n<title>Europarque recebe maior evento desportivo de sempre com 5.000 atletas - Portal Tela Portugal<\/title>\n<meta name=\"robots\" content=\"index, follow, max-snippet:-1, max-image-preview:large, max-video-preview:-1\" \/>\n<meta property=\"og:locale\" content=\"pt_PT\" \/>\n<meta property=\"og:type\" content=\"article\" \/>\n<meta property=\"og:title\" content=\"Europarque recebe maior evento desportivo de sempre com 5.000 atletas - Portal Tela Portugal\" \/>\n<meta property=\"og:description\" content=\"O Europarque, em Santa Maria da Feira, recebe nos dias 11 e 12 de abril o Hybrid Day. O evento \u00e9 considerado o maior j\u00e1 realizado naquele equipamento, reunindo cerca de cinco mil atletas de Portugal e do estrangeiro. Espera-se um p\u00fablico de cerca de 15 mil pessoas. A competi\u00e7\u00e3o \u00e9 internacional e coloca o concelho no centro das din\u00e2micas do fitness racing. O Hybrid Day promove uma s\u00e9rie de atividades desportivas e competi\u00e7\u00f5es ao longo de um fim de semana.\" \/>\n<meta property=\"og:url\" content=\"https:\/\/portaltela.pt\/noticias\/2026\/03\/30\/europarque-recebe-maior-evento-desportivo-de-sempre-com-5-000-atletas\/\" \/>\n<meta property=\"og:site_name\" content=\"Portal Tela Portugal\" \/>\n<meta property=\"article:published_time\" content=\"2026-03-30T12:47:25+00:00\" \/>\n<meta name=\"author\" content=\"Telinha\" \/>\n<meta name=\"twitter:card\" content=\"summary_large_image\" \/>\n<meta name=\"twitter:label1\" content=\"Escrito por\" \/>\n\t<meta name=\"twitter:data1\" content=\"Telinha\" \/>\n\t<meta name=\"twitter:label2\" content=\"Tempo estimado de leitura\" \/>\n\t<meta name=\"twitter:data2\" content=\"1 minuto\" \/>\n<script type=\"application\/ld+json\" class=\"yoast-schema-graph\">{\"@context\":\"https:\/\/schema.org\",\"@graph\":[{\"@type\":\"Article\",\"@id\":\"https:\/\/portaltela.pt\/noticias\/2026\/03\/30\/europarque-recebe-maior-evento-desportivo-de-sempre-com-5-000-atletas\/#article\",\"isPartOf\":{\"@id\":\"https:\/\/portaltela.pt\/noticias\/2026\/03\/30\/europarque-recebe-maior-evento-desportivo-de-sempre-com-5-000-atletas\/\"},\"author\":{\"name\":\"Telinha\",\"@id\":\"https:\/\/portaltela.pt\/#\/schema\/person\/c4278d4a6028830caff9ee44b42d32ed\"},\"headline\":\"Europarque recebe maior evento desportivo de sempre com 5.000 atletas\",\"datePublished\":\"2026-03-30T12:47:25+00:00\",\"mainEntityOfPage\":{\"@id\":\"https:\/\/portaltela.pt\/noticias\/2026\/03\/30\/europarque-recebe-maior-evento-desportivo-de-sempre-com-5-000-atletas\/\"},\"wordCount\":186,\"image\":{\"@id\":\"https:\/\/portaltela.pt\/noticias\/2026\/03\/30\/europarque-recebe-maior-evento-desportivo-de-sempre-com-5-000-atletas\/#primaryimage\"},\"thumbnailUrl\":\"https:\/\/portaltela.pt\/s.01k8rhncp4jt1\/2026\/03\/image-1800.jpg\",\"keywords\":[\"desporto\",\"economia\",\"fitness\",\"internacionais\",\"Santa Maria da Feira\",\"turismo\"],\"articleSection\":[\"Desporto\",\"Futebol\"],\"inLanguage\":\"pt-PT\"},{\"@type\":\"WebPage\",\"@id\":\"https:\/\/portaltela.pt\/noticias\/2026\/03\/30\/europarque-recebe-maior-evento-desportivo-de-sempre-com-5-000-atletas\/\",\"url\":\"https:\/\/portaltela.pt\/noticias\/2026\/03\/30\/europarque-recebe-maior-evento-desportivo-de-sempre-com-5-000-atletas\/\",\"name\":\"Europarque recebe maior evento desportivo de sempre com 5.000 atletas - Portal Tela Portugal\",\"isPartOf\":{\"@id\":\"https:\/\/portaltela.pt\/#website\"},\"primaryImageOfPage\":{\"@id\":\"https:\/\/portaltela.pt\/noticias\/2026\/03\/30\/europarque-recebe-maior-evento-desportivo-de-sempre-com-5-000-atletas\/#primaryimage\"},\"image\":{\"@id\":\"https:\/\/portaltela.pt\/noticias\/2026\/03\/30\/europarque-recebe-maior-evento-desportivo-de-sempre-com-5-000-atletas\/#primaryimage\"},\"thumbnailUrl\":\"https:\/\/portaltela.pt\/s.01k8rhncp4jt1\/2026\/03\/image-1800.jpg\",\"datePublished\":\"2026-03-30T12:47:25+00:00\",\"author\":{\"@id\":\"https:\/\/portaltela.pt\/#\/schema\/person\/c4278d4a6028830caff9ee44b42d32ed\"},\"breadcrumb\":{\"@id\":\"https:\/\/portaltela.pt\/noticias\/2026\/03\/30\/europarque-recebe-maior-evento-desportivo-de-sempre-com-5-000-atletas\/#breadcrumb\"},\"inLanguage\":\"pt-PT\",\"potentialAction\":[{\"@type\":\"ReadAction\",\"target\":[\"https:\/\/portaltela.pt\/noticias\/2026\/03\/30\/europarque-recebe-maior-evento-desportivo-de-sempre-com-5-000-atletas\/\"]}]},{\"@type\":\"ImageObject\",\"inLanguage\":\"pt-PT\",\"@id\":\"https:\/\/portaltela.pt\/noticias\/2026\/03\/30\/europarque-recebe-maior-evento-desportivo-de-sempre-com-5-000-atletas\/#primaryimage\",\"url\":\"https:\/\/portaltela.pt\/s.01k8rhncp4jt1\/2026\/03\/image-1800.jpg\",\"contentUrl\":\"https:\/\/portaltela.pt\/s.01k8rhncp4jt1\/2026\/03\/image-1800.jpg\",\"width\":796,\"height\":448,\"caption\":\"A competi\u00e7\u00e3o internacional \\\"Hybrid Day\\\" dever\u00e1 atrair cerca de 15 mil visitantes\"},{\"@type\":\"BreadcrumbList\",\"@id\":\"https:\/\/portaltela.pt\/noticias\/2026\/03\/30\/europarque-recebe-maior-evento-desportivo-de-sempre-com-5-000-atletas\/#breadcrumb\",\"itemListElement\":[{\"@type\":\"ListItem\",\"position\":1,\"name\":\"In\u00edcio\",\"item\":\"https:\/\/portaltela.pt\/\"},{\"@type\":\"ListItem\",\"position\":2,\"name\":\"Europarque recebe maior evento desportivo de sempre com 5.000 atletas\"}]},{\"@type\":\"WebSite\",\"@id\":\"https:\/\/portaltela.pt\/#website\",\"url\":\"https:\/\/portaltela.pt\/\",\"name\":\"Portal Tela Portugal\",\"description\":\"\",\"potentialAction\":[{\"@type\":\"SearchAction\",\"target\":{\"@type\":\"EntryPoint\",\"urlTemplate\":\"https:\/\/portaltela.pt\/?s={search_term_string}\"},\"query-input\":{\"@type\":\"PropertyValueSpecification\",\"valueRequired\":true,\"valueName\":\"search_term_string\"}}],\"inLanguage\":\"pt-PT\"},{\"@type\":\"Person\",\"@id\":\"https:\/\/portaltela.pt\/#\/schema\/person\/c4278d4a6028830caff9ee44b42d32ed\",\"name\":\"Telinha\",\"image\":{\"@type\":\"ImageObject\",\"inLanguage\":\"pt-PT\",\"@id\":\"https:\/\/portaltela.pt\/s.01k8rhncp4jt1\/2025\/11\/talking-bot-125x125.png\",\"url\":\"https:\/\/portaltela.pt\/s.01k8rhncp4jt1\/2025\/11\/talking-bot-125x125.png\",\"contentUrl\":\"https:\/\/portaltela.pt\/s.01k8rhncp4jt1\/2025\/11\/talking-bot-125x125.png\",\"caption\":\"Telinha\"},\"sameAs\":[\"https:\/\/portaltela.pt\/\"],\"url\":\"https:\/\/portaltela.pt\/por\/367410592786\/\"}]}<\/script>\n<!-- \/ Yoast SEO plugin. -->","yoast_head_json":{"title":"Europarque recebe maior evento desportivo de sempre com 5.000 atletas - Portal Tela Portugal","robots":{"index":"index","follow":"follow","max-snippet":"max-snippet:-1","max-image-preview":"max-image-preview:large","max-video-preview":"max-video-preview:-1"},"og_locale":"pt_PT","og_type":"article","og_title":"Europarque recebe maior evento desportivo de sempre com 5.000 atletas - Portal Tela Portugal","og_description":"O Europarque, em Santa Maria da Feira, recebe nos dias 11 e 12 de abril o Hybrid Day. O evento \u00e9 considerado o maior j\u00e1 realizado naquele equipamento, reunindo cerca de cinco mil atletas de Portugal e do estrangeiro. Espera-se um p\u00fablico de cerca de 15 mil pessoas. A competi\u00e7\u00e3o \u00e9 internacional e coloca o concelho no centro das din\u00e2micas do fitness racing. O Hybrid Day promove uma s\u00e9rie de atividades desportivas e competi\u00e7\u00f5es ao longo de um fim de semana.","og_url":"https:\/\/portaltela.pt\/noticias\/2026\/03\/30\/europarque-recebe-maior-evento-desportivo-de-sempre-com-5-000-atletas\/","og_site_name":"Portal Tela Portugal","article_published_time":"2026-03-30T12:47:25+00:00","author":"Telinha","twitter_card":"summary_large_image","twitter_misc":{"Escrito por":"Telinha","Tempo estimado de leitura":"1 minuto"},"schema":{"@context":"https:\/\/schema.org","@graph":[{"@type":"Article","@id":"https:\/\/portaltela.pt\/noticias\/2026\/03\/30\/europarque-recebe-maior-evento-desportivo-de-sempre-com-5-000-atletas\/#article","isPartOf":{"@id":"https:\/\/portaltela.pt\/noticias\/2026\/03\/30\/europarque-recebe-maior-evento-desportivo-de-sempre-com-5-000-atletas\/"},"author":{"name":"Telinha","@id":"https:\/\/portaltela.pt\/#\/schema\/person\/c4278d4a6028830caff9ee44b42d32ed"},"headline":"Europarque recebe maior evento desportivo de sempre com 5.000 atletas","datePublished":"2026-03-30T12:47:25+00:00","mainEntityOfPage":{"@id":"https:\/\/portaltela.pt\/noticias\/2026\/03\/30\/europarque-recebe-maior-evento-desportivo-de-sempre-com-5-000-atletas\/"},"wordCount":186,"image":{"@id":"https:\/\/portaltela.pt\/noticias\/2026\/03\/30\/europarque-recebe-maior-evento-desportivo-de-sempre-com-5-000-atletas\/#primaryimage"},"thumbnailUrl":"https:\/\/portaltela.pt\/s.01k8rhncp4jt1\/2026\/03\/image-1800.jpg","keywords":["desporto","economia","fitness","internacionais","Santa Maria da Feira","turismo"],"articleSection":["Desporto","Futebol"],"inLanguage":"pt-PT"},{"@type":"WebPage","@id":"https:\/\/portaltela.pt\/noticias\/2026\/03\/30\/europarque-recebe-maior-evento-desportivo-de-sempre-com-5-000-atletas\/","url":"https:\/\/portaltela.pt\/noticias\/2026\/03\/30\/europarque-recebe-maior-evento-desportivo-de-sempre-com-5-000-atletas\/","name":"Europarque recebe maior evento desportivo de sempre com 5.000 atletas - Portal Tela Portugal","isPartOf":{"@id":"https:\/\/portaltela.pt\/#website"},"primaryImageOfPage":{"@id":"https:\/\/portaltela.pt\/noticias\/2026\/03\/30\/europarque-recebe-maior-evento-desportivo-de-sempre-com-5-000-atletas\/#primaryimage"},"image":{"@id":"https:\/\/portaltela.pt\/noticias\/2026\/03\/30\/europarque-recebe-maior-evento-desportivo-de-sempre-com-5-000-atletas\/#primaryimage"},"thumbnailUrl":"https:\/\/portaltela.pt\/s.01k8rhncp4jt1\/2026\/03\/image-1800.jpg","datePublished":"2026-03-30T12:47:25+00:00","author":{"@id":"https:\/\/portaltela.pt\/#\/schema\/person\/c4278d4a6028830caff9ee44b42d32ed"},"breadcrumb":{"@id":"https:\/\/portaltela.pt\/noticias\/2026\/03\/30\/europarque-recebe-maior-evento-desportivo-de-sempre-com-5-000-atletas\/#breadcrumb"},"inLanguage":"pt-PT","potentialAction":[{"@type":"ReadAction","target":["https:\/\/portaltela.pt\/noticias\/2026\/03\/30\/europarque-recebe-maior-evento-desportivo-de-sempre-com-5-000-atletas\/"]}]},{"@type":"ImageObject","inLanguage":"pt-PT","@id":"https:\/\/portaltela.pt\/noticias\/2026\/03\/30\/europarque-recebe-maior-evento-desportivo-de-sempre-com-5-000-atletas\/#primaryimage","url":"https:\/\/portaltela.pt\/s.01k8rhncp4jt1\/2026\/03\/image-1800.jpg","contentUrl":"https:\/\/portaltela.pt\/s.01k8rhncp4jt1\/2026\/03\/image-1800.jpg","width":796,"height":448,"caption":"A competi\u00e7\u00e3o internacional \"Hybrid Day\" dever\u00e1 atrair cerca de 15 mil visitantes"},{"@type":"BreadcrumbList","@id":"https:\/\/portaltela.pt\/noticias\/2026\/03\/30\/europarque-recebe-maior-evento-desportivo-de-sempre-com-5-000-atletas\/#breadcrumb","itemListElement":[{"@type":"ListItem","position":1,"name":"In\u00edcio","item":"https:\/\/portaltela.pt\/"},{"@type":"ListItem","position":2,"name":"Europarque recebe maior evento desportivo de sempre com 5.000 atletas"}]},{"@type":"WebSite","@id":"https:\/\/portaltela.pt\/#website","url":"https:\/\/portaltela.pt\/","name":"Portal Tela Portugal","description":"","potentialAction":[{"@type":"SearchAction","target":{"@type":"EntryPoint","urlTemplate":"https:\/\/portaltela.pt\/?s={search_term_string}"},"query-input":{"@type":"PropertyValueSpecification","valueRequired":true,"valueName":"search_term_string"}}],"inLanguage":"pt-PT"},{"@type":"Person","@id":"https:\/\/portaltela.pt\/#\/schema\/person\/c4278d4a6028830caff9ee44b42d32ed","name":"Telinha","image":{"@type":"ImageObject","inLanguage":"pt-PT","@id":"https:\/\/portaltela.pt\/s.01k8rhncp4jt1\/2025\/11\/talking-bot-125x125.png","url":"https:\/\/portaltela.pt\/s.01k8rhncp4jt1\/2025\/11\/talking-bot-125x125.png","contentUrl":"https:\/\/portaltela.pt\/s.01k8rhncp4jt1\/2025\/11\/talking-bot-125x125.png","caption":"Telinha"},"sameAs":["https:\/\/portaltela.pt\/"],"url":"https:\/\/portaltela.pt\/por\/367410592786\/"}]}},"_links":{"self":[{"href":"https:\/\/portaltela.pt\/api\/wp\/v2\/posts\/426929","targetHints":{"allow":["GET"]}}],"collection":[{"href":"https:\/\/portaltela.pt\/api\/wp\/v2\/posts"}],"about":[{"href":"https:\/\/portaltela.pt\/api\/wp\/v2\/types\/post"}],"author":[{"embeddable":true,"href":"https:\/\/portaltela.pt\/api\/wp\/v2\/users\/2"}],"replies":[{"embeddable":true,"href":"https:\/\/portaltela.pt\/api\/wp\/v2\/comments?post=426929"}],"version-history":[{"count":0,"href":"https:\/\/portaltela.pt\/api\/wp\/v2\/posts\/426929\/revisions"}],"wp:featuredmedia":[{"embeddable":true,"href":"https:\/\/portaltela.pt\/api\/wp\/v2\/media\/426930"}],"wp:attachment":[{"href":"https:\/\/portaltela.pt\/api\/wp\/v2\/media?parent=426929"}],"wp:term":[{"taxonomy":"category","embeddable":true,"href":"https:\/\/portaltela.pt\/api\/wp\/v2\/categories?post=426929"},{"taxonomy":"post_tag","embeddable":true,"href":"https:\/\/portaltela.pt\/api\/wp\/v2\/tags?post=426929"}],"curies":[{"name":"wp","href":"https:\/\/api.w.org\/{rel}","templated":true}]}}