{"id":426917,"date":"2026-03-30T09:47:03","date_gmt":"2026-03-30T12:47:03","guid":{"rendered":"https:\/\/portaltela.pt\/noticias\/2026\/03\/30\/governo-da-passos-para-reforcar-financiamento-municipal-da-educacao\/"},"modified":"2026-03-30T09:47:03","modified_gmt":"2026-03-30T12:47:03","slug":"governo-da-passos-para-reforcar-financiamento-municipal-da-educacao","status":"publish","type":"post","link":"https:\/\/portaltela.pt\/noticias\/economia\/2026\/03\/30\/governo-da-passos-para-reforcar-financiamento-municipal-da-educacao\/","title":{"rendered":"Governo d\u00e1 passos para refor\u00e7ar financiamento municipal da Educa\u00e7\u00e3o"},"content":{"rendered":"<p>O presidente da Associa\u00e7\u00e3o Nacional de Munic\u00edpios Portugueses (ANMP) afirmou hoje que o Governo dever\u00e1 avan\u00e7ar com passos para refor\u00e7ar o financiamento dos munic\u00edpios no \u00e2mbito da transfer\u00eancia de compet\u00eancias na Educa\u00e7\u00e3o. A declara\u00e7\u00e3o foi feita \u00e0 sa\u00edda de uma reuni\u00e3o no Minist\u00e9rio da Educa\u00e7\u00e3o, Ci\u00eancia e Inova\u00e7\u00e3o, em Lisboa.<\/p>\n<p>Fernando Alexandre, ministro da Educa\u00e7\u00e3o, apresentou \u00e0 ANMP um estudo da Universidade do Minho que analisa o estado atual do processo de descentraliza\u00e7\u00e3o das compet\u00eancias na \u00e1rea da Educa\u00e7\u00e3o. O estudo chega numa fase em que j\u00e1 se discute o financiamento face \u00e0s novas responsabilidades locais.<\/p>\n<p>Segundo Pedro Pimp\u00e3o, o estudo demonstra cientificamente a necessidade de refor\u00e7ar o financiamento municipal para evitar que os munic\u00edpios tenham de suportar despesas com receitas pr\u00f3prias na descentraliza\u00e7\u00e3o. O respons\u00e1vel tamb\u00e9m destacou que a proximidade entre munic\u00edpios e comunidade escolar \u00e9 positiva para os resultados educativos.<\/p>\n<p>O Diagn\u00f3stico e Avalia\u00e7\u00e3o do Processo de Descentraliza\u00e7\u00e3o na Educa\u00e7\u00e3o aponta ainda que o r\u00e1cio de pessoal n\u00e3o docente nas escolas deve ser revisto, para refletir as necessidades atuais. A ANMP aponta que os munic\u00edpios t\u00eam aumentado o n\u00famero de trabalhadores n\u00e3o docentes com recursos pr\u00f3prios.<\/p>\n<p>Entre os itens em an\u00e1lise est\u00e3o tamb\u00e9m as obras de requalifica\u00e7\u00e3o de escolas do segundo ciclo e do ensino secund\u00e1rio, muitas com mais de 30 anos. A ideia \u00e9 garantir financiamento est\u00e1vel para interven\u00e7\u00f5es de melhoria das infraestruturas.<\/p>\n<p>Decorridos seis anos desde o in\u00edcio da transfer\u00eancia de compet\u00eancias, o Governo encomendou uma avalia\u00e7\u00e3o sobre a adequa\u00e7\u00e3o dos recursos transferidos, bem como os efeitos na gest\u00e3o de recursos humanos, na oferta de servi\u00e7os e na qualidade das infraestruturas.<\/p>\n","protected":false},"excerpt":{"rendered":"<ul>\n<li>O presidente da Associa\u00e7\u00e3o Nacional de Munic\u00edpios Portugueses afirmou que o Governo deve dar passos para refor\u00e7ar o financiamento dos munic\u00edpios na Educa\u00e7\u00e3o, ap\u00f3s reuni\u00e3o no Minist\u00e9rio da Educa\u00e7\u00e3o.<\/li>\n<li>A sess\u00e3o de trabalhos incluiu a apresenta\u00e7\u00e3o de um estudo da Universidade do Minho sobre a transfer\u00eancia de compet\u00eancias e a necessidade de mais financiamento.<\/li>\n<li>O estudo sustenta que a proximidade dos munic\u00edpios \u00e0 comunidade escolar \u00e9 positiva e que \u00e9 preciso refor\u00e7ar o financiamento para evitar que os munic\u00edpios utilizem receitas pr\u00f3prias.<\/li>\n<li>O diagn\u00f3stico indica que o r\u00e1cio de pessoal n\u00e3o docente nas escolas tem de ser atualizado, com os munic\u00edpios j\u00e1 aumentando esse pessoal com receitas pr\u00f3prias para apoiar alunos com necessidades educativas especiais.<\/li>\n<li>Tamb\u00e9m foi identificada a necessidade de requalifica\u00e7\u00e3o de escolas do segundo ciclo e do ensino secund\u00e1rio, com garantia de financiamento para avan\u00e7ar com as interven\u00e7\u00f5es.<\/li>\n<\/ul>\n","protected":false},"author":2,"featured_media":426921,"comment_status":"closed","ping_status":"closed","sticky":false,"template":"","format":"standard","meta":{"footnotes":""},"categories":[2,6850],"tags":[1275,163,733,2417,34,2093],"class_list":["post-426917","post","type-post","status-publish","format-standard","has-post-thumbnail","hentry","category-economia","category-financas","tag-descentralizacao-territorial","tag-educacao","tag-financas-publicas","tag-financiamento","tag-governo","tag-municipios"],"yoast_head":"<!-- This site is optimized with the Yoast SEO plugin v27.2 - https:\/\/yoast.com\/product\/yoast-seo-wordpress\/ -->\n<title>Governo d\u00e1 passos para refor\u00e7ar financiamento municipal da Educa\u00e7\u00e3o - Portal Tela Portugal<\/title>\n<meta name=\"robots\" content=\"index, follow, max-snippet:-1, max-image-preview:large, max-video-preview:-1\" \/>\n<meta property=\"og:locale\" content=\"pt_PT\" \/>\n<meta property=\"og:type\" content=\"article\" \/>\n<meta property=\"og:title\" content=\"Governo d\u00e1 passos para refor\u00e7ar financiamento municipal da Educa\u00e7\u00e3o - Portal Tela Portugal\" \/>\n<meta property=\"og:description\" content=\"O presidente da Associa\u00e7\u00e3o Nacional de Munic\u00edpios Portugueses afirmou que o Governo deve dar passos para refor\u00e7ar o financiamento dos munic\u00edpios na Educa\u00e7\u00e3o, ap\u00f3s reuni\u00e3o no Minist\u00e9rio da Educa\u00e7\u00e3o. A sess\u00e3o de trabalhos incluiu a apresenta\u00e7\u00e3o de um estudo da Universidade do Minho sobre a transfer\u00eancia de compet\u00eancias e a necessidade de mais financiamento. O estudo sustenta que a proximidade dos munic\u00edpios \u00e0 comunidade escolar \u00e9 positiva e que \u00e9 preciso refor\u00e7ar o financiamento para evitar que os munic\u00edpios utilizem receitas pr\u00f3prias. O diagn\u00f3stico indica que o r\u00e1cio de pessoal n\u00e3o docente nas escolas tem de ser atualizado, com os munic\u00edpios j\u00e1 aumentando esse pessoal com receitas pr\u00f3prias para apoiar alunos com necessidades educativas especiais. Tamb\u00e9m foi identificada a necessidade de requalifica\u00e7\u00e3o de escolas do segundo ciclo e do ensino secund\u00e1rio, com garantia de financiamento para avan\u00e7ar com as interven\u00e7\u00f5es.\" \/>\n<meta property=\"og:url\" content=\"https:\/\/portaltela.pt\/noticias\/2026\/03\/30\/governo-da-passos-para-reforcar-financiamento-municipal-da-educacao\/\" \/>\n<meta property=\"og:site_name\" content=\"Portal Tela Portugal\" \/>\n<meta property=\"article:published_time\" content=\"2026-03-30T12:47:03+00:00\" \/>\n<meta name=\"author\" content=\"Telinha\" \/>\n<meta name=\"twitter:card\" content=\"summary_large_image\" \/>\n<meta name=\"twitter:label1\" content=\"Escrito por\" \/>\n\t<meta name=\"twitter:data1\" content=\"Telinha\" \/>\n\t<meta name=\"twitter:label2\" content=\"Tempo estimado de leitura\" \/>\n\t<meta name=\"twitter:data2\" content=\"2 minutos\" \/>\n<script type=\"application\/ld+json\" class=\"yoast-schema-graph\">{\"@context\":\"https:\/\/schema.org\",\"@graph\":[{\"@type\":\"Article\",\"@id\":\"https:\/\/portaltela.pt\/noticias\/2026\/03\/30\/governo-da-passos-para-reforcar-financiamento-municipal-da-educacao\/#article\",\"isPartOf\":{\"@id\":\"https:\/\/portaltela.pt\/noticias\/2026\/03\/30\/governo-da-passos-para-reforcar-financiamento-municipal-da-educacao\/\"},\"author\":{\"name\":\"Telinha\",\"@id\":\"https:\/\/portaltela.pt\/#\/schema\/person\/c4278d4a6028830caff9ee44b42d32ed\"},\"headline\":\"Governo d\u00e1 passos para refor\u00e7ar financiamento municipal da Educa\u00e7\u00e3o\",\"datePublished\":\"2026-03-30T12:47:03+00:00\",\"mainEntityOfPage\":{\"@id\":\"https:\/\/portaltela.pt\/noticias\/2026\/03\/30\/governo-da-passos-para-reforcar-financiamento-municipal-da-educacao\/\"},\"wordCount\":323,\"image\":{\"@id\":\"https:\/\/portaltela.pt\/noticias\/2026\/03\/30\/governo-da-passos-para-reforcar-financiamento-municipal-da-educacao\/#primaryimage\"},\"thumbnailUrl\":\"https:\/\/portaltela.pt\/s.01k8rhncp4jt1\/2026\/03\/2077962.jpg\",\"keywords\":[\"descentraliza\u00e7\u00e3o territorial\",\"educa\u00e7\u00e3o\",\"finan\u00e7as p\u00fablicas\",\"financiamento\",\"governo\",\"munic\u00edpios\"],\"articleSection\":[\"Economia\",\"Finan\u00e7as\"],\"inLanguage\":\"pt-PT\"},{\"@type\":\"WebPage\",\"@id\":\"https:\/\/portaltela.pt\/noticias\/2026\/03\/30\/governo-da-passos-para-reforcar-financiamento-municipal-da-educacao\/\",\"url\":\"https:\/\/portaltela.pt\/noticias\/2026\/03\/30\/governo-da-passos-para-reforcar-financiamento-municipal-da-educacao\/\",\"name\":\"Governo d\u00e1 passos para refor\u00e7ar financiamento municipal da Educa\u00e7\u00e3o - Portal Tela Portugal\",\"isPartOf\":{\"@id\":\"https:\/\/portaltela.pt\/#website\"},\"primaryImageOfPage\":{\"@id\":\"https:\/\/portaltela.pt\/noticias\/2026\/03\/30\/governo-da-passos-para-reforcar-financiamento-municipal-da-educacao\/#primaryimage\"},\"image\":{\"@id\":\"https:\/\/portaltela.pt\/noticias\/2026\/03\/30\/governo-da-passos-para-reforcar-financiamento-municipal-da-educacao\/#primaryimage\"},\"thumbnailUrl\":\"https:\/\/portaltela.pt\/s.01k8rhncp4jt1\/2026\/03\/2077962.jpg\",\"datePublished\":\"2026-03-30T12:47:03+00:00\",\"author\":{\"@id\":\"https:\/\/portaltela.pt\/#\/schema\/person\/c4278d4a6028830caff9ee44b42d32ed\"},\"breadcrumb\":{\"@id\":\"https:\/\/portaltela.pt\/noticias\/2026\/03\/30\/governo-da-passos-para-reforcar-financiamento-municipal-da-educacao\/#breadcrumb\"},\"inLanguage\":\"pt-PT\",\"potentialAction\":[{\"@type\":\"ReadAction\",\"target\":[\"https:\/\/portaltela.pt\/noticias\/2026\/03\/30\/governo-da-passos-para-reforcar-financiamento-municipal-da-educacao\/\"]}]},{\"@type\":\"ImageObject\",\"inLanguage\":\"pt-PT\",\"@id\":\"https:\/\/portaltela.pt\/noticias\/2026\/03\/30\/governo-da-passos-para-reforcar-financiamento-municipal-da-educacao\/#primaryimage\",\"url\":\"https:\/\/portaltela.pt\/s.01k8rhncp4jt1\/2026\/03\/2077962.jpg\",\"contentUrl\":\"https:\/\/portaltela.pt\/s.01k8rhncp4jt1\/2026\/03\/2077962.jpg\",\"width\":796,\"height\":448,\"caption\":\"Pedro Pimp\u00e3o \u00e9 presidente da Associa\u00e7\u00e3o Nacional de Munic\u00edpios Portugueses\"},{\"@type\":\"BreadcrumbList\",\"@id\":\"https:\/\/portaltela.pt\/noticias\/2026\/03\/30\/governo-da-passos-para-reforcar-financiamento-municipal-da-educacao\/#breadcrumb\",\"itemListElement\":[{\"@type\":\"ListItem\",\"position\":1,\"name\":\"In\u00edcio\",\"item\":\"https:\/\/portaltela.pt\/\"},{\"@type\":\"ListItem\",\"position\":2,\"name\":\"Governo d\u00e1 passos para refor\u00e7ar financiamento municipal da Educa\u00e7\u00e3o\"}]},{\"@type\":\"WebSite\",\"@id\":\"https:\/\/portaltela.pt\/#website\",\"url\":\"https:\/\/portaltela.pt\/\",\"name\":\"Portal Tela Portugal\",\"description\":\"\",\"potentialAction\":[{\"@type\":\"SearchAction\",\"target\":{\"@type\":\"EntryPoint\",\"urlTemplate\":\"https:\/\/portaltela.pt\/?s={search_term_string}\"},\"query-input\":{\"@type\":\"PropertyValueSpecification\",\"valueRequired\":true,\"valueName\":\"search_term_string\"}}],\"inLanguage\":\"pt-PT\"},{\"@type\":\"Person\",\"@id\":\"https:\/\/portaltela.pt\/#\/schema\/person\/c4278d4a6028830caff9ee44b42d32ed\",\"name\":\"Telinha\",\"image\":{\"@type\":\"ImageObject\",\"inLanguage\":\"pt-PT\",\"@id\":\"https:\/\/portaltela.pt\/s.01k8rhncp4jt1\/2025\/11\/talking-bot-125x125.png\",\"url\":\"https:\/\/portaltela.pt\/s.01k8rhncp4jt1\/2025\/11\/talking-bot-125x125.png\",\"contentUrl\":\"https:\/\/portaltela.pt\/s.01k8rhncp4jt1\/2025\/11\/talking-bot-125x125.png\",\"caption\":\"Telinha\"},\"sameAs\":[\"https:\/\/portaltela.pt\/\"],\"url\":\"https:\/\/portaltela.pt\/por\/367410592786\/\"}]}<\/script>\n<!-- \/ Yoast SEO plugin. -->","yoast_head_json":{"title":"Governo d\u00e1 passos para refor\u00e7ar financiamento municipal da Educa\u00e7\u00e3o - Portal Tela Portugal","robots":{"index":"index","follow":"follow","max-snippet":"max-snippet:-1","max-image-preview":"max-image-preview:large","max-video-preview":"max-video-preview:-1"},"og_locale":"pt_PT","og_type":"article","og_title":"Governo d\u00e1 passos para refor\u00e7ar financiamento municipal da Educa\u00e7\u00e3o - Portal Tela Portugal","og_description":"O presidente da Associa\u00e7\u00e3o Nacional de Munic\u00edpios Portugueses afirmou que o Governo deve dar passos para refor\u00e7ar o financiamento dos munic\u00edpios na Educa\u00e7\u00e3o, ap\u00f3s reuni\u00e3o no Minist\u00e9rio da Educa\u00e7\u00e3o. A sess\u00e3o de trabalhos incluiu a apresenta\u00e7\u00e3o de um estudo da Universidade do Minho sobre a transfer\u00eancia de compet\u00eancias e a necessidade de mais financiamento. O estudo sustenta que a proximidade dos munic\u00edpios \u00e0 comunidade escolar \u00e9 positiva e que \u00e9 preciso refor\u00e7ar o financiamento para evitar que os munic\u00edpios utilizem receitas pr\u00f3prias. O diagn\u00f3stico indica que o r\u00e1cio de pessoal n\u00e3o docente nas escolas tem de ser atualizado, com os munic\u00edpios j\u00e1 aumentando esse pessoal com receitas pr\u00f3prias para apoiar alunos com necessidades educativas especiais. Tamb\u00e9m foi identificada a necessidade de requalifica\u00e7\u00e3o de escolas do segundo ciclo e do ensino secund\u00e1rio, com garantia de financiamento para avan\u00e7ar com as interven\u00e7\u00f5es.","og_url":"https:\/\/portaltela.pt\/noticias\/2026\/03\/30\/governo-da-passos-para-reforcar-financiamento-municipal-da-educacao\/","og_site_name":"Portal Tela Portugal","article_published_time":"2026-03-30T12:47:03+00:00","author":"Telinha","twitter_card":"summary_large_image","twitter_misc":{"Escrito por":"Telinha","Tempo estimado de leitura":"2 minutos"},"schema":{"@context":"https:\/\/schema.org","@graph":[{"@type":"Article","@id":"https:\/\/portaltela.pt\/noticias\/2026\/03\/30\/governo-da-passos-para-reforcar-financiamento-municipal-da-educacao\/#article","isPartOf":{"@id":"https:\/\/portaltela.pt\/noticias\/2026\/03\/30\/governo-da-passos-para-reforcar-financiamento-municipal-da-educacao\/"},"author":{"name":"Telinha","@id":"https:\/\/portaltela.pt\/#\/schema\/person\/c4278d4a6028830caff9ee44b42d32ed"},"headline":"Governo d\u00e1 passos para refor\u00e7ar financiamento municipal da Educa\u00e7\u00e3o","datePublished":"2026-03-30T12:47:03+00:00","mainEntityOfPage":{"@id":"https:\/\/portaltela.pt\/noticias\/2026\/03\/30\/governo-da-passos-para-reforcar-financiamento-municipal-da-educacao\/"},"wordCount":323,"image":{"@id":"https:\/\/portaltela.pt\/noticias\/2026\/03\/30\/governo-da-passos-para-reforcar-financiamento-municipal-da-educacao\/#primaryimage"},"thumbnailUrl":"https:\/\/portaltela.pt\/s.01k8rhncp4jt1\/2026\/03\/2077962.jpg","keywords":["descentraliza\u00e7\u00e3o territorial","educa\u00e7\u00e3o","finan\u00e7as p\u00fablicas","financiamento","governo","munic\u00edpios"],"articleSection":["Economia","Finan\u00e7as"],"inLanguage":"pt-PT"},{"@type":"WebPage","@id":"https:\/\/portaltela.pt\/noticias\/2026\/03\/30\/governo-da-passos-para-reforcar-financiamento-municipal-da-educacao\/","url":"https:\/\/portaltela.pt\/noticias\/2026\/03\/30\/governo-da-passos-para-reforcar-financiamento-municipal-da-educacao\/","name":"Governo d\u00e1 passos para refor\u00e7ar financiamento municipal da Educa\u00e7\u00e3o - Portal Tela Portugal","isPartOf":{"@id":"https:\/\/portaltela.pt\/#website"},"primaryImageOfPage":{"@id":"https:\/\/portaltela.pt\/noticias\/2026\/03\/30\/governo-da-passos-para-reforcar-financiamento-municipal-da-educacao\/#primaryimage"},"image":{"@id":"https:\/\/portaltela.pt\/noticias\/2026\/03\/30\/governo-da-passos-para-reforcar-financiamento-municipal-da-educacao\/#primaryimage"},"thumbnailUrl":"https:\/\/portaltela.pt\/s.01k8rhncp4jt1\/2026\/03\/2077962.jpg","datePublished":"2026-03-30T12:47:03+00:00","author":{"@id":"https:\/\/portaltela.pt\/#\/schema\/person\/c4278d4a6028830caff9ee44b42d32ed"},"breadcrumb":{"@id":"https:\/\/portaltela.pt\/noticias\/2026\/03\/30\/governo-da-passos-para-reforcar-financiamento-municipal-da-educacao\/#breadcrumb"},"inLanguage":"pt-PT","potentialAction":[{"@type":"ReadAction","target":["https:\/\/portaltela.pt\/noticias\/2026\/03\/30\/governo-da-passos-para-reforcar-financiamento-municipal-da-educacao\/"]}]},{"@type":"ImageObject","inLanguage":"pt-PT","@id":"https:\/\/portaltela.pt\/noticias\/2026\/03\/30\/governo-da-passos-para-reforcar-financiamento-municipal-da-educacao\/#primaryimage","url":"https:\/\/portaltela.pt\/s.01k8rhncp4jt1\/2026\/03\/2077962.jpg","contentUrl":"https:\/\/portaltela.pt\/s.01k8rhncp4jt1\/2026\/03\/2077962.jpg","width":796,"height":448,"caption":"Pedro Pimp\u00e3o \u00e9 presidente da Associa\u00e7\u00e3o Nacional de Munic\u00edpios Portugueses"},{"@type":"BreadcrumbList","@id":"https:\/\/portaltela.pt\/noticias\/2026\/03\/30\/governo-da-passos-para-reforcar-financiamento-municipal-da-educacao\/#breadcrumb","itemListElement":[{"@type":"ListItem","position":1,"name":"In\u00edcio","item":"https:\/\/portaltela.pt\/"},{"@type":"ListItem","position":2,"name":"Governo d\u00e1 passos para refor\u00e7ar financiamento municipal da Educa\u00e7\u00e3o"}]},{"@type":"WebSite","@id":"https:\/\/portaltela.pt\/#website","url":"https:\/\/portaltela.pt\/","name":"Portal Tela Portugal","description":"","potentialAction":[{"@type":"SearchAction","target":{"@type":"EntryPoint","urlTemplate":"https:\/\/portaltela.pt\/?s={search_term_string}"},"query-input":{"@type":"PropertyValueSpecification","valueRequired":true,"valueName":"search_term_string"}}],"inLanguage":"pt-PT"},{"@type":"Person","@id":"https:\/\/portaltela.pt\/#\/schema\/person\/c4278d4a6028830caff9ee44b42d32ed","name":"Telinha","image":{"@type":"ImageObject","inLanguage":"pt-PT","@id":"https:\/\/portaltela.pt\/s.01k8rhncp4jt1\/2025\/11\/talking-bot-125x125.png","url":"https:\/\/portaltela.pt\/s.01k8rhncp4jt1\/2025\/11\/talking-bot-125x125.png","contentUrl":"https:\/\/portaltela.pt\/s.01k8rhncp4jt1\/2025\/11\/talking-bot-125x125.png","caption":"Telinha"},"sameAs":["https:\/\/portaltela.pt\/"],"url":"https:\/\/portaltela.pt\/por\/367410592786\/"}]}},"_links":{"self":[{"href":"https:\/\/portaltela.pt\/api\/wp\/v2\/posts\/426917","targetHints":{"allow":["GET"]}}],"collection":[{"href":"https:\/\/portaltela.pt\/api\/wp\/v2\/posts"}],"about":[{"href":"https:\/\/portaltela.pt\/api\/wp\/v2\/types\/post"}],"author":[{"embeddable":true,"href":"https:\/\/portaltela.pt\/api\/wp\/v2\/users\/2"}],"replies":[{"embeddable":true,"href":"https:\/\/portaltela.pt\/api\/wp\/v2\/comments?post=426917"}],"version-history":[{"count":0,"href":"https:\/\/portaltela.pt\/api\/wp\/v2\/posts\/426917\/revisions"}],"wp:featuredmedia":[{"embeddable":true,"href":"https:\/\/portaltela.pt\/api\/wp\/v2\/media\/426921"}],"wp:attachment":[{"href":"https:\/\/portaltela.pt\/api\/wp\/v2\/media?parent=426917"}],"wp:term":[{"taxonomy":"category","embeddable":true,"href":"https:\/\/portaltela.pt\/api\/wp\/v2\/categories?post=426917"},{"taxonomy":"post_tag","embeddable":true,"href":"https:\/\/portaltela.pt\/api\/wp\/v2\/tags?post=426917"}],"curies":[{"name":"wp","href":"https:\/\/api.w.org\/{rel}","templated":true}]}}