{"id":426907,"date":"2026-03-30T09:33:01","date_gmt":"2026-03-30T12:33:01","guid":{"rendered":"https:\/\/portaltela.pt\/noticias\/2026\/03\/30\/rute-costa-e-barbara-lopes-regressam-a-convocatoria-da-selecao-feminina\/"},"modified":"2026-03-30T09:33:01","modified_gmt":"2026-03-30T12:33:01","slug":"rute-costa-e-barbara-lopes-regressam-a-convocatoria-da-selecao-feminina","status":"publish","type":"post","link":"https:\/\/portaltela.pt\/desporto\/futebol\/2026\/03\/30\/rute-costa-e-barbara-lopes-regressam-a-convocatoria-da-selecao-feminina\/","title":{"rendered":"Rute Costa e B\u00e1rbara Lopes regressam \u00e0 convocat\u00f3ria da sele\u00e7\u00e3o feminina"},"content":{"rendered":"<p>Os guarda-redes Rute Costa e B\u00e1rbara Lopes, ambas do Torreense, regressaram \u00e0 convocat\u00f3ria da sele\u00e7\u00e3o portuguesa feminina para os jogos frente \u00e0 Let\u00f3nia e \u00e0 Eslov\u00e1quia, de qualifica\u00e7\u00e3o para o Mundial2027. Francisco Neto voltou a chamar as jogadoras para o Grupo B3 da Liga das Na\u00e7\u00f5es.<\/p>\n<p>A decis\u00e3o ocorreu ap\u00f3s aus\u00eancias por les\u00e3o de Patr\u00edcia Morais, do Sporting de Braga, e Telma Encarna\u00e7\u00e3o, do Sporting, nos dois primeiros jogos do apuramento. A avan\u00e7ada Leonina j\u00e1 tinha sido dispensada do est\u00e1gio anterior, substitu\u00edda por Al\u00edcia Correia, mantendo-se o foco no que o t\u00e9cnico v\u00ea como n\u00facleo com maior valor.<\/p>\n<p>Neto repetiu que a equipa deve manter o mesmo esp\u00edrito de trabalho demonstrado at\u00e9 aqui, insistindo que as duas baixas se encontram ainda em recupera\u00e7\u00e3o. O seleccionador sublinhou que a sele\u00e7\u00e3o tem apontado alto e que h\u00e1 muito trabalho pela frente em Portugal.<\/p>\n<h3>Convocat\u00f3ria e contexto<\/h3>\n<p>A equipa parte para dois encontros fora de casa, frente \u00e0 Let\u00f3nia (14 de abril, Riga) e \u00e0 Eslov\u00e1quia (18 de abril, Presov). O objetivo mant\u00e9m-se claro: conquistar os tr\u00eas pontos em cada partida, mantendo a lideran\u00e7a do grupo.<\/p>\n<p>Portugal lidera o Grupo B3 da Liga das Na\u00e7\u00f5es com 6 pontos, seguido pela Finl\u00e2ndia e pela Eslov\u00e1quia, ambas com 3. A Let\u00f3nia ainda n\u00e3o pontuou. Os tr\u00eas primeiros classificados seguem para os play-offs de apuramento para o Mundial2027.<\/p>\n<p>Lista das 25 convocadas<\/p>\n<ul>\n<li>In\u00eas Pereira (Deportivo da Corunha, Espanha)<\/li>\n<li>Rute Costa (Torreense)<\/li>\n<li>Sierra Cota-Yarde (AFC Toronto, Canad\u00e1)<\/li>\n<li>B\u00e1rbara Lopes (Torreense)<\/li>\n<li>Beatriz Fonseca (Sporting)<\/li>\n<li>Carole Costa (Benfica)<\/li>\n<li>Carolina Correia (Torreense)<\/li>\n<li>Catarina Amado (Benfica)<\/li>\n<li>Daniela Areia Santos (Valadares Gaia)<\/li>\n<li>Diana Gomes (Benfica)<\/li>\n<li>Joana March\u00e3o (Servette, Su\u00ed\u00e7a)<\/li>\n<li>Andreia Bravo (Sporting)<\/li>\n<li>Andreia Jacinto (Real Sociedad, Espanha)<\/li>\n<li>Andreia Faria (Al Nassr, Ar\u00e1bia)<\/li>\n<li>Dolores Silva (Levante, Espanha)<\/li>\n<li>F\u00e1tima Pinto (Strasburgo, Fran\u00e7a)<\/li>\n<li>Francisca Nazareth (FC Barcelona, Espanha)<\/li>\n<li>N\u00e1dia Bravo (Sporting de Braga)<\/li>\n<li>Pauleta (Benfica)<\/li>\n<li>Tatiana Pinto (Juventus, It\u00e1lia)<\/li>\n<li>Ana Capeta (Juventus, It\u00e1lia)<\/li>\n<li>Carolina Santiago (Sporting)<\/li>\n<li>Diana Silva (Benfica)<\/li>\n<li>J\u00e9ssica Silva (Al Hilal, Ar\u00e1bia)<\/li>\n<li>L\u00facia Alves (Benfica)<\/li>\n<\/ul>\n","protected":false},"excerpt":{"rendered":"<ul>\n<li>Rute Costa e B\u00e1rbara Lopes, ambas do Torreense, foram convocadas pela sele\u00e7\u00e3o portuguesa feminina para os jogos de qualifica\u00e7\u00e3o do Mundial 2027 contra Let\u00f3nia e Eslov\u00e1quia.<\/li>\n<li>Patr\u00edcia Morais (Sporting de Braga) e Telma Encarna\u00e7\u00e3o (Sporting) ficam de fora por les\u00e3o; as duas jogadoras do Torreense regressam ao grupo, substituindo a avan\u00e7ada do Sporting que j\u00e1 tinha sido dispensada no \u00faltimo est\u00e1gio.<\/li>\n<li>Francisco Neto manteve o n\u00facleo de 25 jogadoras, destacando que as que sa\u00edram est\u00e3o em recupera\u00e7\u00e3o e que h\u00e1 muito trabalho pela frente em Portugal.<\/li>\n<li>Portugal lidera o Grupo B3 da Liga das Na\u00e7\u00f5es com seis pontos, ap\u00f3s vencer Finl\u00e2ndia e Eslov\u00e1quia; os pr\u00f3ximos jogos s\u00e3o fora, contra Let\u00f3nia, a 14 de abril, e contra Eslov\u00e1quia, a 18 de abril.<\/li>\n<li>O objetivo \u00e9 somar tr\u00eas pontos nos dois confrontos e manter a lideran\u00e7a, com a equipa a defender o seu esp\u00edrito e a seriedade do primeiro est\u00e1gio.<\/li>\n<\/ul>\n","protected":false},"author":2,"featured_media":426908,"comment_status":"closed","ping_status":"closed","sticky":false,"template":"","format":"standard","meta":{"footnotes":""},"categories":[21,24],"tags":[32,1030,2011,1014,2057],"class_list":["post-426907","post","type-post","status-publish","format-standard","has-post-thumbnail","hentry","category-desporto","category-futebol","tag-futebol","tag-futebol-feminino","tag-liga-das-nacoes","tag-portugal","tag-selecao-nacional"],"yoast_head":"<!-- This site is optimized with the Yoast SEO plugin v27.2 - https:\/\/yoast.com\/product\/yoast-seo-wordpress\/ -->\n<title>Rute Costa e B\u00e1rbara Lopes regressam \u00e0 convocat\u00f3ria da sele\u00e7\u00e3o feminina - Portal Tela Portugal<\/title>\n<meta name=\"robots\" content=\"index, follow, max-snippet:-1, max-image-preview:large, max-video-preview:-1\" \/>\n<meta property=\"og:locale\" content=\"pt_PT\" \/>\n<meta property=\"og:type\" content=\"article\" \/>\n<meta property=\"og:title\" content=\"Rute Costa e B\u00e1rbara Lopes regressam \u00e0 convocat\u00f3ria da sele\u00e7\u00e3o feminina - Portal Tela Portugal\" \/>\n<meta property=\"og:description\" content=\"Rute Costa e B\u00e1rbara Lopes, ambas do Torreense, foram convocadas pela sele\u00e7\u00e3o portuguesa feminina para os jogos de qualifica\u00e7\u00e3o do Mundial 2027 contra Let\u00f3nia e Eslov\u00e1quia. Patr\u00edcia Morais (Sporting de Braga) e Telma Encarna\u00e7\u00e3o (Sporting) ficam de fora por les\u00e3o; as duas jogadoras do Torreense regressam ao grupo, substituindo a avan\u00e7ada do Sporting que j\u00e1 tinha sido dispensada no \u00faltimo est\u00e1gio. Francisco Neto manteve o n\u00facleo de 25 jogadoras, destacando que as que sa\u00edram est\u00e3o em recupera\u00e7\u00e3o e que h\u00e1 muito trabalho pela frente em Portugal. Portugal lidera o Grupo B3 da Liga das Na\u00e7\u00f5es com seis pontos, ap\u00f3s vencer Finl\u00e2ndia e Eslov\u00e1quia; os pr\u00f3ximos jogos s\u00e3o fora, contra Let\u00f3nia, a 14 de abril, e contra Eslov\u00e1quia, a 18 de abril. O objetivo \u00e9 somar tr\u00eas pontos nos dois confrontos e manter a lideran\u00e7a, com a equipa a defender o seu esp\u00edrito e a seriedade do primeiro est\u00e1gio.\" \/>\n<meta property=\"og:url\" content=\"https:\/\/portaltela.pt\/noticias\/2026\/03\/30\/rute-costa-e-barbara-lopes-regressam-a-convocatoria-da-selecao-feminina\/\" \/>\n<meta property=\"og:site_name\" content=\"Portal Tela Portugal\" \/>\n<meta property=\"article:published_time\" content=\"2026-03-30T12:33:01+00:00\" \/>\n<meta name=\"author\" content=\"Telinha\" \/>\n<meta name=\"twitter:card\" content=\"summary_large_image\" \/>\n<meta name=\"twitter:label1\" content=\"Escrito por\" \/>\n\t<meta name=\"twitter:data1\" content=\"Telinha\" \/>\n\t<meta name=\"twitter:label2\" content=\"Tempo estimado de leitura\" \/>\n\t<meta name=\"twitter:data2\" content=\"2 minutos\" \/>\n<script type=\"application\/ld+json\" class=\"yoast-schema-graph\">{\"@context\":\"https:\/\/schema.org\",\"@graph\":[{\"@type\":\"Article\",\"@id\":\"https:\/\/portaltela.pt\/noticias\/2026\/03\/30\/rute-costa-e-barbara-lopes-regressam-a-convocatoria-da-selecao-feminina\/#article\",\"isPartOf\":{\"@id\":\"https:\/\/portaltela.pt\/noticias\/2026\/03\/30\/rute-costa-e-barbara-lopes-regressam-a-convocatoria-da-selecao-feminina\/\"},\"author\":{\"name\":\"Telinha\",\"@id\":\"https:\/\/portaltela.pt\/#\/schema\/person\/c4278d4a6028830caff9ee44b42d32ed\"},\"headline\":\"Rute Costa e B\u00e1rbara Lopes regressam \u00e0 convocat\u00f3ria da sele\u00e7\u00e3o feminina\",\"datePublished\":\"2026-03-30T12:33:01+00:00\",\"mainEntityOfPage\":{\"@id\":\"https:\/\/portaltela.pt\/noticias\/2026\/03\/30\/rute-costa-e-barbara-lopes-regressam-a-convocatoria-da-selecao-feminina\/\"},\"wordCount\":372,\"image\":{\"@id\":\"https:\/\/portaltela.pt\/noticias\/2026\/03\/30\/rute-costa-e-barbara-lopes-regressam-a-convocatoria-da-selecao-feminina\/#primaryimage\"},\"thumbnailUrl\":\"https:\/\/portaltela.pt\/s.01k8rhncp4jt1\/2026\/03\/image-1799.jpg\",\"keywords\":[\"futebol\",\"futebol feminino\",\"Liga das Na\u00e7\u00f5es\",\"Portugal\",\"Sele\u00e7\u00e3o Nacional\"],\"articleSection\":[\"Desporto\",\"Futebol\"],\"inLanguage\":\"pt-PT\"},{\"@type\":\"WebPage\",\"@id\":\"https:\/\/portaltela.pt\/noticias\/2026\/03\/30\/rute-costa-e-barbara-lopes-regressam-a-convocatoria-da-selecao-feminina\/\",\"url\":\"https:\/\/portaltela.pt\/noticias\/2026\/03\/30\/rute-costa-e-barbara-lopes-regressam-a-convocatoria-da-selecao-feminina\/\",\"name\":\"Rute Costa e B\u00e1rbara Lopes regressam \u00e0 convocat\u00f3ria da sele\u00e7\u00e3o feminina - Portal Tela Portugal\",\"isPartOf\":{\"@id\":\"https:\/\/portaltela.pt\/#website\"},\"primaryImageOfPage\":{\"@id\":\"https:\/\/portaltela.pt\/noticias\/2026\/03\/30\/rute-costa-e-barbara-lopes-regressam-a-convocatoria-da-selecao-feminina\/#primaryimage\"},\"image\":{\"@id\":\"https:\/\/portaltela.pt\/noticias\/2026\/03\/30\/rute-costa-e-barbara-lopes-regressam-a-convocatoria-da-selecao-feminina\/#primaryimage\"},\"thumbnailUrl\":\"https:\/\/portaltela.pt\/s.01k8rhncp4jt1\/2026\/03\/image-1799.jpg\",\"datePublished\":\"2026-03-30T12:33:01+00:00\",\"author\":{\"@id\":\"https:\/\/portaltela.pt\/#\/schema\/person\/c4278d4a6028830caff9ee44b42d32ed\"},\"breadcrumb\":{\"@id\":\"https:\/\/portaltela.pt\/noticias\/2026\/03\/30\/rute-costa-e-barbara-lopes-regressam-a-convocatoria-da-selecao-feminina\/#breadcrumb\"},\"inLanguage\":\"pt-PT\",\"potentialAction\":[{\"@type\":\"ReadAction\",\"target\":[\"https:\/\/portaltela.pt\/noticias\/2026\/03\/30\/rute-costa-e-barbara-lopes-regressam-a-convocatoria-da-selecao-feminina\/\"]}]},{\"@type\":\"ImageObject\",\"inLanguage\":\"pt-PT\",\"@id\":\"https:\/\/portaltela.pt\/noticias\/2026\/03\/30\/rute-costa-e-barbara-lopes-regressam-a-convocatoria-da-selecao-feminina\/#primaryimage\",\"url\":\"https:\/\/portaltela.pt\/s.01k8rhncp4jt1\/2026\/03\/image-1799.jpg\",\"contentUrl\":\"https:\/\/portaltela.pt\/s.01k8rhncp4jt1\/2026\/03\/image-1799.jpg\",\"width\":796,\"height\":448,\"caption\":\"Francisco Neto, selecionador nacional\"},{\"@type\":\"BreadcrumbList\",\"@id\":\"https:\/\/portaltela.pt\/noticias\/2026\/03\/30\/rute-costa-e-barbara-lopes-regressam-a-convocatoria-da-selecao-feminina\/#breadcrumb\",\"itemListElement\":[{\"@type\":\"ListItem\",\"position\":1,\"name\":\"In\u00edcio\",\"item\":\"https:\/\/portaltela.pt\/\"},{\"@type\":\"ListItem\",\"position\":2,\"name\":\"Rute Costa e B\u00e1rbara Lopes regressam \u00e0 convocat\u00f3ria da sele\u00e7\u00e3o feminina\"}]},{\"@type\":\"WebSite\",\"@id\":\"https:\/\/portaltela.pt\/#website\",\"url\":\"https:\/\/portaltela.pt\/\",\"name\":\"Portal Tela Portugal\",\"description\":\"\",\"potentialAction\":[{\"@type\":\"SearchAction\",\"target\":{\"@type\":\"EntryPoint\",\"urlTemplate\":\"https:\/\/portaltela.pt\/?s={search_term_string}\"},\"query-input\":{\"@type\":\"PropertyValueSpecification\",\"valueRequired\":true,\"valueName\":\"search_term_string\"}}],\"inLanguage\":\"pt-PT\"},{\"@type\":\"Person\",\"@id\":\"https:\/\/portaltela.pt\/#\/schema\/person\/c4278d4a6028830caff9ee44b42d32ed\",\"name\":\"Telinha\",\"image\":{\"@type\":\"ImageObject\",\"inLanguage\":\"pt-PT\",\"@id\":\"https:\/\/portaltela.pt\/s.01k8rhncp4jt1\/2025\/11\/talking-bot-125x125.png\",\"url\":\"https:\/\/portaltela.pt\/s.01k8rhncp4jt1\/2025\/11\/talking-bot-125x125.png\",\"contentUrl\":\"https:\/\/portaltela.pt\/s.01k8rhncp4jt1\/2025\/11\/talking-bot-125x125.png\",\"caption\":\"Telinha\"},\"sameAs\":[\"https:\/\/portaltela.pt\/\"],\"url\":\"https:\/\/portaltela.pt\/por\/367410592786\/\"}]}<\/script>\n<!-- \/ Yoast SEO plugin. -->","yoast_head_json":{"title":"Rute Costa e B\u00e1rbara Lopes regressam \u00e0 convocat\u00f3ria da sele\u00e7\u00e3o feminina - Portal Tela Portugal","robots":{"index":"index","follow":"follow","max-snippet":"max-snippet:-1","max-image-preview":"max-image-preview:large","max-video-preview":"max-video-preview:-1"},"og_locale":"pt_PT","og_type":"article","og_title":"Rute Costa e B\u00e1rbara Lopes regressam \u00e0 convocat\u00f3ria da sele\u00e7\u00e3o feminina - Portal Tela Portugal","og_description":"Rute Costa e B\u00e1rbara Lopes, ambas do Torreense, foram convocadas pela sele\u00e7\u00e3o portuguesa feminina para os jogos de qualifica\u00e7\u00e3o do Mundial 2027 contra Let\u00f3nia e Eslov\u00e1quia. Patr\u00edcia Morais (Sporting de Braga) e Telma Encarna\u00e7\u00e3o (Sporting) ficam de fora por les\u00e3o; as duas jogadoras do Torreense regressam ao grupo, substituindo a avan\u00e7ada do Sporting que j\u00e1 tinha sido dispensada no \u00faltimo est\u00e1gio. Francisco Neto manteve o n\u00facleo de 25 jogadoras, destacando que as que sa\u00edram est\u00e3o em recupera\u00e7\u00e3o e que h\u00e1 muito trabalho pela frente em Portugal. Portugal lidera o Grupo B3 da Liga das Na\u00e7\u00f5es com seis pontos, ap\u00f3s vencer Finl\u00e2ndia e Eslov\u00e1quia; os pr\u00f3ximos jogos s\u00e3o fora, contra Let\u00f3nia, a 14 de abril, e contra Eslov\u00e1quia, a 18 de abril. O objetivo \u00e9 somar tr\u00eas pontos nos dois confrontos e manter a lideran\u00e7a, com a equipa a defender o seu esp\u00edrito e a seriedade do primeiro est\u00e1gio.","og_url":"https:\/\/portaltela.pt\/noticias\/2026\/03\/30\/rute-costa-e-barbara-lopes-regressam-a-convocatoria-da-selecao-feminina\/","og_site_name":"Portal Tela Portugal","article_published_time":"2026-03-30T12:33:01+00:00","author":"Telinha","twitter_card":"summary_large_image","twitter_misc":{"Escrito por":"Telinha","Tempo estimado de leitura":"2 minutos"},"schema":{"@context":"https:\/\/schema.org","@graph":[{"@type":"Article","@id":"https:\/\/portaltela.pt\/noticias\/2026\/03\/30\/rute-costa-e-barbara-lopes-regressam-a-convocatoria-da-selecao-feminina\/#article","isPartOf":{"@id":"https:\/\/portaltela.pt\/noticias\/2026\/03\/30\/rute-costa-e-barbara-lopes-regressam-a-convocatoria-da-selecao-feminina\/"},"author":{"name":"Telinha","@id":"https:\/\/portaltela.pt\/#\/schema\/person\/c4278d4a6028830caff9ee44b42d32ed"},"headline":"Rute Costa e B\u00e1rbara Lopes regressam \u00e0 convocat\u00f3ria da sele\u00e7\u00e3o feminina","datePublished":"2026-03-30T12:33:01+00:00","mainEntityOfPage":{"@id":"https:\/\/portaltela.pt\/noticias\/2026\/03\/30\/rute-costa-e-barbara-lopes-regressam-a-convocatoria-da-selecao-feminina\/"},"wordCount":372,"image":{"@id":"https:\/\/portaltela.pt\/noticias\/2026\/03\/30\/rute-costa-e-barbara-lopes-regressam-a-convocatoria-da-selecao-feminina\/#primaryimage"},"thumbnailUrl":"https:\/\/portaltela.pt\/s.01k8rhncp4jt1\/2026\/03\/image-1799.jpg","keywords":["futebol","futebol feminino","Liga das Na\u00e7\u00f5es","Portugal","Sele\u00e7\u00e3o Nacional"],"articleSection":["Desporto","Futebol"],"inLanguage":"pt-PT"},{"@type":"WebPage","@id":"https:\/\/portaltela.pt\/noticias\/2026\/03\/30\/rute-costa-e-barbara-lopes-regressam-a-convocatoria-da-selecao-feminina\/","url":"https:\/\/portaltela.pt\/noticias\/2026\/03\/30\/rute-costa-e-barbara-lopes-regressam-a-convocatoria-da-selecao-feminina\/","name":"Rute Costa e B\u00e1rbara Lopes regressam \u00e0 convocat\u00f3ria da sele\u00e7\u00e3o feminina - Portal Tela Portugal","isPartOf":{"@id":"https:\/\/portaltela.pt\/#website"},"primaryImageOfPage":{"@id":"https:\/\/portaltela.pt\/noticias\/2026\/03\/30\/rute-costa-e-barbara-lopes-regressam-a-convocatoria-da-selecao-feminina\/#primaryimage"},"image":{"@id":"https:\/\/portaltela.pt\/noticias\/2026\/03\/30\/rute-costa-e-barbara-lopes-regressam-a-convocatoria-da-selecao-feminina\/#primaryimage"},"thumbnailUrl":"https:\/\/portaltela.pt\/s.01k8rhncp4jt1\/2026\/03\/image-1799.jpg","datePublished":"2026-03-30T12:33:01+00:00","author":{"@id":"https:\/\/portaltela.pt\/#\/schema\/person\/c4278d4a6028830caff9ee44b42d32ed"},"breadcrumb":{"@id":"https:\/\/portaltela.pt\/noticias\/2026\/03\/30\/rute-costa-e-barbara-lopes-regressam-a-convocatoria-da-selecao-feminina\/#breadcrumb"},"inLanguage":"pt-PT","potentialAction":[{"@type":"ReadAction","target":["https:\/\/portaltela.pt\/noticias\/2026\/03\/30\/rute-costa-e-barbara-lopes-regressam-a-convocatoria-da-selecao-feminina\/"]}]},{"@type":"ImageObject","inLanguage":"pt-PT","@id":"https:\/\/portaltela.pt\/noticias\/2026\/03\/30\/rute-costa-e-barbara-lopes-regressam-a-convocatoria-da-selecao-feminina\/#primaryimage","url":"https:\/\/portaltela.pt\/s.01k8rhncp4jt1\/2026\/03\/image-1799.jpg","contentUrl":"https:\/\/portaltela.pt\/s.01k8rhncp4jt1\/2026\/03\/image-1799.jpg","width":796,"height":448,"caption":"Francisco Neto, selecionador nacional"},{"@type":"BreadcrumbList","@id":"https:\/\/portaltela.pt\/noticias\/2026\/03\/30\/rute-costa-e-barbara-lopes-regressam-a-convocatoria-da-selecao-feminina\/#breadcrumb","itemListElement":[{"@type":"ListItem","position":1,"name":"In\u00edcio","item":"https:\/\/portaltela.pt\/"},{"@type":"ListItem","position":2,"name":"Rute Costa e B\u00e1rbara Lopes regressam \u00e0 convocat\u00f3ria da sele\u00e7\u00e3o feminina"}]},{"@type":"WebSite","@id":"https:\/\/portaltela.pt\/#website","url":"https:\/\/portaltela.pt\/","name":"Portal Tela Portugal","description":"","potentialAction":[{"@type":"SearchAction","target":{"@type":"EntryPoint","urlTemplate":"https:\/\/portaltela.pt\/?s={search_term_string}"},"query-input":{"@type":"PropertyValueSpecification","valueRequired":true,"valueName":"search_term_string"}}],"inLanguage":"pt-PT"},{"@type":"Person","@id":"https:\/\/portaltela.pt\/#\/schema\/person\/c4278d4a6028830caff9ee44b42d32ed","name":"Telinha","image":{"@type":"ImageObject","inLanguage":"pt-PT","@id":"https:\/\/portaltela.pt\/s.01k8rhncp4jt1\/2025\/11\/talking-bot-125x125.png","url":"https:\/\/portaltela.pt\/s.01k8rhncp4jt1\/2025\/11\/talking-bot-125x125.png","contentUrl":"https:\/\/portaltela.pt\/s.01k8rhncp4jt1\/2025\/11\/talking-bot-125x125.png","caption":"Telinha"},"sameAs":["https:\/\/portaltela.pt\/"],"url":"https:\/\/portaltela.pt\/por\/367410592786\/"}]}},"_links":{"self":[{"href":"https:\/\/portaltela.pt\/api\/wp\/v2\/posts\/426907","targetHints":{"allow":["GET"]}}],"collection":[{"href":"https:\/\/portaltela.pt\/api\/wp\/v2\/posts"}],"about":[{"href":"https:\/\/portaltela.pt\/api\/wp\/v2\/types\/post"}],"author":[{"embeddable":true,"href":"https:\/\/portaltela.pt\/api\/wp\/v2\/users\/2"}],"replies":[{"embeddable":true,"href":"https:\/\/portaltela.pt\/api\/wp\/v2\/comments?post=426907"}],"version-history":[{"count":0,"href":"https:\/\/portaltela.pt\/api\/wp\/v2\/posts\/426907\/revisions"}],"wp:featuredmedia":[{"embeddable":true,"href":"https:\/\/portaltela.pt\/api\/wp\/v2\/media\/426908"}],"wp:attachment":[{"href":"https:\/\/portaltela.pt\/api\/wp\/v2\/media?parent=426907"}],"wp:term":[{"taxonomy":"category","embeddable":true,"href":"https:\/\/portaltela.pt\/api\/wp\/v2\/categories?post=426907"},{"taxonomy":"post_tag","embeddable":true,"href":"https:\/\/portaltela.pt\/api\/wp\/v2\/tags?post=426907"}],"curies":[{"name":"wp","href":"https:\/\/api.w.org\/{rel}","templated":true}]}}