{"id":426905,"date":"2026-03-30T09:32:55","date_gmt":"2026-03-30T12:32:55","guid":{"rendered":"https:\/\/portaltela.pt\/noticias\/2026\/03\/30\/lisboa-testemunha-lancamento-bem-sucedido-de-seis-satelites-portugueses\/"},"modified":"2026-03-30T09:32:55","modified_gmt":"2026-03-30T12:32:55","slug":"lisboa-testemunha-lancamento-bem-sucedido-de-seis-satelites-portugueses","status":"publish","type":"post","link":"https:\/\/portaltela.pt\/tecnologia\/2026\/03\/30\/lisboa-testemunha-lancamento-bem-sucedido-de-seis-satelites-portugueses\/","title":{"rendered":"Lisboa testemunha lan\u00e7amento bem-sucedido de seis sat\u00e9lites portugueses"},"content":{"rendered":"<p>Seis sat\u00e9lites portugueses foram lan\u00e7ados com sucesso esta segunda-feira a partir da base de Vandenberg, Calif\u00f3rnia, nos EUA. O lan\u00e7amento ocorreu no \u00e2mbito da Agenda New Space Portugal, a bordo de um foguet\u00e3o Falcon 9 da SpaceX. O objetivo \u00e9 avan\u00e7ar com a mobilidade espacial nacional.<\/p>\n<p>A transmiss\u00e3o em directo decorreu no Pavilh\u00e3o do Conhecimento, em Lisboa, onde dezenas de pessoas acompanharam o momento. O lan\u00e7amento, inicialmente marcado para as 11h20, come\u00e7ou \u00e0s 12h02, gerando aplausos no Audit\u00f3rio Jos\u00e9 Mariano Gago.<\/p>\n<p>Os sat\u00e9lites Cam\u00f5es, Agustina, Pessoa e Saramago integram a constela\u00e7\u00e3o Lus\u00edada, destinada a criar um servi\u00e7o de navega\u00e7\u00e3o mar\u00edtima \u2014 uma esp\u00e9cie de Waze dos oceanos, segundo o diretor executivo da LusoSpace. A rede j\u00e1 soma cinco unidades em \u00f3rbita.<\/p>\n<h3>Lus\u00edada e o Fim da Operacionaliza\u00e7\u00e3o<\/h3>\n<p>A constela\u00e7\u00e3o Lus\u00edada dever\u00e1 ter 12 sat\u00e9lites para ficar totalmente operacional em 2027, com dados \u00fateis para navega\u00e7\u00e3o, comunica\u00e7\u00f5es e monitoriza\u00e7\u00e3o mar\u00edtima. Os primeiros resultados dever\u00e3o surgir dentro de tr\u00eas meses.<\/p>\n<p>A bordo do Falcon 9 viajaram ainda dois sat\u00e9lites da Constela\u00e7\u00e3o do Atl\u00e2ntico: um sat\u00e9lite SAR da For\u00e7a A\u00e9rea e um sat\u00e9lite \u00f3tico VHRLight NexGen do CEiiA e da N3O. Estes ativos fortalecem a capacidade de duplo uso para Portugal e a Europa.<\/p>\n<h3>Objetivos e Utiliza\u00e7\u00e3o de Dados<\/h3>\n<p>Os dados da Constela\u00e7\u00e3o do Atl\u00e2ntico podem servir a defesa e seguran\u00e7a, bem como a objetivos civis como resposta a desastres, agricultura de precis\u00e3o e monitoriza\u00e7\u00e3o ambiental. A For\u00e7a A\u00e9rea participa no desenvolvimento com salas limpas para fabrico de sat\u00e9lites em Alverca.<\/p>\n<p>A miss\u00e3o incluiu ainda o regresso seguro do primeiro segmento do foguet\u00e3o, que pousou numa plataforma mar\u00edtima oito minutos e38 segundos ap\u00f3s o lan\u00e7amento, enquanto o segundo segmento continua em \u00f3rbita a velocidades superiores a 28 mil quil\u00f3metros por hora.<\/p>\n","protected":false},"excerpt":{"rendered":"<ul>\n<li>Seis sat\u00e9lites portugueses foram lan\u00e7ados com sucesso da base de Vandenberg, Calif\u00f3rnia, a bordo de um foguet\u00e3o Falcon 9 da SpaceX, no \u00e2mbito da Agenda New Space Portugal.<\/li>\n<li>A cerim\u00f3nia de lan\u00e7amento foi transmitida em direto no Pavilh\u00e3o do Conhecimento, em Lisboa, com a atua\u00e7\u00e3o de dezenas de pessoas, iniciando \u00e0s 12h02.<\/li>\n<li>Quatro dos sat\u00e9lites \u2014 Cam\u00f5es, Agustina, Pessoa e Saramago \u2014 integram a constela\u00e7\u00e3o Lus\u00edada, destinada a criar um servi\u00e7o de navega\u00e7\u00e3o mar\u00edtima semelhante a um \u201cWaze dos oceanos\u201d.<\/li>\n<li>O lan\u00e7amento eleva a constela\u00e7\u00e3o Lus\u00edada a cinco sat\u00e9lites em \u00f3rbita; os dados devem estar dispon\u00edveis ap\u00f3s tr\u00eas meses e o servi\u00e7o ficar\u00e1 totalmente operacional em 2027, com doze sat\u00e9lites no total.<\/li>\n<li>Acresce a bordo da mesma miss\u00e3o mais dois sat\u00e9lites da Constela\u00e7\u00e3o do Atl\u00e2ntico, um SAR da For\u00e7a A\u00e9rea e um sat\u00e9lite \u00f3tico VHRLight NexGen, com uso civil e de defesa; a For\u00e7a A\u00e9rea planeia instalar salas limpas para fabrico de sat\u00e9lites em Alverca.<\/li>\n<\/ul>\n","protected":false},"author":2,"featured_media":426906,"comment_status":"closed","ping_status":"closed","sticky":false,"template":"","format":"standard","meta":{"footnotes":""},"categories":[6716],"tags":[4558,2982,4299,981,1014,1036],"class_list":["post-426905","post","type-post","status-publish","format-standard","has-post-thumbnail","hentry","category-tecnologia","tag-a-aeronautica","tag-agencia-espacial-portuguesa","tag-forca-aerea","tag-lisboa","tag-portugal","tag-satelites"],"yoast_head":"<!-- This site is optimized with the Yoast SEO plugin v27.2 - https:\/\/yoast.com\/product\/yoast-seo-wordpress\/ -->\n<title>Lisboa testemunha lan\u00e7amento bem-sucedido de seis sat\u00e9lites portugueses - Portal Tela Portugal<\/title>\n<meta name=\"robots\" content=\"index, follow, max-snippet:-1, max-image-preview:large, max-video-preview:-1\" \/>\n<meta property=\"og:locale\" content=\"pt_PT\" \/>\n<meta property=\"og:type\" content=\"article\" \/>\n<meta property=\"og:title\" content=\"Lisboa testemunha lan\u00e7amento bem-sucedido de seis sat\u00e9lites portugueses - Portal Tela Portugal\" \/>\n<meta property=\"og:description\" content=\"Seis sat\u00e9lites portugueses foram lan\u00e7ados com sucesso da base de Vandenberg, Calif\u00f3rnia, a bordo de um foguet\u00e3o Falcon 9 da SpaceX, no \u00e2mbito da Agenda New Space Portugal. A cerim\u00f3nia de lan\u00e7amento foi transmitida em direto no Pavilh\u00e3o do Conhecimento, em Lisboa, com a atua\u00e7\u00e3o de dezenas de pessoas, iniciando \u00e0s 12h02. Quatro dos sat\u00e9lites \u2014 Cam\u00f5es, Agustina, Pessoa e Saramago \u2014 integram a constela\u00e7\u00e3o Lus\u00edada, destinada a criar um servi\u00e7o de navega\u00e7\u00e3o mar\u00edtima semelhante a um \u201cWaze dos oceanos\u201d. O lan\u00e7amento eleva a constela\u00e7\u00e3o Lus\u00edada a cinco sat\u00e9lites em \u00f3rbita; os dados devem estar dispon\u00edveis ap\u00f3s tr\u00eas meses e o servi\u00e7o ficar\u00e1 totalmente operacional em 2027, com doze sat\u00e9lites no total. Acresce a bordo da mesma miss\u00e3o mais dois sat\u00e9lites da Constela\u00e7\u00e3o do Atl\u00e2ntico, um SAR da For\u00e7a A\u00e9rea e um sat\u00e9lite \u00f3tico VHRLight NexGen, com uso civil e de defesa; a For\u00e7a A\u00e9rea planeia instalar salas limpas para fabrico de sat\u00e9lites em Alverca.\" \/>\n<meta property=\"og:url\" content=\"https:\/\/portaltela.pt\/noticias\/2026\/03\/30\/lisboa-testemunha-lancamento-bem-sucedido-de-seis-satelites-portugueses\/\" \/>\n<meta property=\"og:site_name\" content=\"Portal Tela Portugal\" \/>\n<meta property=\"article:published_time\" content=\"2026-03-30T12:32:55+00:00\" \/>\n<meta name=\"author\" content=\"Telinha\" \/>\n<meta name=\"twitter:card\" content=\"summary_large_image\" \/>\n<meta name=\"twitter:label1\" content=\"Escrito por\" \/>\n\t<meta name=\"twitter:data1\" content=\"Telinha\" \/>\n\t<meta name=\"twitter:label2\" content=\"Tempo estimado de leitura\" \/>\n\t<meta name=\"twitter:data2\" content=\"2 minutos\" \/>\n<script type=\"application\/ld+json\" class=\"yoast-schema-graph\">{\"@context\":\"https:\/\/schema.org\",\"@graph\":[{\"@type\":\"Article\",\"@id\":\"https:\/\/portaltela.pt\/noticias\/2026\/03\/30\/lisboa-testemunha-lancamento-bem-sucedido-de-seis-satelites-portugueses\/#article\",\"isPartOf\":{\"@id\":\"https:\/\/portaltela.pt\/noticias\/2026\/03\/30\/lisboa-testemunha-lancamento-bem-sucedido-de-seis-satelites-portugueses\/\"},\"author\":{\"name\":\"Telinha\",\"@id\":\"https:\/\/portaltela.pt\/#\/schema\/person\/c4278d4a6028830caff9ee44b42d32ed\"},\"headline\":\"Lisboa testemunha lan\u00e7amento bem-sucedido de seis sat\u00e9lites portugueses\",\"datePublished\":\"2026-03-30T12:32:55+00:00\",\"mainEntityOfPage\":{\"@id\":\"https:\/\/portaltela.pt\/noticias\/2026\/03\/30\/lisboa-testemunha-lancamento-bem-sucedido-de-seis-satelites-portugueses\/\"},\"wordCount\":344,\"image\":{\"@id\":\"https:\/\/portaltela.pt\/noticias\/2026\/03\/30\/lisboa-testemunha-lancamento-bem-sucedido-de-seis-satelites-portugueses\/#primaryimage\"},\"thumbnailUrl\":\"https:\/\/portaltela.pt\/s.01k8rhncp4jt1\/2026\/03\/img_1500x1000uu2026-03-30-13-19-00-2275593.jpg\",\"keywords\":[\"a aeron\u00e1utica\",\"Ag\u00eancia Espacial Portuguesa\",\"For\u00e7a A\u00e9rea\",\"Lisboa\",\"Portugal\",\"sat\u00e9lites\"],\"articleSection\":[\"Tecnologia\"],\"inLanguage\":\"pt-PT\"},{\"@type\":\"WebPage\",\"@id\":\"https:\/\/portaltela.pt\/noticias\/2026\/03\/30\/lisboa-testemunha-lancamento-bem-sucedido-de-seis-satelites-portugueses\/\",\"url\":\"https:\/\/portaltela.pt\/noticias\/2026\/03\/30\/lisboa-testemunha-lancamento-bem-sucedido-de-seis-satelites-portugueses\/\",\"name\":\"Lisboa testemunha lan\u00e7amento bem-sucedido de seis sat\u00e9lites portugueses - Portal Tela Portugal\",\"isPartOf\":{\"@id\":\"https:\/\/portaltela.pt\/#website\"},\"primaryImageOfPage\":{\"@id\":\"https:\/\/portaltela.pt\/noticias\/2026\/03\/30\/lisboa-testemunha-lancamento-bem-sucedido-de-seis-satelites-portugueses\/#primaryimage\"},\"image\":{\"@id\":\"https:\/\/portaltela.pt\/noticias\/2026\/03\/30\/lisboa-testemunha-lancamento-bem-sucedido-de-seis-satelites-portugueses\/#primaryimage\"},\"thumbnailUrl\":\"https:\/\/portaltela.pt\/s.01k8rhncp4jt1\/2026\/03\/img_1500x1000uu2026-03-30-13-19-00-2275593.jpg\",\"datePublished\":\"2026-03-30T12:32:55+00:00\",\"author\":{\"@id\":\"https:\/\/portaltela.pt\/#\/schema\/person\/c4278d4a6028830caff9ee44b42d32ed\"},\"breadcrumb\":{\"@id\":\"https:\/\/portaltela.pt\/noticias\/2026\/03\/30\/lisboa-testemunha-lancamento-bem-sucedido-de-seis-satelites-portugueses\/#breadcrumb\"},\"inLanguage\":\"pt-PT\",\"potentialAction\":[{\"@type\":\"ReadAction\",\"target\":[\"https:\/\/portaltela.pt\/noticias\/2026\/03\/30\/lisboa-testemunha-lancamento-bem-sucedido-de-seis-satelites-portugueses\/\"]}]},{\"@type\":\"ImageObject\",\"inLanguage\":\"pt-PT\",\"@id\":\"https:\/\/portaltela.pt\/noticias\/2026\/03\/30\/lisboa-testemunha-lancamento-bem-sucedido-de-seis-satelites-portugueses\/#primaryimage\",\"url\":\"https:\/\/portaltela.pt\/s.01k8rhncp4jt1\/2026\/03\/img_1500x1000uu2026-03-30-13-19-00-2275593.jpg\",\"contentUrl\":\"https:\/\/portaltela.pt\/s.01k8rhncp4jt1\/2026\/03\/img_1500x1000uu2026-03-30-13-19-00-2275593.jpg\",\"width\":796,\"height\":448,\"caption\":\"Maquete do sat\u00e9lite que foi lan\u00e7ado para o espa\u00e7o\"},{\"@type\":\"BreadcrumbList\",\"@id\":\"https:\/\/portaltela.pt\/noticias\/2026\/03\/30\/lisboa-testemunha-lancamento-bem-sucedido-de-seis-satelites-portugueses\/#breadcrumb\",\"itemListElement\":[{\"@type\":\"ListItem\",\"position\":1,\"name\":\"In\u00edcio\",\"item\":\"https:\/\/portaltela.pt\/\"},{\"@type\":\"ListItem\",\"position\":2,\"name\":\"Lisboa testemunha lan\u00e7amento bem-sucedido de seis sat\u00e9lites portugueses\"}]},{\"@type\":\"WebSite\",\"@id\":\"https:\/\/portaltela.pt\/#website\",\"url\":\"https:\/\/portaltela.pt\/\",\"name\":\"Portal Tela Portugal\",\"description\":\"\",\"potentialAction\":[{\"@type\":\"SearchAction\",\"target\":{\"@type\":\"EntryPoint\",\"urlTemplate\":\"https:\/\/portaltela.pt\/?s={search_term_string}\"},\"query-input\":{\"@type\":\"PropertyValueSpecification\",\"valueRequired\":true,\"valueName\":\"search_term_string\"}}],\"inLanguage\":\"pt-PT\"},{\"@type\":\"Person\",\"@id\":\"https:\/\/portaltela.pt\/#\/schema\/person\/c4278d4a6028830caff9ee44b42d32ed\",\"name\":\"Telinha\",\"image\":{\"@type\":\"ImageObject\",\"inLanguage\":\"pt-PT\",\"@id\":\"https:\/\/portaltela.pt\/s.01k8rhncp4jt1\/2025\/11\/talking-bot-125x125.png\",\"url\":\"https:\/\/portaltela.pt\/s.01k8rhncp4jt1\/2025\/11\/talking-bot-125x125.png\",\"contentUrl\":\"https:\/\/portaltela.pt\/s.01k8rhncp4jt1\/2025\/11\/talking-bot-125x125.png\",\"caption\":\"Telinha\"},\"sameAs\":[\"https:\/\/portaltela.pt\/\"],\"url\":\"https:\/\/portaltela.pt\/por\/367410592786\/\"}]}<\/script>\n<!-- \/ Yoast SEO plugin. -->","yoast_head_json":{"title":"Lisboa testemunha lan\u00e7amento bem-sucedido de seis sat\u00e9lites portugueses - Portal Tela Portugal","robots":{"index":"index","follow":"follow","max-snippet":"max-snippet:-1","max-image-preview":"max-image-preview:large","max-video-preview":"max-video-preview:-1"},"og_locale":"pt_PT","og_type":"article","og_title":"Lisboa testemunha lan\u00e7amento bem-sucedido de seis sat\u00e9lites portugueses - Portal Tela Portugal","og_description":"Seis sat\u00e9lites portugueses foram lan\u00e7ados com sucesso da base de Vandenberg, Calif\u00f3rnia, a bordo de um foguet\u00e3o Falcon 9 da SpaceX, no \u00e2mbito da Agenda New Space Portugal. A cerim\u00f3nia de lan\u00e7amento foi transmitida em direto no Pavilh\u00e3o do Conhecimento, em Lisboa, com a atua\u00e7\u00e3o de dezenas de pessoas, iniciando \u00e0s 12h02. Quatro dos sat\u00e9lites \u2014 Cam\u00f5es, Agustina, Pessoa e Saramago \u2014 integram a constela\u00e7\u00e3o Lus\u00edada, destinada a criar um servi\u00e7o de navega\u00e7\u00e3o mar\u00edtima semelhante a um \u201cWaze dos oceanos\u201d. O lan\u00e7amento eleva a constela\u00e7\u00e3o Lus\u00edada a cinco sat\u00e9lites em \u00f3rbita; os dados devem estar dispon\u00edveis ap\u00f3s tr\u00eas meses e o servi\u00e7o ficar\u00e1 totalmente operacional em 2027, com doze sat\u00e9lites no total. Acresce a bordo da mesma miss\u00e3o mais dois sat\u00e9lites da Constela\u00e7\u00e3o do Atl\u00e2ntico, um SAR da For\u00e7a A\u00e9rea e um sat\u00e9lite \u00f3tico VHRLight NexGen, com uso civil e de defesa; a For\u00e7a A\u00e9rea planeia instalar salas limpas para fabrico de sat\u00e9lites em Alverca.","og_url":"https:\/\/portaltela.pt\/noticias\/2026\/03\/30\/lisboa-testemunha-lancamento-bem-sucedido-de-seis-satelites-portugueses\/","og_site_name":"Portal Tela Portugal","article_published_time":"2026-03-30T12:32:55+00:00","author":"Telinha","twitter_card":"summary_large_image","twitter_misc":{"Escrito por":"Telinha","Tempo estimado de leitura":"2 minutos"},"schema":{"@context":"https:\/\/schema.org","@graph":[{"@type":"Article","@id":"https:\/\/portaltela.pt\/noticias\/2026\/03\/30\/lisboa-testemunha-lancamento-bem-sucedido-de-seis-satelites-portugueses\/#article","isPartOf":{"@id":"https:\/\/portaltela.pt\/noticias\/2026\/03\/30\/lisboa-testemunha-lancamento-bem-sucedido-de-seis-satelites-portugueses\/"},"author":{"name":"Telinha","@id":"https:\/\/portaltela.pt\/#\/schema\/person\/c4278d4a6028830caff9ee44b42d32ed"},"headline":"Lisboa testemunha lan\u00e7amento bem-sucedido de seis sat\u00e9lites portugueses","datePublished":"2026-03-30T12:32:55+00:00","mainEntityOfPage":{"@id":"https:\/\/portaltela.pt\/noticias\/2026\/03\/30\/lisboa-testemunha-lancamento-bem-sucedido-de-seis-satelites-portugueses\/"},"wordCount":344,"image":{"@id":"https:\/\/portaltela.pt\/noticias\/2026\/03\/30\/lisboa-testemunha-lancamento-bem-sucedido-de-seis-satelites-portugueses\/#primaryimage"},"thumbnailUrl":"https:\/\/portaltela.pt\/s.01k8rhncp4jt1\/2026\/03\/img_1500x1000uu2026-03-30-13-19-00-2275593.jpg","keywords":["a aeron\u00e1utica","Ag\u00eancia Espacial Portuguesa","For\u00e7a A\u00e9rea","Lisboa","Portugal","sat\u00e9lites"],"articleSection":["Tecnologia"],"inLanguage":"pt-PT"},{"@type":"WebPage","@id":"https:\/\/portaltela.pt\/noticias\/2026\/03\/30\/lisboa-testemunha-lancamento-bem-sucedido-de-seis-satelites-portugueses\/","url":"https:\/\/portaltela.pt\/noticias\/2026\/03\/30\/lisboa-testemunha-lancamento-bem-sucedido-de-seis-satelites-portugueses\/","name":"Lisboa testemunha lan\u00e7amento bem-sucedido de seis sat\u00e9lites portugueses - Portal Tela Portugal","isPartOf":{"@id":"https:\/\/portaltela.pt\/#website"},"primaryImageOfPage":{"@id":"https:\/\/portaltela.pt\/noticias\/2026\/03\/30\/lisboa-testemunha-lancamento-bem-sucedido-de-seis-satelites-portugueses\/#primaryimage"},"image":{"@id":"https:\/\/portaltela.pt\/noticias\/2026\/03\/30\/lisboa-testemunha-lancamento-bem-sucedido-de-seis-satelites-portugueses\/#primaryimage"},"thumbnailUrl":"https:\/\/portaltela.pt\/s.01k8rhncp4jt1\/2026\/03\/img_1500x1000uu2026-03-30-13-19-00-2275593.jpg","datePublished":"2026-03-30T12:32:55+00:00","author":{"@id":"https:\/\/portaltela.pt\/#\/schema\/person\/c4278d4a6028830caff9ee44b42d32ed"},"breadcrumb":{"@id":"https:\/\/portaltela.pt\/noticias\/2026\/03\/30\/lisboa-testemunha-lancamento-bem-sucedido-de-seis-satelites-portugueses\/#breadcrumb"},"inLanguage":"pt-PT","potentialAction":[{"@type":"ReadAction","target":["https:\/\/portaltela.pt\/noticias\/2026\/03\/30\/lisboa-testemunha-lancamento-bem-sucedido-de-seis-satelites-portugueses\/"]}]},{"@type":"ImageObject","inLanguage":"pt-PT","@id":"https:\/\/portaltela.pt\/noticias\/2026\/03\/30\/lisboa-testemunha-lancamento-bem-sucedido-de-seis-satelites-portugueses\/#primaryimage","url":"https:\/\/portaltela.pt\/s.01k8rhncp4jt1\/2026\/03\/img_1500x1000uu2026-03-30-13-19-00-2275593.jpg","contentUrl":"https:\/\/portaltela.pt\/s.01k8rhncp4jt1\/2026\/03\/img_1500x1000uu2026-03-30-13-19-00-2275593.jpg","width":796,"height":448,"caption":"Maquete do sat\u00e9lite que foi lan\u00e7ado para o espa\u00e7o"},{"@type":"BreadcrumbList","@id":"https:\/\/portaltela.pt\/noticias\/2026\/03\/30\/lisboa-testemunha-lancamento-bem-sucedido-de-seis-satelites-portugueses\/#breadcrumb","itemListElement":[{"@type":"ListItem","position":1,"name":"In\u00edcio","item":"https:\/\/portaltela.pt\/"},{"@type":"ListItem","position":2,"name":"Lisboa testemunha lan\u00e7amento bem-sucedido de seis sat\u00e9lites portugueses"}]},{"@type":"WebSite","@id":"https:\/\/portaltela.pt\/#website","url":"https:\/\/portaltela.pt\/","name":"Portal Tela Portugal","description":"","potentialAction":[{"@type":"SearchAction","target":{"@type":"EntryPoint","urlTemplate":"https:\/\/portaltela.pt\/?s={search_term_string}"},"query-input":{"@type":"PropertyValueSpecification","valueRequired":true,"valueName":"search_term_string"}}],"inLanguage":"pt-PT"},{"@type":"Person","@id":"https:\/\/portaltela.pt\/#\/schema\/person\/c4278d4a6028830caff9ee44b42d32ed","name":"Telinha","image":{"@type":"ImageObject","inLanguage":"pt-PT","@id":"https:\/\/portaltela.pt\/s.01k8rhncp4jt1\/2025\/11\/talking-bot-125x125.png","url":"https:\/\/portaltela.pt\/s.01k8rhncp4jt1\/2025\/11\/talking-bot-125x125.png","contentUrl":"https:\/\/portaltela.pt\/s.01k8rhncp4jt1\/2025\/11\/talking-bot-125x125.png","caption":"Telinha"},"sameAs":["https:\/\/portaltela.pt\/"],"url":"https:\/\/portaltela.pt\/por\/367410592786\/"}]}},"_links":{"self":[{"href":"https:\/\/portaltela.pt\/api\/wp\/v2\/posts\/426905","targetHints":{"allow":["GET"]}}],"collection":[{"href":"https:\/\/portaltela.pt\/api\/wp\/v2\/posts"}],"about":[{"href":"https:\/\/portaltela.pt\/api\/wp\/v2\/types\/post"}],"author":[{"embeddable":true,"href":"https:\/\/portaltela.pt\/api\/wp\/v2\/users\/2"}],"replies":[{"embeddable":true,"href":"https:\/\/portaltela.pt\/api\/wp\/v2\/comments?post=426905"}],"version-history":[{"count":0,"href":"https:\/\/portaltela.pt\/api\/wp\/v2\/posts\/426905\/revisions"}],"wp:featuredmedia":[{"embeddable":true,"href":"https:\/\/portaltela.pt\/api\/wp\/v2\/media\/426906"}],"wp:attachment":[{"href":"https:\/\/portaltela.pt\/api\/wp\/v2\/media?parent=426905"}],"wp:term":[{"taxonomy":"category","embeddable":true,"href":"https:\/\/portaltela.pt\/api\/wp\/v2\/categories?post=426905"},{"taxonomy":"post_tag","embeddable":true,"href":"https:\/\/portaltela.pt\/api\/wp\/v2\/tags?post=426905"}],"curies":[{"name":"wp","href":"https:\/\/api.w.org\/{rel}","templated":true}]}}