{"id":426900,"date":"2026-03-30T09:21:00","date_gmt":"2026-03-30T12:21:00","guid":{"rendered":"https:\/\/portaltela.pt\/noticias\/2026\/03\/30\/carlao-afirma-que-a-escrita-e-sempre-terapeutica\/"},"modified":"2026-03-30T09:21:00","modified_gmt":"2026-03-30T12:21:00","slug":"carlao-afirma-que-a-escrita-e-sempre-terapeutica","status":"publish","type":"post","link":"https:\/\/portaltela.pt\/musica\/2026\/03\/30\/carlao-afirma-que-a-escrita-e-sempre-terapeutica\/","title":{"rendered":"Carl\u00e3o afirma que a escrita \u00e9 sempre terap\u00eautica"},"content":{"rendered":"<p>Carl\u00e3o lan\u00e7a o \u00e1lbum de originais Quinta-Ess\u00eancia 75\/25, uma reflex\u00e3o sobre a vida, o mundo e a maturidade. O disco chega numa altura em que o artista celebra meio s\u00e9culo de vida e carreira. A obra assume uma leitura pessoal e social, com foco na complexidade humana.<\/p>\n<p>No novo single de apresenta\u00e7\u00e3o, o m\u00fasico portugu\u00eas enfatiza a ideia de que somos v\u00e1rias coisas e que n\u00e3o vale procurar uma defini\u00e7\u00e3o \u00fanica. A can\u00e7\u00e3o serve de antevis\u00e3o ao conjunto de faixas que comp\u00f5em o \u00e1lbum.<\/p>\n<p>Carl\u00e3o aponta para uma inquietude constante nas letras, mantendo a assinatura po\u00e9tica que o caracteriza. A produ\u00e7\u00e3o e a m\u00fasica integram elementos que acompanham a evolu\u00e7\u00e3o do artista ao longo dos anos.<\/p>\n<p>O t\u00edtulo Quinta-Ess\u00eancia 75\/25 sugere uma s\u00edntese entre o essencial e o que fica a meio caminho, conforme o artista explica indirectamente a cada faixa. O \u00e1lbum aborda temas universais atrav\u00e9s de uma perspetiva madura.<\/p>\n<p>A obra surge numa altura em que o p\u00fablico acompanha uma retrospetiva da carreira de Carl\u00e3o, marcada pela reflex\u00e3o sobre o mundo, as rela\u00e7\u00f5es e as pr\u00f3prias escolhas. O lan\u00e7amento promete manter o tom anal\u00edtico presente na discografia do m\u00fasico.<\/p>\n","protected":false},"excerpt":{"rendered":"<ul>\n<li>Carl\u00e3o lan\u00e7a o \u00e1lbum de originais &#8220;Quinta-Ess\u00eancia 75\/25&#8221; aos 50 anos, com uma leitura da vida, do Mundo e da maturidade.<\/li>\n<li>O single de apresenta\u00e7\u00e3o do disco \u00e9 &#8220;Somos v\u00e1rias coisas; N\u00e3o queiras uma&#8221;, que introduz a tem\u00e1tica do registo.<\/li>\n<li>O m\u00fasico portugu\u00eas faz uma retrospetiva da vida e da carreira, destacando a natureza complexa, de misturas e contradi\u00e7\u00f5es da condi\u00e7\u00e3o humana.<\/li>\n<li>A abordagem l\u00edrica e musical do trabalho sustenta a ideia de que somos somas de experi\u00eancias e aprendizagens ao longo do tempo.<\/li>\n<li>A obra \u00e9 descrita como uma reflex\u00e3o sobre a vida e a maturidade, com foco na inquieta\u00e7\u00e3o criativa que continua presente nas letras.<\/li>\n<\/ul>\n","protected":false},"author":2,"featured_media":426902,"comment_status":"closed","ping_status":"closed","sticky":false,"template":"","format":"standard","meta":{"footnotes":""},"categories":[6676],"tags":[762,6163,235,76,122,1014],"class_list":["post-426900","post","type-post","status-publish","format-standard","has-post-thumbnail","hentry","category-musica","tag-artistas","tag-cantores","tag-carreira","tag-celebridades","tag-musica","tag-portugal"],"yoast_head":"<!-- This site is optimized with the Yoast SEO plugin v27.2 - https:\/\/yoast.com\/product\/yoast-seo-wordpress\/ -->\n<title>Carl\u00e3o afirma que a escrita \u00e9 sempre terap\u00eautica - Portal Tela Portugal<\/title>\n<meta name=\"robots\" content=\"index, follow, max-snippet:-1, max-image-preview:large, max-video-preview:-1\" \/>\n<meta property=\"og:locale\" content=\"pt_PT\" \/>\n<meta property=\"og:type\" content=\"article\" \/>\n<meta property=\"og:title\" content=\"Carl\u00e3o afirma que a escrita \u00e9 sempre terap\u00eautica - Portal Tela Portugal\" \/>\n<meta property=\"og:description\" content=\"Carl\u00e3o lan\u00e7a o \u00e1lbum de originais &quot;Quinta-Ess\u00eancia 75\/25&quot; aos 50 anos, com uma leitura da vida, do Mundo e da maturidade. O single de apresenta\u00e7\u00e3o do disco \u00e9 &quot;Somos v\u00e1rias coisas; N\u00e3o queiras uma&quot;, que introduz a tem\u00e1tica do registo. O m\u00fasico portugu\u00eas faz uma retrospetiva da vida e da carreira, destacando a natureza complexa, de misturas e contradi\u00e7\u00f5es da condi\u00e7\u00e3o humana. A abordagem l\u00edrica e musical do trabalho sustenta a ideia de que somos somas de experi\u00eancias e aprendizagens ao longo do tempo. A obra \u00e9 descrita como uma reflex\u00e3o sobre a vida e a maturidade, com foco na inquieta\u00e7\u00e3o criativa que continua presente nas letras.\" \/>\n<meta property=\"og:url\" content=\"https:\/\/portaltela.pt\/noticias\/2026\/03\/30\/carlao-afirma-que-a-escrita-e-sempre-terapeutica\/\" \/>\n<meta property=\"og:site_name\" content=\"Portal Tela Portugal\" \/>\n<meta property=\"article:published_time\" content=\"2026-03-30T12:21:00+00:00\" \/>\n<meta name=\"author\" content=\"Telinha\" \/>\n<meta name=\"twitter:card\" content=\"summary_large_image\" \/>\n<meta name=\"twitter:label1\" content=\"Escrito por\" \/>\n\t<meta name=\"twitter:data1\" content=\"Telinha\" \/>\n\t<meta name=\"twitter:label2\" content=\"Tempo estimado de leitura\" \/>\n\t<meta name=\"twitter:data2\" content=\"1 minuto\" \/>\n<script type=\"application\/ld+json\" class=\"yoast-schema-graph\">{\"@context\":\"https:\/\/schema.org\",\"@graph\":[{\"@type\":\"Article\",\"@id\":\"https:\/\/portaltela.pt\/noticias\/2026\/03\/30\/carlao-afirma-que-a-escrita-e-sempre-terapeutica\/#article\",\"isPartOf\":{\"@id\":\"https:\/\/portaltela.pt\/noticias\/2026\/03\/30\/carlao-afirma-que-a-escrita-e-sempre-terapeutica\/\"},\"author\":{\"name\":\"Telinha\",\"@id\":\"https:\/\/portaltela.pt\/#\/schema\/person\/c4278d4a6028830caff9ee44b42d32ed\"},\"headline\":\"Carl\u00e3o afirma que a escrita \u00e9 sempre terap\u00eautica\",\"datePublished\":\"2026-03-30T12:21:00+00:00\",\"mainEntityOfPage\":{\"@id\":\"https:\/\/portaltela.pt\/noticias\/2026\/03\/30\/carlao-afirma-que-a-escrita-e-sempre-terapeutica\/\"},\"wordCount\":229,\"image\":{\"@id\":\"https:\/\/portaltela.pt\/noticias\/2026\/03\/30\/carlao-afirma-que-a-escrita-e-sempre-terapeutica\/#primaryimage\"},\"thumbnailUrl\":\"https:\/\/portaltela.pt\/s.01k8rhncp4jt1\/2026\/03\/image-1798.jpg\",\"keywords\":[\"artistas\",\"cantores\",\"Carreira\",\"celebridades\",\"m\u00fasica\",\"Portugal\"],\"articleSection\":[\"M\u00fasica\"],\"inLanguage\":\"pt-PT\"},{\"@type\":\"WebPage\",\"@id\":\"https:\/\/portaltela.pt\/noticias\/2026\/03\/30\/carlao-afirma-que-a-escrita-e-sempre-terapeutica\/\",\"url\":\"https:\/\/portaltela.pt\/noticias\/2026\/03\/30\/carlao-afirma-que-a-escrita-e-sempre-terapeutica\/\",\"name\":\"Carl\u00e3o afirma que a escrita \u00e9 sempre terap\u00eautica - Portal Tela Portugal\",\"isPartOf\":{\"@id\":\"https:\/\/portaltela.pt\/#website\"},\"primaryImageOfPage\":{\"@id\":\"https:\/\/portaltela.pt\/noticias\/2026\/03\/30\/carlao-afirma-que-a-escrita-e-sempre-terapeutica\/#primaryimage\"},\"image\":{\"@id\":\"https:\/\/portaltela.pt\/noticias\/2026\/03\/30\/carlao-afirma-que-a-escrita-e-sempre-terapeutica\/#primaryimage\"},\"thumbnailUrl\":\"https:\/\/portaltela.pt\/s.01k8rhncp4jt1\/2026\/03\/image-1798.jpg\",\"datePublished\":\"2026-03-30T12:21:00+00:00\",\"author\":{\"@id\":\"https:\/\/portaltela.pt\/#\/schema\/person\/c4278d4a6028830caff9ee44b42d32ed\"},\"breadcrumb\":{\"@id\":\"https:\/\/portaltela.pt\/noticias\/2026\/03\/30\/carlao-afirma-que-a-escrita-e-sempre-terapeutica\/#breadcrumb\"},\"inLanguage\":\"pt-PT\",\"potentialAction\":[{\"@type\":\"ReadAction\",\"target\":[\"https:\/\/portaltela.pt\/noticias\/2026\/03\/30\/carlao-afirma-que-a-escrita-e-sempre-terapeutica\/\"]}]},{\"@type\":\"ImageObject\",\"inLanguage\":\"pt-PT\",\"@id\":\"https:\/\/portaltela.pt\/noticias\/2026\/03\/30\/carlao-afirma-que-a-escrita-e-sempre-terapeutica\/#primaryimage\",\"url\":\"https:\/\/portaltela.pt\/s.01k8rhncp4jt1\/2026\/03\/image-1798.jpg\",\"contentUrl\":\"https:\/\/portaltela.pt\/s.01k8rhncp4jt1\/2026\/03\/image-1798.jpg\",\"width\":796,\"height\":448,\"caption\":\"Carl\u00e3o diz n\u00e3o ter perdido a inquieta\u00e7\u00e3o nas letras que escreve\"},{\"@type\":\"BreadcrumbList\",\"@id\":\"https:\/\/portaltela.pt\/noticias\/2026\/03\/30\/carlao-afirma-que-a-escrita-e-sempre-terapeutica\/#breadcrumb\",\"itemListElement\":[{\"@type\":\"ListItem\",\"position\":1,\"name\":\"In\u00edcio\",\"item\":\"https:\/\/portaltela.pt\/\"},{\"@type\":\"ListItem\",\"position\":2,\"name\":\"Carl\u00e3o afirma que a escrita \u00e9 sempre terap\u00eautica\"}]},{\"@type\":\"WebSite\",\"@id\":\"https:\/\/portaltela.pt\/#website\",\"url\":\"https:\/\/portaltela.pt\/\",\"name\":\"Portal Tela Portugal\",\"description\":\"\",\"potentialAction\":[{\"@type\":\"SearchAction\",\"target\":{\"@type\":\"EntryPoint\",\"urlTemplate\":\"https:\/\/portaltela.pt\/?s={search_term_string}\"},\"query-input\":{\"@type\":\"PropertyValueSpecification\",\"valueRequired\":true,\"valueName\":\"search_term_string\"}}],\"inLanguage\":\"pt-PT\"},{\"@type\":\"Person\",\"@id\":\"https:\/\/portaltela.pt\/#\/schema\/person\/c4278d4a6028830caff9ee44b42d32ed\",\"name\":\"Telinha\",\"image\":{\"@type\":\"ImageObject\",\"inLanguage\":\"pt-PT\",\"@id\":\"https:\/\/portaltela.pt\/s.01k8rhncp4jt1\/2025\/11\/talking-bot-125x125.png\",\"url\":\"https:\/\/portaltela.pt\/s.01k8rhncp4jt1\/2025\/11\/talking-bot-125x125.png\",\"contentUrl\":\"https:\/\/portaltela.pt\/s.01k8rhncp4jt1\/2025\/11\/talking-bot-125x125.png\",\"caption\":\"Telinha\"},\"sameAs\":[\"https:\/\/portaltela.pt\/\"],\"url\":\"https:\/\/portaltela.pt\/por\/367410592786\/\"}]}<\/script>\n<!-- \/ Yoast SEO plugin. -->","yoast_head_json":{"title":"Carl\u00e3o afirma que a escrita \u00e9 sempre terap\u00eautica - Portal Tela Portugal","robots":{"index":"index","follow":"follow","max-snippet":"max-snippet:-1","max-image-preview":"max-image-preview:large","max-video-preview":"max-video-preview:-1"},"og_locale":"pt_PT","og_type":"article","og_title":"Carl\u00e3o afirma que a escrita \u00e9 sempre terap\u00eautica - Portal Tela Portugal","og_description":"Carl\u00e3o lan\u00e7a o \u00e1lbum de originais \"Quinta-Ess\u00eancia 75\/25\" aos 50 anos, com uma leitura da vida, do Mundo e da maturidade. O single de apresenta\u00e7\u00e3o do disco \u00e9 \"Somos v\u00e1rias coisas; N\u00e3o queiras uma\", que introduz a tem\u00e1tica do registo. O m\u00fasico portugu\u00eas faz uma retrospetiva da vida e da carreira, destacando a natureza complexa, de misturas e contradi\u00e7\u00f5es da condi\u00e7\u00e3o humana. A abordagem l\u00edrica e musical do trabalho sustenta a ideia de que somos somas de experi\u00eancias e aprendizagens ao longo do tempo. A obra \u00e9 descrita como uma reflex\u00e3o sobre a vida e a maturidade, com foco na inquieta\u00e7\u00e3o criativa que continua presente nas letras.","og_url":"https:\/\/portaltela.pt\/noticias\/2026\/03\/30\/carlao-afirma-que-a-escrita-e-sempre-terapeutica\/","og_site_name":"Portal Tela Portugal","article_published_time":"2026-03-30T12:21:00+00:00","author":"Telinha","twitter_card":"summary_large_image","twitter_misc":{"Escrito por":"Telinha","Tempo estimado de leitura":"1 minuto"},"schema":{"@context":"https:\/\/schema.org","@graph":[{"@type":"Article","@id":"https:\/\/portaltela.pt\/noticias\/2026\/03\/30\/carlao-afirma-que-a-escrita-e-sempre-terapeutica\/#article","isPartOf":{"@id":"https:\/\/portaltela.pt\/noticias\/2026\/03\/30\/carlao-afirma-que-a-escrita-e-sempre-terapeutica\/"},"author":{"name":"Telinha","@id":"https:\/\/portaltela.pt\/#\/schema\/person\/c4278d4a6028830caff9ee44b42d32ed"},"headline":"Carl\u00e3o afirma que a escrita \u00e9 sempre terap\u00eautica","datePublished":"2026-03-30T12:21:00+00:00","mainEntityOfPage":{"@id":"https:\/\/portaltela.pt\/noticias\/2026\/03\/30\/carlao-afirma-que-a-escrita-e-sempre-terapeutica\/"},"wordCount":229,"image":{"@id":"https:\/\/portaltela.pt\/noticias\/2026\/03\/30\/carlao-afirma-que-a-escrita-e-sempre-terapeutica\/#primaryimage"},"thumbnailUrl":"https:\/\/portaltela.pt\/s.01k8rhncp4jt1\/2026\/03\/image-1798.jpg","keywords":["artistas","cantores","Carreira","celebridades","m\u00fasica","Portugal"],"articleSection":["M\u00fasica"],"inLanguage":"pt-PT"},{"@type":"WebPage","@id":"https:\/\/portaltela.pt\/noticias\/2026\/03\/30\/carlao-afirma-que-a-escrita-e-sempre-terapeutica\/","url":"https:\/\/portaltela.pt\/noticias\/2026\/03\/30\/carlao-afirma-que-a-escrita-e-sempre-terapeutica\/","name":"Carl\u00e3o afirma que a escrita \u00e9 sempre terap\u00eautica - Portal Tela Portugal","isPartOf":{"@id":"https:\/\/portaltela.pt\/#website"},"primaryImageOfPage":{"@id":"https:\/\/portaltela.pt\/noticias\/2026\/03\/30\/carlao-afirma-que-a-escrita-e-sempre-terapeutica\/#primaryimage"},"image":{"@id":"https:\/\/portaltela.pt\/noticias\/2026\/03\/30\/carlao-afirma-que-a-escrita-e-sempre-terapeutica\/#primaryimage"},"thumbnailUrl":"https:\/\/portaltela.pt\/s.01k8rhncp4jt1\/2026\/03\/image-1798.jpg","datePublished":"2026-03-30T12:21:00+00:00","author":{"@id":"https:\/\/portaltela.pt\/#\/schema\/person\/c4278d4a6028830caff9ee44b42d32ed"},"breadcrumb":{"@id":"https:\/\/portaltela.pt\/noticias\/2026\/03\/30\/carlao-afirma-que-a-escrita-e-sempre-terapeutica\/#breadcrumb"},"inLanguage":"pt-PT","potentialAction":[{"@type":"ReadAction","target":["https:\/\/portaltela.pt\/noticias\/2026\/03\/30\/carlao-afirma-que-a-escrita-e-sempre-terapeutica\/"]}]},{"@type":"ImageObject","inLanguage":"pt-PT","@id":"https:\/\/portaltela.pt\/noticias\/2026\/03\/30\/carlao-afirma-que-a-escrita-e-sempre-terapeutica\/#primaryimage","url":"https:\/\/portaltela.pt\/s.01k8rhncp4jt1\/2026\/03\/image-1798.jpg","contentUrl":"https:\/\/portaltela.pt\/s.01k8rhncp4jt1\/2026\/03\/image-1798.jpg","width":796,"height":448,"caption":"Carl\u00e3o diz n\u00e3o ter perdido a inquieta\u00e7\u00e3o nas letras que escreve"},{"@type":"BreadcrumbList","@id":"https:\/\/portaltela.pt\/noticias\/2026\/03\/30\/carlao-afirma-que-a-escrita-e-sempre-terapeutica\/#breadcrumb","itemListElement":[{"@type":"ListItem","position":1,"name":"In\u00edcio","item":"https:\/\/portaltela.pt\/"},{"@type":"ListItem","position":2,"name":"Carl\u00e3o afirma que a escrita \u00e9 sempre terap\u00eautica"}]},{"@type":"WebSite","@id":"https:\/\/portaltela.pt\/#website","url":"https:\/\/portaltela.pt\/","name":"Portal Tela Portugal","description":"","potentialAction":[{"@type":"SearchAction","target":{"@type":"EntryPoint","urlTemplate":"https:\/\/portaltela.pt\/?s={search_term_string}"},"query-input":{"@type":"PropertyValueSpecification","valueRequired":true,"valueName":"search_term_string"}}],"inLanguage":"pt-PT"},{"@type":"Person","@id":"https:\/\/portaltela.pt\/#\/schema\/person\/c4278d4a6028830caff9ee44b42d32ed","name":"Telinha","image":{"@type":"ImageObject","inLanguage":"pt-PT","@id":"https:\/\/portaltela.pt\/s.01k8rhncp4jt1\/2025\/11\/talking-bot-125x125.png","url":"https:\/\/portaltela.pt\/s.01k8rhncp4jt1\/2025\/11\/talking-bot-125x125.png","contentUrl":"https:\/\/portaltela.pt\/s.01k8rhncp4jt1\/2025\/11\/talking-bot-125x125.png","caption":"Telinha"},"sameAs":["https:\/\/portaltela.pt\/"],"url":"https:\/\/portaltela.pt\/por\/367410592786\/"}]}},"_links":{"self":[{"href":"https:\/\/portaltela.pt\/api\/wp\/v2\/posts\/426900","targetHints":{"allow":["GET"]}}],"collection":[{"href":"https:\/\/portaltela.pt\/api\/wp\/v2\/posts"}],"about":[{"href":"https:\/\/portaltela.pt\/api\/wp\/v2\/types\/post"}],"author":[{"embeddable":true,"href":"https:\/\/portaltela.pt\/api\/wp\/v2\/users\/2"}],"replies":[{"embeddable":true,"href":"https:\/\/portaltela.pt\/api\/wp\/v2\/comments?post=426900"}],"version-history":[{"count":0,"href":"https:\/\/portaltela.pt\/api\/wp\/v2\/posts\/426900\/revisions"}],"wp:featuredmedia":[{"embeddable":true,"href":"https:\/\/portaltela.pt\/api\/wp\/v2\/media\/426902"}],"wp:attachment":[{"href":"https:\/\/portaltela.pt\/api\/wp\/v2\/media?parent=426900"}],"wp:term":[{"taxonomy":"category","embeddable":true,"href":"https:\/\/portaltela.pt\/api\/wp\/v2\/categories?post=426900"},{"taxonomy":"post_tag","embeddable":true,"href":"https:\/\/portaltela.pt\/api\/wp\/v2\/tags?post=426900"}],"curies":[{"name":"wp","href":"https:\/\/api.w.org\/{rel}","templated":true}]}}