{"id":426897,"date":"2026-03-30T09:32:24","date_gmt":"2026-03-30T12:32:24","guid":{"rendered":"https:\/\/portaltela.pt\/noticias\/2026\/03\/30\/trabalhadores-da-radio-publica-protestam-contra-mudanca-de-identidade\/"},"modified":"2026-03-30T09:32:24","modified_gmt":"2026-03-30T12:32:24","slug":"trabalhadores-da-radio-publica-protestam-contra-mudanca-de-identidade","status":"publish","type":"post","link":"https:\/\/portaltela.pt\/noticias\/politica\/2026\/03\/30\/trabalhadores-da-radio-publica-protestam-contra-mudanca-de-identidade\/","title":{"rendered":"Trabalhadores da r\u00e1dio p\u00fablica protestam contra mudan\u00e7a de identidade"},"content":{"rendered":"<p>Cerca de uma centena de trabalhadores da r\u00e1dio p\u00fablica manifestaram-se hoje em frente \u00e0s instala\u00e7\u00f5es da RTP, em Lisboa, contra a mudan\u00e7a de identidade das r\u00e1dios. O protesto surge no \u00e2mbito de uma altera\u00e7\u00e3o de marcas da r\u00e1dio p\u00fablica, que passa a privilegiar a marca \u00fanica RTP.<\/p>\n<p>A partir de hoje, Antena 1, Antena 2 e Antena 3 perdem os t\u00edtulos de refer\u00eancia, passando a ser apresentadas apenas sob a marca RTP. O objetivo \u00e9 unificar a identidade visual de todas as esta\u00e7\u00f5es da r\u00e1dio p\u00fablica.<\/p>\n<p>Ana Isabel Costa, representante do Conselho de Reda\u00e7\u00e3o, explicou que a medida desperta receios sobre a preserva\u00e7\u00e3o da identidade das r\u00e1dios. A mudan\u00e7a nos microfones foi descrita como mais do que um pormenor, pois afecta a forma como a r\u00e1dio se apresenta ao p\u00fablico.<\/p>\n<p>Os jornalistas justificaram que as altera\u00e7\u00f5es podem esvaziar as marcas hist\u00f3ricas, reduzir a autonomia das reda\u00e7\u00f5es e prejudicar a perce\u00e7\u00e3o p\u00fablica do servi\u00e7o. A mobiliza\u00e7\u00e3o ocorreu ap\u00f3s o processo ter sido, segundo o Conselho de Reda\u00e7\u00e3o, apresentado sem negocia\u00e7\u00e3o pr\u00e9via.<\/p>\n<p>No dia 18 de mar\u00e7o, a plen\u00e1ria dos jornalistas da RTP recusou a uniformiza\u00e7\u00e3o das marcas, alertando para a fragiliza\u00e7\u00e3o da informa\u00e7\u00e3o do servi\u00e7o p\u00fablico. Pediram a suspens\u00e3o do processo em curso, mantendo o foco na gest\u00e3o informativa.<\/p>\n<p>Os profissionais enfatizaram ainda que n\u00e3o foram inclu\u00eddos nas altera\u00e7\u00f5es anunciadas para entrarem em vigor hoje, rejeitando mudan\u00e7as que n\u00e3o foram discutidas previamente. Mant\u00eam o compromisso com as marcas hist\u00f3ricas associadas ao grupo.<\/p>\n<p>Entre as marcas que integram o universo da RTP, destacam-se Antena 1, Antena 2, Antena 3, assim como RDP \u00c1frica, RDP Internacional, Antena 1 A\u00e7ores, Antena 1 Madeira e Antena 3 Madeira, al\u00e9m de RTP 1, RTP 2, RTP Not\u00edcias e outras emissoras regionais.<\/p>\n","protected":false},"excerpt":{"rendered":"<ul>\n<li>Cerca de uma centena de trabalhadores da r\u00e1dio p\u00fablica protestaram hoje em frente \u00e0s instala\u00e7\u00f5es da RTP, em Lisboa, contra a mudan\u00e7a de identidade das r\u00e1dios.<\/li>\n<li>A partir de hoje, Antena 1, Antena 2 e Antena 3 passam a ter a marca RTP como identifica\u00e7\u00e3o principal, em detrimento dos t\u00edtulos hist\u00f3ricos.<\/li>\n<li>Ana Isabel Costa, do Conselho de Reda\u00e7\u00e3o da R\u00e1dio, afirmou que a mudan\u00e7a coloca em causa a identidade da r\u00e1dio p\u00fablica.<\/li>\n<li>Os jornalistas dizem que as altera\u00e7\u00f5es causam esvaziamento das marcas hist\u00f3ricas, perda de autonomia das reda\u00e7\u00f5es e preju\u00edzo para cidad\u00e3os e democracia.<\/li>\n<li>No dia 18 de mar\u00e7o, os jornalistas da RTP rejeitaram a uniformiza\u00e7\u00e3o das marcas e pediram a suspens\u00e3o do processo, alegando terem sido exclu\u00eddos das mudan\u00e7as.<\/li>\n<\/ul>\n","protected":false},"author":2,"featured_media":426901,"comment_status":"closed","ping_status":"closed","sticky":false,"template":"","format":"standard","meta":{"footnotes":""},"categories":[1,5],"tags":[5326,195,5563,7221,6185,5196],"class_list":["post-426897","post","type-post","status-publish","format-standard","has-post-thumbnail","hentry","category-noticias","category-politica","tag-comunicacao-social","tag-informacao","tag-informacao-publica","tag-noticias","tag-rtp-noticias","tag-servico-publico"],"yoast_head":"<!-- This site is optimized with the Yoast SEO plugin v27.2 - https:\/\/yoast.com\/product\/yoast-seo-wordpress\/ -->\n<title>Trabalhadores da r\u00e1dio p\u00fablica protestam contra mudan\u00e7a de identidade - Portal Tela Portugal<\/title>\n<meta name=\"robots\" content=\"index, follow, max-snippet:-1, max-image-preview:large, max-video-preview:-1\" \/>\n<meta property=\"og:locale\" content=\"pt_PT\" \/>\n<meta property=\"og:type\" content=\"article\" \/>\n<meta property=\"og:title\" content=\"Trabalhadores da r\u00e1dio p\u00fablica protestam contra mudan\u00e7a de identidade - Portal Tela Portugal\" \/>\n<meta property=\"og:description\" content=\"Cerca de uma centena de trabalhadores da r\u00e1dio p\u00fablica protestaram hoje em frente \u00e0s instala\u00e7\u00f5es da RTP, em Lisboa, contra a mudan\u00e7a de identidade das r\u00e1dios. A partir de hoje, Antena 1, Antena 2 e Antena 3 passam a ter a marca RTP como identifica\u00e7\u00e3o principal, em detrimento dos t\u00edtulos hist\u00f3ricos. Ana Isabel Costa, do Conselho de Reda\u00e7\u00e3o da R\u00e1dio, afirmou que a mudan\u00e7a coloca em causa a identidade da r\u00e1dio p\u00fablica. Os jornalistas dizem que as altera\u00e7\u00f5es causam esvaziamento das marcas hist\u00f3ricas, perda de autonomia das reda\u00e7\u00f5es e preju\u00edzo para cidad\u00e3os e democracia. No dia 18 de mar\u00e7o, os jornalistas da RTP rejeitaram a uniformiza\u00e7\u00e3o das marcas e pediram a suspens\u00e3o do processo, alegando terem sido exclu\u00eddos das mudan\u00e7as.\" \/>\n<meta property=\"og:url\" content=\"https:\/\/portaltela.pt\/noticias\/2026\/03\/30\/trabalhadores-da-radio-publica-protestam-contra-mudanca-de-identidade\/\" \/>\n<meta property=\"og:site_name\" content=\"Portal Tela Portugal\" \/>\n<meta property=\"article:published_time\" content=\"2026-03-30T12:32:24+00:00\" \/>\n<meta name=\"author\" content=\"Telinha\" \/>\n<meta name=\"twitter:card\" content=\"summary_large_image\" \/>\n<meta name=\"twitter:label1\" content=\"Escrito por\" \/>\n\t<meta name=\"twitter:data1\" content=\"Telinha\" \/>\n\t<meta name=\"twitter:label2\" content=\"Tempo estimado de leitura\" \/>\n\t<meta name=\"twitter:data2\" content=\"2 minutos\" \/>\n<script type=\"application\/ld+json\" class=\"yoast-schema-graph\">{\"@context\":\"https:\/\/schema.org\",\"@graph\":[{\"@type\":\"Article\",\"@id\":\"https:\/\/portaltela.pt\/noticias\/2026\/03\/30\/trabalhadores-da-radio-publica-protestam-contra-mudanca-de-identidade\/#article\",\"isPartOf\":{\"@id\":\"https:\/\/portaltela.pt\/noticias\/2026\/03\/30\/trabalhadores-da-radio-publica-protestam-contra-mudanca-de-identidade\/\"},\"author\":{\"name\":\"Telinha\",\"@id\":\"https:\/\/portaltela.pt\/#\/schema\/person\/c4278d4a6028830caff9ee44b42d32ed\"},\"headline\":\"Trabalhadores da r\u00e1dio p\u00fablica protestam contra mudan\u00e7a de identidade\",\"datePublished\":\"2026-03-30T12:32:24+00:00\",\"mainEntityOfPage\":{\"@id\":\"https:\/\/portaltela.pt\/noticias\/2026\/03\/30\/trabalhadores-da-radio-publica-protestam-contra-mudanca-de-identidade\/\"},\"wordCount\":333,\"image\":{\"@id\":\"https:\/\/portaltela.pt\/noticias\/2026\/03\/30\/trabalhadores-da-radio-publica-protestam-contra-mudanca-de-identidade\/#primaryimage\"},\"thumbnailUrl\":\"https:\/\/portaltela.pt\/s.01k8rhncp4jt1\/2026\/03\/image-1797.jpg\",\"keywords\":[\"comunica\u00e7\u00e3o social\",\"informa\u00e7\u00e3o\",\"informa\u00e7\u00e3o p\u00fablica\",\"not\u00edcias\",\"RTP Not\u00edcias\",\"servi\u00e7o p\u00fablico\"],\"articleSection\":[\"Not\u00edcias\",\"Pol\u00edtica\"],\"inLanguage\":\"pt-PT\"},{\"@type\":\"WebPage\",\"@id\":\"https:\/\/portaltela.pt\/noticias\/2026\/03\/30\/trabalhadores-da-radio-publica-protestam-contra-mudanca-de-identidade\/\",\"url\":\"https:\/\/portaltela.pt\/noticias\/2026\/03\/30\/trabalhadores-da-radio-publica-protestam-contra-mudanca-de-identidade\/\",\"name\":\"Trabalhadores da r\u00e1dio p\u00fablica protestam contra mudan\u00e7a de identidade - Portal Tela Portugal\",\"isPartOf\":{\"@id\":\"https:\/\/portaltela.pt\/#website\"},\"primaryImageOfPage\":{\"@id\":\"https:\/\/portaltela.pt\/noticias\/2026\/03\/30\/trabalhadores-da-radio-publica-protestam-contra-mudanca-de-identidade\/#primaryimage\"},\"image\":{\"@id\":\"https:\/\/portaltela.pt\/noticias\/2026\/03\/30\/trabalhadores-da-radio-publica-protestam-contra-mudanca-de-identidade\/#primaryimage\"},\"thumbnailUrl\":\"https:\/\/portaltela.pt\/s.01k8rhncp4jt1\/2026\/03\/image-1797.jpg\",\"datePublished\":\"2026-03-30T12:32:24+00:00\",\"author\":{\"@id\":\"https:\/\/portaltela.pt\/#\/schema\/person\/c4278d4a6028830caff9ee44b42d32ed\"},\"breadcrumb\":{\"@id\":\"https:\/\/portaltela.pt\/noticias\/2026\/03\/30\/trabalhadores-da-radio-publica-protestam-contra-mudanca-de-identidade\/#breadcrumb\"},\"inLanguage\":\"pt-PT\",\"potentialAction\":[{\"@type\":\"ReadAction\",\"target\":[\"https:\/\/portaltela.pt\/noticias\/2026\/03\/30\/trabalhadores-da-radio-publica-protestam-contra-mudanca-de-identidade\/\"]}]},{\"@type\":\"ImageObject\",\"inLanguage\":\"pt-PT\",\"@id\":\"https:\/\/portaltela.pt\/noticias\/2026\/03\/30\/trabalhadores-da-radio-publica-protestam-contra-mudanca-de-identidade\/#primaryimage\",\"url\":\"https:\/\/portaltela.pt\/s.01k8rhncp4jt1\/2026\/03\/image-1797.jpg\",\"contentUrl\":\"https:\/\/portaltela.pt\/s.01k8rhncp4jt1\/2026\/03\/image-1797.jpg\",\"width\":796,\"height\":448,\"caption\":\"Trabalhadores em protesto \u00e0 porta da RTP\"},{\"@type\":\"BreadcrumbList\",\"@id\":\"https:\/\/portaltela.pt\/noticias\/2026\/03\/30\/trabalhadores-da-radio-publica-protestam-contra-mudanca-de-identidade\/#breadcrumb\",\"itemListElement\":[{\"@type\":\"ListItem\",\"position\":1,\"name\":\"In\u00edcio\",\"item\":\"https:\/\/portaltela.pt\/\"},{\"@type\":\"ListItem\",\"position\":2,\"name\":\"Trabalhadores da r\u00e1dio p\u00fablica protestam contra mudan\u00e7a de identidade\"}]},{\"@type\":\"WebSite\",\"@id\":\"https:\/\/portaltela.pt\/#website\",\"url\":\"https:\/\/portaltela.pt\/\",\"name\":\"Portal Tela Portugal\",\"description\":\"\",\"potentialAction\":[{\"@type\":\"SearchAction\",\"target\":{\"@type\":\"EntryPoint\",\"urlTemplate\":\"https:\/\/portaltela.pt\/?s={search_term_string}\"},\"query-input\":{\"@type\":\"PropertyValueSpecification\",\"valueRequired\":true,\"valueName\":\"search_term_string\"}}],\"inLanguage\":\"pt-PT\"},{\"@type\":\"Person\",\"@id\":\"https:\/\/portaltela.pt\/#\/schema\/person\/c4278d4a6028830caff9ee44b42d32ed\",\"name\":\"Telinha\",\"image\":{\"@type\":\"ImageObject\",\"inLanguage\":\"pt-PT\",\"@id\":\"https:\/\/portaltela.pt\/s.01k8rhncp4jt1\/2025\/11\/talking-bot-125x125.png\",\"url\":\"https:\/\/portaltela.pt\/s.01k8rhncp4jt1\/2025\/11\/talking-bot-125x125.png\",\"contentUrl\":\"https:\/\/portaltela.pt\/s.01k8rhncp4jt1\/2025\/11\/talking-bot-125x125.png\",\"caption\":\"Telinha\"},\"sameAs\":[\"https:\/\/portaltela.pt\/\"],\"url\":\"https:\/\/portaltela.pt\/por\/367410592786\/\"}]}<\/script>\n<!-- \/ Yoast SEO plugin. -->","yoast_head_json":{"title":"Trabalhadores da r\u00e1dio p\u00fablica protestam contra mudan\u00e7a de identidade - Portal Tela Portugal","robots":{"index":"index","follow":"follow","max-snippet":"max-snippet:-1","max-image-preview":"max-image-preview:large","max-video-preview":"max-video-preview:-1"},"og_locale":"pt_PT","og_type":"article","og_title":"Trabalhadores da r\u00e1dio p\u00fablica protestam contra mudan\u00e7a de identidade - Portal Tela Portugal","og_description":"Cerca de uma centena de trabalhadores da r\u00e1dio p\u00fablica protestaram hoje em frente \u00e0s instala\u00e7\u00f5es da RTP, em Lisboa, contra a mudan\u00e7a de identidade das r\u00e1dios. A partir de hoje, Antena 1, Antena 2 e Antena 3 passam a ter a marca RTP como identifica\u00e7\u00e3o principal, em detrimento dos t\u00edtulos hist\u00f3ricos. Ana Isabel Costa, do Conselho de Reda\u00e7\u00e3o da R\u00e1dio, afirmou que a mudan\u00e7a coloca em causa a identidade da r\u00e1dio p\u00fablica. Os jornalistas dizem que as altera\u00e7\u00f5es causam esvaziamento das marcas hist\u00f3ricas, perda de autonomia das reda\u00e7\u00f5es e preju\u00edzo para cidad\u00e3os e democracia. No dia 18 de mar\u00e7o, os jornalistas da RTP rejeitaram a uniformiza\u00e7\u00e3o das marcas e pediram a suspens\u00e3o do processo, alegando terem sido exclu\u00eddos das mudan\u00e7as.","og_url":"https:\/\/portaltela.pt\/noticias\/2026\/03\/30\/trabalhadores-da-radio-publica-protestam-contra-mudanca-de-identidade\/","og_site_name":"Portal Tela Portugal","article_published_time":"2026-03-30T12:32:24+00:00","author":"Telinha","twitter_card":"summary_large_image","twitter_misc":{"Escrito por":"Telinha","Tempo estimado de leitura":"2 minutos"},"schema":{"@context":"https:\/\/schema.org","@graph":[{"@type":"Article","@id":"https:\/\/portaltela.pt\/noticias\/2026\/03\/30\/trabalhadores-da-radio-publica-protestam-contra-mudanca-de-identidade\/#article","isPartOf":{"@id":"https:\/\/portaltela.pt\/noticias\/2026\/03\/30\/trabalhadores-da-radio-publica-protestam-contra-mudanca-de-identidade\/"},"author":{"name":"Telinha","@id":"https:\/\/portaltela.pt\/#\/schema\/person\/c4278d4a6028830caff9ee44b42d32ed"},"headline":"Trabalhadores da r\u00e1dio p\u00fablica protestam contra mudan\u00e7a de identidade","datePublished":"2026-03-30T12:32:24+00:00","mainEntityOfPage":{"@id":"https:\/\/portaltela.pt\/noticias\/2026\/03\/30\/trabalhadores-da-radio-publica-protestam-contra-mudanca-de-identidade\/"},"wordCount":333,"image":{"@id":"https:\/\/portaltela.pt\/noticias\/2026\/03\/30\/trabalhadores-da-radio-publica-protestam-contra-mudanca-de-identidade\/#primaryimage"},"thumbnailUrl":"https:\/\/portaltela.pt\/s.01k8rhncp4jt1\/2026\/03\/image-1797.jpg","keywords":["comunica\u00e7\u00e3o social","informa\u00e7\u00e3o","informa\u00e7\u00e3o p\u00fablica","not\u00edcias","RTP Not\u00edcias","servi\u00e7o p\u00fablico"],"articleSection":["Not\u00edcias","Pol\u00edtica"],"inLanguage":"pt-PT"},{"@type":"WebPage","@id":"https:\/\/portaltela.pt\/noticias\/2026\/03\/30\/trabalhadores-da-radio-publica-protestam-contra-mudanca-de-identidade\/","url":"https:\/\/portaltela.pt\/noticias\/2026\/03\/30\/trabalhadores-da-radio-publica-protestam-contra-mudanca-de-identidade\/","name":"Trabalhadores da r\u00e1dio p\u00fablica protestam contra mudan\u00e7a de identidade - Portal Tela Portugal","isPartOf":{"@id":"https:\/\/portaltela.pt\/#website"},"primaryImageOfPage":{"@id":"https:\/\/portaltela.pt\/noticias\/2026\/03\/30\/trabalhadores-da-radio-publica-protestam-contra-mudanca-de-identidade\/#primaryimage"},"image":{"@id":"https:\/\/portaltela.pt\/noticias\/2026\/03\/30\/trabalhadores-da-radio-publica-protestam-contra-mudanca-de-identidade\/#primaryimage"},"thumbnailUrl":"https:\/\/portaltela.pt\/s.01k8rhncp4jt1\/2026\/03\/image-1797.jpg","datePublished":"2026-03-30T12:32:24+00:00","author":{"@id":"https:\/\/portaltela.pt\/#\/schema\/person\/c4278d4a6028830caff9ee44b42d32ed"},"breadcrumb":{"@id":"https:\/\/portaltela.pt\/noticias\/2026\/03\/30\/trabalhadores-da-radio-publica-protestam-contra-mudanca-de-identidade\/#breadcrumb"},"inLanguage":"pt-PT","potentialAction":[{"@type":"ReadAction","target":["https:\/\/portaltela.pt\/noticias\/2026\/03\/30\/trabalhadores-da-radio-publica-protestam-contra-mudanca-de-identidade\/"]}]},{"@type":"ImageObject","inLanguage":"pt-PT","@id":"https:\/\/portaltela.pt\/noticias\/2026\/03\/30\/trabalhadores-da-radio-publica-protestam-contra-mudanca-de-identidade\/#primaryimage","url":"https:\/\/portaltela.pt\/s.01k8rhncp4jt1\/2026\/03\/image-1797.jpg","contentUrl":"https:\/\/portaltela.pt\/s.01k8rhncp4jt1\/2026\/03\/image-1797.jpg","width":796,"height":448,"caption":"Trabalhadores em protesto \u00e0 porta da RTP"},{"@type":"BreadcrumbList","@id":"https:\/\/portaltela.pt\/noticias\/2026\/03\/30\/trabalhadores-da-radio-publica-protestam-contra-mudanca-de-identidade\/#breadcrumb","itemListElement":[{"@type":"ListItem","position":1,"name":"In\u00edcio","item":"https:\/\/portaltela.pt\/"},{"@type":"ListItem","position":2,"name":"Trabalhadores da r\u00e1dio p\u00fablica protestam contra mudan\u00e7a de identidade"}]},{"@type":"WebSite","@id":"https:\/\/portaltela.pt\/#website","url":"https:\/\/portaltela.pt\/","name":"Portal Tela Portugal","description":"","potentialAction":[{"@type":"SearchAction","target":{"@type":"EntryPoint","urlTemplate":"https:\/\/portaltela.pt\/?s={search_term_string}"},"query-input":{"@type":"PropertyValueSpecification","valueRequired":true,"valueName":"search_term_string"}}],"inLanguage":"pt-PT"},{"@type":"Person","@id":"https:\/\/portaltela.pt\/#\/schema\/person\/c4278d4a6028830caff9ee44b42d32ed","name":"Telinha","image":{"@type":"ImageObject","inLanguage":"pt-PT","@id":"https:\/\/portaltela.pt\/s.01k8rhncp4jt1\/2025\/11\/talking-bot-125x125.png","url":"https:\/\/portaltela.pt\/s.01k8rhncp4jt1\/2025\/11\/talking-bot-125x125.png","contentUrl":"https:\/\/portaltela.pt\/s.01k8rhncp4jt1\/2025\/11\/talking-bot-125x125.png","caption":"Telinha"},"sameAs":["https:\/\/portaltela.pt\/"],"url":"https:\/\/portaltela.pt\/por\/367410592786\/"}]}},"_links":{"self":[{"href":"https:\/\/portaltela.pt\/api\/wp\/v2\/posts\/426897","targetHints":{"allow":["GET"]}}],"collection":[{"href":"https:\/\/portaltela.pt\/api\/wp\/v2\/posts"}],"about":[{"href":"https:\/\/portaltela.pt\/api\/wp\/v2\/types\/post"}],"author":[{"embeddable":true,"href":"https:\/\/portaltela.pt\/api\/wp\/v2\/users\/2"}],"replies":[{"embeddable":true,"href":"https:\/\/portaltela.pt\/api\/wp\/v2\/comments?post=426897"}],"version-history":[{"count":0,"href":"https:\/\/portaltela.pt\/api\/wp\/v2\/posts\/426897\/revisions"}],"wp:featuredmedia":[{"embeddable":true,"href":"https:\/\/portaltela.pt\/api\/wp\/v2\/media\/426901"}],"wp:attachment":[{"href":"https:\/\/portaltela.pt\/api\/wp\/v2\/media?parent=426897"}],"wp:term":[{"taxonomy":"category","embeddable":true,"href":"https:\/\/portaltela.pt\/api\/wp\/v2\/categories?post=426897"},{"taxonomy":"post_tag","embeddable":true,"href":"https:\/\/portaltela.pt\/api\/wp\/v2\/tags?post=426897"}],"curies":[{"name":"wp","href":"https:\/\/api.w.org\/{rel}","templated":true}]}}