{"id":426892,"date":"2026-03-30T09:17:21","date_gmt":"2026-03-30T12:17:21","guid":{"rendered":"https:\/\/portaltela.pt\/noticias\/2026\/03\/30\/oms-europa-renova-acreditacao-do-insa-para-sarampo-e-rubeola\/"},"modified":"2026-03-30T09:17:21","modified_gmt":"2026-03-30T12:17:21","slug":"oms-europa-renova-acreditacao-do-insa-para-sarampo-e-rubeola","status":"publish","type":"post","link":"https:\/\/portaltela.pt\/saude\/2026\/03\/30\/oms-europa-renova-acreditacao-do-insa-para-sarampo-e-rubeola\/","title":{"rendered":"OMS-Europa renova acredita\u00e7\u00e3o do INSA para sarampo e rub\u00e9ola"},"content":{"rendered":"<p>A Organiza\u00e7\u00e3o Mundial da Sa\u00fade (OMS) \u2013 Regi\u00e3o Europeia renovou a acredita\u00e7\u00e3o do laborat\u00f3rio do Instituto Nacional de Sa\u00fade Doutor Ricardo Jorge (INSA) como refer\u00eancia para o sarampo e a rub\u00e9ola. A decis\u00e3o confirma que o INSA continua a cumprir as metodologias de diagn\u00f3stico laboratorial aplic\u00e1veis a estes v\u00edrus, segundo comunicado do instituto.<\/p>\n<p>O INSA recebeu a renova\u00e7\u00e3o ap\u00f3s avalia\u00e7\u00e3o dos padr\u00f5es t\u00e9cnicos e de qualidade adotados para o diagn\u00f3stico laboratorial. A acredita\u00e7\u00e3o refor\u00e7a a posi\u00e7\u00e3o do laborat\u00f3rio como refer\u00eancia regional no controlo de surtos de sarampo e rub\u00e9ola, bem como no apoio a pa\u00edses da regi\u00e3o.<\/p>\n<p>A renova\u00e7\u00e3o foi anunciada hoje pelo INSA, que indicou manter os requisitos internacionais de qualidade e biosseguran\u00e7a. A organiza\u00e7\u00e3o pretendia assegurar continuidade do servi\u00e7o e da vigil\u00e2ncia epidemiol\u00f3gica para estas doen\u00e7as infecciosas.<\/p>\n<h3>Contexto<\/h3>\n<p>Este reconhecimento mant\u00e9m o INSA numa rede de laborat\u00f3rios de refer\u00eancia da OMS na Europa, implicando coopera\u00e7\u00e3o t\u00e9cnica e partilha de dados entre institui\u00e7\u00f5es p\u00fablicas de sa\u00fade. O objetivo \u00e9 garantir diagn\u00f3stico preciso e r\u00e1pido para orientar respostas de sa\u00fade p\u00fablica.<\/p>\n<p>O INSA destaca que a acredita\u00e7\u00e3o fortifica a monitoriza\u00e7\u00e3o de surtos e a valida\u00e7\u00e3o de m\u00e9todos diagn\u00f3sticos. A OMS Europa tem como prioridade apoiar laborat\u00f3rios credenciados para assegurar consist\u00eancia metodol\u00f3gica e comparabilidade de resultados entre pa\u00edses.<\/p>\n<p>A institui\u00e7\u00e3o refor\u00e7a o compromisso com a qualidade, com auditorias peri\u00f3dicas e melhoria cont\u00ednua dos processos de diagn\u00f3stico. A renova\u00e7\u00e3o n\u00e3o implica altera\u00e7\u00f5es operacionais imediatas, mas sim a confirma\u00e7\u00e3o de padr\u00f5es j\u00e1 existentes.<\/p>\n","protected":false},"excerpt":{"rendered":"<ul>\n<li>A Organiza\u00e7\u00e3o Mundial de Sa\u00fade (OMS) \u2013 Regi\u00e3o Europa renovou a acredita\u00e7\u00e3o do laborat\u00f3rio do Instituto Nacional de Sa\u00fade Ricardo Jorge (Insa) como laborat\u00f3rio de refer\u00eancia para sarampo e rub\u00e9ola.<\/li>\n<li>A renova\u00e7\u00e3o confirma o cumprimento das metodologias para diagn\u00f3stico laboratorial destes v\u00edrus, de acordo com o Insa.<\/li>\n<li>O an\u00fancio foi feito pelo pr\u00f3prio instituto.<\/li>\n<\/ul>\n","protected":false},"author":2,"featured_media":426895,"comment_status":"closed","ping_status":"closed","sticky":false,"template":"","format":"standard","meta":{"footnotes":""},"categories":[7371,6745],"tags":[6483,4684,2487,215,2447,271],"class_list":["post-426892","post","type-post","status-publish","format-standard","has-post-thumbnail","hentry","category-medicina","category-saude","tag-doencas-infecciosas-e-parasitarias","tag-epidemiologia","tag-europa","tag-investigacao","tag-rubeola","tag-saude-publica"],"yoast_head":"<!-- This site is optimized with the Yoast SEO plugin v27.2 - https:\/\/yoast.com\/product\/yoast-seo-wordpress\/ -->\n<title>OMS-Europa renova acredita\u00e7\u00e3o do INSA para sarampo e rub\u00e9ola - Portal Tela Portugal<\/title>\n<meta name=\"robots\" content=\"index, follow, max-snippet:-1, max-image-preview:large, max-video-preview:-1\" \/>\n<meta property=\"og:locale\" content=\"pt_PT\" \/>\n<meta property=\"og:type\" content=\"article\" \/>\n<meta property=\"og:title\" content=\"OMS-Europa renova acredita\u00e7\u00e3o do INSA para sarampo e rub\u00e9ola - Portal Tela Portugal\" \/>\n<meta property=\"og:description\" content=\"A Organiza\u00e7\u00e3o Mundial de Sa\u00fade (OMS) \u2013 Regi\u00e3o Europa renovou a acredita\u00e7\u00e3o do laborat\u00f3rio do Instituto Nacional de Sa\u00fade Ricardo Jorge (Insa) como laborat\u00f3rio de refer\u00eancia para sarampo e rub\u00e9ola. A renova\u00e7\u00e3o confirma o cumprimento das metodologias para diagn\u00f3stico laboratorial destes v\u00edrus, de acordo com o Insa. O an\u00fancio foi feito pelo pr\u00f3prio instituto.\" \/>\n<meta property=\"og:url\" content=\"https:\/\/portaltela.pt\/noticias\/2026\/03\/30\/oms-europa-renova-acreditacao-do-insa-para-sarampo-e-rubeola\/\" \/>\n<meta property=\"og:site_name\" content=\"Portal Tela Portugal\" \/>\n<meta property=\"article:published_time\" content=\"2026-03-30T12:17:21+00:00\" \/>\n<meta name=\"author\" content=\"Telinha\" \/>\n<meta name=\"twitter:card\" content=\"summary_large_image\" \/>\n<meta name=\"twitter:label1\" content=\"Escrito por\" \/>\n\t<meta name=\"twitter:data1\" content=\"Telinha\" \/>\n\t<meta name=\"twitter:label2\" content=\"Tempo estimado de leitura\" \/>\n\t<meta name=\"twitter:data2\" content=\"2 minutos\" \/>\n<script type=\"application\/ld+json\" class=\"yoast-schema-graph\">{\"@context\":\"https:\/\/schema.org\",\"@graph\":[{\"@type\":\"Article\",\"@id\":\"https:\/\/portaltela.pt\/noticias\/2026\/03\/30\/oms-europa-renova-acreditacao-do-insa-para-sarampo-e-rubeola\/#article\",\"isPartOf\":{\"@id\":\"https:\/\/portaltela.pt\/noticias\/2026\/03\/30\/oms-europa-renova-acreditacao-do-insa-para-sarampo-e-rubeola\/\"},\"author\":{\"name\":\"Telinha\",\"@id\":\"https:\/\/portaltela.pt\/#\/schema\/person\/c4278d4a6028830caff9ee44b42d32ed\"},\"headline\":\"OMS-Europa renova acredita\u00e7\u00e3o do INSA para sarampo e rub\u00e9ola\",\"datePublished\":\"2026-03-30T12:17:21+00:00\",\"mainEntityOfPage\":{\"@id\":\"https:\/\/portaltela.pt\/noticias\/2026\/03\/30\/oms-europa-renova-acreditacao-do-insa-para-sarampo-e-rubeola\/\"},\"wordCount\":313,\"image\":{\"@id\":\"https:\/\/portaltela.pt\/noticias\/2026\/03\/30\/oms-europa-renova-acreditacao-do-insa-para-sarampo-e-rubeola\/#primaryimage\"},\"thumbnailUrl\":\"https:\/\/portaltela.pt\/s.01k8rhncp4jt1\/2026\/03\/CACHE_780X1200_ANALOG_WATERMARKED_28711059_2801039_28042020122900.jpg\",\"keywords\":[\"Doen\u00e7as infecciosas e parasit\u00e1rias\",\"epidemiologia\",\"Europa\",\"investiga\u00e7\u00e3o\",\"rub\u00e9ola\",\"sa\u00fade p\u00fablica\"],\"articleSection\":[\"Medicina\",\"Sa\u00fade\"],\"inLanguage\":\"pt-PT\"},{\"@type\":\"WebPage\",\"@id\":\"https:\/\/portaltela.pt\/noticias\/2026\/03\/30\/oms-europa-renova-acreditacao-do-insa-para-sarampo-e-rubeola\/\",\"url\":\"https:\/\/portaltela.pt\/noticias\/2026\/03\/30\/oms-europa-renova-acreditacao-do-insa-para-sarampo-e-rubeola\/\",\"name\":\"OMS-Europa renova acredita\u00e7\u00e3o do INSA para sarampo e rub\u00e9ola - Portal Tela Portugal\",\"isPartOf\":{\"@id\":\"https:\/\/portaltela.pt\/#website\"},\"primaryImageOfPage\":{\"@id\":\"https:\/\/portaltela.pt\/noticias\/2026\/03\/30\/oms-europa-renova-acreditacao-do-insa-para-sarampo-e-rubeola\/#primaryimage\"},\"image\":{\"@id\":\"https:\/\/portaltela.pt\/noticias\/2026\/03\/30\/oms-europa-renova-acreditacao-do-insa-para-sarampo-e-rubeola\/#primaryimage\"},\"thumbnailUrl\":\"https:\/\/portaltela.pt\/s.01k8rhncp4jt1\/2026\/03\/CACHE_780X1200_ANALOG_WATERMARKED_28711059_2801039_28042020122900.jpg\",\"datePublished\":\"2026-03-30T12:17:21+00:00\",\"author\":{\"@id\":\"https:\/\/portaltela.pt\/#\/schema\/person\/c4278d4a6028830caff9ee44b42d32ed\"},\"breadcrumb\":{\"@id\":\"https:\/\/portaltela.pt\/noticias\/2026\/03\/30\/oms-europa-renova-acreditacao-do-insa-para-sarampo-e-rubeola\/#breadcrumb\"},\"inLanguage\":\"pt-PT\",\"potentialAction\":[{\"@type\":\"ReadAction\",\"target\":[\"https:\/\/portaltela.pt\/noticias\/2026\/03\/30\/oms-europa-renova-acreditacao-do-insa-para-sarampo-e-rubeola\/\"]}]},{\"@type\":\"ImageObject\",\"inLanguage\":\"pt-PT\",\"@id\":\"https:\/\/portaltela.pt\/noticias\/2026\/03\/30\/oms-europa-renova-acreditacao-do-insa-para-sarampo-e-rubeola\/#primaryimage\",\"url\":\"https:\/\/portaltela.pt\/s.01k8rhncp4jt1\/2026\/03\/CACHE_780X1200_ANALOG_WATERMARKED_28711059_2801039_28042020122900.jpg\",\"contentUrl\":\"https:\/\/portaltela.pt\/s.01k8rhncp4jt1\/2026\/03\/CACHE_780X1200_ANALOG_WATERMARKED_28711059_2801039_28042020122900.jpg\",\"width\":796,\"height\":448,\"caption\":\"OMS-Europa renova acredita\u00e7\u00e3o do INSA como laborat\u00f3rio de refer\u00eancia para sarampo e rub\u00e9ola\"},{\"@type\":\"BreadcrumbList\",\"@id\":\"https:\/\/portaltela.pt\/noticias\/2026\/03\/30\/oms-europa-renova-acreditacao-do-insa-para-sarampo-e-rubeola\/#breadcrumb\",\"itemListElement\":[{\"@type\":\"ListItem\",\"position\":1,\"name\":\"In\u00edcio\",\"item\":\"https:\/\/portaltela.pt\/\"},{\"@type\":\"ListItem\",\"position\":2,\"name\":\"OMS-Europa renova acredita\u00e7\u00e3o do INSA para sarampo e rub\u00e9ola\"}]},{\"@type\":\"WebSite\",\"@id\":\"https:\/\/portaltela.pt\/#website\",\"url\":\"https:\/\/portaltela.pt\/\",\"name\":\"Portal Tela Portugal\",\"description\":\"\",\"potentialAction\":[{\"@type\":\"SearchAction\",\"target\":{\"@type\":\"EntryPoint\",\"urlTemplate\":\"https:\/\/portaltela.pt\/?s={search_term_string}\"},\"query-input\":{\"@type\":\"PropertyValueSpecification\",\"valueRequired\":true,\"valueName\":\"search_term_string\"}}],\"inLanguage\":\"pt-PT\"},{\"@type\":\"Person\",\"@id\":\"https:\/\/portaltela.pt\/#\/schema\/person\/c4278d4a6028830caff9ee44b42d32ed\",\"name\":\"Telinha\",\"image\":{\"@type\":\"ImageObject\",\"inLanguage\":\"pt-PT\",\"@id\":\"https:\/\/portaltela.pt\/s.01k8rhncp4jt1\/2025\/11\/talking-bot-125x125.png\",\"url\":\"https:\/\/portaltela.pt\/s.01k8rhncp4jt1\/2025\/11\/talking-bot-125x125.png\",\"contentUrl\":\"https:\/\/portaltela.pt\/s.01k8rhncp4jt1\/2025\/11\/talking-bot-125x125.png\",\"caption\":\"Telinha\"},\"sameAs\":[\"https:\/\/portaltela.pt\/\"],\"url\":\"https:\/\/portaltela.pt\/por\/367410592786\/\"}]}<\/script>\n<!-- \/ Yoast SEO plugin. -->","yoast_head_json":{"title":"OMS-Europa renova acredita\u00e7\u00e3o do INSA para sarampo e rub\u00e9ola - Portal Tela Portugal","robots":{"index":"index","follow":"follow","max-snippet":"max-snippet:-1","max-image-preview":"max-image-preview:large","max-video-preview":"max-video-preview:-1"},"og_locale":"pt_PT","og_type":"article","og_title":"OMS-Europa renova acredita\u00e7\u00e3o do INSA para sarampo e rub\u00e9ola - Portal Tela Portugal","og_description":"A Organiza\u00e7\u00e3o Mundial de Sa\u00fade (OMS) \u2013 Regi\u00e3o Europa renovou a acredita\u00e7\u00e3o do laborat\u00f3rio do Instituto Nacional de Sa\u00fade Ricardo Jorge (Insa) como laborat\u00f3rio de refer\u00eancia para sarampo e rub\u00e9ola. A renova\u00e7\u00e3o confirma o cumprimento das metodologias para diagn\u00f3stico laboratorial destes v\u00edrus, de acordo com o Insa. O an\u00fancio foi feito pelo pr\u00f3prio instituto.","og_url":"https:\/\/portaltela.pt\/noticias\/2026\/03\/30\/oms-europa-renova-acreditacao-do-insa-para-sarampo-e-rubeola\/","og_site_name":"Portal Tela Portugal","article_published_time":"2026-03-30T12:17:21+00:00","author":"Telinha","twitter_card":"summary_large_image","twitter_misc":{"Escrito por":"Telinha","Tempo estimado de leitura":"2 minutos"},"schema":{"@context":"https:\/\/schema.org","@graph":[{"@type":"Article","@id":"https:\/\/portaltela.pt\/noticias\/2026\/03\/30\/oms-europa-renova-acreditacao-do-insa-para-sarampo-e-rubeola\/#article","isPartOf":{"@id":"https:\/\/portaltela.pt\/noticias\/2026\/03\/30\/oms-europa-renova-acreditacao-do-insa-para-sarampo-e-rubeola\/"},"author":{"name":"Telinha","@id":"https:\/\/portaltela.pt\/#\/schema\/person\/c4278d4a6028830caff9ee44b42d32ed"},"headline":"OMS-Europa renova acredita\u00e7\u00e3o do INSA para sarampo e rub\u00e9ola","datePublished":"2026-03-30T12:17:21+00:00","mainEntityOfPage":{"@id":"https:\/\/portaltela.pt\/noticias\/2026\/03\/30\/oms-europa-renova-acreditacao-do-insa-para-sarampo-e-rubeola\/"},"wordCount":313,"image":{"@id":"https:\/\/portaltela.pt\/noticias\/2026\/03\/30\/oms-europa-renova-acreditacao-do-insa-para-sarampo-e-rubeola\/#primaryimage"},"thumbnailUrl":"https:\/\/portaltela.pt\/s.01k8rhncp4jt1\/2026\/03\/CACHE_780X1200_ANALOG_WATERMARKED_28711059_2801039_28042020122900.jpg","keywords":["Doen\u00e7as infecciosas e parasit\u00e1rias","epidemiologia","Europa","investiga\u00e7\u00e3o","rub\u00e9ola","sa\u00fade p\u00fablica"],"articleSection":["Medicina","Sa\u00fade"],"inLanguage":"pt-PT"},{"@type":"WebPage","@id":"https:\/\/portaltela.pt\/noticias\/2026\/03\/30\/oms-europa-renova-acreditacao-do-insa-para-sarampo-e-rubeola\/","url":"https:\/\/portaltela.pt\/noticias\/2026\/03\/30\/oms-europa-renova-acreditacao-do-insa-para-sarampo-e-rubeola\/","name":"OMS-Europa renova acredita\u00e7\u00e3o do INSA para sarampo e rub\u00e9ola - Portal Tela Portugal","isPartOf":{"@id":"https:\/\/portaltela.pt\/#website"},"primaryImageOfPage":{"@id":"https:\/\/portaltela.pt\/noticias\/2026\/03\/30\/oms-europa-renova-acreditacao-do-insa-para-sarampo-e-rubeola\/#primaryimage"},"image":{"@id":"https:\/\/portaltela.pt\/noticias\/2026\/03\/30\/oms-europa-renova-acreditacao-do-insa-para-sarampo-e-rubeola\/#primaryimage"},"thumbnailUrl":"https:\/\/portaltela.pt\/s.01k8rhncp4jt1\/2026\/03\/CACHE_780X1200_ANALOG_WATERMARKED_28711059_2801039_28042020122900.jpg","datePublished":"2026-03-30T12:17:21+00:00","author":{"@id":"https:\/\/portaltela.pt\/#\/schema\/person\/c4278d4a6028830caff9ee44b42d32ed"},"breadcrumb":{"@id":"https:\/\/portaltela.pt\/noticias\/2026\/03\/30\/oms-europa-renova-acreditacao-do-insa-para-sarampo-e-rubeola\/#breadcrumb"},"inLanguage":"pt-PT","potentialAction":[{"@type":"ReadAction","target":["https:\/\/portaltela.pt\/noticias\/2026\/03\/30\/oms-europa-renova-acreditacao-do-insa-para-sarampo-e-rubeola\/"]}]},{"@type":"ImageObject","inLanguage":"pt-PT","@id":"https:\/\/portaltela.pt\/noticias\/2026\/03\/30\/oms-europa-renova-acreditacao-do-insa-para-sarampo-e-rubeola\/#primaryimage","url":"https:\/\/portaltela.pt\/s.01k8rhncp4jt1\/2026\/03\/CACHE_780X1200_ANALOG_WATERMARKED_28711059_2801039_28042020122900.jpg","contentUrl":"https:\/\/portaltela.pt\/s.01k8rhncp4jt1\/2026\/03\/CACHE_780X1200_ANALOG_WATERMARKED_28711059_2801039_28042020122900.jpg","width":796,"height":448,"caption":"OMS-Europa renova acredita\u00e7\u00e3o do INSA como laborat\u00f3rio de refer\u00eancia para sarampo e rub\u00e9ola"},{"@type":"BreadcrumbList","@id":"https:\/\/portaltela.pt\/noticias\/2026\/03\/30\/oms-europa-renova-acreditacao-do-insa-para-sarampo-e-rubeola\/#breadcrumb","itemListElement":[{"@type":"ListItem","position":1,"name":"In\u00edcio","item":"https:\/\/portaltela.pt\/"},{"@type":"ListItem","position":2,"name":"OMS-Europa renova acredita\u00e7\u00e3o do INSA para sarampo e rub\u00e9ola"}]},{"@type":"WebSite","@id":"https:\/\/portaltela.pt\/#website","url":"https:\/\/portaltela.pt\/","name":"Portal Tela Portugal","description":"","potentialAction":[{"@type":"SearchAction","target":{"@type":"EntryPoint","urlTemplate":"https:\/\/portaltela.pt\/?s={search_term_string}"},"query-input":{"@type":"PropertyValueSpecification","valueRequired":true,"valueName":"search_term_string"}}],"inLanguage":"pt-PT"},{"@type":"Person","@id":"https:\/\/portaltela.pt\/#\/schema\/person\/c4278d4a6028830caff9ee44b42d32ed","name":"Telinha","image":{"@type":"ImageObject","inLanguage":"pt-PT","@id":"https:\/\/portaltela.pt\/s.01k8rhncp4jt1\/2025\/11\/talking-bot-125x125.png","url":"https:\/\/portaltela.pt\/s.01k8rhncp4jt1\/2025\/11\/talking-bot-125x125.png","contentUrl":"https:\/\/portaltela.pt\/s.01k8rhncp4jt1\/2025\/11\/talking-bot-125x125.png","caption":"Telinha"},"sameAs":["https:\/\/portaltela.pt\/"],"url":"https:\/\/portaltela.pt\/por\/367410592786\/"}]}},"_links":{"self":[{"href":"https:\/\/portaltela.pt\/api\/wp\/v2\/posts\/426892","targetHints":{"allow":["GET"]}}],"collection":[{"href":"https:\/\/portaltela.pt\/api\/wp\/v2\/posts"}],"about":[{"href":"https:\/\/portaltela.pt\/api\/wp\/v2\/types\/post"}],"author":[{"embeddable":true,"href":"https:\/\/portaltela.pt\/api\/wp\/v2\/users\/2"}],"replies":[{"embeddable":true,"href":"https:\/\/portaltela.pt\/api\/wp\/v2\/comments?post=426892"}],"version-history":[{"count":0,"href":"https:\/\/portaltela.pt\/api\/wp\/v2\/posts\/426892\/revisions"}],"wp:featuredmedia":[{"embeddable":true,"href":"https:\/\/portaltela.pt\/api\/wp\/v2\/media\/426895"}],"wp:attachment":[{"href":"https:\/\/portaltela.pt\/api\/wp\/v2\/media?parent=426892"}],"wp:term":[{"taxonomy":"category","embeddable":true,"href":"https:\/\/portaltela.pt\/api\/wp\/v2\/categories?post=426892"},{"taxonomy":"post_tag","embeddable":true,"href":"https:\/\/portaltela.pt\/api\/wp\/v2\/tags?post=426892"}],"curies":[{"name":"wp","href":"https:\/\/api.w.org\/{rel}","templated":true}]}}