{"id":426864,"date":"2026-03-30T08:47:10","date_gmt":"2026-03-30T11:47:10","guid":{"rendered":"https:\/\/portaltela.pt\/noticias\/2026\/03\/30\/discussao-em-casa-dos-segredos-sobe-de-tom-cristina-ferreira-proferiu-palavrao\/"},"modified":"2026-03-30T08:47:10","modified_gmt":"2026-03-30T11:47:10","slug":"discussao-em-casa-dos-segredos-sobe-de-tom-cristina-ferreira-proferiu-palavrao","status":"publish","type":"post","link":"https:\/\/portaltela.pt\/entretenimento\/2026\/03\/30\/discussao-em-casa-dos-segredos-sobe-de-tom-cristina-ferreira-proferiu-palavrao\/","title":{"rendered":"Discuss\u00e3o em Casa dos Segredos sobe de tom; Cristina Ferreira proferiu palavr\u00e3o"},"content":{"rendered":"<p>A discuss\u00e3o sobre o tri\u00e2ngulo amoroso que envolve o reality show Casa dos Segredos escalou esta segunda-feira, 30, no programa Dois \u00e0s 10, da TVI. A conversa ficou marcada pela emiss\u00e3o em direto de uma opini\u00e3o contundente de Cristina Ferreira.<\/p>\n<p>A apresentadora exerceu cr\u00edticas \u00e0 forma como a sociedade costuma interpretar trai\u00e7\u00f5es, destacando que a culpabiliza\u00e7\u00e3o recai frequentemente sobre a parceira em vez de questionar o comportamento do parceiro. A interven\u00e7\u00e3o gerou a rea\u00e7\u00e3o de Cl\u00e1udio Ramos, que concordou com a leitura de Ferreira.<\/p>\n<p>Ferreira voltou a insistir na ideia de que, noutros casos, a culpa costuma ser atribu\u00edda \u00e0 mulher que seria \u201ca que roubou o marido\u201d, quando o homem estava casado. Ramos refor\u00e7ou a posi\u00e7\u00e3o, declarando que o principal culpado seria o participante envolvido no tri\u00e2ngulo.<\/p>\n<p>As falas ocorreram durante o direto do programa matinal da esta\u00e7\u00e3o, gerando recortes de opini\u00e3o entre os apresentadores. A discuss\u00e3o manteve o foco na din\u00e2mica de rela\u00e7\u00f5es e na perce\u00e7\u00e3o social, sem abordar detalhes do reality show para al\u00e9m do tema central.<\/p>\n","protected":false},"excerpt":{"rendered":"<ul>\n<li>Na segunda-feira, 30, a discuss\u00e3o sobre o tri\u00e2ngulo amoroso em Casa dos Segredos subiu de tom no programa Doais \u00e0s 10, da TVI, com Cristina Ferreira a mostrar emo\u00e7\u00e3o em direto.<\/li>\n<li>Cristina Ferreira questionou a perce\u00e7\u00e3o sobre quem \u00e9 culpado num caso de trai\u00e7\u00e3o, sugerindo que a rea\u00e7\u00e3o comum recai sobre a mulher envolvida.<\/li>\n<li>Cl\u00e1udio Ramos refor\u00e7ou a ideia de que o pa\u00eds \u00e9 machista, ao responder a Cristina e defender que a situa\u00e7\u00e3o envolve preconceitos.<\/li>\n<li>Cristina Ferreira afirmou que muitas pessoas atribuem culpa \u00e0 mulher que apareceu no programa, em vez de questionarem a trai\u00e7\u00e3o em si.<\/li>\n<li>Cl\u00e1udio Ramos concordou, destacando que, no caso em an\u00e1lise, o principal culpado \u00e9 o homem envolvido.<\/li>\n<\/ul>\n","protected":false},"author":2,"featured_media":426868,"comment_status":"closed","ping_status":"closed","sticky":false,"template":"","format":"standard","meta":{"footnotes":""},"categories":[6675,12],"tags":[285,5613,2318,7409,128],"class_list":["post-426864","post","type-post","status-publish","format-standard","has-post-thumbnail","hentry","category-celebridades","category-entretenimento","tag-casa","tag-cristina-ferreira","tag-sociedade","tag-televisoes","tag-traicao"],"yoast_head":"<!-- This site is optimized with the Yoast SEO plugin v27.2 - https:\/\/yoast.com\/product\/yoast-seo-wordpress\/ -->\n<title>Discuss\u00e3o em Casa dos Segredos sobe de tom; Cristina Ferreira proferiu palavr\u00e3o - Portal Tela Portugal<\/title>\n<meta name=\"robots\" content=\"index, follow, max-snippet:-1, max-image-preview:large, max-video-preview:-1\" \/>\n<meta property=\"og:locale\" content=\"pt_PT\" \/>\n<meta property=\"og:type\" content=\"article\" \/>\n<meta property=\"og:title\" content=\"Discuss\u00e3o em Casa dos Segredos sobe de tom; Cristina Ferreira proferiu palavr\u00e3o - Portal Tela Portugal\" \/>\n<meta property=\"og:description\" content=\"Na segunda-feira, 30, a discuss\u00e3o sobre o tri\u00e2ngulo amoroso em Casa dos Segredos subiu de tom no programa Doais \u00e0s 10, da TVI, com Cristina Ferreira a mostrar emo\u00e7\u00e3o em direto. Cristina Ferreira questionou a perce\u00e7\u00e3o sobre quem \u00e9 culpado num caso de trai\u00e7\u00e3o, sugerindo que a rea\u00e7\u00e3o comum recai sobre a mulher envolvida. Cl\u00e1udio Ramos refor\u00e7ou a ideia de que o pa\u00eds \u00e9 machista, ao responder a Cristina e defender que a situa\u00e7\u00e3o envolve preconceitos. Cristina Ferreira afirmou que muitas pessoas atribuem culpa \u00e0 mulher que apareceu no programa, em vez de questionarem a trai\u00e7\u00e3o em si. Cl\u00e1udio Ramos concordou, destacando que, no caso em an\u00e1lise, o principal culpado \u00e9 o homem envolvido.\" \/>\n<meta property=\"og:url\" content=\"https:\/\/portaltela.pt\/noticias\/2026\/03\/30\/discussao-em-casa-dos-segredos-sobe-de-tom-cristina-ferreira-proferiu-palavrao\/\" \/>\n<meta property=\"og:site_name\" content=\"Portal Tela Portugal\" \/>\n<meta property=\"article:published_time\" content=\"2026-03-30T11:47:10+00:00\" \/>\n<meta name=\"author\" content=\"Telinha\" \/>\n<meta name=\"twitter:card\" content=\"summary_large_image\" \/>\n<meta name=\"twitter:label1\" content=\"Escrito por\" \/>\n\t<meta name=\"twitter:data1\" content=\"Telinha\" \/>\n\t<meta name=\"twitter:label2\" content=\"Tempo estimado de leitura\" \/>\n\t<meta name=\"twitter:data2\" content=\"1 minuto\" \/>\n<script type=\"application\/ld+json\" class=\"yoast-schema-graph\">{\"@context\":\"https:\/\/schema.org\",\"@graph\":[{\"@type\":\"Article\",\"@id\":\"https:\/\/portaltela.pt\/noticias\/2026\/03\/30\/discussao-em-casa-dos-segredos-sobe-de-tom-cristina-ferreira-proferiu-palavrao\/#article\",\"isPartOf\":{\"@id\":\"https:\/\/portaltela.pt\/noticias\/2026\/03\/30\/discussao-em-casa-dos-segredos-sobe-de-tom-cristina-ferreira-proferiu-palavrao\/\"},\"author\":{\"name\":\"Telinha\",\"@id\":\"https:\/\/portaltela.pt\/#\/schema\/person\/c4278d4a6028830caff9ee44b42d32ed\"},\"headline\":\"Discuss\u00e3o em Casa dos Segredos sobe de tom; Cristina Ferreira proferiu palavr\u00e3o\",\"datePublished\":\"2026-03-30T11:47:10+00:00\",\"mainEntityOfPage\":{\"@id\":\"https:\/\/portaltela.pt\/noticias\/2026\/03\/30\/discussao-em-casa-dos-segredos-sobe-de-tom-cristina-ferreira-proferiu-palavrao\/\"},\"wordCount\":201,\"image\":{\"@id\":\"https:\/\/portaltela.pt\/noticias\/2026\/03\/30\/discussao-em-casa-dos-segredos-sobe-de-tom-cristina-ferreira-proferiu-palavrao\/#primaryimage\"},\"thumbnailUrl\":\"https:\/\/portaltela.pt\/s.01k8rhncp4jt1\/2026\/03\/img_1500x1000uu2026-03-30-11-21-53-2275560-im-639104665399535688.jpg\",\"keywords\":[\"casa\",\"Cristina Ferreira\",\"sociedade\",\"televis\u00f5es\",\"trai\u00e7\u00e3o\"],\"articleSection\":[\"Celebridades\",\"Entretenimento\"],\"inLanguage\":\"pt-PT\"},{\"@type\":\"WebPage\",\"@id\":\"https:\/\/portaltela.pt\/noticias\/2026\/03\/30\/discussao-em-casa-dos-segredos-sobe-de-tom-cristina-ferreira-proferiu-palavrao\/\",\"url\":\"https:\/\/portaltela.pt\/noticias\/2026\/03\/30\/discussao-em-casa-dos-segredos-sobe-de-tom-cristina-ferreira-proferiu-palavrao\/\",\"name\":\"Discuss\u00e3o em Casa dos Segredos sobe de tom; Cristina Ferreira proferiu palavr\u00e3o - Portal Tela Portugal\",\"isPartOf\":{\"@id\":\"https:\/\/portaltela.pt\/#website\"},\"primaryImageOfPage\":{\"@id\":\"https:\/\/portaltela.pt\/noticias\/2026\/03\/30\/discussao-em-casa-dos-segredos-sobe-de-tom-cristina-ferreira-proferiu-palavrao\/#primaryimage\"},\"image\":{\"@id\":\"https:\/\/portaltela.pt\/noticias\/2026\/03\/30\/discussao-em-casa-dos-segredos-sobe-de-tom-cristina-ferreira-proferiu-palavrao\/#primaryimage\"},\"thumbnailUrl\":\"https:\/\/portaltela.pt\/s.01k8rhncp4jt1\/2026\/03\/img_1500x1000uu2026-03-30-11-21-53-2275560-im-639104665399535688.jpg\",\"datePublished\":\"2026-03-30T11:47:10+00:00\",\"author\":{\"@id\":\"https:\/\/portaltela.pt\/#\/schema\/person\/c4278d4a6028830caff9ee44b42d32ed\"},\"breadcrumb\":{\"@id\":\"https:\/\/portaltela.pt\/noticias\/2026\/03\/30\/discussao-em-casa-dos-segredos-sobe-de-tom-cristina-ferreira-proferiu-palavrao\/#breadcrumb\"},\"inLanguage\":\"pt-PT\",\"potentialAction\":[{\"@type\":\"ReadAction\",\"target\":[\"https:\/\/portaltela.pt\/noticias\/2026\/03\/30\/discussao-em-casa-dos-segredos-sobe-de-tom-cristina-ferreira-proferiu-palavrao\/\"]}]},{\"@type\":\"ImageObject\",\"inLanguage\":\"pt-PT\",\"@id\":\"https:\/\/portaltela.pt\/noticias\/2026\/03\/30\/discussao-em-casa-dos-segredos-sobe-de-tom-cristina-ferreira-proferiu-palavrao\/#primaryimage\",\"url\":\"https:\/\/portaltela.pt\/s.01k8rhncp4jt1\/2026\/03\/img_1500x1000uu2026-03-30-11-21-53-2275560-im-639104665399535688.jpg\",\"contentUrl\":\"https:\/\/portaltela.pt\/s.01k8rhncp4jt1\/2026\/03\/img_1500x1000uu2026-03-30-11-21-53-2275560-im-639104665399535688.jpg\",\"width\":796,\"height\":448,\"caption\":\"Cristina Ferreira\"},{\"@type\":\"BreadcrumbList\",\"@id\":\"https:\/\/portaltela.pt\/noticias\/2026\/03\/30\/discussao-em-casa-dos-segredos-sobe-de-tom-cristina-ferreira-proferiu-palavrao\/#breadcrumb\",\"itemListElement\":[{\"@type\":\"ListItem\",\"position\":1,\"name\":\"In\u00edcio\",\"item\":\"https:\/\/portaltela.pt\/\"},{\"@type\":\"ListItem\",\"position\":2,\"name\":\"Discuss\u00e3o em Casa dos Segredos sobe de tom; Cristina Ferreira proferiu palavr\u00e3o\"}]},{\"@type\":\"WebSite\",\"@id\":\"https:\/\/portaltela.pt\/#website\",\"url\":\"https:\/\/portaltela.pt\/\",\"name\":\"Portal Tela Portugal\",\"description\":\"\",\"potentialAction\":[{\"@type\":\"SearchAction\",\"target\":{\"@type\":\"EntryPoint\",\"urlTemplate\":\"https:\/\/portaltela.pt\/?s={search_term_string}\"},\"query-input\":{\"@type\":\"PropertyValueSpecification\",\"valueRequired\":true,\"valueName\":\"search_term_string\"}}],\"inLanguage\":\"pt-PT\"},{\"@type\":\"Person\",\"@id\":\"https:\/\/portaltela.pt\/#\/schema\/person\/c4278d4a6028830caff9ee44b42d32ed\",\"name\":\"Telinha\",\"image\":{\"@type\":\"ImageObject\",\"inLanguage\":\"pt-PT\",\"@id\":\"https:\/\/portaltela.pt\/s.01k8rhncp4jt1\/2025\/11\/talking-bot-125x125.png\",\"url\":\"https:\/\/portaltela.pt\/s.01k8rhncp4jt1\/2025\/11\/talking-bot-125x125.png\",\"contentUrl\":\"https:\/\/portaltela.pt\/s.01k8rhncp4jt1\/2025\/11\/talking-bot-125x125.png\",\"caption\":\"Telinha\"},\"sameAs\":[\"https:\/\/portaltela.pt\/\"],\"url\":\"https:\/\/portaltela.pt\/por\/367410592786\/\"}]}<\/script>\n<!-- \/ Yoast SEO plugin. -->","yoast_head_json":{"title":"Discuss\u00e3o em Casa dos Segredos sobe de tom; Cristina Ferreira proferiu palavr\u00e3o - Portal Tela Portugal","robots":{"index":"index","follow":"follow","max-snippet":"max-snippet:-1","max-image-preview":"max-image-preview:large","max-video-preview":"max-video-preview:-1"},"og_locale":"pt_PT","og_type":"article","og_title":"Discuss\u00e3o em Casa dos Segredos sobe de tom; Cristina Ferreira proferiu palavr\u00e3o - Portal Tela Portugal","og_description":"Na segunda-feira, 30, a discuss\u00e3o sobre o tri\u00e2ngulo amoroso em Casa dos Segredos subiu de tom no programa Doais \u00e0s 10, da TVI, com Cristina Ferreira a mostrar emo\u00e7\u00e3o em direto. Cristina Ferreira questionou a perce\u00e7\u00e3o sobre quem \u00e9 culpado num caso de trai\u00e7\u00e3o, sugerindo que a rea\u00e7\u00e3o comum recai sobre a mulher envolvida. Cl\u00e1udio Ramos refor\u00e7ou a ideia de que o pa\u00eds \u00e9 machista, ao responder a Cristina e defender que a situa\u00e7\u00e3o envolve preconceitos. Cristina Ferreira afirmou que muitas pessoas atribuem culpa \u00e0 mulher que apareceu no programa, em vez de questionarem a trai\u00e7\u00e3o em si. Cl\u00e1udio Ramos concordou, destacando que, no caso em an\u00e1lise, o principal culpado \u00e9 o homem envolvido.","og_url":"https:\/\/portaltela.pt\/noticias\/2026\/03\/30\/discussao-em-casa-dos-segredos-sobe-de-tom-cristina-ferreira-proferiu-palavrao\/","og_site_name":"Portal Tela Portugal","article_published_time":"2026-03-30T11:47:10+00:00","author":"Telinha","twitter_card":"summary_large_image","twitter_misc":{"Escrito por":"Telinha","Tempo estimado de leitura":"1 minuto"},"schema":{"@context":"https:\/\/schema.org","@graph":[{"@type":"Article","@id":"https:\/\/portaltela.pt\/noticias\/2026\/03\/30\/discussao-em-casa-dos-segredos-sobe-de-tom-cristina-ferreira-proferiu-palavrao\/#article","isPartOf":{"@id":"https:\/\/portaltela.pt\/noticias\/2026\/03\/30\/discussao-em-casa-dos-segredos-sobe-de-tom-cristina-ferreira-proferiu-palavrao\/"},"author":{"name":"Telinha","@id":"https:\/\/portaltela.pt\/#\/schema\/person\/c4278d4a6028830caff9ee44b42d32ed"},"headline":"Discuss\u00e3o em Casa dos Segredos sobe de tom; Cristina Ferreira proferiu palavr\u00e3o","datePublished":"2026-03-30T11:47:10+00:00","mainEntityOfPage":{"@id":"https:\/\/portaltela.pt\/noticias\/2026\/03\/30\/discussao-em-casa-dos-segredos-sobe-de-tom-cristina-ferreira-proferiu-palavrao\/"},"wordCount":201,"image":{"@id":"https:\/\/portaltela.pt\/noticias\/2026\/03\/30\/discussao-em-casa-dos-segredos-sobe-de-tom-cristina-ferreira-proferiu-palavrao\/#primaryimage"},"thumbnailUrl":"https:\/\/portaltela.pt\/s.01k8rhncp4jt1\/2026\/03\/img_1500x1000uu2026-03-30-11-21-53-2275560-im-639104665399535688.jpg","keywords":["casa","Cristina Ferreira","sociedade","televis\u00f5es","trai\u00e7\u00e3o"],"articleSection":["Celebridades","Entretenimento"],"inLanguage":"pt-PT"},{"@type":"WebPage","@id":"https:\/\/portaltela.pt\/noticias\/2026\/03\/30\/discussao-em-casa-dos-segredos-sobe-de-tom-cristina-ferreira-proferiu-palavrao\/","url":"https:\/\/portaltela.pt\/noticias\/2026\/03\/30\/discussao-em-casa-dos-segredos-sobe-de-tom-cristina-ferreira-proferiu-palavrao\/","name":"Discuss\u00e3o em Casa dos Segredos sobe de tom; Cristina Ferreira proferiu palavr\u00e3o - Portal Tela Portugal","isPartOf":{"@id":"https:\/\/portaltela.pt\/#website"},"primaryImageOfPage":{"@id":"https:\/\/portaltela.pt\/noticias\/2026\/03\/30\/discussao-em-casa-dos-segredos-sobe-de-tom-cristina-ferreira-proferiu-palavrao\/#primaryimage"},"image":{"@id":"https:\/\/portaltela.pt\/noticias\/2026\/03\/30\/discussao-em-casa-dos-segredos-sobe-de-tom-cristina-ferreira-proferiu-palavrao\/#primaryimage"},"thumbnailUrl":"https:\/\/portaltela.pt\/s.01k8rhncp4jt1\/2026\/03\/img_1500x1000uu2026-03-30-11-21-53-2275560-im-639104665399535688.jpg","datePublished":"2026-03-30T11:47:10+00:00","author":{"@id":"https:\/\/portaltela.pt\/#\/schema\/person\/c4278d4a6028830caff9ee44b42d32ed"},"breadcrumb":{"@id":"https:\/\/portaltela.pt\/noticias\/2026\/03\/30\/discussao-em-casa-dos-segredos-sobe-de-tom-cristina-ferreira-proferiu-palavrao\/#breadcrumb"},"inLanguage":"pt-PT","potentialAction":[{"@type":"ReadAction","target":["https:\/\/portaltela.pt\/noticias\/2026\/03\/30\/discussao-em-casa-dos-segredos-sobe-de-tom-cristina-ferreira-proferiu-palavrao\/"]}]},{"@type":"ImageObject","inLanguage":"pt-PT","@id":"https:\/\/portaltela.pt\/noticias\/2026\/03\/30\/discussao-em-casa-dos-segredos-sobe-de-tom-cristina-ferreira-proferiu-palavrao\/#primaryimage","url":"https:\/\/portaltela.pt\/s.01k8rhncp4jt1\/2026\/03\/img_1500x1000uu2026-03-30-11-21-53-2275560-im-639104665399535688.jpg","contentUrl":"https:\/\/portaltela.pt\/s.01k8rhncp4jt1\/2026\/03\/img_1500x1000uu2026-03-30-11-21-53-2275560-im-639104665399535688.jpg","width":796,"height":448,"caption":"Cristina Ferreira"},{"@type":"BreadcrumbList","@id":"https:\/\/portaltela.pt\/noticias\/2026\/03\/30\/discussao-em-casa-dos-segredos-sobe-de-tom-cristina-ferreira-proferiu-palavrao\/#breadcrumb","itemListElement":[{"@type":"ListItem","position":1,"name":"In\u00edcio","item":"https:\/\/portaltela.pt\/"},{"@type":"ListItem","position":2,"name":"Discuss\u00e3o em Casa dos Segredos sobe de tom; Cristina Ferreira proferiu palavr\u00e3o"}]},{"@type":"WebSite","@id":"https:\/\/portaltela.pt\/#website","url":"https:\/\/portaltela.pt\/","name":"Portal Tela Portugal","description":"","potentialAction":[{"@type":"SearchAction","target":{"@type":"EntryPoint","urlTemplate":"https:\/\/portaltela.pt\/?s={search_term_string}"},"query-input":{"@type":"PropertyValueSpecification","valueRequired":true,"valueName":"search_term_string"}}],"inLanguage":"pt-PT"},{"@type":"Person","@id":"https:\/\/portaltela.pt\/#\/schema\/person\/c4278d4a6028830caff9ee44b42d32ed","name":"Telinha","image":{"@type":"ImageObject","inLanguage":"pt-PT","@id":"https:\/\/portaltela.pt\/s.01k8rhncp4jt1\/2025\/11\/talking-bot-125x125.png","url":"https:\/\/portaltela.pt\/s.01k8rhncp4jt1\/2025\/11\/talking-bot-125x125.png","contentUrl":"https:\/\/portaltela.pt\/s.01k8rhncp4jt1\/2025\/11\/talking-bot-125x125.png","caption":"Telinha"},"sameAs":["https:\/\/portaltela.pt\/"],"url":"https:\/\/portaltela.pt\/por\/367410592786\/"}]}},"_links":{"self":[{"href":"https:\/\/portaltela.pt\/api\/wp\/v2\/posts\/426864","targetHints":{"allow":["GET"]}}],"collection":[{"href":"https:\/\/portaltela.pt\/api\/wp\/v2\/posts"}],"about":[{"href":"https:\/\/portaltela.pt\/api\/wp\/v2\/types\/post"}],"author":[{"embeddable":true,"href":"https:\/\/portaltela.pt\/api\/wp\/v2\/users\/2"}],"replies":[{"embeddable":true,"href":"https:\/\/portaltela.pt\/api\/wp\/v2\/comments?post=426864"}],"version-history":[{"count":0,"href":"https:\/\/portaltela.pt\/api\/wp\/v2\/posts\/426864\/revisions"}],"wp:featuredmedia":[{"embeddable":true,"href":"https:\/\/portaltela.pt\/api\/wp\/v2\/media\/426868"}],"wp:attachment":[{"href":"https:\/\/portaltela.pt\/api\/wp\/v2\/media?parent=426864"}],"wp:term":[{"taxonomy":"category","embeddable":true,"href":"https:\/\/portaltela.pt\/api\/wp\/v2\/categories?post=426864"},{"taxonomy":"post_tag","embeddable":true,"href":"https:\/\/portaltela.pt\/api\/wp\/v2\/tags?post=426864"}],"curies":[{"name":"wp","href":"https:\/\/api.w.org\/{rel}","templated":true}]}}