{"id":426859,"date":"2026-03-30T08:47:05","date_gmt":"2026-03-30T11:47:05","guid":{"rendered":"https:\/\/portaltela.pt\/noticias\/2026\/03\/30\/hogwarts-reabre-em-adaptacao-fiel-de-harry-potter-apenas-no-natal\/"},"modified":"2026-03-30T08:47:05","modified_gmt":"2026-03-30T11:47:05","slug":"hogwarts-reabre-em-adaptacao-fiel-de-harry-potter-apenas-no-natal","status":"publish","type":"post","link":"https:\/\/portaltela.pt\/series-e-filmes\/2026\/03\/30\/hogwarts-reabre-em-adaptacao-fiel-de-harry-potter-apenas-no-natal\/","title":{"rendered":"Hogwarts reabre em adapta\u00e7\u00e3o fiel de Harry Potter, apenas no Natal"},"content":{"rendered":"<p>Hogwarts reabre as portas numa adapta\u00e7\u00e3o fiel da hist\u00f3ria de Harry Potter, prevista para a temporada de Natal de 2026. A s\u00e9rie de televis\u00e3o da HBO Max promete explorar a narrativa original de J.K. Rowling, longe de ser apenas uma reedi\u00e7\u00e3o cinematogr\u00e1fica.<\/p>\n<p>O primeiro trailer foi divulgado pela HBO no final da \u00faltima semana, coincidente com o lan\u00e7amento da Max no Reino Unido. A produ\u00e7\u00e3o pretende arrancar com oito epis\u00f3dios dedicados ao livro A Pedra Filosofal, em tom mais realista.<\/p>\n<p>A dire\u00e7\u00e3o est\u00e1 a cargo de Mark Mylod, com Francesca Gardiner a servir de showrunner. O objetivo \u00e9 elevar o tom da adapta\u00e7\u00e3o, mantendo a promessa da HBO de uma \u201cfiel\u201d leitura da obra.<\/p>\n<h3>Elenco e dire\u00e7\u00e3o<\/h3>\n<p>O elenco principal inclui Dominic McLaughlin como Harry Potter, Arabella Stanton como Hermione e Alastair Stout como Rony. O trio de protagonistas surge onde mais se esperava, com jovens atores a afirmar a nova era da produ\u00e7\u00e3o.<\/p>\n<p>Lox Pratt interpreta Draco Malfoy, Alessia Leoni \u00e9 Parvati Patil e Leo Earley veste Seamus Finnigan. Neville Longbottom fica a cargo de Rory Wilmot, com Amos Kitson a interpretar Dudley Dursley.<\/p>\n<p>Figuras j\u00e1 ic\u00f3nicas aparecem em pap\u00e9is fixos, como John Lithgow (Dumbledore), Janet McTeer (Minerva McGonagall) e Paapa Essiedu (Snape). Nick Frost integra o elenco como Hagrid.<\/p>\n<h3>Rea\u00e7\u00f5es e detalhes de produ\u00e7\u00e3o<\/h3>\n<p>A produ\u00e7\u00e3o tem gerado debate online, especialmente pela escolha de Paapa Essiedu para Snape, que provocou rece\u00e7\u00f5es diversas entre f\u00e3s. A equipa de produ\u00e7\u00e3o afirma valoriza\u00e7\u00e3o do talento acima de conven\u00e7\u00f5es visuais.<\/p>\n<p>No trailer, retorna o ambiente cl\u00e1ssico, incluindo Peeves, o encontro inicial entre o trio no comboio e cen\u00e1rios reconhec\u00edveis, como a sala comum da Gryffindor. O tom \u00e9 de continuidade com a mitologia existente.<\/p>\n<p>Daniel Radcliffe, que interpretou Harry Potter originalmente, afirmou querer que as novas pessoas vivam uma boa experi\u00eancia sem influenciar o processo criativo da HBO, sublinhando que o papel evolui com a nova leitura da hist\u00f3ria.<\/p>\n<p>A estreia est\u00e1 marcada para 25 de dezembro de 2026, com a s\u00e9rie potencialmente dispon\u00edvel na HBO Max Portugal, conforme o calend\u00e1rio de conte\u00fados da plataforma.<\/p>\n","protected":false},"excerpt":{"rendered":"<ul>\n<li>A s\u00e9rie de televis\u00e3o Harry Potter e a Pedra Filosofal estreia no Natal de 2026, com a HBO Max a apresentar uma adapta\u00e7\u00e3o fiel em formato de s\u00e9rie, potencialmente com sete temporadas.<\/li>\n<li>Francesca Gardiner \u00e9 showrunner e Mark Mylod o realizador principal, associados a uma abordagem que promete elevar o tom da historia original.<\/li>\n<li>O elenco principal conta com Dominic McLaughlin (Harry Potter), Arabella Stanton (Hermione) e Alastair Stout (Rony), com Lox Pratt, Alessia Leoni e Leo Earley nos pap\u00e9is de Draco Malfoy, Parvati Patil e Seamus Finnigan.<\/li>\n<li>Atrizes e atores consagrados incluem John Lithgow (Dumbledore), Janet McTeer (Minerva McGonagall), Paapa Essiedu (Severus Snape) e Nick Frost (Hagrid); a nomea\u00e7\u00e3o de Essiedu gerou pol\u00e9mica online.<\/li>\n<li>O trailer mostra elementos familiares como Peeves e a sala comunal de Gryffindor, enquanto Daniel Radcliffe afirma que n\u00e3o quer ser um \u201cfantasma\u201d na vida dos novos int\u00e9rpretes, desejando uma boa experi\u00eancia sem intervir no processo criativo.<\/li>\n<\/ul>\n","protected":false},"author":2,"featured_media":426862,"comment_status":"closed","ping_status":"closed","sticky":false,"template":"","format":"standard","meta":{"footnotes":""},"categories":[7368],"tags":[145,6598,3797,5242,130,2390],"class_list":["post-426859","post","type-post","status-publish","format-standard","has-post-thumbnail","hentry","category-series-e-filmes","tag-cultura","tag-entretenimento","tag-ficcao","tag-filmes","tag-livros","tag-series"],"yoast_head":"<!-- This site is optimized with the Yoast SEO plugin v27.2 - https:\/\/yoast.com\/product\/yoast-seo-wordpress\/ -->\n<title>Hogwarts reabre em adapta\u00e7\u00e3o fiel de Harry Potter, apenas no Natal - Portal Tela Portugal<\/title>\n<meta name=\"robots\" content=\"index, follow, max-snippet:-1, max-image-preview:large, max-video-preview:-1\" \/>\n<meta property=\"og:locale\" content=\"pt_PT\" \/>\n<meta property=\"og:type\" content=\"article\" \/>\n<meta property=\"og:title\" content=\"Hogwarts reabre em adapta\u00e7\u00e3o fiel de Harry Potter, apenas no Natal - Portal Tela Portugal\" \/>\n<meta property=\"og:description\" content=\"A s\u00e9rie de televis\u00e3o Harry Potter e a Pedra Filosofal estreia no Natal de 2026, com a HBO Max a apresentar uma adapta\u00e7\u00e3o fiel em formato de s\u00e9rie, potencialmente com sete temporadas. Francesca Gardiner \u00e9 showrunner e Mark Mylod o realizador principal, associados a uma abordagem que promete elevar o tom da historia original. O elenco principal conta com Dominic McLaughlin (Harry Potter), Arabella Stanton (Hermione) e Alastair Stout (Rony), com Lox Pratt, Alessia Leoni e Leo Earley nos pap\u00e9is de Draco Malfoy, Parvati Patil e Seamus Finnigan. Atrizes e atores consagrados incluem John Lithgow (Dumbledore), Janet McTeer (Minerva McGonagall), Paapa Essiedu (Severus Snape) e Nick Frost (Hagrid); a nomea\u00e7\u00e3o de Essiedu gerou pol\u00e9mica online. O trailer mostra elementos familiares como Peeves e a sala comunal de Gryffindor, enquanto Daniel Radcliffe afirma que n\u00e3o quer ser um \u201cfantasma\u201d na vida dos novos int\u00e9rpretes, desejando uma boa experi\u00eancia sem intervir no processo criativo.\" \/>\n<meta property=\"og:url\" content=\"https:\/\/portaltela.pt\/noticias\/2026\/03\/30\/hogwarts-reabre-em-adaptacao-fiel-de-harry-potter-apenas-no-natal\/\" \/>\n<meta property=\"og:site_name\" content=\"Portal Tela Portugal\" \/>\n<meta property=\"article:published_time\" content=\"2026-03-30T11:47:05+00:00\" \/>\n<meta name=\"author\" content=\"Telinha\" \/>\n<meta name=\"twitter:card\" content=\"summary_large_image\" \/>\n<meta name=\"twitter:label1\" content=\"Escrito por\" \/>\n\t<meta name=\"twitter:data1\" content=\"Telinha\" \/>\n\t<meta name=\"twitter:label2\" content=\"Tempo estimado de leitura\" \/>\n\t<meta name=\"twitter:data2\" content=\"2 minutos\" \/>\n<script type=\"application\/ld+json\" class=\"yoast-schema-graph\">{\"@context\":\"https:\/\/schema.org\",\"@graph\":[{\"@type\":\"Article\",\"@id\":\"https:\/\/portaltela.pt\/noticias\/2026\/03\/30\/hogwarts-reabre-em-adaptacao-fiel-de-harry-potter-apenas-no-natal\/#article\",\"isPartOf\":{\"@id\":\"https:\/\/portaltela.pt\/noticias\/2026\/03\/30\/hogwarts-reabre-em-adaptacao-fiel-de-harry-potter-apenas-no-natal\/\"},\"author\":{\"name\":\"Telinha\",\"@id\":\"https:\/\/portaltela.pt\/#\/schema\/person\/c4278d4a6028830caff9ee44b42d32ed\"},\"headline\":\"Hogwarts reabre em adapta\u00e7\u00e3o fiel de Harry Potter, apenas no Natal\",\"datePublished\":\"2026-03-30T11:47:05+00:00\",\"mainEntityOfPage\":{\"@id\":\"https:\/\/portaltela.pt\/noticias\/2026\/03\/30\/hogwarts-reabre-em-adaptacao-fiel-de-harry-potter-apenas-no-natal\/\"},\"wordCount\":382,\"image\":{\"@id\":\"https:\/\/portaltela.pt\/noticias\/2026\/03\/30\/hogwarts-reabre-em-adaptacao-fiel-de-harry-potter-apenas-no-natal\/#primaryimage\"},\"thumbnailUrl\":\"https:\/\/portaltela.pt\/s.01k8rhncp4jt1\/2026\/03\/2077396.jpg\",\"keywords\":[\"cultura\",\"entretenimento\",\"fic\u00e7\u00e3o\",\"filmes\",\"livros\",\"S\u00c9RIES\"],\"articleSection\":[\"S\u00e9ries e filmes\"],\"inLanguage\":\"pt-PT\"},{\"@type\":\"WebPage\",\"@id\":\"https:\/\/portaltela.pt\/noticias\/2026\/03\/30\/hogwarts-reabre-em-adaptacao-fiel-de-harry-potter-apenas-no-natal\/\",\"url\":\"https:\/\/portaltela.pt\/noticias\/2026\/03\/30\/hogwarts-reabre-em-adaptacao-fiel-de-harry-potter-apenas-no-natal\/\",\"name\":\"Hogwarts reabre em adapta\u00e7\u00e3o fiel de Harry Potter, apenas no Natal - Portal Tela Portugal\",\"isPartOf\":{\"@id\":\"https:\/\/portaltela.pt\/#website\"},\"primaryImageOfPage\":{\"@id\":\"https:\/\/portaltela.pt\/noticias\/2026\/03\/30\/hogwarts-reabre-em-adaptacao-fiel-de-harry-potter-apenas-no-natal\/#primaryimage\"},\"image\":{\"@id\":\"https:\/\/portaltela.pt\/noticias\/2026\/03\/30\/hogwarts-reabre-em-adaptacao-fiel-de-harry-potter-apenas-no-natal\/#primaryimage\"},\"thumbnailUrl\":\"https:\/\/portaltela.pt\/s.01k8rhncp4jt1\/2026\/03\/2077396.jpg\",\"datePublished\":\"2026-03-30T11:47:05+00:00\",\"author\":{\"@id\":\"https:\/\/portaltela.pt\/#\/schema\/person\/c4278d4a6028830caff9ee44b42d32ed\"},\"breadcrumb\":{\"@id\":\"https:\/\/portaltela.pt\/noticias\/2026\/03\/30\/hogwarts-reabre-em-adaptacao-fiel-de-harry-potter-apenas-no-natal\/#breadcrumb\"},\"inLanguage\":\"pt-PT\",\"potentialAction\":[{\"@type\":\"ReadAction\",\"target\":[\"https:\/\/portaltela.pt\/noticias\/2026\/03\/30\/hogwarts-reabre-em-adaptacao-fiel-de-harry-potter-apenas-no-natal\/\"]}]},{\"@type\":\"ImageObject\",\"inLanguage\":\"pt-PT\",\"@id\":\"https:\/\/portaltela.pt\/noticias\/2026\/03\/30\/hogwarts-reabre-em-adaptacao-fiel-de-harry-potter-apenas-no-natal\/#primaryimage\",\"url\":\"https:\/\/portaltela.pt\/s.01k8rhncp4jt1\/2026\/03\/2077396.jpg\",\"contentUrl\":\"https:\/\/portaltela.pt\/s.01k8rhncp4jt1\/2026\/03\/2077396.jpg\",\"width\":796,\"height\":448,\"caption\":\"Nova s\u00e9rie *Harry Potter e a Pedra Filosofal* chega \u00e0 HBO no Natal de 2026\"},{\"@type\":\"BreadcrumbList\",\"@id\":\"https:\/\/portaltela.pt\/noticias\/2026\/03\/30\/hogwarts-reabre-em-adaptacao-fiel-de-harry-potter-apenas-no-natal\/#breadcrumb\",\"itemListElement\":[{\"@type\":\"ListItem\",\"position\":1,\"name\":\"In\u00edcio\",\"item\":\"https:\/\/portaltela.pt\/\"},{\"@type\":\"ListItem\",\"position\":2,\"name\":\"Hogwarts reabre em adapta\u00e7\u00e3o fiel de Harry Potter, apenas no Natal\"}]},{\"@type\":\"WebSite\",\"@id\":\"https:\/\/portaltela.pt\/#website\",\"url\":\"https:\/\/portaltela.pt\/\",\"name\":\"Portal Tela Portugal\",\"description\":\"\",\"potentialAction\":[{\"@type\":\"SearchAction\",\"target\":{\"@type\":\"EntryPoint\",\"urlTemplate\":\"https:\/\/portaltela.pt\/?s={search_term_string}\"},\"query-input\":{\"@type\":\"PropertyValueSpecification\",\"valueRequired\":true,\"valueName\":\"search_term_string\"}}],\"inLanguage\":\"pt-PT\"},{\"@type\":\"Person\",\"@id\":\"https:\/\/portaltela.pt\/#\/schema\/person\/c4278d4a6028830caff9ee44b42d32ed\",\"name\":\"Telinha\",\"image\":{\"@type\":\"ImageObject\",\"inLanguage\":\"pt-PT\",\"@id\":\"https:\/\/portaltela.pt\/s.01k8rhncp4jt1\/2025\/11\/talking-bot-125x125.png\",\"url\":\"https:\/\/portaltela.pt\/s.01k8rhncp4jt1\/2025\/11\/talking-bot-125x125.png\",\"contentUrl\":\"https:\/\/portaltela.pt\/s.01k8rhncp4jt1\/2025\/11\/talking-bot-125x125.png\",\"caption\":\"Telinha\"},\"sameAs\":[\"https:\/\/portaltela.pt\/\"],\"url\":\"https:\/\/portaltela.pt\/por\/367410592786\/\"}]}<\/script>\n<!-- \/ Yoast SEO plugin. -->","yoast_head_json":{"title":"Hogwarts reabre em adapta\u00e7\u00e3o fiel de Harry Potter, apenas no Natal - Portal Tela Portugal","robots":{"index":"index","follow":"follow","max-snippet":"max-snippet:-1","max-image-preview":"max-image-preview:large","max-video-preview":"max-video-preview:-1"},"og_locale":"pt_PT","og_type":"article","og_title":"Hogwarts reabre em adapta\u00e7\u00e3o fiel de Harry Potter, apenas no Natal - Portal Tela Portugal","og_description":"A s\u00e9rie de televis\u00e3o Harry Potter e a Pedra Filosofal estreia no Natal de 2026, com a HBO Max a apresentar uma adapta\u00e7\u00e3o fiel em formato de s\u00e9rie, potencialmente com sete temporadas. Francesca Gardiner \u00e9 showrunner e Mark Mylod o realizador principal, associados a uma abordagem que promete elevar o tom da historia original. O elenco principal conta com Dominic McLaughlin (Harry Potter), Arabella Stanton (Hermione) e Alastair Stout (Rony), com Lox Pratt, Alessia Leoni e Leo Earley nos pap\u00e9is de Draco Malfoy, Parvati Patil e Seamus Finnigan. Atrizes e atores consagrados incluem John Lithgow (Dumbledore), Janet McTeer (Minerva McGonagall), Paapa Essiedu (Severus Snape) e Nick Frost (Hagrid); a nomea\u00e7\u00e3o de Essiedu gerou pol\u00e9mica online. O trailer mostra elementos familiares como Peeves e a sala comunal de Gryffindor, enquanto Daniel Radcliffe afirma que n\u00e3o quer ser um \u201cfantasma\u201d na vida dos novos int\u00e9rpretes, desejando uma boa experi\u00eancia sem intervir no processo criativo.","og_url":"https:\/\/portaltela.pt\/noticias\/2026\/03\/30\/hogwarts-reabre-em-adaptacao-fiel-de-harry-potter-apenas-no-natal\/","og_site_name":"Portal Tela Portugal","article_published_time":"2026-03-30T11:47:05+00:00","author":"Telinha","twitter_card":"summary_large_image","twitter_misc":{"Escrito por":"Telinha","Tempo estimado de leitura":"2 minutos"},"schema":{"@context":"https:\/\/schema.org","@graph":[{"@type":"Article","@id":"https:\/\/portaltela.pt\/noticias\/2026\/03\/30\/hogwarts-reabre-em-adaptacao-fiel-de-harry-potter-apenas-no-natal\/#article","isPartOf":{"@id":"https:\/\/portaltela.pt\/noticias\/2026\/03\/30\/hogwarts-reabre-em-adaptacao-fiel-de-harry-potter-apenas-no-natal\/"},"author":{"name":"Telinha","@id":"https:\/\/portaltela.pt\/#\/schema\/person\/c4278d4a6028830caff9ee44b42d32ed"},"headline":"Hogwarts reabre em adapta\u00e7\u00e3o fiel de Harry Potter, apenas no Natal","datePublished":"2026-03-30T11:47:05+00:00","mainEntityOfPage":{"@id":"https:\/\/portaltela.pt\/noticias\/2026\/03\/30\/hogwarts-reabre-em-adaptacao-fiel-de-harry-potter-apenas-no-natal\/"},"wordCount":382,"image":{"@id":"https:\/\/portaltela.pt\/noticias\/2026\/03\/30\/hogwarts-reabre-em-adaptacao-fiel-de-harry-potter-apenas-no-natal\/#primaryimage"},"thumbnailUrl":"https:\/\/portaltela.pt\/s.01k8rhncp4jt1\/2026\/03\/2077396.jpg","keywords":["cultura","entretenimento","fic\u00e7\u00e3o","filmes","livros","S\u00c9RIES"],"articleSection":["S\u00e9ries e filmes"],"inLanguage":"pt-PT"},{"@type":"WebPage","@id":"https:\/\/portaltela.pt\/noticias\/2026\/03\/30\/hogwarts-reabre-em-adaptacao-fiel-de-harry-potter-apenas-no-natal\/","url":"https:\/\/portaltela.pt\/noticias\/2026\/03\/30\/hogwarts-reabre-em-adaptacao-fiel-de-harry-potter-apenas-no-natal\/","name":"Hogwarts reabre em adapta\u00e7\u00e3o fiel de Harry Potter, apenas no Natal - Portal Tela Portugal","isPartOf":{"@id":"https:\/\/portaltela.pt\/#website"},"primaryImageOfPage":{"@id":"https:\/\/portaltela.pt\/noticias\/2026\/03\/30\/hogwarts-reabre-em-adaptacao-fiel-de-harry-potter-apenas-no-natal\/#primaryimage"},"image":{"@id":"https:\/\/portaltela.pt\/noticias\/2026\/03\/30\/hogwarts-reabre-em-adaptacao-fiel-de-harry-potter-apenas-no-natal\/#primaryimage"},"thumbnailUrl":"https:\/\/portaltela.pt\/s.01k8rhncp4jt1\/2026\/03\/2077396.jpg","datePublished":"2026-03-30T11:47:05+00:00","author":{"@id":"https:\/\/portaltela.pt\/#\/schema\/person\/c4278d4a6028830caff9ee44b42d32ed"},"breadcrumb":{"@id":"https:\/\/portaltela.pt\/noticias\/2026\/03\/30\/hogwarts-reabre-em-adaptacao-fiel-de-harry-potter-apenas-no-natal\/#breadcrumb"},"inLanguage":"pt-PT","potentialAction":[{"@type":"ReadAction","target":["https:\/\/portaltela.pt\/noticias\/2026\/03\/30\/hogwarts-reabre-em-adaptacao-fiel-de-harry-potter-apenas-no-natal\/"]}]},{"@type":"ImageObject","inLanguage":"pt-PT","@id":"https:\/\/portaltela.pt\/noticias\/2026\/03\/30\/hogwarts-reabre-em-adaptacao-fiel-de-harry-potter-apenas-no-natal\/#primaryimage","url":"https:\/\/portaltela.pt\/s.01k8rhncp4jt1\/2026\/03\/2077396.jpg","contentUrl":"https:\/\/portaltela.pt\/s.01k8rhncp4jt1\/2026\/03\/2077396.jpg","width":796,"height":448,"caption":"Nova s\u00e9rie *Harry Potter e a Pedra Filosofal* chega \u00e0 HBO no Natal de 2026"},{"@type":"BreadcrumbList","@id":"https:\/\/portaltela.pt\/noticias\/2026\/03\/30\/hogwarts-reabre-em-adaptacao-fiel-de-harry-potter-apenas-no-natal\/#breadcrumb","itemListElement":[{"@type":"ListItem","position":1,"name":"In\u00edcio","item":"https:\/\/portaltela.pt\/"},{"@type":"ListItem","position":2,"name":"Hogwarts reabre em adapta\u00e7\u00e3o fiel de Harry Potter, apenas no Natal"}]},{"@type":"WebSite","@id":"https:\/\/portaltela.pt\/#website","url":"https:\/\/portaltela.pt\/","name":"Portal Tela Portugal","description":"","potentialAction":[{"@type":"SearchAction","target":{"@type":"EntryPoint","urlTemplate":"https:\/\/portaltela.pt\/?s={search_term_string}"},"query-input":{"@type":"PropertyValueSpecification","valueRequired":true,"valueName":"search_term_string"}}],"inLanguage":"pt-PT"},{"@type":"Person","@id":"https:\/\/portaltela.pt\/#\/schema\/person\/c4278d4a6028830caff9ee44b42d32ed","name":"Telinha","image":{"@type":"ImageObject","inLanguage":"pt-PT","@id":"https:\/\/portaltela.pt\/s.01k8rhncp4jt1\/2025\/11\/talking-bot-125x125.png","url":"https:\/\/portaltela.pt\/s.01k8rhncp4jt1\/2025\/11\/talking-bot-125x125.png","contentUrl":"https:\/\/portaltela.pt\/s.01k8rhncp4jt1\/2025\/11\/talking-bot-125x125.png","caption":"Telinha"},"sameAs":["https:\/\/portaltela.pt\/"],"url":"https:\/\/portaltela.pt\/por\/367410592786\/"}]}},"_links":{"self":[{"href":"https:\/\/portaltela.pt\/api\/wp\/v2\/posts\/426859","targetHints":{"allow":["GET"]}}],"collection":[{"href":"https:\/\/portaltela.pt\/api\/wp\/v2\/posts"}],"about":[{"href":"https:\/\/portaltela.pt\/api\/wp\/v2\/types\/post"}],"author":[{"embeddable":true,"href":"https:\/\/portaltela.pt\/api\/wp\/v2\/users\/2"}],"replies":[{"embeddable":true,"href":"https:\/\/portaltela.pt\/api\/wp\/v2\/comments?post=426859"}],"version-history":[{"count":0,"href":"https:\/\/portaltela.pt\/api\/wp\/v2\/posts\/426859\/revisions"}],"wp:featuredmedia":[{"embeddable":true,"href":"https:\/\/portaltela.pt\/api\/wp\/v2\/media\/426862"}],"wp:attachment":[{"href":"https:\/\/portaltela.pt\/api\/wp\/v2\/media?parent=426859"}],"wp:term":[{"taxonomy":"category","embeddable":true,"href":"https:\/\/portaltela.pt\/api\/wp\/v2\/categories?post=426859"},{"taxonomy":"post_tag","embeddable":true,"href":"https:\/\/portaltela.pt\/api\/wp\/v2\/tags?post=426859"}],"curies":[{"name":"wp","href":"https:\/\/api.w.org\/{rel}","templated":true}]}}