{"id":426858,"date":"2026-03-30T08:47:04","date_gmt":"2026-03-30T11:47:04","guid":{"rendered":"https:\/\/portaltela.pt\/noticias\/2026\/03\/30\/quatro-satelites-portugueses-entram-em-orbita\/"},"modified":"2026-03-30T08:47:04","modified_gmt":"2026-03-30T11:47:04","slug":"quatro-satelites-portugueses-entram-em-orbita","status":"publish","type":"post","link":"https:\/\/portaltela.pt\/tecnologia\/2026\/03\/30\/quatro-satelites-portugueses-entram-em-orbita\/","title":{"rendered":"Quatro sat\u00e9lites portugueses entram em \u00f3rbita"},"content":{"rendered":"<p>O projeto Lus\u00edada da empresa portuguesa LusoSpace visa lan\u00e7ar quatro sat\u00e9lites para estabelecer uma rede de internet no mar, descrita pela empresa como um equivalente a um Waze dos oceanos. A iniciativa busca melhorar a seguran\u00e7a das viagens e das comunica\u00e7\u00f5es mar\u00edtimas em qualquer condi\u00e7\u00e3o.<\/p>\n<p>Os sat\u00e9lites Cam\u00f5es, Agustina, Pessoa e Saramago comp\u00f5em a constela\u00e7\u00e3o inicial. O lan\u00e7amento ser\u00e1 efetuado com um foguet\u00e3o da SpaceX, a partir da base de Vandenberg, na Calif\u00f3rnia, Estados Unidos. O objetivo \u00e9 disponibilizar conectividade mar\u00edtima ao longo de v\u00e1rias rotas internacionais.<\/p>\n<h3>Financiamento e parcerias<\/h3>\n<p>O projeto envolve parcerias estrat\u00e9gicas com entidades governamentais. O investimento total \u00e9 de cerca de 15 milh\u00f5es de euros, dos quais 10 milh\u00f5es s\u00e3o financiados pelo Plano de Recupera\u00e7\u00e3o e Resili\u00eancia (PRR). A LusoSpace aporta cerca de 2,5 milh\u00f5es de euros, cabendo o restante a investidores privados.<\/p>\n<h3>Acompanhamento p\u00fablico<\/h3>\n<p>O lan\u00e7amento poder\u00e1 ser acompanhado em tempo real em Lisboa, num evento com participa\u00e7\u00e3o de entidades ligadas \u00e0 aeroespacial e \u00e0 Defesa, segundo a empresa.<\/p>\n","protected":false},"excerpt":{"rendered":"<ul>\n<li>Quatro sat\u00e9lites portugueses da constela\u00e7\u00e3o Lus\u00edada v\u00e3o para \u00f3rbita com o objetivo de criar uma rede de internet no mar, descrita como o \u201cwaze dos oceanos\u201d.<\/li>\n<li>Os sat\u00e9lites, designados Cam\u00f5es, Agustina, Pessoa e Saramago, ser\u00e3o lan\u00e7ados por um foguet\u00e3o da SpaceX a partir da base de Vandenberg, na Calif\u00f3rnia.<\/li>\n<li>O projeto \u00e9 privado, com parcerias governamentais, e envolve um investimento de 15 milh\u00f5es de euros, sendo 10 milh\u00f5es financiados pelo Plano de Recupera\u00e7\u00e3o e Resili\u00eancia (PRR).<\/li>\n<li>A LusoSpace aporta cerca de 2,5 milh\u00f5es de euros, cabendo o restante angaria\u00e7\u00e3o a investidores privados.<\/li>\n<li>O lan\u00e7amento pode ser acompanhado em Lisboa, num evento em tempo real com a presen\u00e7a de entidades ligadas \u00e0 aeroespacial e \u00e0 Defesa.<\/li>\n<\/ul>\n","protected":false},"author":2,"featured_media":426867,"comment_status":"closed","ping_status":"closed","sticky":false,"template":"","format":"standard","meta":{"footnotes":""},"categories":[6716],"tags":[6115,2625,2982,39,1014,153],"class_list":["post-426858","post","type-post","status-publish","format-standard","has-post-thumbnail","hentry","category-tecnologia","tag-_economia","tag-aeronautica","tag-agencia-espacial-portuguesa","tag-internet","tag-portugal","tag-tecnologia"],"yoast_head":"<!-- This site is optimized with the Yoast SEO plugin v27.2 - https:\/\/yoast.com\/product\/yoast-seo-wordpress\/ -->\n<title>Quatro sat\u00e9lites portugueses entram em \u00f3rbita - Portal Tela Portugal<\/title>\n<meta name=\"robots\" content=\"index, follow, max-snippet:-1, max-image-preview:large, max-video-preview:-1\" \/>\n<meta property=\"og:locale\" content=\"pt_PT\" \/>\n<meta property=\"og:type\" content=\"article\" \/>\n<meta property=\"og:title\" content=\"Quatro sat\u00e9lites portugueses entram em \u00f3rbita - Portal Tela Portugal\" \/>\n<meta property=\"og:description\" content=\"Quatro sat\u00e9lites portugueses da constela\u00e7\u00e3o Lus\u00edada v\u00e3o para \u00f3rbita com o objetivo de criar uma rede de internet no mar, descrita como o \u201cwaze dos oceanos\u201d. Os sat\u00e9lites, designados Cam\u00f5es, Agustina, Pessoa e Saramago, ser\u00e3o lan\u00e7ados por um foguet\u00e3o da SpaceX a partir da base de Vandenberg, na Calif\u00f3rnia. O projeto \u00e9 privado, com parcerias governamentais, e envolve um investimento de 15 milh\u00f5es de euros, sendo 10 milh\u00f5es financiados pelo Plano de Recupera\u00e7\u00e3o e Resili\u00eancia (PRR). A LusoSpace aporta cerca de 2,5 milh\u00f5es de euros, cabendo o restante angaria\u00e7\u00e3o a investidores privados. O lan\u00e7amento pode ser acompanhado em Lisboa, num evento em tempo real com a presen\u00e7a de entidades ligadas \u00e0 aeroespacial e \u00e0 Defesa.\" \/>\n<meta property=\"og:url\" content=\"https:\/\/portaltela.pt\/noticias\/2026\/03\/30\/quatro-satelites-portugueses-entram-em-orbita\/\" \/>\n<meta property=\"og:site_name\" content=\"Portal Tela Portugal\" \/>\n<meta property=\"article:published_time\" content=\"2026-03-30T11:47:04+00:00\" \/>\n<meta name=\"author\" content=\"Telinha\" \/>\n<meta name=\"twitter:card\" content=\"summary_large_image\" \/>\n<meta name=\"twitter:label1\" content=\"Escrito por\" \/>\n\t<meta name=\"twitter:data1\" content=\"Telinha\" \/>\n\t<meta name=\"twitter:label2\" content=\"Tempo estimado de leitura\" \/>\n\t<meta name=\"twitter:data2\" content=\"1 minuto\" \/>\n<script type=\"application\/ld+json\" class=\"yoast-schema-graph\">{\"@context\":\"https:\/\/schema.org\",\"@graph\":[{\"@type\":\"Article\",\"@id\":\"https:\/\/portaltela.pt\/noticias\/2026\/03\/30\/quatro-satelites-portugueses-entram-em-orbita\/#article\",\"isPartOf\":{\"@id\":\"https:\/\/portaltela.pt\/noticias\/2026\/03\/30\/quatro-satelites-portugueses-entram-em-orbita\/\"},\"author\":{\"name\":\"Telinha\",\"@id\":\"https:\/\/portaltela.pt\/#\/schema\/person\/c4278d4a6028830caff9ee44b42d32ed\"},\"headline\":\"Quatro sat\u00e9lites portugueses entram em \u00f3rbita\",\"datePublished\":\"2026-03-30T11:47:04+00:00\",\"mainEntityOfPage\":{\"@id\":\"https:\/\/portaltela.pt\/noticias\/2026\/03\/30\/quatro-satelites-portugueses-entram-em-orbita\/\"},\"wordCount\":190,\"image\":{\"@id\":\"https:\/\/portaltela.pt\/noticias\/2026\/03\/30\/quatro-satelites-portugueses-entram-em-orbita\/#primaryimage\"},\"thumbnailUrl\":\"https:\/\/portaltela.pt\/s.01k8rhncp4jt1\/2026\/03\/image-1795.jpg\",\"keywords\":[\"_economia\",\"aeron\u00e1utica\",\"Ag\u00eancia Espacial Portuguesa\",\"internet\",\"Portugal\",\"tecnologia\"],\"articleSection\":[\"Tecnologia\"],\"inLanguage\":\"pt-PT\"},{\"@type\":\"WebPage\",\"@id\":\"https:\/\/portaltela.pt\/noticias\/2026\/03\/30\/quatro-satelites-portugueses-entram-em-orbita\/\",\"url\":\"https:\/\/portaltela.pt\/noticias\/2026\/03\/30\/quatro-satelites-portugueses-entram-em-orbita\/\",\"name\":\"Quatro sat\u00e9lites portugueses entram em \u00f3rbita - Portal Tela Portugal\",\"isPartOf\":{\"@id\":\"https:\/\/portaltela.pt\/#website\"},\"primaryImageOfPage\":{\"@id\":\"https:\/\/portaltela.pt\/noticias\/2026\/03\/30\/quatro-satelites-portugueses-entram-em-orbita\/#primaryimage\"},\"image\":{\"@id\":\"https:\/\/portaltela.pt\/noticias\/2026\/03\/30\/quatro-satelites-portugueses-entram-em-orbita\/#primaryimage\"},\"thumbnailUrl\":\"https:\/\/portaltela.pt\/s.01k8rhncp4jt1\/2026\/03\/image-1795.jpg\",\"datePublished\":\"2026-03-30T11:47:04+00:00\",\"author\":{\"@id\":\"https:\/\/portaltela.pt\/#\/schema\/person\/c4278d4a6028830caff9ee44b42d32ed\"},\"breadcrumb\":{\"@id\":\"https:\/\/portaltela.pt\/noticias\/2026\/03\/30\/quatro-satelites-portugueses-entram-em-orbita\/#breadcrumb\"},\"inLanguage\":\"pt-PT\",\"potentialAction\":[{\"@type\":\"ReadAction\",\"target\":[\"https:\/\/portaltela.pt\/noticias\/2026\/03\/30\/quatro-satelites-portugueses-entram-em-orbita\/\"]}]},{\"@type\":\"ImageObject\",\"inLanguage\":\"pt-PT\",\"@id\":\"https:\/\/portaltela.pt\/noticias\/2026\/03\/30\/quatro-satelites-portugueses-entram-em-orbita\/#primaryimage\",\"url\":\"https:\/\/portaltela.pt\/s.01k8rhncp4jt1\/2026\/03\/image-1795.jpg\",\"contentUrl\":\"https:\/\/portaltela.pt\/s.01k8rhncp4jt1\/2026\/03\/image-1795.jpg\",\"width\":796,\"height\":448,\"caption\":\"Este projeto privado conta com parcerias estrat\u00e9gicas com entidades governamentais\"},{\"@type\":\"BreadcrumbList\",\"@id\":\"https:\/\/portaltela.pt\/noticias\/2026\/03\/30\/quatro-satelites-portugueses-entram-em-orbita\/#breadcrumb\",\"itemListElement\":[{\"@type\":\"ListItem\",\"position\":1,\"name\":\"In\u00edcio\",\"item\":\"https:\/\/portaltela.pt\/\"},{\"@type\":\"ListItem\",\"position\":2,\"name\":\"Quatro sat\u00e9lites portugueses entram em \u00f3rbita\"}]},{\"@type\":\"WebSite\",\"@id\":\"https:\/\/portaltela.pt\/#website\",\"url\":\"https:\/\/portaltela.pt\/\",\"name\":\"Portal Tela Portugal\",\"description\":\"\",\"potentialAction\":[{\"@type\":\"SearchAction\",\"target\":{\"@type\":\"EntryPoint\",\"urlTemplate\":\"https:\/\/portaltela.pt\/?s={search_term_string}\"},\"query-input\":{\"@type\":\"PropertyValueSpecification\",\"valueRequired\":true,\"valueName\":\"search_term_string\"}}],\"inLanguage\":\"pt-PT\"},{\"@type\":\"Person\",\"@id\":\"https:\/\/portaltela.pt\/#\/schema\/person\/c4278d4a6028830caff9ee44b42d32ed\",\"name\":\"Telinha\",\"image\":{\"@type\":\"ImageObject\",\"inLanguage\":\"pt-PT\",\"@id\":\"https:\/\/portaltela.pt\/s.01k8rhncp4jt1\/2025\/11\/talking-bot-125x125.png\",\"url\":\"https:\/\/portaltela.pt\/s.01k8rhncp4jt1\/2025\/11\/talking-bot-125x125.png\",\"contentUrl\":\"https:\/\/portaltela.pt\/s.01k8rhncp4jt1\/2025\/11\/talking-bot-125x125.png\",\"caption\":\"Telinha\"},\"sameAs\":[\"https:\/\/portaltela.pt\/\"],\"url\":\"https:\/\/portaltela.pt\/por\/367410592786\/\"}]}<\/script>\n<!-- \/ Yoast SEO plugin. -->","yoast_head_json":{"title":"Quatro sat\u00e9lites portugueses entram em \u00f3rbita - Portal Tela Portugal","robots":{"index":"index","follow":"follow","max-snippet":"max-snippet:-1","max-image-preview":"max-image-preview:large","max-video-preview":"max-video-preview:-1"},"og_locale":"pt_PT","og_type":"article","og_title":"Quatro sat\u00e9lites portugueses entram em \u00f3rbita - Portal Tela Portugal","og_description":"Quatro sat\u00e9lites portugueses da constela\u00e7\u00e3o Lus\u00edada v\u00e3o para \u00f3rbita com o objetivo de criar uma rede de internet no mar, descrita como o \u201cwaze dos oceanos\u201d. Os sat\u00e9lites, designados Cam\u00f5es, Agustina, Pessoa e Saramago, ser\u00e3o lan\u00e7ados por um foguet\u00e3o da SpaceX a partir da base de Vandenberg, na Calif\u00f3rnia. O projeto \u00e9 privado, com parcerias governamentais, e envolve um investimento de 15 milh\u00f5es de euros, sendo 10 milh\u00f5es financiados pelo Plano de Recupera\u00e7\u00e3o e Resili\u00eancia (PRR). A LusoSpace aporta cerca de 2,5 milh\u00f5es de euros, cabendo o restante angaria\u00e7\u00e3o a investidores privados. O lan\u00e7amento pode ser acompanhado em Lisboa, num evento em tempo real com a presen\u00e7a de entidades ligadas \u00e0 aeroespacial e \u00e0 Defesa.","og_url":"https:\/\/portaltela.pt\/noticias\/2026\/03\/30\/quatro-satelites-portugueses-entram-em-orbita\/","og_site_name":"Portal Tela Portugal","article_published_time":"2026-03-30T11:47:04+00:00","author":"Telinha","twitter_card":"summary_large_image","twitter_misc":{"Escrito por":"Telinha","Tempo estimado de leitura":"1 minuto"},"schema":{"@context":"https:\/\/schema.org","@graph":[{"@type":"Article","@id":"https:\/\/portaltela.pt\/noticias\/2026\/03\/30\/quatro-satelites-portugueses-entram-em-orbita\/#article","isPartOf":{"@id":"https:\/\/portaltela.pt\/noticias\/2026\/03\/30\/quatro-satelites-portugueses-entram-em-orbita\/"},"author":{"name":"Telinha","@id":"https:\/\/portaltela.pt\/#\/schema\/person\/c4278d4a6028830caff9ee44b42d32ed"},"headline":"Quatro sat\u00e9lites portugueses entram em \u00f3rbita","datePublished":"2026-03-30T11:47:04+00:00","mainEntityOfPage":{"@id":"https:\/\/portaltela.pt\/noticias\/2026\/03\/30\/quatro-satelites-portugueses-entram-em-orbita\/"},"wordCount":190,"image":{"@id":"https:\/\/portaltela.pt\/noticias\/2026\/03\/30\/quatro-satelites-portugueses-entram-em-orbita\/#primaryimage"},"thumbnailUrl":"https:\/\/portaltela.pt\/s.01k8rhncp4jt1\/2026\/03\/image-1795.jpg","keywords":["_economia","aeron\u00e1utica","Ag\u00eancia Espacial Portuguesa","internet","Portugal","tecnologia"],"articleSection":["Tecnologia"],"inLanguage":"pt-PT"},{"@type":"WebPage","@id":"https:\/\/portaltela.pt\/noticias\/2026\/03\/30\/quatro-satelites-portugueses-entram-em-orbita\/","url":"https:\/\/portaltela.pt\/noticias\/2026\/03\/30\/quatro-satelites-portugueses-entram-em-orbita\/","name":"Quatro sat\u00e9lites portugueses entram em \u00f3rbita - Portal Tela Portugal","isPartOf":{"@id":"https:\/\/portaltela.pt\/#website"},"primaryImageOfPage":{"@id":"https:\/\/portaltela.pt\/noticias\/2026\/03\/30\/quatro-satelites-portugueses-entram-em-orbita\/#primaryimage"},"image":{"@id":"https:\/\/portaltela.pt\/noticias\/2026\/03\/30\/quatro-satelites-portugueses-entram-em-orbita\/#primaryimage"},"thumbnailUrl":"https:\/\/portaltela.pt\/s.01k8rhncp4jt1\/2026\/03\/image-1795.jpg","datePublished":"2026-03-30T11:47:04+00:00","author":{"@id":"https:\/\/portaltela.pt\/#\/schema\/person\/c4278d4a6028830caff9ee44b42d32ed"},"breadcrumb":{"@id":"https:\/\/portaltela.pt\/noticias\/2026\/03\/30\/quatro-satelites-portugueses-entram-em-orbita\/#breadcrumb"},"inLanguage":"pt-PT","potentialAction":[{"@type":"ReadAction","target":["https:\/\/portaltela.pt\/noticias\/2026\/03\/30\/quatro-satelites-portugueses-entram-em-orbita\/"]}]},{"@type":"ImageObject","inLanguage":"pt-PT","@id":"https:\/\/portaltela.pt\/noticias\/2026\/03\/30\/quatro-satelites-portugueses-entram-em-orbita\/#primaryimage","url":"https:\/\/portaltela.pt\/s.01k8rhncp4jt1\/2026\/03\/image-1795.jpg","contentUrl":"https:\/\/portaltela.pt\/s.01k8rhncp4jt1\/2026\/03\/image-1795.jpg","width":796,"height":448,"caption":"Este projeto privado conta com parcerias estrat\u00e9gicas com entidades governamentais"},{"@type":"BreadcrumbList","@id":"https:\/\/portaltela.pt\/noticias\/2026\/03\/30\/quatro-satelites-portugueses-entram-em-orbita\/#breadcrumb","itemListElement":[{"@type":"ListItem","position":1,"name":"In\u00edcio","item":"https:\/\/portaltela.pt\/"},{"@type":"ListItem","position":2,"name":"Quatro sat\u00e9lites portugueses entram em \u00f3rbita"}]},{"@type":"WebSite","@id":"https:\/\/portaltela.pt\/#website","url":"https:\/\/portaltela.pt\/","name":"Portal Tela Portugal","description":"","potentialAction":[{"@type":"SearchAction","target":{"@type":"EntryPoint","urlTemplate":"https:\/\/portaltela.pt\/?s={search_term_string}"},"query-input":{"@type":"PropertyValueSpecification","valueRequired":true,"valueName":"search_term_string"}}],"inLanguage":"pt-PT"},{"@type":"Person","@id":"https:\/\/portaltela.pt\/#\/schema\/person\/c4278d4a6028830caff9ee44b42d32ed","name":"Telinha","image":{"@type":"ImageObject","inLanguage":"pt-PT","@id":"https:\/\/portaltela.pt\/s.01k8rhncp4jt1\/2025\/11\/talking-bot-125x125.png","url":"https:\/\/portaltela.pt\/s.01k8rhncp4jt1\/2025\/11\/talking-bot-125x125.png","contentUrl":"https:\/\/portaltela.pt\/s.01k8rhncp4jt1\/2025\/11\/talking-bot-125x125.png","caption":"Telinha"},"sameAs":["https:\/\/portaltela.pt\/"],"url":"https:\/\/portaltela.pt\/por\/367410592786\/"}]}},"_links":{"self":[{"href":"https:\/\/portaltela.pt\/api\/wp\/v2\/posts\/426858","targetHints":{"allow":["GET"]}}],"collection":[{"href":"https:\/\/portaltela.pt\/api\/wp\/v2\/posts"}],"about":[{"href":"https:\/\/portaltela.pt\/api\/wp\/v2\/types\/post"}],"author":[{"embeddable":true,"href":"https:\/\/portaltela.pt\/api\/wp\/v2\/users\/2"}],"replies":[{"embeddable":true,"href":"https:\/\/portaltela.pt\/api\/wp\/v2\/comments?post=426858"}],"version-history":[{"count":0,"href":"https:\/\/portaltela.pt\/api\/wp\/v2\/posts\/426858\/revisions"}],"wp:featuredmedia":[{"embeddable":true,"href":"https:\/\/portaltela.pt\/api\/wp\/v2\/media\/426867"}],"wp:attachment":[{"href":"https:\/\/portaltela.pt\/api\/wp\/v2\/media?parent=426858"}],"wp:term":[{"taxonomy":"category","embeddable":true,"href":"https:\/\/portaltela.pt\/api\/wp\/v2\/categories?post=426858"},{"taxonomy":"post_tag","embeddable":true,"href":"https:\/\/portaltela.pt\/api\/wp\/v2\/tags?post=426858"}],"curies":[{"name":"wp","href":"https:\/\/api.w.org\/{rel}","templated":true}]}}