{"id":426855,"date":"2026-03-30T08:17:00","date_gmt":"2026-03-30T11:17:00","guid":{"rendered":"https:\/\/portaltela.pt\/noticias\/2026\/03\/30\/ue-aprova-regras-finais-de-emissoes-de-co2-para-veiculos-pesados-2\/"},"modified":"2026-03-30T08:17:00","modified_gmt":"2026-03-30T11:17:00","slug":"ue-aprova-regras-finais-de-emissoes-de-co2-para-veiculos-pesados-2","status":"publish","type":"post","link":"https:\/\/portaltela.pt\/noticias\/2026\/03\/30\/ue-aprova-regras-finais-de-emissoes-de-co2-para-veiculos-pesados-2\/","title":{"rendered":"UE aprova regras finais de emiss\u00f5es de CO2 para ve\u00edculos pesados"},"content":{"rendered":"<p>A Uni\u00e3o Europeia aprovou hoje as regras finais sobre emiss\u00f5es de CO2 para ve\u00edculos pesados, introduzindo uma flexibiliza\u00e7\u00e3o at\u00e9 2029. A decis\u00e3o atualiza o quadro regulat\u00f3rio do setor do transporte.<\/p>\n<p>As novas regras estabelecem padr\u00f5es de emiss\u00f5es para ve\u00edculos pesados e prev\u00eaem uma flexibiliza\u00e7\u00e3o que se estende at\u00e9 2029, permitindo ajustes conforme o desenvolvimento tecnol\u00f3gico e a evolu\u00e7\u00e3o do mercado.<\/p>\n<p>A aprova\u00e7\u00e3o final refor\u00e7a o compromisso da UE em orientar o setor rumo a op\u00e7\u00f5es mais eficientes do ponto de vista energ\u00e9tico, integrando mecanismos de adapta\u00e7\u00e3o ao longo do tempo.<\/p>\n","protected":false},"excerpt":{"rendered":"<ul>\n<li>A Uni\u00e3o Europeia deu hoje o aval final \u00e0s novas regras sobre emiss\u00f5es de di\u00f3xido de carbono para ve\u00edculos pesados.<\/li>\n<li>As regras passam a incluir uma flexibiliza\u00e7\u00e3o at\u00e9 2029.<\/li>\n<li>Os crit\u00e9rios visam reduzir as emiss\u00f5es de CO2 dos ve\u00edculos pesados ao longo do tempo.<\/li>\n<li>As medidas abrangem ve\u00edculos pesados, como cami\u00f5es e autocarros, com prazos flex\u00edveis para cumprir metas.<\/li>\n<\/ul>\n","protected":false},"author":2,"featured_media":426863,"comment_status":"closed","ping_status":"closed","sticky":false,"template":"","format":"standard","meta":{"footnotes":""},"categories":[7380,1],"tags":[7073,174,45,133,192],"class_list":["post-426855","post","type-post","status-publish","format-standard","has-post-thumbnail","hentry","category-clima","category-noticias","tag-emissoes","tag-energia","tag-meio-ambiente","tag-politicas-publicas","tag-transporte"],"yoast_head":"<!-- This site is optimized with the Yoast SEO plugin v27.2 - https:\/\/yoast.com\/product\/yoast-seo-wordpress\/ -->\n<title>UE aprova regras finais de emiss\u00f5es de CO2 para ve\u00edculos pesados - Portal Tela Portugal<\/title>\n<meta name=\"robots\" content=\"index, follow, max-snippet:-1, max-image-preview:large, max-video-preview:-1\" \/>\n<meta property=\"og:locale\" content=\"pt_PT\" \/>\n<meta property=\"og:type\" content=\"article\" \/>\n<meta property=\"og:title\" content=\"UE aprova regras finais de emiss\u00f5es de CO2 para ve\u00edculos pesados - Portal Tela Portugal\" \/>\n<meta property=\"og:description\" content=\"A Uni\u00e3o Europeia deu hoje o aval final \u00e0s novas regras sobre emiss\u00f5es de di\u00f3xido de carbono para ve\u00edculos pesados. As regras passam a incluir uma flexibiliza\u00e7\u00e3o at\u00e9 2029. Os crit\u00e9rios visam reduzir as emiss\u00f5es de CO2 dos ve\u00edculos pesados ao longo do tempo. As medidas abrangem ve\u00edculos pesados, como cami\u00f5es e autocarros, com prazos flex\u00edveis para cumprir metas.\" \/>\n<meta property=\"og:url\" content=\"https:\/\/portaltela.pt\/noticias\/2026\/03\/30\/ue-aprova-regras-finais-de-emissoes-de-co2-para-veiculos-pesados-2\/\" \/>\n<meta property=\"og:site_name\" content=\"Portal Tela Portugal\" \/>\n<meta property=\"article:published_time\" content=\"2026-03-30T11:17:00+00:00\" \/>\n<meta name=\"author\" content=\"Telinha\" \/>\n<meta name=\"twitter:card\" content=\"summary_large_image\" \/>\n<meta name=\"twitter:label1\" content=\"Escrito por\" \/>\n\t<meta name=\"twitter:data1\" content=\"Telinha\" \/>\n\t<meta name=\"twitter:label2\" content=\"Tempo estimado de leitura\" \/>\n\t<meta name=\"twitter:data2\" content=\"1 minuto\" \/>\n<script type=\"application\/ld+json\" class=\"yoast-schema-graph\">{\"@context\":\"https:\/\/schema.org\",\"@graph\":[{\"@type\":\"Article\",\"@id\":\"https:\/\/portaltela.pt\/noticias\/2026\/03\/30\/ue-aprova-regras-finais-de-emissoes-de-co2-para-veiculos-pesados-2\/#article\",\"isPartOf\":{\"@id\":\"https:\/\/portaltela.pt\/noticias\/2026\/03\/30\/ue-aprova-regras-finais-de-emissoes-de-co2-para-veiculos-pesados-2\/\"},\"author\":{\"name\":\"Telinha\",\"@id\":\"https:\/\/portaltela.pt\/#\/schema\/person\/c4278d4a6028830caff9ee44b42d32ed\"},\"headline\":\"UE aprova regras finais de emiss\u00f5es de CO2 para ve\u00edculos pesados\",\"datePublished\":\"2026-03-30T11:17:00+00:00\",\"mainEntityOfPage\":{\"@id\":\"https:\/\/portaltela.pt\/noticias\/2026\/03\/30\/ue-aprova-regras-finais-de-emissoes-de-co2-para-veiculos-pesados-2\/\"},\"wordCount\":119,\"image\":{\"@id\":\"https:\/\/portaltela.pt\/noticias\/2026\/03\/30\/ue-aprova-regras-finais-de-emissoes-de-co2-para-veiculos-pesados-2\/#primaryimage\"},\"thumbnailUrl\":\"https:\/\/portaltela.pt\/s.01k8rhncp4jt1\/2026\/03\/CACHE_780X1200_ANALOG_WATERMARKED_40348409_3128363_22022023122717.jpg\",\"keywords\":[\"emiss\u00f5es\",\"energia\",\"meio-ambiente\",\"pol\u00edticas p\u00fablicas\",\"transporte\"],\"articleSection\":[\"Clima\",\"Not\u00edcias\"],\"inLanguage\":\"pt-PT\"},{\"@type\":\"WebPage\",\"@id\":\"https:\/\/portaltela.pt\/noticias\/2026\/03\/30\/ue-aprova-regras-finais-de-emissoes-de-co2-para-veiculos-pesados-2\/\",\"url\":\"https:\/\/portaltela.pt\/noticias\/2026\/03\/30\/ue-aprova-regras-finais-de-emissoes-de-co2-para-veiculos-pesados-2\/\",\"name\":\"UE aprova regras finais de emiss\u00f5es de CO2 para ve\u00edculos pesados - Portal Tela Portugal\",\"isPartOf\":{\"@id\":\"https:\/\/portaltela.pt\/#website\"},\"primaryImageOfPage\":{\"@id\":\"https:\/\/portaltela.pt\/noticias\/2026\/03\/30\/ue-aprova-regras-finais-de-emissoes-de-co2-para-veiculos-pesados-2\/#primaryimage\"},\"image\":{\"@id\":\"https:\/\/portaltela.pt\/noticias\/2026\/03\/30\/ue-aprova-regras-finais-de-emissoes-de-co2-para-veiculos-pesados-2\/#primaryimage\"},\"thumbnailUrl\":\"https:\/\/portaltela.pt\/s.01k8rhncp4jt1\/2026\/03\/CACHE_780X1200_ANALOG_WATERMARKED_40348409_3128363_22022023122717.jpg\",\"datePublished\":\"2026-03-30T11:17:00+00:00\",\"author\":{\"@id\":\"https:\/\/portaltela.pt\/#\/schema\/person\/c4278d4a6028830caff9ee44b42d32ed\"},\"breadcrumb\":{\"@id\":\"https:\/\/portaltela.pt\/noticias\/2026\/03\/30\/ue-aprova-regras-finais-de-emissoes-de-co2-para-veiculos-pesados-2\/#breadcrumb\"},\"inLanguage\":\"pt-PT\",\"potentialAction\":[{\"@type\":\"ReadAction\",\"target\":[\"https:\/\/portaltela.pt\/noticias\/2026\/03\/30\/ue-aprova-regras-finais-de-emissoes-de-co2-para-veiculos-pesados-2\/\"]}]},{\"@type\":\"ImageObject\",\"inLanguage\":\"pt-PT\",\"@id\":\"https:\/\/portaltela.pt\/noticias\/2026\/03\/30\/ue-aprova-regras-finais-de-emissoes-de-co2-para-veiculos-pesados-2\/#primaryimage\",\"url\":\"https:\/\/portaltela.pt\/s.01k8rhncp4jt1\/2026\/03\/CACHE_780X1200_ANALOG_WATERMARKED_40348409_3128363_22022023122717.jpg\",\"contentUrl\":\"https:\/\/portaltela.pt\/s.01k8rhncp4jt1\/2026\/03\/CACHE_780X1200_ANALOG_WATERMARKED_40348409_3128363_22022023122717.jpg\",\"width\":796,\"height\":448,\"caption\":\"UE d\u00e1 aval final a regras para emiss\u00f5es de CO2 para ve\u00edculos pesados\"},{\"@type\":\"BreadcrumbList\",\"@id\":\"https:\/\/portaltela.pt\/noticias\/2026\/03\/30\/ue-aprova-regras-finais-de-emissoes-de-co2-para-veiculos-pesados-2\/#breadcrumb\",\"itemListElement\":[{\"@type\":\"ListItem\",\"position\":1,\"name\":\"In\u00edcio\",\"item\":\"https:\/\/portaltela.pt\/\"},{\"@type\":\"ListItem\",\"position\":2,\"name\":\"UE aprova regras finais de emiss\u00f5es de CO2 para ve\u00edculos pesados\"}]},{\"@type\":\"WebSite\",\"@id\":\"https:\/\/portaltela.pt\/#website\",\"url\":\"https:\/\/portaltela.pt\/\",\"name\":\"Portal Tela Portugal\",\"description\":\"\",\"potentialAction\":[{\"@type\":\"SearchAction\",\"target\":{\"@type\":\"EntryPoint\",\"urlTemplate\":\"https:\/\/portaltela.pt\/?s={search_term_string}\"},\"query-input\":{\"@type\":\"PropertyValueSpecification\",\"valueRequired\":true,\"valueName\":\"search_term_string\"}}],\"inLanguage\":\"pt-PT\"},{\"@type\":\"Person\",\"@id\":\"https:\/\/portaltela.pt\/#\/schema\/person\/c4278d4a6028830caff9ee44b42d32ed\",\"name\":\"Telinha\",\"image\":{\"@type\":\"ImageObject\",\"inLanguage\":\"pt-PT\",\"@id\":\"https:\/\/portaltela.pt\/s.01k8rhncp4jt1\/2025\/11\/talking-bot-125x125.png\",\"url\":\"https:\/\/portaltela.pt\/s.01k8rhncp4jt1\/2025\/11\/talking-bot-125x125.png\",\"contentUrl\":\"https:\/\/portaltela.pt\/s.01k8rhncp4jt1\/2025\/11\/talking-bot-125x125.png\",\"caption\":\"Telinha\"},\"sameAs\":[\"https:\/\/portaltela.pt\/\"],\"url\":\"https:\/\/portaltela.pt\/por\/367410592786\/\"}]}<\/script>\n<!-- \/ Yoast SEO plugin. -->","yoast_head_json":{"title":"UE aprova regras finais de emiss\u00f5es de CO2 para ve\u00edculos pesados - Portal Tela Portugal","robots":{"index":"index","follow":"follow","max-snippet":"max-snippet:-1","max-image-preview":"max-image-preview:large","max-video-preview":"max-video-preview:-1"},"og_locale":"pt_PT","og_type":"article","og_title":"UE aprova regras finais de emiss\u00f5es de CO2 para ve\u00edculos pesados - Portal Tela Portugal","og_description":"A Uni\u00e3o Europeia deu hoje o aval final \u00e0s novas regras sobre emiss\u00f5es de di\u00f3xido de carbono para ve\u00edculos pesados. As regras passam a incluir uma flexibiliza\u00e7\u00e3o at\u00e9 2029. Os crit\u00e9rios visam reduzir as emiss\u00f5es de CO2 dos ve\u00edculos pesados ao longo do tempo. As medidas abrangem ve\u00edculos pesados, como cami\u00f5es e autocarros, com prazos flex\u00edveis para cumprir metas.","og_url":"https:\/\/portaltela.pt\/noticias\/2026\/03\/30\/ue-aprova-regras-finais-de-emissoes-de-co2-para-veiculos-pesados-2\/","og_site_name":"Portal Tela Portugal","article_published_time":"2026-03-30T11:17:00+00:00","author":"Telinha","twitter_card":"summary_large_image","twitter_misc":{"Escrito por":"Telinha","Tempo estimado de leitura":"1 minuto"},"schema":{"@context":"https:\/\/schema.org","@graph":[{"@type":"Article","@id":"https:\/\/portaltela.pt\/noticias\/2026\/03\/30\/ue-aprova-regras-finais-de-emissoes-de-co2-para-veiculos-pesados-2\/#article","isPartOf":{"@id":"https:\/\/portaltela.pt\/noticias\/2026\/03\/30\/ue-aprova-regras-finais-de-emissoes-de-co2-para-veiculos-pesados-2\/"},"author":{"name":"Telinha","@id":"https:\/\/portaltela.pt\/#\/schema\/person\/c4278d4a6028830caff9ee44b42d32ed"},"headline":"UE aprova regras finais de emiss\u00f5es de CO2 para ve\u00edculos pesados","datePublished":"2026-03-30T11:17:00+00:00","mainEntityOfPage":{"@id":"https:\/\/portaltela.pt\/noticias\/2026\/03\/30\/ue-aprova-regras-finais-de-emissoes-de-co2-para-veiculos-pesados-2\/"},"wordCount":119,"image":{"@id":"https:\/\/portaltela.pt\/noticias\/2026\/03\/30\/ue-aprova-regras-finais-de-emissoes-de-co2-para-veiculos-pesados-2\/#primaryimage"},"thumbnailUrl":"https:\/\/portaltela.pt\/s.01k8rhncp4jt1\/2026\/03\/CACHE_780X1200_ANALOG_WATERMARKED_40348409_3128363_22022023122717.jpg","keywords":["emiss\u00f5es","energia","meio-ambiente","pol\u00edticas p\u00fablicas","transporte"],"articleSection":["Clima","Not\u00edcias"],"inLanguage":"pt-PT"},{"@type":"WebPage","@id":"https:\/\/portaltela.pt\/noticias\/2026\/03\/30\/ue-aprova-regras-finais-de-emissoes-de-co2-para-veiculos-pesados-2\/","url":"https:\/\/portaltela.pt\/noticias\/2026\/03\/30\/ue-aprova-regras-finais-de-emissoes-de-co2-para-veiculos-pesados-2\/","name":"UE aprova regras finais de emiss\u00f5es de CO2 para ve\u00edculos pesados - Portal Tela Portugal","isPartOf":{"@id":"https:\/\/portaltela.pt\/#website"},"primaryImageOfPage":{"@id":"https:\/\/portaltela.pt\/noticias\/2026\/03\/30\/ue-aprova-regras-finais-de-emissoes-de-co2-para-veiculos-pesados-2\/#primaryimage"},"image":{"@id":"https:\/\/portaltela.pt\/noticias\/2026\/03\/30\/ue-aprova-regras-finais-de-emissoes-de-co2-para-veiculos-pesados-2\/#primaryimage"},"thumbnailUrl":"https:\/\/portaltela.pt\/s.01k8rhncp4jt1\/2026\/03\/CACHE_780X1200_ANALOG_WATERMARKED_40348409_3128363_22022023122717.jpg","datePublished":"2026-03-30T11:17:00+00:00","author":{"@id":"https:\/\/portaltela.pt\/#\/schema\/person\/c4278d4a6028830caff9ee44b42d32ed"},"breadcrumb":{"@id":"https:\/\/portaltela.pt\/noticias\/2026\/03\/30\/ue-aprova-regras-finais-de-emissoes-de-co2-para-veiculos-pesados-2\/#breadcrumb"},"inLanguage":"pt-PT","potentialAction":[{"@type":"ReadAction","target":["https:\/\/portaltela.pt\/noticias\/2026\/03\/30\/ue-aprova-regras-finais-de-emissoes-de-co2-para-veiculos-pesados-2\/"]}]},{"@type":"ImageObject","inLanguage":"pt-PT","@id":"https:\/\/portaltela.pt\/noticias\/2026\/03\/30\/ue-aprova-regras-finais-de-emissoes-de-co2-para-veiculos-pesados-2\/#primaryimage","url":"https:\/\/portaltela.pt\/s.01k8rhncp4jt1\/2026\/03\/CACHE_780X1200_ANALOG_WATERMARKED_40348409_3128363_22022023122717.jpg","contentUrl":"https:\/\/portaltela.pt\/s.01k8rhncp4jt1\/2026\/03\/CACHE_780X1200_ANALOG_WATERMARKED_40348409_3128363_22022023122717.jpg","width":796,"height":448,"caption":"UE d\u00e1 aval final a regras para emiss\u00f5es de CO2 para ve\u00edculos pesados"},{"@type":"BreadcrumbList","@id":"https:\/\/portaltela.pt\/noticias\/2026\/03\/30\/ue-aprova-regras-finais-de-emissoes-de-co2-para-veiculos-pesados-2\/#breadcrumb","itemListElement":[{"@type":"ListItem","position":1,"name":"In\u00edcio","item":"https:\/\/portaltela.pt\/"},{"@type":"ListItem","position":2,"name":"UE aprova regras finais de emiss\u00f5es de CO2 para ve\u00edculos pesados"}]},{"@type":"WebSite","@id":"https:\/\/portaltela.pt\/#website","url":"https:\/\/portaltela.pt\/","name":"Portal Tela Portugal","description":"","potentialAction":[{"@type":"SearchAction","target":{"@type":"EntryPoint","urlTemplate":"https:\/\/portaltela.pt\/?s={search_term_string}"},"query-input":{"@type":"PropertyValueSpecification","valueRequired":true,"valueName":"search_term_string"}}],"inLanguage":"pt-PT"},{"@type":"Person","@id":"https:\/\/portaltela.pt\/#\/schema\/person\/c4278d4a6028830caff9ee44b42d32ed","name":"Telinha","image":{"@type":"ImageObject","inLanguage":"pt-PT","@id":"https:\/\/portaltela.pt\/s.01k8rhncp4jt1\/2025\/11\/talking-bot-125x125.png","url":"https:\/\/portaltela.pt\/s.01k8rhncp4jt1\/2025\/11\/talking-bot-125x125.png","contentUrl":"https:\/\/portaltela.pt\/s.01k8rhncp4jt1\/2025\/11\/talking-bot-125x125.png","caption":"Telinha"},"sameAs":["https:\/\/portaltela.pt\/"],"url":"https:\/\/portaltela.pt\/por\/367410592786\/"}]}},"_links":{"self":[{"href":"https:\/\/portaltela.pt\/api\/wp\/v2\/posts\/426855","targetHints":{"allow":["GET"]}}],"collection":[{"href":"https:\/\/portaltela.pt\/api\/wp\/v2\/posts"}],"about":[{"href":"https:\/\/portaltela.pt\/api\/wp\/v2\/types\/post"}],"author":[{"embeddable":true,"href":"https:\/\/portaltela.pt\/api\/wp\/v2\/users\/2"}],"replies":[{"embeddable":true,"href":"https:\/\/portaltela.pt\/api\/wp\/v2\/comments?post=426855"}],"version-history":[{"count":0,"href":"https:\/\/portaltela.pt\/api\/wp\/v2\/posts\/426855\/revisions"}],"wp:featuredmedia":[{"embeddable":true,"href":"https:\/\/portaltela.pt\/api\/wp\/v2\/media\/426863"}],"wp:attachment":[{"href":"https:\/\/portaltela.pt\/api\/wp\/v2\/media?parent=426855"}],"wp:term":[{"taxonomy":"category","embeddable":true,"href":"https:\/\/portaltela.pt\/api\/wp\/v2\/categories?post=426855"},{"taxonomy":"post_tag","embeddable":true,"href":"https:\/\/portaltela.pt\/api\/wp\/v2\/tags?post=426855"}],"curies":[{"name":"wp","href":"https:\/\/api.w.org\/{rel}","templated":true}]}}