{"id":426842,"date":"2026-03-30T08:32:11","date_gmt":"2026-03-30T11:32:11","guid":{"rendered":"https:\/\/portaltela.pt\/noticias\/2026\/03\/30\/camara-de-ovar-recebe-pedidos-de-apoio-no-valor-de-172-mil-euros-por-estragos-da-depressao-kristin\/"},"modified":"2026-03-30T08:32:11","modified_gmt":"2026-03-30T11:32:11","slug":"camara-de-ovar-recebe-pedidos-de-apoio-no-valor-de-172-mil-euros-por-estragos-da-depressao-kristin","status":"publish","type":"post","link":"https:\/\/portaltela.pt\/tempo\/2026\/03\/30\/camara-de-ovar-recebe-pedidos-de-apoio-no-valor-de-172-mil-euros-por-estragos-da-depressao-kristin\/","title":{"rendered":"C\u00e2mara de Ovar recebe pedidos de apoio no valor de 172 mil euros por estragos da depress\u00e3o Kristin"},"content":{"rendered":"<p>A C\u00e2mara Municipal de Ovar recebeu 38 pedidos de apoio pelos danos causados pela depress\u00e3o Kristin. O montante global solicitado supera 172 mil euros, segundo fonte municipal \u00e0 Lusa. O n\u00famero pode variar com novas candidaturas ou desist\u00eancias.<\/p>\n<p>Entre os pedidos, 14 excedem os 5 mil euros. A maioria refere danos por inunda\u00e7\u00f5es e telhas levantadas que originaram infiltra\u00e7\u00f5es. Os pedidos foram inseridos na Plataforma para Declara\u00e7\u00e3o de Preju\u00edzos, dispon\u00edvel nos sites do SIAG e da CCDR-C.<\/p>\n<p>Processo de avalia\u00e7\u00e3o<\/p>\n<p>Cada requerimento \u00e9 analisado pelos servi\u00e7os municipais de Ovar, que verificam a conformidade documental. Ap\u00f3s corre\u00e7\u00e3o de irregularidades, uma equipa t\u00e9cnica avalia o nexo causal entre os danos e Kristin. Vistorias podem ocorrer no local.<\/p>\n<p>Posteriormente, as candidaturas seguem para a CCDR-C, respons\u00e1vel pela verifica\u00e7\u00e3o final e pelo pagamento dos apoios aplic\u00e1veis. O prazo de atribui\u00e7\u00e3o depende da Portaria n.\u00ba 63-A\/2026, come\u00e7ando quando a candidatura est\u00e1 completa.<\/p>\n<p>Cronologia e contexto<\/p>\n<p>Portugal continental foi atingido por m\u00faltiplas tempestades entre late January e early February, com maior impacto na regi\u00e3o Centro. A Prote\u00e7\u00e3o Civil manteve o n\u00edvel 4 de alerta para a orla costeira entre Viana do Castelo e Set\u00fabal devido \u00e0 depress\u00e3o Kristin.<\/p>\n","protected":false},"excerpt":{"rendered":"<ul>\n<li>A C\u00e2mara de Ovar recebeu 38 candidaturas de apoio devido aos danos da depress\u00e3o Kristin, num valor global superior a 172 mil euros.<\/li>\n<li>Entre as candidaturas, 14 fazem pedidos acima de cinco mil euros, com danos reportados por inunda\u00e7\u00f5es e telhas levantadas que originaram infiltra\u00e7\u00f5es.<\/li>\n<li>Os pedidos s\u00e3o analisados pela equipa t\u00e9cnica municipal depois de valida\u00e7\u00e3o inicial, com eventual vistoria ao local, e seguem para a CCDR-C para verifica\u00e7\u00e3o final e pagamento.<\/li>\n<li>O prazo para pagamento varia: tr\u00eas dias \u00fateis sem vistoria ou quinze dias \u00fateis com vistoria, conforme a Portaria n.\u00ba 63-A\/2026\/1.<\/li>\n<li>O epis\u00f3dio de Kristin ocorreu entre final de janeiro e in\u00edcio de fevereiro, afetando sobretudo a regi\u00e3o Centro, com a Prote\u00e7\u00e3o Civil em prontid\u00e3o m\u00e1xima ao longo da costa.<\/li>\n<\/ul>\n","protected":false},"author":2,"featured_media":426847,"comment_status":"closed","ping_status":"closed","sticky":false,"template":"","format":"standard","meta":{"footnotes":""},"categories":[7365],"tags":[1211,5050,5215,150,2293,320],"class_list":["post-426842","post","type-post","status-publish","format-standard","has-post-thumbnail","hentry","category-tempo","tag-apoio-social","tag-calamidades-publicas","tag-catastrofes-naturais","tag-habitacao","tag-inundacoes","tag-protecao-civil"],"yoast_head":"<!-- This site is optimized with the Yoast SEO plugin v27.2 - https:\/\/yoast.com\/product\/yoast-seo-wordpress\/ -->\n<title>C\u00e2mara de Ovar recebe pedidos de apoio no valor de 172 mil euros por estragos da depress\u00e3o Kristin - Portal Tela Portugal<\/title>\n<meta name=\"robots\" content=\"index, follow, max-snippet:-1, max-image-preview:large, max-video-preview:-1\" \/>\n<meta property=\"og:locale\" content=\"pt_PT\" \/>\n<meta property=\"og:type\" content=\"article\" \/>\n<meta property=\"og:title\" content=\"C\u00e2mara de Ovar recebe pedidos de apoio no valor de 172 mil euros por estragos da depress\u00e3o Kristin - Portal Tela Portugal\" \/>\n<meta property=\"og:description\" content=\"A C\u00e2mara de Ovar recebeu 38 candidaturas de apoio devido aos danos da depress\u00e3o Kristin, num valor global superior a 172 mil euros. Entre as candidaturas, 14 fazem pedidos acima de cinco mil euros, com danos reportados por inunda\u00e7\u00f5es e telhas levantadas que originaram infiltra\u00e7\u00f5es. Os pedidos s\u00e3o analisados pela equipa t\u00e9cnica municipal depois de valida\u00e7\u00e3o inicial, com eventual vistoria ao local, e seguem para a CCDR-C para verifica\u00e7\u00e3o final e pagamento. O prazo para pagamento varia: tr\u00eas dias \u00fateis sem vistoria ou quinze dias \u00fateis com vistoria, conforme a Portaria n.\u00ba 63-A\/2026\/1. O epis\u00f3dio de Kristin ocorreu entre final de janeiro e in\u00edcio de fevereiro, afetando sobretudo a regi\u00e3o Centro, com a Prote\u00e7\u00e3o Civil em prontid\u00e3o m\u00e1xima ao longo da costa.\" \/>\n<meta property=\"og:url\" content=\"https:\/\/portaltela.pt\/noticias\/2026\/03\/30\/camara-de-ovar-recebe-pedidos-de-apoio-no-valor-de-172-mil-euros-por-estragos-da-depressao-kristin\/\" \/>\n<meta property=\"og:site_name\" content=\"Portal Tela Portugal\" \/>\n<meta property=\"article:published_time\" content=\"2026-03-30T11:32:11+00:00\" \/>\n<meta name=\"author\" content=\"Telinha\" \/>\n<meta name=\"twitter:card\" content=\"summary_large_image\" \/>\n<meta name=\"twitter:label1\" content=\"Escrito por\" \/>\n\t<meta name=\"twitter:data1\" content=\"Telinha\" \/>\n\t<meta name=\"twitter:label2\" content=\"Tempo estimado de leitura\" \/>\n\t<meta name=\"twitter:data2\" content=\"1 minuto\" \/>\n<script type=\"application\/ld+json\" class=\"yoast-schema-graph\">{\"@context\":\"https:\/\/schema.org\",\"@graph\":[{\"@type\":\"Article\",\"@id\":\"https:\/\/portaltela.pt\/noticias\/2026\/03\/30\/camara-de-ovar-recebe-pedidos-de-apoio-no-valor-de-172-mil-euros-por-estragos-da-depressao-kristin\/#article\",\"isPartOf\":{\"@id\":\"https:\/\/portaltela.pt\/noticias\/2026\/03\/30\/camara-de-ovar-recebe-pedidos-de-apoio-no-valor-de-172-mil-euros-por-estragos-da-depressao-kristin\/\"},\"author\":{\"name\":\"Telinha\",\"@id\":\"https:\/\/portaltela.pt\/#\/schema\/person\/c4278d4a6028830caff9ee44b42d32ed\"},\"headline\":\"C\u00e2mara de Ovar recebe pedidos de apoio no valor de 172 mil euros por estragos da depress\u00e3o Kristin\",\"datePublished\":\"2026-03-30T11:32:11+00:00\",\"mainEntityOfPage\":{\"@id\":\"https:\/\/portaltela.pt\/noticias\/2026\/03\/30\/camara-de-ovar-recebe-pedidos-de-apoio-no-valor-de-172-mil-euros-por-estragos-da-depressao-kristin\/\"},\"wordCount\":228,\"image\":{\"@id\":\"https:\/\/portaltela.pt\/noticias\/2026\/03\/30\/camara-de-ovar-recebe-pedidos-de-apoio-no-valor-de-172-mil-euros-por-estragos-da-depressao-kristin\/#primaryimage\"},\"thumbnailUrl\":\"https:\/\/portaltela.pt\/s.01k8rhncp4jt1\/2026\/03\/img_1500x1000uu2014-10-20-13-15-00-412469.jpg\",\"keywords\":[\"Apoio Social\",\"calamidades p\u00fablicas\",\"cat\u00e1strofes naturais\",\"habita\u00e7\u00e3o\",\"inunda\u00e7\u00f5es\",\"prote\u00e7\u00e3o civil\"],\"articleSection\":[\"Tempo\"],\"inLanguage\":\"pt-PT\"},{\"@type\":\"WebPage\",\"@id\":\"https:\/\/portaltela.pt\/noticias\/2026\/03\/30\/camara-de-ovar-recebe-pedidos-de-apoio-no-valor-de-172-mil-euros-por-estragos-da-depressao-kristin\/\",\"url\":\"https:\/\/portaltela.pt\/noticias\/2026\/03\/30\/camara-de-ovar-recebe-pedidos-de-apoio-no-valor-de-172-mil-euros-por-estragos-da-depressao-kristin\/\",\"name\":\"C\u00e2mara de Ovar recebe pedidos de apoio no valor de 172 mil euros por estragos da depress\u00e3o Kristin - Portal Tela Portugal\",\"isPartOf\":{\"@id\":\"https:\/\/portaltela.pt\/#website\"},\"primaryImageOfPage\":{\"@id\":\"https:\/\/portaltela.pt\/noticias\/2026\/03\/30\/camara-de-ovar-recebe-pedidos-de-apoio-no-valor-de-172-mil-euros-por-estragos-da-depressao-kristin\/#primaryimage\"},\"image\":{\"@id\":\"https:\/\/portaltela.pt\/noticias\/2026\/03\/30\/camara-de-ovar-recebe-pedidos-de-apoio-no-valor-de-172-mil-euros-por-estragos-da-depressao-kristin\/#primaryimage\"},\"thumbnailUrl\":\"https:\/\/portaltela.pt\/s.01k8rhncp4jt1\/2026\/03\/img_1500x1000uu2014-10-20-13-15-00-412469.jpg\",\"datePublished\":\"2026-03-30T11:32:11+00:00\",\"author\":{\"@id\":\"https:\/\/portaltela.pt\/#\/schema\/person\/c4278d4a6028830caff9ee44b42d32ed\"},\"breadcrumb\":{\"@id\":\"https:\/\/portaltela.pt\/noticias\/2026\/03\/30\/camara-de-ovar-recebe-pedidos-de-apoio-no-valor-de-172-mil-euros-por-estragos-da-depressao-kristin\/#breadcrumb\"},\"inLanguage\":\"pt-PT\",\"potentialAction\":[{\"@type\":\"ReadAction\",\"target\":[\"https:\/\/portaltela.pt\/noticias\/2026\/03\/30\/camara-de-ovar-recebe-pedidos-de-apoio-no-valor-de-172-mil-euros-por-estragos-da-depressao-kristin\/\"]}]},{\"@type\":\"ImageObject\",\"inLanguage\":\"pt-PT\",\"@id\":\"https:\/\/portaltela.pt\/noticias\/2026\/03\/30\/camara-de-ovar-recebe-pedidos-de-apoio-no-valor-de-172-mil-euros-por-estragos-da-depressao-kristin\/#primaryimage\",\"url\":\"https:\/\/portaltela.pt\/s.01k8rhncp4jt1\/2026\/03\/img_1500x1000uu2014-10-20-13-15-00-412469.jpg\",\"contentUrl\":\"https:\/\/portaltela.pt\/s.01k8rhncp4jt1\/2026\/03\/img_1500x1000uu2014-10-20-13-15-00-412469.jpg\",\"width\":796,\"height\":448,\"caption\":\"C\u00e2mara Municipal de Ovar\"},{\"@type\":\"BreadcrumbList\",\"@id\":\"https:\/\/portaltela.pt\/noticias\/2026\/03\/30\/camara-de-ovar-recebe-pedidos-de-apoio-no-valor-de-172-mil-euros-por-estragos-da-depressao-kristin\/#breadcrumb\",\"itemListElement\":[{\"@type\":\"ListItem\",\"position\":1,\"name\":\"In\u00edcio\",\"item\":\"https:\/\/portaltela.pt\/\"},{\"@type\":\"ListItem\",\"position\":2,\"name\":\"C\u00e2mara de Ovar recebe pedidos de apoio no valor de 172 mil euros por estragos da depress\u00e3o Kristin\"}]},{\"@type\":\"WebSite\",\"@id\":\"https:\/\/portaltela.pt\/#website\",\"url\":\"https:\/\/portaltela.pt\/\",\"name\":\"Portal Tela Portugal\",\"description\":\"\",\"potentialAction\":[{\"@type\":\"SearchAction\",\"target\":{\"@type\":\"EntryPoint\",\"urlTemplate\":\"https:\/\/portaltela.pt\/?s={search_term_string}\"},\"query-input\":{\"@type\":\"PropertyValueSpecification\",\"valueRequired\":true,\"valueName\":\"search_term_string\"}}],\"inLanguage\":\"pt-PT\"},{\"@type\":\"Person\",\"@id\":\"https:\/\/portaltela.pt\/#\/schema\/person\/c4278d4a6028830caff9ee44b42d32ed\",\"name\":\"Telinha\",\"image\":{\"@type\":\"ImageObject\",\"inLanguage\":\"pt-PT\",\"@id\":\"https:\/\/portaltela.pt\/s.01k8rhncp4jt1\/2025\/11\/talking-bot-125x125.png\",\"url\":\"https:\/\/portaltela.pt\/s.01k8rhncp4jt1\/2025\/11\/talking-bot-125x125.png\",\"contentUrl\":\"https:\/\/portaltela.pt\/s.01k8rhncp4jt1\/2025\/11\/talking-bot-125x125.png\",\"caption\":\"Telinha\"},\"sameAs\":[\"https:\/\/portaltela.pt\/\"],\"url\":\"https:\/\/portaltela.pt\/por\/367410592786\/\"}]}<\/script>\n<!-- \/ Yoast SEO plugin. -->","yoast_head_json":{"title":"C\u00e2mara de Ovar recebe pedidos de apoio no valor de 172 mil euros por estragos da depress\u00e3o Kristin - Portal Tela Portugal","robots":{"index":"index","follow":"follow","max-snippet":"max-snippet:-1","max-image-preview":"max-image-preview:large","max-video-preview":"max-video-preview:-1"},"og_locale":"pt_PT","og_type":"article","og_title":"C\u00e2mara de Ovar recebe pedidos de apoio no valor de 172 mil euros por estragos da depress\u00e3o Kristin - Portal Tela Portugal","og_description":"A C\u00e2mara de Ovar recebeu 38 candidaturas de apoio devido aos danos da depress\u00e3o Kristin, num valor global superior a 172 mil euros. Entre as candidaturas, 14 fazem pedidos acima de cinco mil euros, com danos reportados por inunda\u00e7\u00f5es e telhas levantadas que originaram infiltra\u00e7\u00f5es. Os pedidos s\u00e3o analisados pela equipa t\u00e9cnica municipal depois de valida\u00e7\u00e3o inicial, com eventual vistoria ao local, e seguem para a CCDR-C para verifica\u00e7\u00e3o final e pagamento. O prazo para pagamento varia: tr\u00eas dias \u00fateis sem vistoria ou quinze dias \u00fateis com vistoria, conforme a Portaria n.\u00ba 63-A\/2026\/1. O epis\u00f3dio de Kristin ocorreu entre final de janeiro e in\u00edcio de fevereiro, afetando sobretudo a regi\u00e3o Centro, com a Prote\u00e7\u00e3o Civil em prontid\u00e3o m\u00e1xima ao longo da costa.","og_url":"https:\/\/portaltela.pt\/noticias\/2026\/03\/30\/camara-de-ovar-recebe-pedidos-de-apoio-no-valor-de-172-mil-euros-por-estragos-da-depressao-kristin\/","og_site_name":"Portal Tela Portugal","article_published_time":"2026-03-30T11:32:11+00:00","author":"Telinha","twitter_card":"summary_large_image","twitter_misc":{"Escrito por":"Telinha","Tempo estimado de leitura":"1 minuto"},"schema":{"@context":"https:\/\/schema.org","@graph":[{"@type":"Article","@id":"https:\/\/portaltela.pt\/noticias\/2026\/03\/30\/camara-de-ovar-recebe-pedidos-de-apoio-no-valor-de-172-mil-euros-por-estragos-da-depressao-kristin\/#article","isPartOf":{"@id":"https:\/\/portaltela.pt\/noticias\/2026\/03\/30\/camara-de-ovar-recebe-pedidos-de-apoio-no-valor-de-172-mil-euros-por-estragos-da-depressao-kristin\/"},"author":{"name":"Telinha","@id":"https:\/\/portaltela.pt\/#\/schema\/person\/c4278d4a6028830caff9ee44b42d32ed"},"headline":"C\u00e2mara de Ovar recebe pedidos de apoio no valor de 172 mil euros por estragos da depress\u00e3o Kristin","datePublished":"2026-03-30T11:32:11+00:00","mainEntityOfPage":{"@id":"https:\/\/portaltela.pt\/noticias\/2026\/03\/30\/camara-de-ovar-recebe-pedidos-de-apoio-no-valor-de-172-mil-euros-por-estragos-da-depressao-kristin\/"},"wordCount":228,"image":{"@id":"https:\/\/portaltela.pt\/noticias\/2026\/03\/30\/camara-de-ovar-recebe-pedidos-de-apoio-no-valor-de-172-mil-euros-por-estragos-da-depressao-kristin\/#primaryimage"},"thumbnailUrl":"https:\/\/portaltela.pt\/s.01k8rhncp4jt1\/2026\/03\/img_1500x1000uu2014-10-20-13-15-00-412469.jpg","keywords":["Apoio Social","calamidades p\u00fablicas","cat\u00e1strofes naturais","habita\u00e7\u00e3o","inunda\u00e7\u00f5es","prote\u00e7\u00e3o civil"],"articleSection":["Tempo"],"inLanguage":"pt-PT"},{"@type":"WebPage","@id":"https:\/\/portaltela.pt\/noticias\/2026\/03\/30\/camara-de-ovar-recebe-pedidos-de-apoio-no-valor-de-172-mil-euros-por-estragos-da-depressao-kristin\/","url":"https:\/\/portaltela.pt\/noticias\/2026\/03\/30\/camara-de-ovar-recebe-pedidos-de-apoio-no-valor-de-172-mil-euros-por-estragos-da-depressao-kristin\/","name":"C\u00e2mara de Ovar recebe pedidos de apoio no valor de 172 mil euros por estragos da depress\u00e3o Kristin - Portal Tela Portugal","isPartOf":{"@id":"https:\/\/portaltela.pt\/#website"},"primaryImageOfPage":{"@id":"https:\/\/portaltela.pt\/noticias\/2026\/03\/30\/camara-de-ovar-recebe-pedidos-de-apoio-no-valor-de-172-mil-euros-por-estragos-da-depressao-kristin\/#primaryimage"},"image":{"@id":"https:\/\/portaltela.pt\/noticias\/2026\/03\/30\/camara-de-ovar-recebe-pedidos-de-apoio-no-valor-de-172-mil-euros-por-estragos-da-depressao-kristin\/#primaryimage"},"thumbnailUrl":"https:\/\/portaltela.pt\/s.01k8rhncp4jt1\/2026\/03\/img_1500x1000uu2014-10-20-13-15-00-412469.jpg","datePublished":"2026-03-30T11:32:11+00:00","author":{"@id":"https:\/\/portaltela.pt\/#\/schema\/person\/c4278d4a6028830caff9ee44b42d32ed"},"breadcrumb":{"@id":"https:\/\/portaltela.pt\/noticias\/2026\/03\/30\/camara-de-ovar-recebe-pedidos-de-apoio-no-valor-de-172-mil-euros-por-estragos-da-depressao-kristin\/#breadcrumb"},"inLanguage":"pt-PT","potentialAction":[{"@type":"ReadAction","target":["https:\/\/portaltela.pt\/noticias\/2026\/03\/30\/camara-de-ovar-recebe-pedidos-de-apoio-no-valor-de-172-mil-euros-por-estragos-da-depressao-kristin\/"]}]},{"@type":"ImageObject","inLanguage":"pt-PT","@id":"https:\/\/portaltela.pt\/noticias\/2026\/03\/30\/camara-de-ovar-recebe-pedidos-de-apoio-no-valor-de-172-mil-euros-por-estragos-da-depressao-kristin\/#primaryimage","url":"https:\/\/portaltela.pt\/s.01k8rhncp4jt1\/2026\/03\/img_1500x1000uu2014-10-20-13-15-00-412469.jpg","contentUrl":"https:\/\/portaltela.pt\/s.01k8rhncp4jt1\/2026\/03\/img_1500x1000uu2014-10-20-13-15-00-412469.jpg","width":796,"height":448,"caption":"C\u00e2mara Municipal de Ovar"},{"@type":"BreadcrumbList","@id":"https:\/\/portaltela.pt\/noticias\/2026\/03\/30\/camara-de-ovar-recebe-pedidos-de-apoio-no-valor-de-172-mil-euros-por-estragos-da-depressao-kristin\/#breadcrumb","itemListElement":[{"@type":"ListItem","position":1,"name":"In\u00edcio","item":"https:\/\/portaltela.pt\/"},{"@type":"ListItem","position":2,"name":"C\u00e2mara de Ovar recebe pedidos de apoio no valor de 172 mil euros por estragos da depress\u00e3o Kristin"}]},{"@type":"WebSite","@id":"https:\/\/portaltela.pt\/#website","url":"https:\/\/portaltela.pt\/","name":"Portal Tela Portugal","description":"","potentialAction":[{"@type":"SearchAction","target":{"@type":"EntryPoint","urlTemplate":"https:\/\/portaltela.pt\/?s={search_term_string}"},"query-input":{"@type":"PropertyValueSpecification","valueRequired":true,"valueName":"search_term_string"}}],"inLanguage":"pt-PT"},{"@type":"Person","@id":"https:\/\/portaltela.pt\/#\/schema\/person\/c4278d4a6028830caff9ee44b42d32ed","name":"Telinha","image":{"@type":"ImageObject","inLanguage":"pt-PT","@id":"https:\/\/portaltela.pt\/s.01k8rhncp4jt1\/2025\/11\/talking-bot-125x125.png","url":"https:\/\/portaltela.pt\/s.01k8rhncp4jt1\/2025\/11\/talking-bot-125x125.png","contentUrl":"https:\/\/portaltela.pt\/s.01k8rhncp4jt1\/2025\/11\/talking-bot-125x125.png","caption":"Telinha"},"sameAs":["https:\/\/portaltela.pt\/"],"url":"https:\/\/portaltela.pt\/por\/367410592786\/"}]}},"_links":{"self":[{"href":"https:\/\/portaltela.pt\/api\/wp\/v2\/posts\/426842","targetHints":{"allow":["GET"]}}],"collection":[{"href":"https:\/\/portaltela.pt\/api\/wp\/v2\/posts"}],"about":[{"href":"https:\/\/portaltela.pt\/api\/wp\/v2\/types\/post"}],"author":[{"embeddable":true,"href":"https:\/\/portaltela.pt\/api\/wp\/v2\/users\/2"}],"replies":[{"embeddable":true,"href":"https:\/\/portaltela.pt\/api\/wp\/v2\/comments?post=426842"}],"version-history":[{"count":0,"href":"https:\/\/portaltela.pt\/api\/wp\/v2\/posts\/426842\/revisions"}],"wp:featuredmedia":[{"embeddable":true,"href":"https:\/\/portaltela.pt\/api\/wp\/v2\/media\/426847"}],"wp:attachment":[{"href":"https:\/\/portaltela.pt\/api\/wp\/v2\/media?parent=426842"}],"wp:term":[{"taxonomy":"category","embeddable":true,"href":"https:\/\/portaltela.pt\/api\/wp\/v2\/categories?post=426842"},{"taxonomy":"post_tag","embeddable":true,"href":"https:\/\/portaltela.pt\/api\/wp\/v2\/tags?post=426842"}],"curies":[{"name":"wp","href":"https:\/\/api.w.org\/{rel}","templated":true}]}}