{"id":426801,"date":"2026-03-30T05:50:00","date_gmt":"2026-03-30T08:50:00","guid":{"rendered":"https:\/\/portaltela.pt\/noticias\/2026\/03\/30\/portugal-familias-desperdicam-mil-toneladas-de-comida-por-dia\/"},"modified":"2026-03-30T05:50:00","modified_gmt":"2026-03-30T08:50:00","slug":"portugal-familias-desperdicam-mil-toneladas-de-comida-por-dia","status":"publish","type":"post","link":"https:\/\/portaltela.pt\/sociedade\/2026\/03\/30\/portugal-familias-desperdicam-mil-toneladas-de-comida-por-dia\/","title":{"rendered":"Portugal: fam\u00edlias desperdi\u00e7am mil toneladas de comida por dia"},"content":{"rendered":"<p>O jornal Zero afirma que as fam\u00edlias portuguesas desperdi\u00e7am cerca de mil toneladas de alimentos por dia em Portugal. A informa\u00e7\u00e3o \u00e9 apresentada pela publica\u00e7\u00e3o, sem detalhar a metodologia na \u00edntegra.<\/p>\n<p>De acordo com a pe\u00e7a dispon\u00edvel aos subscritores, o desperd\u00edcio ocorre em contexto dom\u00e9stico, envolvendo fam\u00edlias de diferentes regi\u00f5es do pa\u00eds. Os n\u00fameros visam alertar para impactos econ\u00f3micos e ambientais.<\/p>\n<p>A not\u00edcia n\u00e3o disponibiliza o conte\u00fado completo sem subscri\u00e7\u00e3o. O texto acess\u00edvel resume a dimens\u00e3o do problema e ressalta a necessidade de medidas de redu\u00e7\u00e3o no agregado familiar.<\/p>\n<p>Fonte: Zero. Imagem associada, atribu\u00edda \u00e0 Lusa, retrata o tema do desperd\u00edcio alimentar.<\/p>\n","protected":false},"excerpt":{"rendered":"<ul>\n<li>O tema \u00e9 o desperd\u00edcio de alimentos em fam\u00edlias portuguesas, com uma estimativa de mil toneladas por dia.<\/li>\n<li>A refer\u00eancia surge no t\u00edtulo da not\u00edcia do Zero.<\/li>\n<li>O conte\u00fado completo da mat\u00e9ria s\u00f3 est\u00e1 dispon\u00edvel para subscritores.<\/li>\n<li>No material fornecido n\u00e3o constam dados ou detalhes adicionais.<\/li>\n<\/ul>\n","protected":false},"author":2,"featured_media":426802,"comment_status":"closed","ping_status":"closed","sticky":false,"template":"","format":"standard","meta":{"footnotes":""},"categories":[6725,6871],"tags":[86,755,5585,28,45,1014],"class_list":["post-426801","post","type-post","status-publish","format-standard","has-post-thumbnail","hentry","category-meio-ambiente","category-sociedade","tag-alimentacao","tag-desenvolvimento-sustentavel","tag-desperdicios","tag-economia","tag-meio-ambiente","tag-portugal"],"yoast_head":"<!-- This site is optimized with the Yoast SEO plugin v27.2 - https:\/\/yoast.com\/product\/yoast-seo-wordpress\/ -->\n<title>Portugal: fam\u00edlias desperdi\u00e7am mil toneladas de comida por dia - Portal Tela Portugal<\/title>\n<meta name=\"robots\" content=\"index, follow, max-snippet:-1, max-image-preview:large, max-video-preview:-1\" \/>\n<meta property=\"og:locale\" content=\"pt_PT\" \/>\n<meta property=\"og:type\" content=\"article\" \/>\n<meta property=\"og:title\" content=\"Portugal: fam\u00edlias desperdi\u00e7am mil toneladas de comida por dia - Portal Tela Portugal\" \/>\n<meta property=\"og:description\" content=\"O tema \u00e9 o desperd\u00edcio de alimentos em fam\u00edlias portuguesas, com uma estimativa de mil toneladas por dia. A refer\u00eancia surge no t\u00edtulo da not\u00edcia do Zero. O conte\u00fado completo da mat\u00e9ria s\u00f3 est\u00e1 dispon\u00edvel para subscritores. No material fornecido n\u00e3o constam dados ou detalhes adicionais.\" \/>\n<meta property=\"og:url\" content=\"https:\/\/portaltela.pt\/noticias\/2026\/03\/30\/portugal-familias-desperdicam-mil-toneladas-de-comida-por-dia\/\" \/>\n<meta property=\"og:site_name\" content=\"Portal Tela Portugal\" \/>\n<meta property=\"article:published_time\" content=\"2026-03-30T08:50:00+00:00\" \/>\n<meta name=\"author\" content=\"Telinha\" \/>\n<meta name=\"twitter:card\" content=\"summary_large_image\" \/>\n<meta name=\"twitter:label1\" content=\"Escrito por\" \/>\n\t<meta name=\"twitter:data1\" content=\"Telinha\" \/>\n\t<meta name=\"twitter:label2\" content=\"Tempo estimado de leitura\" \/>\n\t<meta name=\"twitter:data2\" content=\"1 minuto\" \/>\n<script type=\"application\/ld+json\" class=\"yoast-schema-graph\">{\"@context\":\"https:\/\/schema.org\",\"@graph\":[{\"@type\":\"Article\",\"@id\":\"https:\/\/portaltela.pt\/noticias\/2026\/03\/30\/portugal-familias-desperdicam-mil-toneladas-de-comida-por-dia\/#article\",\"isPartOf\":{\"@id\":\"https:\/\/portaltela.pt\/noticias\/2026\/03\/30\/portugal-familias-desperdicam-mil-toneladas-de-comida-por-dia\/\"},\"author\":{\"name\":\"Telinha\",\"@id\":\"https:\/\/portaltela.pt\/#\/schema\/person\/c4278d4a6028830caff9ee44b42d32ed\"},\"headline\":\"Portugal: fam\u00edlias desperdi\u00e7am mil toneladas de comida por dia\",\"datePublished\":\"2026-03-30T08:50:00+00:00\",\"mainEntityOfPage\":{\"@id\":\"https:\/\/portaltela.pt\/noticias\/2026\/03\/30\/portugal-familias-desperdicam-mil-toneladas-de-comida-por-dia\/\"},\"wordCount\":133,\"image\":{\"@id\":\"https:\/\/portaltela.pt\/noticias\/2026\/03\/30\/portugal-familias-desperdicam-mil-toneladas-de-comida-por-dia\/#primaryimage\"},\"thumbnailUrl\":\"https:\/\/portaltela.pt\/s.01k8rhncp4jt1\/2026\/03\/CACHE_780X1200_ANALOG_WATERMARKED_28807071_2202848_12052020050709.jpg\",\"keywords\":[\"alimenta\u00e7\u00e3o\",\"desenvolvimento sustent\u00e1vel\",\"desperd\u00edcios\",\"economia\",\"meio-ambiente\",\"Portugal\"],\"articleSection\":[\"Meio Ambiente\",\"Sociedade\"],\"inLanguage\":\"pt-PT\"},{\"@type\":\"WebPage\",\"@id\":\"https:\/\/portaltela.pt\/noticias\/2026\/03\/30\/portugal-familias-desperdicam-mil-toneladas-de-comida-por-dia\/\",\"url\":\"https:\/\/portaltela.pt\/noticias\/2026\/03\/30\/portugal-familias-desperdicam-mil-toneladas-de-comida-por-dia\/\",\"name\":\"Portugal: fam\u00edlias desperdi\u00e7am mil toneladas de comida por dia - Portal Tela Portugal\",\"isPartOf\":{\"@id\":\"https:\/\/portaltela.pt\/#website\"},\"primaryImageOfPage\":{\"@id\":\"https:\/\/portaltela.pt\/noticias\/2026\/03\/30\/portugal-familias-desperdicam-mil-toneladas-de-comida-por-dia\/#primaryimage\"},\"image\":{\"@id\":\"https:\/\/portaltela.pt\/noticias\/2026\/03\/30\/portugal-familias-desperdicam-mil-toneladas-de-comida-por-dia\/#primaryimage\"},\"thumbnailUrl\":\"https:\/\/portaltela.pt\/s.01k8rhncp4jt1\/2026\/03\/CACHE_780X1200_ANALOG_WATERMARKED_28807071_2202848_12052020050709.jpg\",\"datePublished\":\"2026-03-30T08:50:00+00:00\",\"author\":{\"@id\":\"https:\/\/portaltela.pt\/#\/schema\/person\/c4278d4a6028830caff9ee44b42d32ed\"},\"breadcrumb\":{\"@id\":\"https:\/\/portaltela.pt\/noticias\/2026\/03\/30\/portugal-familias-desperdicam-mil-toneladas-de-comida-por-dia\/#breadcrumb\"},\"inLanguage\":\"pt-PT\",\"potentialAction\":[{\"@type\":\"ReadAction\",\"target\":[\"https:\/\/portaltela.pt\/noticias\/2026\/03\/30\/portugal-familias-desperdicam-mil-toneladas-de-comida-por-dia\/\"]}]},{\"@type\":\"ImageObject\",\"inLanguage\":\"pt-PT\",\"@id\":\"https:\/\/portaltela.pt\/noticias\/2026\/03\/30\/portugal-familias-desperdicam-mil-toneladas-de-comida-por-dia\/#primaryimage\",\"url\":\"https:\/\/portaltela.pt\/s.01k8rhncp4jt1\/2026\/03\/CACHE_780X1200_ANALOG_WATERMARKED_28807071_2202848_12052020050709.jpg\",\"contentUrl\":\"https:\/\/portaltela.pt\/s.01k8rhncp4jt1\/2026\/03\/CACHE_780X1200_ANALOG_WATERMARKED_28807071_2202848_12052020050709.jpg\",\"width\":768,\"height\":512,\"caption\":\"Fam\u00edlias portuguesas desperdi\u00e7am mil toneladas de alimentos por dia - Zero\"},{\"@type\":\"BreadcrumbList\",\"@id\":\"https:\/\/portaltela.pt\/noticias\/2026\/03\/30\/portugal-familias-desperdicam-mil-toneladas-de-comida-por-dia\/#breadcrumb\",\"itemListElement\":[{\"@type\":\"ListItem\",\"position\":1,\"name\":\"In\u00edcio\",\"item\":\"https:\/\/portaltela.pt\/\"},{\"@type\":\"ListItem\",\"position\":2,\"name\":\"Portugal: fam\u00edlias desperdi\u00e7am mil toneladas de comida por dia\"}]},{\"@type\":\"WebSite\",\"@id\":\"https:\/\/portaltela.pt\/#website\",\"url\":\"https:\/\/portaltela.pt\/\",\"name\":\"Portal Tela Portugal\",\"description\":\"\",\"potentialAction\":[{\"@type\":\"SearchAction\",\"target\":{\"@type\":\"EntryPoint\",\"urlTemplate\":\"https:\/\/portaltela.pt\/?s={search_term_string}\"},\"query-input\":{\"@type\":\"PropertyValueSpecification\",\"valueRequired\":true,\"valueName\":\"search_term_string\"}}],\"inLanguage\":\"pt-PT\"},{\"@type\":\"Person\",\"@id\":\"https:\/\/portaltela.pt\/#\/schema\/person\/c4278d4a6028830caff9ee44b42d32ed\",\"name\":\"Telinha\",\"image\":{\"@type\":\"ImageObject\",\"inLanguage\":\"pt-PT\",\"@id\":\"https:\/\/portaltela.pt\/s.01k8rhncp4jt1\/2025\/11\/talking-bot-125x125.png\",\"url\":\"https:\/\/portaltela.pt\/s.01k8rhncp4jt1\/2025\/11\/talking-bot-125x125.png\",\"contentUrl\":\"https:\/\/portaltela.pt\/s.01k8rhncp4jt1\/2025\/11\/talking-bot-125x125.png\",\"caption\":\"Telinha\"},\"sameAs\":[\"https:\/\/portaltela.pt\/\"],\"url\":\"https:\/\/portaltela.pt\/por\/367410592786\/\"}]}<\/script>\n<!-- \/ Yoast SEO plugin. -->","yoast_head_json":{"title":"Portugal: fam\u00edlias desperdi\u00e7am mil toneladas de comida por dia - Portal Tela Portugal","robots":{"index":"index","follow":"follow","max-snippet":"max-snippet:-1","max-image-preview":"max-image-preview:large","max-video-preview":"max-video-preview:-1"},"og_locale":"pt_PT","og_type":"article","og_title":"Portugal: fam\u00edlias desperdi\u00e7am mil toneladas de comida por dia - Portal Tela Portugal","og_description":"O tema \u00e9 o desperd\u00edcio de alimentos em fam\u00edlias portuguesas, com uma estimativa de mil toneladas por dia. A refer\u00eancia surge no t\u00edtulo da not\u00edcia do Zero. O conte\u00fado completo da mat\u00e9ria s\u00f3 est\u00e1 dispon\u00edvel para subscritores. No material fornecido n\u00e3o constam dados ou detalhes adicionais.","og_url":"https:\/\/portaltela.pt\/noticias\/2026\/03\/30\/portugal-familias-desperdicam-mil-toneladas-de-comida-por-dia\/","og_site_name":"Portal Tela Portugal","article_published_time":"2026-03-30T08:50:00+00:00","author":"Telinha","twitter_card":"summary_large_image","twitter_misc":{"Escrito por":"Telinha","Tempo estimado de leitura":"1 minuto"},"schema":{"@context":"https:\/\/schema.org","@graph":[{"@type":"Article","@id":"https:\/\/portaltela.pt\/noticias\/2026\/03\/30\/portugal-familias-desperdicam-mil-toneladas-de-comida-por-dia\/#article","isPartOf":{"@id":"https:\/\/portaltela.pt\/noticias\/2026\/03\/30\/portugal-familias-desperdicam-mil-toneladas-de-comida-por-dia\/"},"author":{"name":"Telinha","@id":"https:\/\/portaltela.pt\/#\/schema\/person\/c4278d4a6028830caff9ee44b42d32ed"},"headline":"Portugal: fam\u00edlias desperdi\u00e7am mil toneladas de comida por dia","datePublished":"2026-03-30T08:50:00+00:00","mainEntityOfPage":{"@id":"https:\/\/portaltela.pt\/noticias\/2026\/03\/30\/portugal-familias-desperdicam-mil-toneladas-de-comida-por-dia\/"},"wordCount":133,"image":{"@id":"https:\/\/portaltela.pt\/noticias\/2026\/03\/30\/portugal-familias-desperdicam-mil-toneladas-de-comida-por-dia\/#primaryimage"},"thumbnailUrl":"https:\/\/portaltela.pt\/s.01k8rhncp4jt1\/2026\/03\/CACHE_780X1200_ANALOG_WATERMARKED_28807071_2202848_12052020050709.jpg","keywords":["alimenta\u00e7\u00e3o","desenvolvimento sustent\u00e1vel","desperd\u00edcios","economia","meio-ambiente","Portugal"],"articleSection":["Meio Ambiente","Sociedade"],"inLanguage":"pt-PT"},{"@type":"WebPage","@id":"https:\/\/portaltela.pt\/noticias\/2026\/03\/30\/portugal-familias-desperdicam-mil-toneladas-de-comida-por-dia\/","url":"https:\/\/portaltela.pt\/noticias\/2026\/03\/30\/portugal-familias-desperdicam-mil-toneladas-de-comida-por-dia\/","name":"Portugal: fam\u00edlias desperdi\u00e7am mil toneladas de comida por dia - Portal Tela Portugal","isPartOf":{"@id":"https:\/\/portaltela.pt\/#website"},"primaryImageOfPage":{"@id":"https:\/\/portaltela.pt\/noticias\/2026\/03\/30\/portugal-familias-desperdicam-mil-toneladas-de-comida-por-dia\/#primaryimage"},"image":{"@id":"https:\/\/portaltela.pt\/noticias\/2026\/03\/30\/portugal-familias-desperdicam-mil-toneladas-de-comida-por-dia\/#primaryimage"},"thumbnailUrl":"https:\/\/portaltela.pt\/s.01k8rhncp4jt1\/2026\/03\/CACHE_780X1200_ANALOG_WATERMARKED_28807071_2202848_12052020050709.jpg","datePublished":"2026-03-30T08:50:00+00:00","author":{"@id":"https:\/\/portaltela.pt\/#\/schema\/person\/c4278d4a6028830caff9ee44b42d32ed"},"breadcrumb":{"@id":"https:\/\/portaltela.pt\/noticias\/2026\/03\/30\/portugal-familias-desperdicam-mil-toneladas-de-comida-por-dia\/#breadcrumb"},"inLanguage":"pt-PT","potentialAction":[{"@type":"ReadAction","target":["https:\/\/portaltela.pt\/noticias\/2026\/03\/30\/portugal-familias-desperdicam-mil-toneladas-de-comida-por-dia\/"]}]},{"@type":"ImageObject","inLanguage":"pt-PT","@id":"https:\/\/portaltela.pt\/noticias\/2026\/03\/30\/portugal-familias-desperdicam-mil-toneladas-de-comida-por-dia\/#primaryimage","url":"https:\/\/portaltela.pt\/s.01k8rhncp4jt1\/2026\/03\/CACHE_780X1200_ANALOG_WATERMARKED_28807071_2202848_12052020050709.jpg","contentUrl":"https:\/\/portaltela.pt\/s.01k8rhncp4jt1\/2026\/03\/CACHE_780X1200_ANALOG_WATERMARKED_28807071_2202848_12052020050709.jpg","width":768,"height":512,"caption":"Fam\u00edlias portuguesas desperdi\u00e7am mil toneladas de alimentos por dia - Zero"},{"@type":"BreadcrumbList","@id":"https:\/\/portaltela.pt\/noticias\/2026\/03\/30\/portugal-familias-desperdicam-mil-toneladas-de-comida-por-dia\/#breadcrumb","itemListElement":[{"@type":"ListItem","position":1,"name":"In\u00edcio","item":"https:\/\/portaltela.pt\/"},{"@type":"ListItem","position":2,"name":"Portugal: fam\u00edlias desperdi\u00e7am mil toneladas de comida por dia"}]},{"@type":"WebSite","@id":"https:\/\/portaltela.pt\/#website","url":"https:\/\/portaltela.pt\/","name":"Portal Tela Portugal","description":"","potentialAction":[{"@type":"SearchAction","target":{"@type":"EntryPoint","urlTemplate":"https:\/\/portaltela.pt\/?s={search_term_string}"},"query-input":{"@type":"PropertyValueSpecification","valueRequired":true,"valueName":"search_term_string"}}],"inLanguage":"pt-PT"},{"@type":"Person","@id":"https:\/\/portaltela.pt\/#\/schema\/person\/c4278d4a6028830caff9ee44b42d32ed","name":"Telinha","image":{"@type":"ImageObject","inLanguage":"pt-PT","@id":"https:\/\/portaltela.pt\/s.01k8rhncp4jt1\/2025\/11\/talking-bot-125x125.png","url":"https:\/\/portaltela.pt\/s.01k8rhncp4jt1\/2025\/11\/talking-bot-125x125.png","contentUrl":"https:\/\/portaltela.pt\/s.01k8rhncp4jt1\/2025\/11\/talking-bot-125x125.png","caption":"Telinha"},"sameAs":["https:\/\/portaltela.pt\/"],"url":"https:\/\/portaltela.pt\/por\/367410592786\/"}]}},"_links":{"self":[{"href":"https:\/\/portaltela.pt\/api\/wp\/v2\/posts\/426801","targetHints":{"allow":["GET"]}}],"collection":[{"href":"https:\/\/portaltela.pt\/api\/wp\/v2\/posts"}],"about":[{"href":"https:\/\/portaltela.pt\/api\/wp\/v2\/types\/post"}],"author":[{"embeddable":true,"href":"https:\/\/portaltela.pt\/api\/wp\/v2\/users\/2"}],"replies":[{"embeddable":true,"href":"https:\/\/portaltela.pt\/api\/wp\/v2\/comments?post=426801"}],"version-history":[{"count":0,"href":"https:\/\/portaltela.pt\/api\/wp\/v2\/posts\/426801\/revisions"}],"wp:featuredmedia":[{"embeddable":true,"href":"https:\/\/portaltela.pt\/api\/wp\/v2\/media\/426802"}],"wp:attachment":[{"href":"https:\/\/portaltela.pt\/api\/wp\/v2\/media?parent=426801"}],"wp:term":[{"taxonomy":"category","embeddable":true,"href":"https:\/\/portaltela.pt\/api\/wp\/v2\/categories?post=426801"},{"taxonomy":"post_tag","embeddable":true,"href":"https:\/\/portaltela.pt\/api\/wp\/v2\/tags?post=426801"}],"curies":[{"name":"wp","href":"https:\/\/api.w.org\/{rel}","templated":true}]}}