{"id":426799,"date":"2026-03-30T07:34:00","date_gmt":"2026-03-30T10:34:00","guid":{"rendered":"https:\/\/portaltela.pt\/noticias\/2026\/03\/30\/gauff-e-zverev-regressam-ao-terceiro-lugar-do-ranking\/"},"modified":"2026-03-30T07:34:00","modified_gmt":"2026-03-30T10:34:00","slug":"gauff-e-zverev-regressam-ao-terceiro-lugar-do-ranking","status":"publish","type":"post","link":"https:\/\/portaltela.pt\/desporto\/futebol\/2026\/03\/30\/gauff-e-zverev-regressam-ao-terceiro-lugar-do-ranking\/","title":{"rendered":"Gauff e Zverev regressam ao terceiro lugar do ranking"},"content":{"rendered":"<p>Coco Gauff e Alexander Zverev subiram hoje ao terceiro lugar do ranking mundial de t\u00e9nis, consolidando a subida na hierarquia global da modalidade. A atualiza\u00e7\u00e3o reflete os resultados recentes dos dois jogadores.<\/p>\n<p>Nuno Borges mant\u00e9m-se como o melhor portugu\u00eas no ranking masculino, ao subir ao 48.\u00ba posto. O cr\u00e9dito \u00e9 atribu\u00eddo aos desempenhos recentes do jogador no circuito.<\/p>\n<p>As mudan\u00e7as no top-3 e no grupo de melhores portugueses surgem no contexto de eventos realizados nas \u00faltimas semanas, que influenciam a posi\u00e7\u00e3o dos atletas no ranking da ATP.<\/p>\n","protected":false},"excerpt":{"rendered":"<ul>\n<li>Coco Gauff e Alexander Zverev regressaram ao terceiro lugar do ranking mundial de t\u00e9nis.<\/li>\n<li>O regresso coloca ambos na posi\u00e7\u00e3o de terceiros na hierarquia global.<\/li>\n<li>Nuno Borges mant\u00e9m-se como o melhor portugu\u00eas no ranking masculino, no 48.\u00ba posto.<\/li>\n<li>A atualiza\u00e7\u00e3o foi divulgada hoje.<\/li>\n<\/ul>\n","protected":false},"author":2,"featured_media":426800,"comment_status":"closed","ping_status":"closed","sticky":false,"template":"","format":"standard","meta":{"footnotes":""},"categories":[21,24],"tags":[3988,2873,6610,94,7232,7630],"class_list":["post-426799","post","type-post","status-publish","format-standard","has-post-thumbnail","hentry","category-desporto","category-futebol","tag-gauff","tag-nuno-borges","tag-ranking-internacional","tag-tenis","tag-tenistas-internacionais","tag-zverev"],"yoast_head":"<!-- This site is optimized with the Yoast SEO plugin v27.2 - https:\/\/yoast.com\/product\/yoast-seo-wordpress\/ -->\n<title>Gauff e Zverev regressam ao terceiro lugar do ranking - Portal Tela Portugal<\/title>\n<meta name=\"robots\" content=\"index, follow, max-snippet:-1, max-image-preview:large, max-video-preview:-1\" \/>\n<meta property=\"og:locale\" content=\"pt_PT\" \/>\n<meta property=\"og:type\" content=\"article\" \/>\n<meta property=\"og:title\" content=\"Gauff e Zverev regressam ao terceiro lugar do ranking - Portal Tela Portugal\" \/>\n<meta property=\"og:description\" content=\"Coco Gauff e Alexander Zverev regressaram ao terceiro lugar do ranking mundial de t\u00e9nis. O regresso coloca ambos na posi\u00e7\u00e3o de terceiros na hierarquia global. Nuno Borges mant\u00e9m-se como o melhor portugu\u00eas no ranking masculino, no 48.\u00ba posto. A atualiza\u00e7\u00e3o foi divulgada hoje.\" \/>\n<meta property=\"og:url\" content=\"https:\/\/portaltela.pt\/noticias\/2026\/03\/30\/gauff-e-zverev-regressam-ao-terceiro-lugar-do-ranking\/\" \/>\n<meta property=\"og:site_name\" content=\"Portal Tela Portugal\" \/>\n<meta property=\"article:published_time\" content=\"2026-03-30T10:34:00+00:00\" \/>\n<meta name=\"author\" content=\"Telinha\" \/>\n<meta name=\"twitter:card\" content=\"summary_large_image\" \/>\n<meta name=\"twitter:label1\" content=\"Escrito por\" \/>\n\t<meta name=\"twitter:data1\" content=\"Telinha\" \/>\n<script type=\"application\/ld+json\" class=\"yoast-schema-graph\">{\"@context\":\"https:\/\/schema.org\",\"@graph\":[{\"@type\":\"Article\",\"@id\":\"https:\/\/portaltela.pt\/noticias\/2026\/03\/30\/gauff-e-zverev-regressam-ao-terceiro-lugar-do-ranking\/#article\",\"isPartOf\":{\"@id\":\"https:\/\/portaltela.pt\/noticias\/2026\/03\/30\/gauff-e-zverev-regressam-ao-terceiro-lugar-do-ranking\/\"},\"author\":{\"name\":\"Telinha\",\"@id\":\"https:\/\/portaltela.pt\/#\/schema\/person\/c4278d4a6028830caff9ee44b42d32ed\"},\"headline\":\"Gauff e Zverev regressam ao terceiro lugar do ranking\",\"datePublished\":\"2026-03-30T10:34:00+00:00\",\"mainEntityOfPage\":{\"@id\":\"https:\/\/portaltela.pt\/noticias\/2026\/03\/30\/gauff-e-zverev-regressam-ao-terceiro-lugar-do-ranking\/\"},\"wordCount\":102,\"image\":{\"@id\":\"https:\/\/portaltela.pt\/noticias\/2026\/03\/30\/gauff-e-zverev-regressam-ao-terceiro-lugar-do-ranking\/#primaryimage\"},\"thumbnailUrl\":\"https:\/\/portaltela.pt\/s.01k8rhncp4jt1\/2026\/03\/CACHE_780X1200_ANALOG_WATERMARKED_46844055_475386917190077.jpg\",\"keywords\":[\"Gauff\",\"Nuno Borges\",\"ranking internacional\",\"t\u00eanis\",\"tenistas internacionais\",\"Zverev\"],\"articleSection\":[\"Desporto\",\"Futebol\"],\"inLanguage\":\"pt-PT\"},{\"@type\":\"WebPage\",\"@id\":\"https:\/\/portaltela.pt\/noticias\/2026\/03\/30\/gauff-e-zverev-regressam-ao-terceiro-lugar-do-ranking\/\",\"url\":\"https:\/\/portaltela.pt\/noticias\/2026\/03\/30\/gauff-e-zverev-regressam-ao-terceiro-lugar-do-ranking\/\",\"name\":\"Gauff e Zverev regressam ao terceiro lugar do ranking - Portal Tela Portugal\",\"isPartOf\":{\"@id\":\"https:\/\/portaltela.pt\/#website\"},\"primaryImageOfPage\":{\"@id\":\"https:\/\/portaltela.pt\/noticias\/2026\/03\/30\/gauff-e-zverev-regressam-ao-terceiro-lugar-do-ranking\/#primaryimage\"},\"image\":{\"@id\":\"https:\/\/portaltela.pt\/noticias\/2026\/03\/30\/gauff-e-zverev-regressam-ao-terceiro-lugar-do-ranking\/#primaryimage\"},\"thumbnailUrl\":\"https:\/\/portaltela.pt\/s.01k8rhncp4jt1\/2026\/03\/CACHE_780X1200_ANALOG_WATERMARKED_46844055_475386917190077.jpg\",\"datePublished\":\"2026-03-30T10:34:00+00:00\",\"author\":{\"@id\":\"https:\/\/portaltela.pt\/#\/schema\/person\/c4278d4a6028830caff9ee44b42d32ed\"},\"breadcrumb\":{\"@id\":\"https:\/\/portaltela.pt\/noticias\/2026\/03\/30\/gauff-e-zverev-regressam-ao-terceiro-lugar-do-ranking\/#breadcrumb\"},\"inLanguage\":\"pt-PT\",\"potentialAction\":[{\"@type\":\"ReadAction\",\"target\":[\"https:\/\/portaltela.pt\/noticias\/2026\/03\/30\/gauff-e-zverev-regressam-ao-terceiro-lugar-do-ranking\/\"]}]},{\"@type\":\"ImageObject\",\"inLanguage\":\"pt-PT\",\"@id\":\"https:\/\/portaltela.pt\/noticias\/2026\/03\/30\/gauff-e-zverev-regressam-ao-terceiro-lugar-do-ranking\/#primaryimage\",\"url\":\"https:\/\/portaltela.pt\/s.01k8rhncp4jt1\/2026\/03\/CACHE_780X1200_ANALOG_WATERMARKED_46844055_475386917190077.jpg\",\"contentUrl\":\"https:\/\/portaltela.pt\/s.01k8rhncp4jt1\/2026\/03\/CACHE_780X1200_ANALOG_WATERMARKED_46844055_475386917190077.jpg\",\"width\":768,\"height\":528,\"caption\":\"Coco Gauff e Alexander Zverev regressam ao terceiro lugar dos rankings de t\u00e9nis\"},{\"@type\":\"BreadcrumbList\",\"@id\":\"https:\/\/portaltela.pt\/noticias\/2026\/03\/30\/gauff-e-zverev-regressam-ao-terceiro-lugar-do-ranking\/#breadcrumb\",\"itemListElement\":[{\"@type\":\"ListItem\",\"position\":1,\"name\":\"In\u00edcio\",\"item\":\"https:\/\/portaltela.pt\/\"},{\"@type\":\"ListItem\",\"position\":2,\"name\":\"Gauff e Zverev regressam ao terceiro lugar do ranking\"}]},{\"@type\":\"WebSite\",\"@id\":\"https:\/\/portaltela.pt\/#website\",\"url\":\"https:\/\/portaltela.pt\/\",\"name\":\"Portal Tela Portugal\",\"description\":\"\",\"potentialAction\":[{\"@type\":\"SearchAction\",\"target\":{\"@type\":\"EntryPoint\",\"urlTemplate\":\"https:\/\/portaltela.pt\/?s={search_term_string}\"},\"query-input\":{\"@type\":\"PropertyValueSpecification\",\"valueRequired\":true,\"valueName\":\"search_term_string\"}}],\"inLanguage\":\"pt-PT\"},{\"@type\":\"Person\",\"@id\":\"https:\/\/portaltela.pt\/#\/schema\/person\/c4278d4a6028830caff9ee44b42d32ed\",\"name\":\"Telinha\",\"image\":{\"@type\":\"ImageObject\",\"inLanguage\":\"pt-PT\",\"@id\":\"https:\/\/portaltela.pt\/s.01k8rhncp4jt1\/2025\/11\/talking-bot-125x125.png\",\"url\":\"https:\/\/portaltela.pt\/s.01k8rhncp4jt1\/2025\/11\/talking-bot-125x125.png\",\"contentUrl\":\"https:\/\/portaltela.pt\/s.01k8rhncp4jt1\/2025\/11\/talking-bot-125x125.png\",\"caption\":\"Telinha\"},\"sameAs\":[\"https:\/\/portaltela.pt\/\"],\"url\":\"https:\/\/portaltela.pt\/por\/367410592786\/\"}]}<\/script>\n<!-- \/ Yoast SEO plugin. -->","yoast_head_json":{"title":"Gauff e Zverev regressam ao terceiro lugar do ranking - Portal Tela Portugal","robots":{"index":"index","follow":"follow","max-snippet":"max-snippet:-1","max-image-preview":"max-image-preview:large","max-video-preview":"max-video-preview:-1"},"og_locale":"pt_PT","og_type":"article","og_title":"Gauff e Zverev regressam ao terceiro lugar do ranking - Portal Tela Portugal","og_description":"Coco Gauff e Alexander Zverev regressaram ao terceiro lugar do ranking mundial de t\u00e9nis. O regresso coloca ambos na posi\u00e7\u00e3o de terceiros na hierarquia global. Nuno Borges mant\u00e9m-se como o melhor portugu\u00eas no ranking masculino, no 48.\u00ba posto. A atualiza\u00e7\u00e3o foi divulgada hoje.","og_url":"https:\/\/portaltela.pt\/noticias\/2026\/03\/30\/gauff-e-zverev-regressam-ao-terceiro-lugar-do-ranking\/","og_site_name":"Portal Tela Portugal","article_published_time":"2026-03-30T10:34:00+00:00","author":"Telinha","twitter_card":"summary_large_image","twitter_misc":{"Escrito por":"Telinha"},"schema":{"@context":"https:\/\/schema.org","@graph":[{"@type":"Article","@id":"https:\/\/portaltela.pt\/noticias\/2026\/03\/30\/gauff-e-zverev-regressam-ao-terceiro-lugar-do-ranking\/#article","isPartOf":{"@id":"https:\/\/portaltela.pt\/noticias\/2026\/03\/30\/gauff-e-zverev-regressam-ao-terceiro-lugar-do-ranking\/"},"author":{"name":"Telinha","@id":"https:\/\/portaltela.pt\/#\/schema\/person\/c4278d4a6028830caff9ee44b42d32ed"},"headline":"Gauff e Zverev regressam ao terceiro lugar do ranking","datePublished":"2026-03-30T10:34:00+00:00","mainEntityOfPage":{"@id":"https:\/\/portaltela.pt\/noticias\/2026\/03\/30\/gauff-e-zverev-regressam-ao-terceiro-lugar-do-ranking\/"},"wordCount":102,"image":{"@id":"https:\/\/portaltela.pt\/noticias\/2026\/03\/30\/gauff-e-zverev-regressam-ao-terceiro-lugar-do-ranking\/#primaryimage"},"thumbnailUrl":"https:\/\/portaltela.pt\/s.01k8rhncp4jt1\/2026\/03\/CACHE_780X1200_ANALOG_WATERMARKED_46844055_475386917190077.jpg","keywords":["Gauff","Nuno Borges","ranking internacional","t\u00eanis","tenistas internacionais","Zverev"],"articleSection":["Desporto","Futebol"],"inLanguage":"pt-PT"},{"@type":"WebPage","@id":"https:\/\/portaltela.pt\/noticias\/2026\/03\/30\/gauff-e-zverev-regressam-ao-terceiro-lugar-do-ranking\/","url":"https:\/\/portaltela.pt\/noticias\/2026\/03\/30\/gauff-e-zverev-regressam-ao-terceiro-lugar-do-ranking\/","name":"Gauff e Zverev regressam ao terceiro lugar do ranking - Portal Tela Portugal","isPartOf":{"@id":"https:\/\/portaltela.pt\/#website"},"primaryImageOfPage":{"@id":"https:\/\/portaltela.pt\/noticias\/2026\/03\/30\/gauff-e-zverev-regressam-ao-terceiro-lugar-do-ranking\/#primaryimage"},"image":{"@id":"https:\/\/portaltela.pt\/noticias\/2026\/03\/30\/gauff-e-zverev-regressam-ao-terceiro-lugar-do-ranking\/#primaryimage"},"thumbnailUrl":"https:\/\/portaltela.pt\/s.01k8rhncp4jt1\/2026\/03\/CACHE_780X1200_ANALOG_WATERMARKED_46844055_475386917190077.jpg","datePublished":"2026-03-30T10:34:00+00:00","author":{"@id":"https:\/\/portaltela.pt\/#\/schema\/person\/c4278d4a6028830caff9ee44b42d32ed"},"breadcrumb":{"@id":"https:\/\/portaltela.pt\/noticias\/2026\/03\/30\/gauff-e-zverev-regressam-ao-terceiro-lugar-do-ranking\/#breadcrumb"},"inLanguage":"pt-PT","potentialAction":[{"@type":"ReadAction","target":["https:\/\/portaltela.pt\/noticias\/2026\/03\/30\/gauff-e-zverev-regressam-ao-terceiro-lugar-do-ranking\/"]}]},{"@type":"ImageObject","inLanguage":"pt-PT","@id":"https:\/\/portaltela.pt\/noticias\/2026\/03\/30\/gauff-e-zverev-regressam-ao-terceiro-lugar-do-ranking\/#primaryimage","url":"https:\/\/portaltela.pt\/s.01k8rhncp4jt1\/2026\/03\/CACHE_780X1200_ANALOG_WATERMARKED_46844055_475386917190077.jpg","contentUrl":"https:\/\/portaltela.pt\/s.01k8rhncp4jt1\/2026\/03\/CACHE_780X1200_ANALOG_WATERMARKED_46844055_475386917190077.jpg","width":768,"height":528,"caption":"Coco Gauff e Alexander Zverev regressam ao terceiro lugar dos rankings de t\u00e9nis"},{"@type":"BreadcrumbList","@id":"https:\/\/portaltela.pt\/noticias\/2026\/03\/30\/gauff-e-zverev-regressam-ao-terceiro-lugar-do-ranking\/#breadcrumb","itemListElement":[{"@type":"ListItem","position":1,"name":"In\u00edcio","item":"https:\/\/portaltela.pt\/"},{"@type":"ListItem","position":2,"name":"Gauff e Zverev regressam ao terceiro lugar do ranking"}]},{"@type":"WebSite","@id":"https:\/\/portaltela.pt\/#website","url":"https:\/\/portaltela.pt\/","name":"Portal Tela Portugal","description":"","potentialAction":[{"@type":"SearchAction","target":{"@type":"EntryPoint","urlTemplate":"https:\/\/portaltela.pt\/?s={search_term_string}"},"query-input":{"@type":"PropertyValueSpecification","valueRequired":true,"valueName":"search_term_string"}}],"inLanguage":"pt-PT"},{"@type":"Person","@id":"https:\/\/portaltela.pt\/#\/schema\/person\/c4278d4a6028830caff9ee44b42d32ed","name":"Telinha","image":{"@type":"ImageObject","inLanguage":"pt-PT","@id":"https:\/\/portaltela.pt\/s.01k8rhncp4jt1\/2025\/11\/talking-bot-125x125.png","url":"https:\/\/portaltela.pt\/s.01k8rhncp4jt1\/2025\/11\/talking-bot-125x125.png","contentUrl":"https:\/\/portaltela.pt\/s.01k8rhncp4jt1\/2025\/11\/talking-bot-125x125.png","caption":"Telinha"},"sameAs":["https:\/\/portaltela.pt\/"],"url":"https:\/\/portaltela.pt\/por\/367410592786\/"}]}},"_links":{"self":[{"href":"https:\/\/portaltela.pt\/api\/wp\/v2\/posts\/426799","targetHints":{"allow":["GET"]}}],"collection":[{"href":"https:\/\/portaltela.pt\/api\/wp\/v2\/posts"}],"about":[{"href":"https:\/\/portaltela.pt\/api\/wp\/v2\/types\/post"}],"author":[{"embeddable":true,"href":"https:\/\/portaltela.pt\/api\/wp\/v2\/users\/2"}],"replies":[{"embeddable":true,"href":"https:\/\/portaltela.pt\/api\/wp\/v2\/comments?post=426799"}],"version-history":[{"count":0,"href":"https:\/\/portaltela.pt\/api\/wp\/v2\/posts\/426799\/revisions"}],"wp:featuredmedia":[{"embeddable":true,"href":"https:\/\/portaltela.pt\/api\/wp\/v2\/media\/426800"}],"wp:attachment":[{"href":"https:\/\/portaltela.pt\/api\/wp\/v2\/media?parent=426799"}],"wp:term":[{"taxonomy":"category","embeddable":true,"href":"https:\/\/portaltela.pt\/api\/wp\/v2\/categories?post=426799"},{"taxonomy":"post_tag","embeddable":true,"href":"https:\/\/portaltela.pt\/api\/wp\/v2\/tags?post=426799"}],"curies":[{"name":"wp","href":"https:\/\/api.w.org\/{rel}","templated":true}]}}