{"id":426792,"date":"2026-03-30T08:02:20","date_gmt":"2026-03-30T11:02:20","guid":{"rendered":"https:\/\/portaltela.pt\/noticias\/2026\/03\/30\/mil-toneladas-de-alimentos-desperdicadas-por-familias-em-portugal-diariamente\/"},"modified":"2026-03-30T08:02:20","modified_gmt":"2026-03-30T11:02:20","slug":"mil-toneladas-de-alimentos-desperdicadas-por-familias-em-portugal-diariamente","status":"publish","type":"post","link":"https:\/\/portaltela.pt\/meio-ambiente\/2026\/03\/30\/mil-toneladas-de-alimentos-desperdicadas-por-familias-em-portugal-diariamente\/","title":{"rendered":"Mil toneladas de alimentos desperdi\u00e7adas por fam\u00edlias em Portugal diariamente"},"content":{"rendered":"<p>Um estudo da associa\u00e7\u00e3o ambientalista Zero aponta que as fam\u00edlias portuguesas poder\u00e3o desperdi\u00e7ar cerca de mil toneladas de alimentos por dia. A extrapola\u00e7\u00e3o foi baseada numa amostra no munic\u00edpio alentejano de Ourique, em pleno Dia Internacional do Res\u00edduo Zero.<\/p>\n<p>Segundo a Zero, at\u00e9 12 toneladas de alimentos podem ser desperdi\u00e7adas por ano numa popula\u00e7\u00e3o de apenas 300 habitantes, colocadas nos res\u00edduos indiferenciados. O alerta foca a necessidade de reduzir perdas ao n\u00edvel dom\u00e9stico.<\/p>\n<p>A organiza\u00e7\u00e3o explica que, se estes dados se estendessem a uma cidade de 100 mil habitantes, o desperd\u00edcio poderia atingir 3.760 toneladas anuais, com alimentos que n\u00e3o chegam a quem os comprou nem s\u00e3o doados.<\/p>\n<h3>Resultados do estudo<\/h3>\n<p>O trabalho, realizado em parceria com o munic\u00edpio de Ourique no \u00e2mbito do programa Zero Waste Cities, analisou res\u00edduos de tr\u00eas circuitos porta a porta, com uma amostra total de 250 kg recolhida ao longo de um ano.<\/p>\n<p>Os resultados indicam que, mesmo com separa\u00e7\u00e3o na origem, uma parte relevante dos alimentos acaba no lixo, incluindo restos de refei\u00e7\u00f5es, fruta, legumes e p\u00e3o.<\/p>\n<p>Em Ourique, com 150 habita\u00e7\u00f5es e dois estabelecimentos do canal HORECA, 51% dos indiferenciados s\u00e3o biorres\u00edduos. O desperd\u00edcio alimentar representa 28% dos biorres\u00edduos e 16% do total de res\u00edduos caracterizados.<\/p>\n<h3>Proje\u00e7\u00e3o para o pa\u00eds<\/h3>\n<p>Considerando a recolha da fra\u00e7\u00e3o indiferenciada tr\u00eas vezes por semana e mantendo a composi\u00e7\u00e3o do res\u00edduos, a Zero estima que, ao fim de um ano, mais de 12 toneladas de alimento sejam desperdi\u00e7adas apenas nos tr\u00eas bairros pesquisados e nessa fra\u00e7\u00e3o de lixo.<\/p>\n","protected":false},"excerpt":{"rendered":"<ul>\n<li>Estudo da Zero aponta que, extrapolando o caso de Ourique, as fam\u00edlias portuguesas podem desperdi\u00e7ar at\u00e9 mil toneladas de alimentos por dia.<\/li>\n<li>A n\u00edvel de uma cidade de 100 mil habitantes, a estimativa seria de 3.760 toneladas por ano, terminando em res\u00edduos ou aterro.<\/li>\n<li>A proje\u00e7\u00e3o para Portugal inteiro, com base em Ourique, ronda as 376 mil toneladas por ano (38 kg\/hab\/ano), cerca de mil toneladas\/dia.<\/li>\n<li>O estudo, em parceria com o munic\u00edpio de Ourique, analisou 250 kg de res\u00edduos de tr\u00eas circuitos porta a porta ao longo de um ano.<\/li>\n<li>Os resultados indicam que, mesmo com separa\u00e7\u00e3o, grande parte dos alimentos fica no lixo; em Ourique, 51% dos indiferenciados s\u00e3o biorres\u00edduos, com 28% dos biorres\u00edduos e 16% do total a representar desperd\u00edcio alimentar; a recolha \u00e9 tr\u00eas vezes por semana, estimando-se mais de 12 toneladas de alimentos desperdi\u00e7ados nos tr\u00eas bairros num ano.<\/li>\n<\/ul>\n","protected":false},"author":2,"featured_media":426794,"comment_status":"closed","ping_status":"closed","sticky":false,"template":"","format":"standard","meta":{"footnotes":""},"categories":[6725],"tags":[4880,5585,2667,45,1014,645],"class_list":["post-426792","post","type-post","status-publish","format-standard","has-post-thumbnail","hentry","category-meio-ambiente","tag-conservacao-ambiental","tag-desperdicios","tag-gestao-de-residuos","tag-meio-ambiente","tag-portugal","tag-residuos"],"yoast_head":"<!-- This site is optimized with the Yoast SEO plugin v27.2 - https:\/\/yoast.com\/product\/yoast-seo-wordpress\/ -->\n<title>Mil toneladas de alimentos desperdi\u00e7adas por fam\u00edlias em Portugal diariamente - Portal Tela Portugal<\/title>\n<meta name=\"robots\" content=\"index, follow, max-snippet:-1, max-image-preview:large, max-video-preview:-1\" \/>\n<meta property=\"og:locale\" content=\"pt_PT\" \/>\n<meta property=\"og:type\" content=\"article\" \/>\n<meta property=\"og:title\" content=\"Mil toneladas de alimentos desperdi\u00e7adas por fam\u00edlias em Portugal diariamente - Portal Tela Portugal\" \/>\n<meta property=\"og:description\" content=\"Estudo da Zero aponta que, extrapolando o caso de Ourique, as fam\u00edlias portuguesas podem desperdi\u00e7ar at\u00e9 mil toneladas de alimentos por dia. A n\u00edvel de uma cidade de 100 mil habitantes, a estimativa seria de 3.760 toneladas por ano, terminando em res\u00edduos ou aterro. A proje\u00e7\u00e3o para Portugal inteiro, com base em Ourique, ronda as 376 mil toneladas por ano (38 kg\/hab\/ano), cerca de mil toneladas\/dia. O estudo, em parceria com o munic\u00edpio de Ourique, analisou 250 kg de res\u00edduos de tr\u00eas circuitos porta a porta ao longo de um ano. Os resultados indicam que, mesmo com separa\u00e7\u00e3o, grande parte dos alimentos fica no lixo; em Ourique, 51% dos indiferenciados s\u00e3o biorres\u00edduos, com 28% dos biorres\u00edduos e 16% do total a representar desperd\u00edcio alimentar; a recolha \u00e9 tr\u00eas vezes por semana, estimando-se mais de 12 toneladas de alimentos desperdi\u00e7ados nos tr\u00eas bairros num ano.\" \/>\n<meta property=\"og:url\" content=\"https:\/\/portaltela.pt\/noticias\/2026\/03\/30\/mil-toneladas-de-alimentos-desperdicadas-por-familias-em-portugal-diariamente\/\" \/>\n<meta property=\"og:site_name\" content=\"Portal Tela Portugal\" \/>\n<meta property=\"article:published_time\" content=\"2026-03-30T11:02:20+00:00\" \/>\n<meta name=\"author\" content=\"Telinha\" \/>\n<meta name=\"twitter:card\" content=\"summary_large_image\" \/>\n<meta name=\"twitter:label1\" content=\"Escrito por\" \/>\n\t<meta name=\"twitter:data1\" content=\"Telinha\" \/>\n\t<meta name=\"twitter:label2\" content=\"Tempo estimado de leitura\" \/>\n\t<meta name=\"twitter:data2\" content=\"1 minuto\" \/>\n<script type=\"application\/ld+json\" class=\"yoast-schema-graph\">{\"@context\":\"https:\/\/schema.org\",\"@graph\":[{\"@type\":\"Article\",\"@id\":\"https:\/\/portaltela.pt\/noticias\/2026\/03\/30\/mil-toneladas-de-alimentos-desperdicadas-por-familias-em-portugal-diariamente\/#article\",\"isPartOf\":{\"@id\":\"https:\/\/portaltela.pt\/noticias\/2026\/03\/30\/mil-toneladas-de-alimentos-desperdicadas-por-familias-em-portugal-diariamente\/\"},\"author\":{\"name\":\"Telinha\",\"@id\":\"https:\/\/portaltela.pt\/#\/schema\/person\/c4278d4a6028830caff9ee44b42d32ed\"},\"headline\":\"Mil toneladas de alimentos desperdi\u00e7adas por fam\u00edlias em Portugal diariamente\",\"datePublished\":\"2026-03-30T11:02:20+00:00\",\"mainEntityOfPage\":{\"@id\":\"https:\/\/portaltela.pt\/noticias\/2026\/03\/30\/mil-toneladas-de-alimentos-desperdicadas-por-familias-em-portugal-diariamente\/\"},\"wordCount\":290,\"image\":{\"@id\":\"https:\/\/portaltela.pt\/noticias\/2026\/03\/30\/mil-toneladas-de-alimentos-desperdicadas-por-familias-em-portugal-diariamente\/#primaryimage\"},\"thumbnailUrl\":\"https:\/\/portaltela.pt\/s.01k8rhncp4jt1\/2026\/03\/d91b3947-041b-4e15-b7f0-072d2c585b1b_1200x675.jpg\",\"keywords\":[\"conserva\u00e7\u00e3o ambiental\",\"desperd\u00edcios\",\"gest\u00e3o de res\u00edduos\",\"meio-ambiente\",\"Portugal\",\"res\u00edduos\"],\"articleSection\":[\"Meio Ambiente\"],\"inLanguage\":\"pt-PT\"},{\"@type\":\"WebPage\",\"@id\":\"https:\/\/portaltela.pt\/noticias\/2026\/03\/30\/mil-toneladas-de-alimentos-desperdicadas-por-familias-em-portugal-diariamente\/\",\"url\":\"https:\/\/portaltela.pt\/noticias\/2026\/03\/30\/mil-toneladas-de-alimentos-desperdicadas-por-familias-em-portugal-diariamente\/\",\"name\":\"Mil toneladas de alimentos desperdi\u00e7adas por fam\u00edlias em Portugal diariamente - Portal Tela Portugal\",\"isPartOf\":{\"@id\":\"https:\/\/portaltela.pt\/#website\"},\"primaryImageOfPage\":{\"@id\":\"https:\/\/portaltela.pt\/noticias\/2026\/03\/30\/mil-toneladas-de-alimentos-desperdicadas-por-familias-em-portugal-diariamente\/#primaryimage\"},\"image\":{\"@id\":\"https:\/\/portaltela.pt\/noticias\/2026\/03\/30\/mil-toneladas-de-alimentos-desperdicadas-por-familias-em-portugal-diariamente\/#primaryimage\"},\"thumbnailUrl\":\"https:\/\/portaltela.pt\/s.01k8rhncp4jt1\/2026\/03\/d91b3947-041b-4e15-b7f0-072d2c585b1b_1200x675.jpg\",\"datePublished\":\"2026-03-30T11:02:20+00:00\",\"author\":{\"@id\":\"https:\/\/portaltela.pt\/#\/schema\/person\/c4278d4a6028830caff9ee44b42d32ed\"},\"breadcrumb\":{\"@id\":\"https:\/\/portaltela.pt\/noticias\/2026\/03\/30\/mil-toneladas-de-alimentos-desperdicadas-por-familias-em-portugal-diariamente\/#breadcrumb\"},\"inLanguage\":\"pt-PT\",\"potentialAction\":[{\"@type\":\"ReadAction\",\"target\":[\"https:\/\/portaltela.pt\/noticias\/2026\/03\/30\/mil-toneladas-de-alimentos-desperdicadas-por-familias-em-portugal-diariamente\/\"]}]},{\"@type\":\"ImageObject\",\"inLanguage\":\"pt-PT\",\"@id\":\"https:\/\/portaltela.pt\/noticias\/2026\/03\/30\/mil-toneladas-de-alimentos-desperdicadas-por-familias-em-portugal-diariamente\/#primaryimage\",\"url\":\"https:\/\/portaltela.pt\/s.01k8rhncp4jt1\/2026\/03\/d91b3947-041b-4e15-b7f0-072d2c585b1b_1200x675.jpg\",\"contentUrl\":\"https:\/\/portaltela.pt\/s.01k8rhncp4jt1\/2026\/03\/d91b3947-041b-4e15-b7f0-072d2c585b1b_1200x675.jpg\",\"width\":796,\"height\":448,\"caption\":\"Foto: Artur Machado\"},{\"@type\":\"BreadcrumbList\",\"@id\":\"https:\/\/portaltela.pt\/noticias\/2026\/03\/30\/mil-toneladas-de-alimentos-desperdicadas-por-familias-em-portugal-diariamente\/#breadcrumb\",\"itemListElement\":[{\"@type\":\"ListItem\",\"position\":1,\"name\":\"In\u00edcio\",\"item\":\"https:\/\/portaltela.pt\/\"},{\"@type\":\"ListItem\",\"position\":2,\"name\":\"Mil toneladas de alimentos desperdi\u00e7adas por fam\u00edlias em Portugal diariamente\"}]},{\"@type\":\"WebSite\",\"@id\":\"https:\/\/portaltela.pt\/#website\",\"url\":\"https:\/\/portaltela.pt\/\",\"name\":\"Portal Tela Portugal\",\"description\":\"\",\"potentialAction\":[{\"@type\":\"SearchAction\",\"target\":{\"@type\":\"EntryPoint\",\"urlTemplate\":\"https:\/\/portaltela.pt\/?s={search_term_string}\"},\"query-input\":{\"@type\":\"PropertyValueSpecification\",\"valueRequired\":true,\"valueName\":\"search_term_string\"}}],\"inLanguage\":\"pt-PT\"},{\"@type\":\"Person\",\"@id\":\"https:\/\/portaltela.pt\/#\/schema\/person\/c4278d4a6028830caff9ee44b42d32ed\",\"name\":\"Telinha\",\"image\":{\"@type\":\"ImageObject\",\"inLanguage\":\"pt-PT\",\"@id\":\"https:\/\/portaltela.pt\/s.01k8rhncp4jt1\/2025\/11\/talking-bot-125x125.png\",\"url\":\"https:\/\/portaltela.pt\/s.01k8rhncp4jt1\/2025\/11\/talking-bot-125x125.png\",\"contentUrl\":\"https:\/\/portaltela.pt\/s.01k8rhncp4jt1\/2025\/11\/talking-bot-125x125.png\",\"caption\":\"Telinha\"},\"sameAs\":[\"https:\/\/portaltela.pt\/\"],\"url\":\"https:\/\/portaltela.pt\/por\/367410592786\/\"}]}<\/script>\n<!-- \/ Yoast SEO plugin. -->","yoast_head_json":{"title":"Mil toneladas de alimentos desperdi\u00e7adas por fam\u00edlias em Portugal diariamente - Portal Tela Portugal","robots":{"index":"index","follow":"follow","max-snippet":"max-snippet:-1","max-image-preview":"max-image-preview:large","max-video-preview":"max-video-preview:-1"},"og_locale":"pt_PT","og_type":"article","og_title":"Mil toneladas de alimentos desperdi\u00e7adas por fam\u00edlias em Portugal diariamente - Portal Tela Portugal","og_description":"Estudo da Zero aponta que, extrapolando o caso de Ourique, as fam\u00edlias portuguesas podem desperdi\u00e7ar at\u00e9 mil toneladas de alimentos por dia. A n\u00edvel de uma cidade de 100 mil habitantes, a estimativa seria de 3.760 toneladas por ano, terminando em res\u00edduos ou aterro. A proje\u00e7\u00e3o para Portugal inteiro, com base em Ourique, ronda as 376 mil toneladas por ano (38 kg\/hab\/ano), cerca de mil toneladas\/dia. O estudo, em parceria com o munic\u00edpio de Ourique, analisou 250 kg de res\u00edduos de tr\u00eas circuitos porta a porta ao longo de um ano. Os resultados indicam que, mesmo com separa\u00e7\u00e3o, grande parte dos alimentos fica no lixo; em Ourique, 51% dos indiferenciados s\u00e3o biorres\u00edduos, com 28% dos biorres\u00edduos e 16% do total a representar desperd\u00edcio alimentar; a recolha \u00e9 tr\u00eas vezes por semana, estimando-se mais de 12 toneladas de alimentos desperdi\u00e7ados nos tr\u00eas bairros num ano.","og_url":"https:\/\/portaltela.pt\/noticias\/2026\/03\/30\/mil-toneladas-de-alimentos-desperdicadas-por-familias-em-portugal-diariamente\/","og_site_name":"Portal Tela Portugal","article_published_time":"2026-03-30T11:02:20+00:00","author":"Telinha","twitter_card":"summary_large_image","twitter_misc":{"Escrito por":"Telinha","Tempo estimado de leitura":"1 minuto"},"schema":{"@context":"https:\/\/schema.org","@graph":[{"@type":"Article","@id":"https:\/\/portaltela.pt\/noticias\/2026\/03\/30\/mil-toneladas-de-alimentos-desperdicadas-por-familias-em-portugal-diariamente\/#article","isPartOf":{"@id":"https:\/\/portaltela.pt\/noticias\/2026\/03\/30\/mil-toneladas-de-alimentos-desperdicadas-por-familias-em-portugal-diariamente\/"},"author":{"name":"Telinha","@id":"https:\/\/portaltela.pt\/#\/schema\/person\/c4278d4a6028830caff9ee44b42d32ed"},"headline":"Mil toneladas de alimentos desperdi\u00e7adas por fam\u00edlias em Portugal diariamente","datePublished":"2026-03-30T11:02:20+00:00","mainEntityOfPage":{"@id":"https:\/\/portaltela.pt\/noticias\/2026\/03\/30\/mil-toneladas-de-alimentos-desperdicadas-por-familias-em-portugal-diariamente\/"},"wordCount":290,"image":{"@id":"https:\/\/portaltela.pt\/noticias\/2026\/03\/30\/mil-toneladas-de-alimentos-desperdicadas-por-familias-em-portugal-diariamente\/#primaryimage"},"thumbnailUrl":"https:\/\/portaltela.pt\/s.01k8rhncp4jt1\/2026\/03\/d91b3947-041b-4e15-b7f0-072d2c585b1b_1200x675.jpg","keywords":["conserva\u00e7\u00e3o ambiental","desperd\u00edcios","gest\u00e3o de res\u00edduos","meio-ambiente","Portugal","res\u00edduos"],"articleSection":["Meio Ambiente"],"inLanguage":"pt-PT"},{"@type":"WebPage","@id":"https:\/\/portaltela.pt\/noticias\/2026\/03\/30\/mil-toneladas-de-alimentos-desperdicadas-por-familias-em-portugal-diariamente\/","url":"https:\/\/portaltela.pt\/noticias\/2026\/03\/30\/mil-toneladas-de-alimentos-desperdicadas-por-familias-em-portugal-diariamente\/","name":"Mil toneladas de alimentos desperdi\u00e7adas por fam\u00edlias em Portugal diariamente - Portal Tela Portugal","isPartOf":{"@id":"https:\/\/portaltela.pt\/#website"},"primaryImageOfPage":{"@id":"https:\/\/portaltela.pt\/noticias\/2026\/03\/30\/mil-toneladas-de-alimentos-desperdicadas-por-familias-em-portugal-diariamente\/#primaryimage"},"image":{"@id":"https:\/\/portaltela.pt\/noticias\/2026\/03\/30\/mil-toneladas-de-alimentos-desperdicadas-por-familias-em-portugal-diariamente\/#primaryimage"},"thumbnailUrl":"https:\/\/portaltela.pt\/s.01k8rhncp4jt1\/2026\/03\/d91b3947-041b-4e15-b7f0-072d2c585b1b_1200x675.jpg","datePublished":"2026-03-30T11:02:20+00:00","author":{"@id":"https:\/\/portaltela.pt\/#\/schema\/person\/c4278d4a6028830caff9ee44b42d32ed"},"breadcrumb":{"@id":"https:\/\/portaltela.pt\/noticias\/2026\/03\/30\/mil-toneladas-de-alimentos-desperdicadas-por-familias-em-portugal-diariamente\/#breadcrumb"},"inLanguage":"pt-PT","potentialAction":[{"@type":"ReadAction","target":["https:\/\/portaltela.pt\/noticias\/2026\/03\/30\/mil-toneladas-de-alimentos-desperdicadas-por-familias-em-portugal-diariamente\/"]}]},{"@type":"ImageObject","inLanguage":"pt-PT","@id":"https:\/\/portaltela.pt\/noticias\/2026\/03\/30\/mil-toneladas-de-alimentos-desperdicadas-por-familias-em-portugal-diariamente\/#primaryimage","url":"https:\/\/portaltela.pt\/s.01k8rhncp4jt1\/2026\/03\/d91b3947-041b-4e15-b7f0-072d2c585b1b_1200x675.jpg","contentUrl":"https:\/\/portaltela.pt\/s.01k8rhncp4jt1\/2026\/03\/d91b3947-041b-4e15-b7f0-072d2c585b1b_1200x675.jpg","width":796,"height":448,"caption":"Foto: Artur Machado"},{"@type":"BreadcrumbList","@id":"https:\/\/portaltela.pt\/noticias\/2026\/03\/30\/mil-toneladas-de-alimentos-desperdicadas-por-familias-em-portugal-diariamente\/#breadcrumb","itemListElement":[{"@type":"ListItem","position":1,"name":"In\u00edcio","item":"https:\/\/portaltela.pt\/"},{"@type":"ListItem","position":2,"name":"Mil toneladas de alimentos desperdi\u00e7adas por fam\u00edlias em Portugal diariamente"}]},{"@type":"WebSite","@id":"https:\/\/portaltela.pt\/#website","url":"https:\/\/portaltela.pt\/","name":"Portal Tela Portugal","description":"","potentialAction":[{"@type":"SearchAction","target":{"@type":"EntryPoint","urlTemplate":"https:\/\/portaltela.pt\/?s={search_term_string}"},"query-input":{"@type":"PropertyValueSpecification","valueRequired":true,"valueName":"search_term_string"}}],"inLanguage":"pt-PT"},{"@type":"Person","@id":"https:\/\/portaltela.pt\/#\/schema\/person\/c4278d4a6028830caff9ee44b42d32ed","name":"Telinha","image":{"@type":"ImageObject","inLanguage":"pt-PT","@id":"https:\/\/portaltela.pt\/s.01k8rhncp4jt1\/2025\/11\/talking-bot-125x125.png","url":"https:\/\/portaltela.pt\/s.01k8rhncp4jt1\/2025\/11\/talking-bot-125x125.png","contentUrl":"https:\/\/portaltela.pt\/s.01k8rhncp4jt1\/2025\/11\/talking-bot-125x125.png","caption":"Telinha"},"sameAs":["https:\/\/portaltela.pt\/"],"url":"https:\/\/portaltela.pt\/por\/367410592786\/"}]}},"_links":{"self":[{"href":"https:\/\/portaltela.pt\/api\/wp\/v2\/posts\/426792","targetHints":{"allow":["GET"]}}],"collection":[{"href":"https:\/\/portaltela.pt\/api\/wp\/v2\/posts"}],"about":[{"href":"https:\/\/portaltela.pt\/api\/wp\/v2\/types\/post"}],"author":[{"embeddable":true,"href":"https:\/\/portaltela.pt\/api\/wp\/v2\/users\/2"}],"replies":[{"embeddable":true,"href":"https:\/\/portaltela.pt\/api\/wp\/v2\/comments?post=426792"}],"version-history":[{"count":0,"href":"https:\/\/portaltela.pt\/api\/wp\/v2\/posts\/426792\/revisions"}],"wp:featuredmedia":[{"embeddable":true,"href":"https:\/\/portaltela.pt\/api\/wp\/v2\/media\/426794"}],"wp:attachment":[{"href":"https:\/\/portaltela.pt\/api\/wp\/v2\/media?parent=426792"}],"wp:term":[{"taxonomy":"category","embeddable":true,"href":"https:\/\/portaltela.pt\/api\/wp\/v2\/categories?post=426792"},{"taxonomy":"post_tag","embeddable":true,"href":"https:\/\/portaltela.pt\/api\/wp\/v2\/tags?post=426792"}],"curies":[{"name":"wp","href":"https:\/\/api.w.org\/{rel}","templated":true}]}}